{"id":43683,"date":"2011-02-19T19:07:58","date_gmt":"2011-02-19T18:07:58","guid":{"rendered":"http:\/\/www.visit-ulcinj.com\/blog\/?p=43683"},"modified":"2011-02-19T19:08:47","modified_gmt":"2011-02-19T18:08:47","slug":"nora-istrefi-tmerrohet-nga-nje-fans-maniak","status":"publish","type":"post","link":"https:\/\/www.visit-ulcinj.com\/blog\/2011\/02\/19\/nora-istrefi-tmerrohet-nga-nje-fans-maniak\/","title":{"rendered":"Nora Istrefi, tmerrohet nga nj\u00eb fans maniak"},"content":{"rendered":"<p><a href=\"http:\/\/www.visit-ulcinj.com\/blog\/wp-content\/uploads\/2011\/02\/Nora-Istrefi.jpg\"><img loading=\"lazy\" class=\"alignleft size-full wp-image-43684\" title=\"Nora Istrefi\" src=\"http:\/\/www.visit-ulcinj.com\/blog\/wp-content\/uploads\/2011\/02\/Nora-Istrefi.jpg\" alt=\"\" width=\"603\" height=\"400\" \/><\/a>Edhe pse k\u00ebng\u00ebtarja nuk ka dashur t\u00eb b\u00ebj publike k\u00ebt\u00eb ngjarje t\u00eb pak\u00ebnd\u00ebshme, ne m\u00ebsojm\u00eb se nj\u00eb fans i \u00e7mendur po i b\u00ebn presion Nor\u00ebs n\u00eb t\u00eb gjitha an\u00ebt<\/p>\n<p>Shpesh fytyrat publike p\u00ebrjetojn\u00eb momente t\u00eb pak\u00ebnd\u00ebshme gjat\u00eb udh\u00ebtimeve apo q\u00ebndrimeve n\u00eb vende t\u00eb caktuara dhe e gjith\u00eb kjo vet\u00ebm pse jan\u00eb fytyra t\u00eb cilat shihen n\u00eb ekran nd\u00ebrsa n\u00eb an\u00ebn tjet\u00ebr fansat e \u00e7mendur mundohen t\u2019ju afrohen dhe t\u2019i b\u00ebjn\u00eb p\u00ebr vete ata. Duke mos dashur t\u00eb ndodh\u00eb dhe m\u00eb e keqja, ata duhet doemos t\u00eb gjejn\u00eb m\u00ebnyr\u00ebn q\u00eb t\u00eb p\u00ebrballen me fansat, kan\u00eb zgjedhur t\u00eb b\u00ebhen njer\u00ebz publik dhe duhet t\u00eb paguajn\u00eb \u00e7mimin p\u00ebr t\u00eb, qoft\u00eb pozitiv apo negativ. Nj\u00eb rast i ngjajsh\u00ebm koh\u00ebs fundit i ka ndodhur dhe k\u00ebng\u00ebtares Nora Istrefi, e cila nuk ka dashur q\u00eb e gjith\u00eb ngjarja t\u00eb v\u00ebrshoj\u00eb mediat, nd\u00ebrkoh\u00eb \u201cMat\u201d m\u00ebson k\u00ebt\u00eb ngjarja nga t\u00eb af\u00ebrmit e k\u00ebng\u00ebtares. Por, t\u00eb fillojm\u00eb me rradh\u00eb dhe t\u00eb sqarojm\u00eb \u00e7far\u00eb m\u00eb sakt\u00ebsisht i ka ndodhur Nor\u00ebs.<\/p>\n<p>K\u00ebng\u00ebtarja \u00ebsht\u00eb shum\u00eb e njohur n\u00eb Kosov\u00eb, Shqip\u00ebri dhe kudo q\u00eb jetojn\u00eb shqiptar\u00ebt dhe \u00ebsht\u00eb nj\u00eb nd\u00ebr femrat m\u00eb josh\u00ebse p\u00ebr bot\u00ebn mashkullore, por p\u00ebr fat t\u00eb keq \u00ebsht\u00eb e fejuar!!! Duke pasur gjith\u00eb k\u00ebt\u00eb popullaritet, Nora nuk ka menduar se mund t\u2019i ndodh\u00eb kjo e papritur. Nj\u00eb m\u00ebngjes t\u00eb hersh\u00ebm n\u00eb der\u00ebn e apartamentit s\u00eb saj troket nj\u00eb i panjohur i cili paraqitet si fans, i cili kishte m\u00ebsuar adres\u00ebn e k\u00ebng\u00ebtares n\u00eb Prishtin\u00eb dhe kishte gjetur numrin e celularit n\u00eb t\u00eb cilin gjithmon\u00eb paraqitej e \u00ebma Syzana (si menaxhere e Nor\u00ebs). Aty e \u00ebma e Nor\u00ebs pranon disa lule si dhurat\u00eb p\u00ebr t\u00eb bij\u00ebn, duke menduar se kjo ngjarje do mbaroj\u00eb me kaq, pasi at\u00eb dit\u00eb Nora nuk ka qen\u00eb n\u00eb banese pasi kishte pasur disa koncerte jasht\u00eb vendit. Nuk kalojn\u00eb disa dit\u00eb n\u00eb der\u00eb troket i njejti person me iniciale F.B. duke k\u00ebrkuar t\u00eb takohet me Nora Istrefin.<\/p>\n<p>Edhe pasi i b\u00ebjn\u00eb me dije se Nora \u00ebsht\u00eb e z\u00ebn\u00eb dhe nuk mund t\u00eb takohet me t\u00eb, duke i dh\u00ebn\u00eb mund\u00ebsin\u00eb q\u00eb n\u00eb ndonj\u00eb nga koncertet e rradh\u00ebs ai mund t\u00eb takoj\u00eb, t\u00eb bisedoj\u00eb dhe t\u00eb fotografohet me Nor\u00ebn, insistimi i tij ka qen\u00eb aq i madh sa q\u00eb \u00ebsht\u00eb dashur t\u00eb k\u00ebrc\u00ebnohet q\u00eb t\u00eb largohet nga dera e apartamentit. Duke menduar q\u00eb e gjith\u00eb kjo histori mer fund, p\u00ebrs\u00ebri shfaqet personi i njejt\u00eb por k\u00ebt\u00eb rradh\u00eb n\u00eb nj\u00eb ndenj\u00eb n\u00eb nj\u00eb lokal t\u00eb Prishtin\u00ebs ku Nora ka qen\u00eb e shoq\u00ebruar me Robertin, i cili pak a shum\u00eb kishte qen\u00eb n\u00eb dijeni p\u00ebr rastin. P\u00ebr t\u00eb ikur ndonj\u00eb incident t\u00eb mund\u00ebsh\u00ebm, k\u00ebng\u00ebtarja pas disa \u00e7astesh largohet nga lokali duke mar\u00eb me vete edhe Robertin. Tashm\u00eb kishte filluar ndjekja n\u00eb \u00e7do paraqitje nga ky person, nd\u00ebrsa Nora akoma nuk e kishte mar\u00eb si serioze gjendjen pasi mendonte se e gjitha do kaloj\u00eb n\u00eb qet\u00ebsi dhe \u201cfansi i \u00e7mendur\u201d do t\u00eb qet\u00ebsohet.<\/p>\n<p>Pas disa jave, F.B vazhdon d\u00ebrgimin e mesazheve n\u00eb celular duke k\u00ebrkuar doemos takimin me Nor\u00ebn t\u00eb cilin i\u2019a pamund\u00ebsonte e \u00ebma Syzana, p\u00ebr t\u00eb ikur ndonj\u00eb fatkeq\u00ebsi, pasi ky fans ishte \u00e7mendurisht i dashuruar n\u00eb Nor\u00ebn. N\u00eb t\u00eb gjitha tentimet e tij, e \u00ebma e Nor\u00ebs gjente ndonj\u00eb shkas, derisa n\u00eb an\u00ebn tjet\u00ebr ai vet\u00ebm t\u00ebrbohej. Si\u00e7 tregojn\u00eb disa t\u00eb af\u00ebrm t\u00eb saj, k\u00ebng\u00ebtarja nuk d\u00ebshironte t\u00eb lajm\u00ebroj\u00eb policin\u00eb pasi m\u00eb von\u00eb e gjith\u00eb ngjarja do shpallej n\u00eb media dhe do b\u00ebnte jehon\u00eb t\u00eb madhe. \u201cNora ishte n\u00eb panik\u00eb, nuk dinte se si t\u00eb veproj\u00eb sepse mendonte q\u00eb ngjarjen mos t\u2019a paraqes\u00eb n\u00eb polici p\u00ebr shkak se m\u00eb von\u00eb do dilte dhe n\u00eb publik\u201d, theksojn\u00eb disa t\u00eb af\u00ebrm t\u00eb k\u00ebng\u00ebtares t\u00eb cil\u00ebt d\u00ebshiruan t\u00eb mbesin anonim.<\/p>\n<p>\u201cA thua i ndodh dikujt tjet\u00ebr \u00e7far\u00eb po m\u00eb ndodh mua, nuk mundem t\u00eb besoj sepse nuk e kam pritur\u201d, k\u00ebshtu m\u00ebsohet t\u00eb ket\u00eb th\u00ebn\u00eb k\u00ebng\u00ebtarja gjat\u00eb nj\u00eb bisede familjare. I njejti pas ca kohe vazhdon me metoda t\u00eb tjera q\u00eb t\u00eb bind k\u00ebng\u00ebtaren se e don, por dashuria e tij kalon n\u00eb extrem duke frik\u00ebsuar Nor\u00ebn. \u201cTorturimi dhe maltretimi\u201d ndaj k\u00ebng\u00ebtares vazhdon akoma dhe m\u00eb tej duke kaluar k\u00ebshtu n\u00eb internet. Personi F.B vendos t\u00eb hap disa profile e grupe n\u00eb t\u00eb cil\u00ebn shkruante keq p\u00ebr k\u00ebng\u00ebtaren duke e keqp\u00ebrdorur imazhin e saj, pasi q\u00eb tek ne akoma nuk ekziston ndonj\u00eb ligj q\u00eb do t\u00eb aktivizohej n\u00eb momentin q\u00eb keqp\u00ebrdoret emri apo imazhi i dikujt.<\/p>\n<p>P\u00ebrve\u00e7 hapjes s\u00eb grupeve t\u00eb ndryshme, personi n\u00eb fjal\u00eb vazhdon t\u00eb shfryej\u00eb urrejtjen ndaj saj duke komentuar nga m\u00eb t\u00eb ndryshmet. P\u00ebr momentin gjendja \u00ebsht\u00eb normalizuar dhe \u201cfansi maniak\u201d nuk paraqitet.. Urojm\u00eb q\u00eb k\u00ebto ngjarje t\u00eb pazakonta mos u ndodhin t\u00eb tjer\u00ebve!<\/p>\n<p><strong>Yllpress<br \/>\n<!--YouTube Error: bad URL entered--><\/strong><\/p>\n","protected":false},"excerpt":{"rendered":"<p>Edhe pse k\u00ebng\u00ebtarja nuk ka dashur t\u00eb b\u00ebj publike k\u00ebt\u00eb ngjarje t\u00eb pak\u00ebnd\u00ebshme, ne m\u00ebsojm\u00eb se nj\u00eb fans i \u00e7mendur po i b\u00ebn presion Nor\u00ebs n\u00eb t\u00eb gjitha an\u00ebt Shpesh fytyrat publike p\u00ebrjetojn\u00eb momente t\u00eb pak\u00ebnd\u00ebshme gjat\u00eb udh\u00ebtimeve apo q\u00ebndrimeve n\u00eb vende t\u00eb caktuara dhe e gjith\u00eb kjo vet\u00ebm pse jan\u00eb fytyra t\u00eb cilat shihen [&hellip;]<\/p>\n","protected":false},"author":1,"featured_media":0,"comment_status":"open","ping_status":"closed","sticky":false,"template":"","format":"standard","meta":{"spay_email":"","jetpack_publicize_message":"","jetpack_is_tweetstorm":false,"jetpack_publicize_feature_enabled":true},"categories":[1],"tags":[4939],"jetpack_publicize_connections":[],"yoast_head":"<!-- This site is optimized with the Yoast SEO plugin v19.1 - https:\/\/yoast.com\/wordpress\/plugins\/seo\/ -->\n<title>Nora Istrefi, tmerrohet nga nj\u00eb fans maniak - Lajme nga Ulqini<\/title>\n<meta name=\"description\" content=\"Edhe pse k\u00ebng\u00ebtarja nuk ka dashur t\u00eb b\u00ebj publike k\u00ebt\u00eb ngjarje t\u00eb pak\u00ebnd\u00ebshme, ne m\u00ebsojm\u00eb se nj\u00eb fans i \u00e7mendur po i b\u00ebn presion Nor\u00ebs n\u00eb t\u00eb gjitha an\u00ebt\" \/>\n<meta name=\"robots\" content=\"index, follow, max-snippet:-1, max-image-preview:large, max-video-preview:-1\" \/>\n<link rel=\"canonical\" href=\"https:\/\/www.visit-ulcinj.com\/blog\/2011\/02\/19\/nora-istrefi-tmerrohet-nga-nje-fans-maniak\/\" \/>\n<meta property=\"og:locale\" content=\"en_US\" \/>\n<meta property=\"og:type\" content=\"article\" \/>\n<meta property=\"og:title\" content=\"Nora Istrefi, tmerrohet nga nj\u00eb fans maniak - Lajme nga Ulqini\" \/>\n<meta property=\"og:description\" content=\"Edhe pse k\u00ebng\u00ebtarja nuk ka dashur t\u00eb b\u00ebj publike k\u00ebt\u00eb ngjarje t\u00eb pak\u00ebnd\u00ebshme, ne m\u00ebsojm\u00eb se nj\u00eb fans i \u00e7mendur po i b\u00ebn presion Nor\u00ebs n\u00eb t\u00eb gjitha an\u00ebt\" \/>\n<meta property=\"og:url\" content=\"https:\/\/www.visit-ulcinj.com\/blog\/2011\/02\/19\/nora-istrefi-tmerrohet-nga-nje-fans-maniak\/\" \/>\n<meta property=\"og:site_name\" content=\"Lajme nga Ulqini\" \/>\n<meta property=\"article:published_time\" content=\"2011-02-19T18:07:58+00:00\" \/>\n<meta property=\"article:modified_time\" content=\"2011-02-19T18:08:47+00:00\" \/>\n<meta property=\"og:image\" content=\"http:\/\/www.visit-ulcinj.com\/blog\/wp-content\/uploads\/2011\/02\/Nora-Istrefi.jpg\" \/>\n<meta name=\"twitter:label1\" content=\"Written by\" \/>\n\t<meta name=\"twitter:data1\" content=\"ulqini\" \/>\n\t<meta name=\"twitter:label2\" content=\"Est. reading time\" \/>\n\t<meta name=\"twitter:data2\" content=\"5 minutes\" \/>\n<script type=\"application\/ld+json\" class=\"yoast-schema-graph\">{\"@context\":\"https:\/\/schema.org\",\"@graph\":[{\"@type\":\"WebSite\",\"@id\":\"https:\/\/www.visit-ulcinj.com\/blog\/#website\",\"url\":\"https:\/\/www.visit-ulcinj.com\/blog\/\",\"name\":\"Lajme nga Ulqini\",\"description\":\"Lajme,Vijesti,Ulqini,Ulqin,Crna Gora,Mali i Zi\",\"potentialAction\":[{\"@type\":\"SearchAction\",\"target\":{\"@type\":\"EntryPoint\",\"urlTemplate\":\"https:\/\/www.visit-ulcinj.com\/blog\/?s={search_term_string}\"},\"query-input\":\"required name=search_term_string\"}],\"inLanguage\":\"en-US\"},{\"@type\":\"ImageObject\",\"inLanguage\":\"en-US\",\"@id\":\"https:\/\/www.visit-ulcinj.com\/blog\/2011\/02\/19\/nora-istrefi-tmerrohet-nga-nje-fans-maniak\/#primaryimage\",\"url\":\"http:\/\/www.visit-ulcinj.com\/blog\/wp-content\/uploads\/2011\/02\/Nora-Istrefi.jpg\",\"contentUrl\":\"http:\/\/www.visit-ulcinj.com\/blog\/wp-content\/uploads\/2011\/02\/Nora-Istrefi.jpg\"},{\"@type\":\"WebPage\",\"@id\":\"https:\/\/www.visit-ulcinj.com\/blog\/2011\/02\/19\/nora-istrefi-tmerrohet-nga-nje-fans-maniak\/#webpage\",\"url\":\"https:\/\/www.visit-ulcinj.com\/blog\/2011\/02\/19\/nora-istrefi-tmerrohet-nga-nje-fans-maniak\/\",\"name\":\"Nora Istrefi, tmerrohet nga nj\u00eb fans maniak - Lajme nga Ulqini\",\"isPartOf\":{\"@id\":\"https:\/\/www.visit-ulcinj.com\/blog\/#website\"},\"primaryImageOfPage\":{\"@id\":\"https:\/\/www.visit-ulcinj.com\/blog\/2011\/02\/19\/nora-istrefi-tmerrohet-nga-nje-fans-maniak\/#primaryimage\"},\"datePublished\":\"2011-02-19T18:07:58+00:00\",\"dateModified\":\"2011-02-19T18:08:47+00:00\",\"author\":{\"@id\":\"https:\/\/www.visit-ulcinj.com\/blog\/#\/schema\/person\/dcab619c614d3038751c63bc2aadc06d\"},\"description\":\"Edhe pse k\u00ebng\u00ebtarja nuk ka dashur t\u00eb b\u00ebj publike k\u00ebt\u00eb ngjarje t\u00eb pak\u00ebnd\u00ebshme, ne m\u00ebsojm\u00eb se nj\u00eb fans i \u00e7mendur po i b\u00ebn presion Nor\u00ebs n\u00eb t\u00eb gjitha an\u00ebt\",\"breadcrumb\":{\"@id\":\"https:\/\/www.visit-ulcinj.com\/blog\/2011\/02\/19\/nora-istrefi-tmerrohet-nga-nje-fans-maniak\/#breadcrumb\"},\"inLanguage\":\"en-US\",\"potentialAction\":[{\"@type\":\"ReadAction\",\"target\":[\"https:\/\/www.visit-ulcinj.com\/blog\/2011\/02\/19\/nora-istrefi-tmerrohet-nga-nje-fans-maniak\/\"]}]},{\"@type\":\"BreadcrumbList\",\"@id\":\"https:\/\/www.visit-ulcinj.com\/blog\/2011\/02\/19\/nora-istrefi-tmerrohet-nga-nje-fans-maniak\/#breadcrumb\",\"itemListElement\":[{\"@type\":\"ListItem\",\"position\":1,\"name\":\"Nora Istrefi, tmerrohet nga nj\u00eb fans maniak\"}]},{\"@type\":\"Person\",\"@id\":\"https:\/\/www.visit-ulcinj.com\/blog\/#\/schema\/person\/dcab619c614d3038751c63bc2aadc06d\",\"name\":\"ulqini\",\"sameAs\":[\"http:\/\/www.visit-ulcinj.com\"],\"url\":\"https:\/\/www.visit-ulcinj.com\/blog\/author\/admin\/\"}]}<\/script>\n<!-- \/ Yoast SEO plugin. -->","yoast_head_json":{"title":"Nora Istrefi, tmerrohet nga nj\u00eb fans maniak - Lajme nga Ulqini","description":"Edhe pse k\u00ebng\u00ebtarja nuk ka dashur t\u00eb b\u00ebj publike k\u00ebt\u00eb ngjarje t\u00eb pak\u00ebnd\u00ebshme, ne m\u00ebsojm\u00eb se nj\u00eb fans i \u00e7mendur po i b\u00ebn presion Nor\u00ebs n\u00eb t\u00eb gjitha an\u00ebt","robots":{"index":"index","follow":"follow","max-snippet":"max-snippet:-1","max-image-preview":"max-image-preview:large","max-video-preview":"max-video-preview:-1"},"canonical":"https:\/\/www.visit-ulcinj.com\/blog\/2011\/02\/19\/nora-istrefi-tmerrohet-nga-nje-fans-maniak\/","og_locale":"en_US","og_type":"article","og_title":"Nora Istrefi, tmerrohet nga nj\u00eb fans maniak - Lajme nga Ulqini","og_description":"Edhe pse k\u00ebng\u00ebtarja nuk ka dashur t\u00eb b\u00ebj publike k\u00ebt\u00eb ngjarje t\u00eb pak\u00ebnd\u00ebshme, ne m\u00ebsojm\u00eb se nj\u00eb fans i \u00e7mendur po i b\u00ebn presion Nor\u00ebs n\u00eb t\u00eb gjitha an\u00ebt","og_url":"https:\/\/www.visit-ulcinj.com\/blog\/2011\/02\/19\/nora-istrefi-tmerrohet-nga-nje-fans-maniak\/","og_site_name":"Lajme nga Ulqini","article_published_time":"2011-02-19T18:07:58+00:00","article_modified_time":"2011-02-19T18:08:47+00:00","og_image":[{"url":"http:\/\/www.visit-ulcinj.com\/blog\/wp-content\/uploads\/2011\/02\/Nora-Istrefi.jpg"}],"twitter_misc":{"Written by":"ulqini","Est. reading time":"5 minutes"},"schema":{"@context":"https:\/\/schema.org","@graph":[{"@type":"WebSite","@id":"https:\/\/www.visit-ulcinj.com\/blog\/#website","url":"https:\/\/www.visit-ulcinj.com\/blog\/","name":"Lajme nga Ulqini","description":"Lajme,Vijesti,Ulqini,Ulqin,Crna Gora,Mali i Zi","potentialAction":[{"@type":"SearchAction","target":{"@type":"EntryPoint","urlTemplate":"https:\/\/www.visit-ulcinj.com\/blog\/?s={search_term_string}"},"query-input":"required name=search_term_string"}],"inLanguage":"en-US"},{"@type":"ImageObject","inLanguage":"en-US","@id":"https:\/\/www.visit-ulcinj.com\/blog\/2011\/02\/19\/nora-istrefi-tmerrohet-nga-nje-fans-maniak\/#primaryimage","url":"http:\/\/www.visit-ulcinj.com\/blog\/wp-content\/uploads\/2011\/02\/Nora-Istrefi.jpg","contentUrl":"http:\/\/www.visit-ulcinj.com\/blog\/wp-content\/uploads\/2011\/02\/Nora-Istrefi.jpg"},{"@type":"WebPage","@id":"https:\/\/www.visit-ulcinj.com\/blog\/2011\/02\/19\/nora-istrefi-tmerrohet-nga-nje-fans-maniak\/#webpage","url":"https:\/\/www.visit-ulcinj.com\/blog\/2011\/02\/19\/nora-istrefi-tmerrohet-nga-nje-fans-maniak\/","name":"Nora Istrefi, tmerrohet nga nj\u00eb fans maniak - Lajme nga Ulqini","isPartOf":{"@id":"https:\/\/www.visit-ulcinj.com\/blog\/#website"},"primaryImageOfPage":{"@id":"https:\/\/www.visit-ulcinj.com\/blog\/2011\/02\/19\/nora-istrefi-tmerrohet-nga-nje-fans-maniak\/#primaryimage"},"datePublished":"2011-02-19T18:07:58+00:00","dateModified":"2011-02-19T18:08:47+00:00","author":{"@id":"https:\/\/www.visit-ulcinj.com\/blog\/#\/schema\/person\/dcab619c614d3038751c63bc2aadc06d"},"description":"Edhe pse k\u00ebng\u00ebtarja nuk ka dashur t\u00eb b\u00ebj publike k\u00ebt\u00eb ngjarje t\u00eb pak\u00ebnd\u00ebshme, ne m\u00ebsojm\u00eb se nj\u00eb fans i \u00e7mendur po i b\u00ebn presion Nor\u00ebs n\u00eb t\u00eb gjitha an\u00ebt","breadcrumb":{"@id":"https:\/\/www.visit-ulcinj.com\/blog\/2011\/02\/19\/nora-istrefi-tmerrohet-nga-nje-fans-maniak\/#breadcrumb"},"inLanguage":"en-US","potentialAction":[{"@type":"ReadAction","target":["https:\/\/www.visit-ulcinj.com\/blog\/2011\/02\/19\/nora-istrefi-tmerrohet-nga-nje-fans-maniak\/"]}]},{"@type":"BreadcrumbList","@id":"https:\/\/www.visit-ulcinj.com\/blog\/2011\/02\/19\/nora-istrefi-tmerrohet-nga-nje-fans-maniak\/#breadcrumb","itemListElement":[{"@type":"ListItem","position":1,"name":"Nora Istrefi, tmerrohet nga nj\u00eb fans maniak"}]},{"@type":"Person","@id":"https:\/\/www.visit-ulcinj.com\/blog\/#\/schema\/person\/dcab619c614d3038751c63bc2aadc06d","name":"ulqini","sameAs":["http:\/\/www.visit-ulcinj.com"],"url":"https:\/\/www.visit-ulcinj.com\/blog\/author\/admin\/"}]}},"jetpack_featured_media_url":"","jetpack_sharing_enabled":true,"jetpack_shortlink":"https:\/\/wp.me\/pe6lTn-bmz","_links":{"self":[{"href":"https:\/\/www.visit-ulcinj.com\/blog\/wp-json\/wp\/v2\/posts\/43683"}],"collection":[{"href":"https:\/\/www.visit-ulcinj.com\/blog\/wp-json\/wp\/v2\/posts"}],"about":[{"href":"https:\/\/www.visit-ulcinj.com\/blog\/wp-json\/wp\/v2\/types\/post"}],"author":[{"embeddable":true,"href":"https:\/\/www.visit-ulcinj.com\/blog\/wp-json\/wp\/v2\/users\/1"}],"replies":[{"embeddable":true,"href":"https:\/\/www.visit-ulcinj.com\/blog\/wp-json\/wp\/v2\/comments?post=43683"}],"version-history":[{"count":0,"href":"https:\/\/www.visit-ulcinj.com\/blog\/wp-json\/wp\/v2\/posts\/43683\/revisions"}],"wp:attachment":[{"href":"https:\/\/www.visit-ulcinj.com\/blog\/wp-json\/wp\/v2\/media?parent=43683"}],"wp:term":[{"taxonomy":"category","embeddable":true,"href":"https:\/\/www.visit-ulcinj.com\/blog\/wp-json\/wp\/v2\/categories?post=43683"},{"taxonomy":"post_tag","embeddable":true,"href":"https:\/\/www.visit-ulcinj.com\/blog\/wp-json\/wp\/v2\/tags?post=43683"}],"curies":[{"name":"wp","href":"https:\/\/api.w.org\/{rel}","templated":true}]}}