{"id":43689,"date":"2011-02-20T17:21:35","date_gmt":"2011-02-20T16:21:35","guid":{"rendered":"http:\/\/www.visit-ulcinj.com\/blog\/?p=43689"},"modified":"2011-02-22T15:13:34","modified_gmt":"2011-02-22T14:13:34","slug":"kryeministri-igor-luksic-ju-pergjigjet-ne-facebook-video","status":"publish","type":"post","link":"https:\/\/www.visit-ulcinj.com\/blog\/2011\/02\/20\/kryeministri-igor-luksic-ju-pergjigjet-ne-facebook-video\/","title":{"rendered":"Kryeministri Igor Luksic ju pergjigjet ne Facebook &#8211; Video"},"content":{"rendered":"<p><a href=\"http:\/\/www.facebook.com\/pages\/Igor-Luk%C5%A1i%C4%87\/178759822149306\" target=\"_blank\"><img loading=\"lazy\" class=\"alignleft size-full wp-image-43690\" title=\"Igor Luksic_Prime Minister of Montenegro\" src=\"http:\/\/www.visit-ulcinj.com\/blog\/wp-content\/uploads\/2011\/02\/Igor-Luksic_Prime-Minister-of-Montenegro.jpg\" alt=\"\" width=\"508\" height=\"390\" \/><strong>Link: Igor Luk\u0161i\u0107 Facebook<\/strong><\/a><br \/>\nSikur para disa vitesh t\u00eb na thoshin se, p\u00ebr ne shqiptar\u00ebt e thjesht\u00eb, ka nj\u00eb m\u00ebnyr\u00eb tjet\u00ebr p\u00ebr t\u00eb takuar politikan\u00eb, qeveritar\u00eb, deputet\u00eb etj., p\u00ebrve\u00e7 pritjes pas dyerve t\u00eb hekurta t\u00eb institucioneve, nuk do ta kishim besuar.Sot pra ekziston mund\u00ebsia t\u00eb komunikosh me kryeministrin e Malit t\u00eb Zi,<a href=\"http:\/\/www.facebook.com\/pages\/Igor-Luk%C5%A1i%C4%87\/178759822149306\" target=\"_blank\"><strong>Link:  Igor Luk\u0161i\u0107 Facebook<\/strong><\/a> dhe t\u00eb pres\u00ebsh t\u00eb ju p\u00ebrgjigjigjet pa asnjifar dileme.<\/p>\n<p><strong>Po cil\u00ebt emra shqiptar\u00ebsh \u00a0t\u00eb r\u00ebnd\u00ebsish\u00ebm nga Mali i Zi , apo t\u00eb famsh\u00ebm, i gjen n\u00eb facebook?<\/strong><strong>Kush jan\u00eb miqt\u00eb virtual\u00eb dhe \u00e7far\u00eb shkruhet n\u00eb faqet on-line p\u00ebr politikan\u00ebt\u00a0:<\/strong><\/p>\n<p><strong><\/strong>Amir Hollaj,Genci Nimanbegu,Ferhat Dinosha,Tahir Tahiri,Luigj Shkreli,Saubih Mehmeti,Nikoll\u00eb Camaj,Beqir Zati,dhe shum\u00eb deputet\u00eb, krer\u00eb komunash nga Mali i Zi dhe politikan\u00eb t\u00eb tjer\u00eb tanim\u00eb kan\u00eb regjistruar profilet e tyre n\u00eb rrjetin m\u00eb t\u00eb madh social Facebook. N\u00eb rrjetin e miqve kan\u00eb nj\u00ebri tjetrin dhe persona t\u00eb tjer\u00eb q\u00eb s\u2019i lidh\u00eb asgj\u00eb me politik\u00ebn. Flirt, arg\u00ebtim apo debat politik\u00eb, cila \u00ebsht\u00eb arsyeja e v\u00ebrtet\u00eb e regjistrimit t\u00eb politikan\u00ebve shqiptar\u00eb n\u00eb &#8220;Facebook&#8221; dhe sa koh\u00eb ju merr atyre ky portal.<br \/>\n<strong>Po, ja, q\u00eb ia mb\u00ebrrit\u00ebm edhe k\u00ebsaj dite, lavdi Zotit! Apo mos duhet th\u00ebn\u00eb Lavdi Internetit?! <\/strong><\/p>\n<p>Tashm\u00eb, \u00ebsht\u00eb fare e thjesht\u00eb. Mjafton nj\u00eb kompjuter, internet dhe gjith\u00e7ka \u00ebsht\u00eb e zgjidhur. Politikan\u00ebt tan\u00eb, q\u00eb \u00ebsht\u00eb shum\u00eb e v\u00ebshtir\u00eb (si i thon\u00eb fjal\u00ebs) t&#8217;i kap\u00ebsh nga m\u00ebnga, tani mund t&#8217;i kap\u00ebsh nga&#8230; facebook-u.<br \/>\nKjo mani p\u00ebr t\u00eb hapur faqe n\u00eb &#8220;Facebook&#8221; u b\u00eb m\u00eb e madhe gjat\u00eb koh\u00ebs s\u00eb fushat\u00ebs s\u00eb zgjedhjeve. Por tashm\u00eb pas zgjedhjeve, intensiteti ka r\u00ebn\u00eb, duke mbetur n\u00eb faqen e internetit p\u00ebr t\u00eb diskutuar dhe debatuar me miqt\u00eb vet\u00ebm &#8220;besnik\u00ebt&#8221; e &#8220;Facebook&#8221;-ut, ata t\u00eb cil\u00ebt nuk i kan\u00eb harruar miqt\u00eb edhe pasi u mor\u00ebn vot\u00ebn.<\/p>\n<p>Manis\u00eb s\u00eb facebook-ut, nuk i kan\u00eb shp\u00ebtuar dot, si njer\u00ebzit e thjesht\u00eb, politikan\u00ebt, aktor\u00ebt, k\u00ebng\u00ebtar\u00ebt, e t\u00eb gjitha llojet e kategorive, tashm\u00eb, mund t&#8217;i gjesh on-line. Mjafton t\u00eb klikosh n\u00eb adres\u00ebn e facebook-ut dhe aty t\u00eb k\u00ebrkosh emrin e tyre, dhe t\u00eb dalin para t\u00eb gjith\u00eb. At\u00eb q\u00eb nuk mund ta b\u00ebsh dot fizikisht, e b\u00ebn virtualisht. Madje-madje, ka dhe nga ata politikan\u00eb, t\u00eb cil\u00ebt jan\u00eb t\u00eb palodhur, kur vjen puna p\u00ebr t\u00eb komunikuar me &#8220;miqt\u00eb&#8221; e tyre n\u00eb k\u00ebt\u00eb m\u00ebnyr\u00eb.<\/p>\n<p>Po t\u00eb klikosh n\u00eb k\u00ebt\u00eb faqe do t\u00eb shikosh se gjen aty shum\u00eb miq, shok\u00eb e familjar\u00eb, por, vitin e fundit, ke mund\u00ebsi t\u00eb gjesh edhe politikan\u00eb dhe t\u00eb komunikosh me ta sikur i ke miq prej vitesh. P\u00ebr t\\\u0091u dukur m\u00eb &#8220;trendy&#8221;, apo p\u00ebr t\u00eb pasur nj\u00eb m\u00ebnyr\u00eb komunikimi m\u00eb t\u00eb leht\u00eb me mb\u00ebshtet\u00ebsit dhe adhuruesit, politikan\u00ebt shqiptar\u00eb kan\u00eb hapur nga nj\u00eb faqe t\u00eb tyre n\u00eb &#8220;Facebook&#8221; ku miqt\u00eb, adhuruesit dhe mb\u00ebshtet\u00ebsit jan\u00eb t\u00eb shumt\u00eb Deputet\u00ebt n\u00eb faqen e &#8220;Facebook&#8221; i gjen si nga opozita ashtu edhe nga mazhoranca, megjith\u00ebse jo t\u00eb gjith\u00eb jan\u00eb aktiv\u00eb dhe e p\u00ebrdorin gjat\u00eb gjith\u00eb koh\u00ebs faqen e &#8220;Facebook&#8221;-ut.<\/p>\n<p><strong>Mir\u00eb u pafshim n\u00eb &#8220;Facebook&#8221;<br \/>\n\n\t\t<style type=\"text\/css\">\n\t\t\t#gallery-1 {\n\t\t\t\tmargin: auto;\n\t\t\t}\n\t\t\t#gallery-1 .gallery-item {\n\t\t\t\tfloat: left;\n\t\t\t\tmargin-top: 10px;\n\t\t\t\ttext-align: center;\n\t\t\t\twidth: 33%;\n\t\t\t}\n\t\t\t#gallery-1 img {\n\t\t\t\tborder: 2px solid #cfcfcf;\n\t\t\t}\n\t\t\t#gallery-1 .gallery-caption {\n\t\t\t\tmargin-left: 0;\n\t\t\t}\n\t\t\t\/* see gallery_shortcode() in wp-includes\/media.php *\/\n\t\t<\/style>\n\t\t<div id='gallery-1' class='gallery galleryid-43689 gallery-columns-3 gallery-size-thumbnail'><dl class='gallery-item'>\n\t\t\t<dt class='gallery-icon portrait'>\n\t\t\t\t<a href='https:\/\/www.visit-ulcinj.com\/blog\/wp-content\/uploads\/2011\/02\/Igor-Luksic_Prime-Minister-of-Montenegro.jpg'><img width=\"150\" height=\"150\" src=\"https:\/\/www.visit-ulcinj.com\/blog\/wp-content\/uploads\/2011\/02\/Igor-Luksic_Prime-Minister-of-Montenegro-150x150.jpg\" class=\"attachment-thumbnail size-thumbnail\" alt=\"\" loading=\"lazy\" srcset=\"https:\/\/www.visit-ulcinj.com\/blog\/wp-content\/uploads\/2011\/02\/Igor-Luksic_Prime-Minister-of-Montenegro-150x150.jpg 150w, https:\/\/www.visit-ulcinj.com\/blog\/wp-content\/uploads\/2011\/02\/Igor-Luksic_Prime-Minister-of-Montenegro.jpg 529w\" sizes=\"(max-width: 150px) 100vw, 150px\" \/><\/a>\n\t\t\t<\/dt><\/dl><dl class='gallery-item'>\n\t\t\t<dt class='gallery-icon landscape'>\n\t\t\t\t<a href='https:\/\/www.visit-ulcinj.com\/blog\/wp-content\/uploads\/2011\/02\/igor-luksic-facebook_002.jpg'><img width=\"150\" height=\"150\" src=\"https:\/\/www.visit-ulcinj.com\/blog\/wp-content\/uploads\/2011\/02\/igor-luksic-facebook_002-150x150.jpg\" class=\"attachment-thumbnail size-thumbnail\" alt=\"\" loading=\"lazy\" \/><\/a>\n\t\t\t<\/dt><\/dl><dl class='gallery-item'>\n\t\t\t<dt class='gallery-icon portrait'>\n\t\t\t\t<a href='https:\/\/www.visit-ulcinj.com\/blog\/wp-content\/uploads\/2011\/02\/igor-luksic-facebook_001.jpg'><img width=\"150\" height=\"150\" src=\"https:\/\/www.visit-ulcinj.com\/blog\/wp-content\/uploads\/2011\/02\/igor-luksic-facebook_001-150x150.jpg\" class=\"attachment-thumbnail size-thumbnail\" alt=\"\" loading=\"lazy\" \/><\/a>\n\t\t\t<\/dt><\/dl><br style=\"clear: both\" \/><dl class='gallery-item'>\n\t\t\t<dt class='gallery-icon landscape'>\n\t\t\t\t<a href='https:\/\/www.visit-ulcinj.com\/blog\/wp-content\/uploads\/2011\/02\/igor-luksic-facebook_003.jpg'><img width=\"150\" height=\"150\" src=\"https:\/\/www.visit-ulcinj.com\/blog\/wp-content\/uploads\/2011\/02\/igor-luksic-facebook_003-150x150.jpg\" class=\"attachment-thumbnail size-thumbnail\" alt=\"\" loading=\"lazy\" \/><\/a>\n\t\t\t<\/dt><\/dl><dl class='gallery-item'>\n\t\t\t<dt class='gallery-icon landscape'>\n\t\t\t\t<a href='https:\/\/www.visit-ulcinj.com\/blog\/wp-content\/uploads\/2011\/02\/igor-luksic-facebook_004.jpg'><img width=\"150\" height=\"150\" src=\"https:\/\/www.visit-ulcinj.com\/blog\/wp-content\/uploads\/2011\/02\/igor-luksic-facebook_004-150x150.jpg\" class=\"attachment-thumbnail size-thumbnail\" alt=\"\" loading=\"lazy\" \/><\/a>\n\t\t\t<\/dt><\/dl><dl class='gallery-item'>\n\t\t\t<dt class='gallery-icon landscape'>\n\t\t\t\t<a href='https:\/\/www.visit-ulcinj.com\/blog\/wp-content\/uploads\/2011\/02\/Igor-Luksic-Facebook.5.jpg'><img width=\"150\" height=\"150\" src=\"https:\/\/www.visit-ulcinj.com\/blog\/wp-content\/uploads\/2011\/02\/Igor-Luksic-Facebook.5-150x150.jpg\" class=\"attachment-thumbnail size-thumbnail\" alt=\"\" loading=\"lazy\" \/><\/a>\n\t\t\t<\/dt><\/dl><br style=\"clear: both\" \/>\n\t\t<\/div>\n<\/p>\n<p><\/strong><\/p>\n<p><strong><\/strong><strong> <a href=\"http:\/\/www.vijesti.me\/vijesti\/luksic-pisite-mi-fejsbuk-razmotricu-sve-predloge-clanak-7544\" target=\"_blank\">Luk\u0161i\u0107: Pi\u0161ite mi na Fejsbuk, razmotri\u0107u sve predloge<\/a><br \/>\n<!--YouTube Error: bad URL entered--><\/strong><\/p>\n","protected":false},"excerpt":{"rendered":"<p>Link: Igor Luk\u0161i\u0107 Facebook Sikur para disa vitesh t\u00eb na thoshin se, p\u00ebr ne shqiptar\u00ebt e thjesht\u00eb, ka nj\u00eb m\u00ebnyr\u00eb tjet\u00ebr p\u00ebr t\u00eb takuar politikan\u00eb, qeveritar\u00eb, deputet\u00eb etj., p\u00ebrve\u00e7 pritjes pas dyerve t\u00eb hekurta t\u00eb institucioneve, nuk do ta kishim besuar.Sot pra ekziston mund\u00ebsia t\u00eb komunikosh me kryeministrin e Malit t\u00eb Zi,Link: Igor Luk\u0161i\u0107 Facebook [&hellip;]<\/p>\n","protected":false},"author":1,"featured_media":0,"comment_status":"open","ping_status":"closed","sticky":false,"template":"","format":"standard","meta":{"spay_email":"","jetpack_publicize_message":"","jetpack_is_tweetstorm":false,"jetpack_publicize_feature_enabled":true},"categories":[1,14],"tags":[1303,13869,12270,97,1073,5613,147,17413,17414,729,95,189,14272,899,19,200,18],"jetpack_publicize_connections":[],"yoast_head":"<!-- This site is optimized with the Yoast SEO plugin v19.1 - https:\/\/yoast.com\/wordpress\/plugins\/seo\/ -->\n<title>Kryeministri Igor Luksic ju pergjigjet ne Facebook - Video - Lajme nga Ulqini<\/title>\n<meta name=\"description\" content=\"Link: Igor Luk\u0161i\u0107 Facebook Sikur para disa vitesh t\u00eb na thoshin se, p\u00ebr ne shqiptar\u00ebt e thjesht\u00eb, ka nj\u00eb m\u00ebnyr\u00eb tjet\u00ebr p\u00ebr t\u00eb takuar politikan\u00eb,\" \/>\n<meta name=\"robots\" content=\"index, follow, max-snippet:-1, max-image-preview:large, max-video-preview:-1\" \/>\n<link rel=\"canonical\" href=\"https:\/\/www.visit-ulcinj.com\/blog\/2011\/02\/20\/kryeministri-igor-luksic-ju-pergjigjet-ne-facebook-video\/\" \/>\n<meta property=\"og:locale\" content=\"en_US\" \/>\n<meta property=\"og:type\" content=\"article\" \/>\n<meta property=\"og:title\" content=\"Kryeministri Igor Luksic ju pergjigjet ne Facebook - Video - Lajme nga Ulqini\" \/>\n<meta property=\"og:description\" content=\"Link: Igor Luk\u0161i\u0107 Facebook Sikur para disa vitesh t\u00eb na thoshin se, p\u00ebr ne shqiptar\u00ebt e thjesht\u00eb, ka nj\u00eb m\u00ebnyr\u00eb tjet\u00ebr p\u00ebr t\u00eb takuar politikan\u00eb,\" \/>\n<meta property=\"og:url\" content=\"https:\/\/www.visit-ulcinj.com\/blog\/2011\/02\/20\/kryeministri-igor-luksic-ju-pergjigjet-ne-facebook-video\/\" \/>\n<meta property=\"og:site_name\" content=\"Lajme nga Ulqini\" \/>\n<meta property=\"article:published_time\" content=\"2011-02-20T16:21:35+00:00\" \/>\n<meta property=\"article:modified_time\" content=\"2011-02-22T14:13:34+00:00\" \/>\n<meta property=\"og:image\" content=\"https:\/\/www.visit-ulcinj.com\/blog\/wp-content\/uploads\/2011\/02\/Igor-Luksic_Prime-Minister-of-Montenegro-150x150.jpg\" \/>\n<meta name=\"twitter:label1\" content=\"Written by\" \/>\n\t<meta name=\"twitter:data1\" content=\"ulqini\" \/>\n\t<meta name=\"twitter:label2\" content=\"Est. reading time\" \/>\n\t<meta name=\"twitter:data2\" content=\"3 minutes\" \/>\n<script type=\"application\/ld+json\" class=\"yoast-schema-graph\">{\"@context\":\"https:\/\/schema.org\",\"@graph\":[{\"@type\":\"WebSite\",\"@id\":\"https:\/\/www.visit-ulcinj.com\/blog\/#website\",\"url\":\"https:\/\/www.visit-ulcinj.com\/blog\/\",\"name\":\"Lajme nga Ulqini\",\"description\":\"Lajme,Vijesti,Ulqini,Ulqin,Crna Gora,Mali i Zi\",\"potentialAction\":[{\"@type\":\"SearchAction\",\"target\":{\"@type\":\"EntryPoint\",\"urlTemplate\":\"https:\/\/www.visit-ulcinj.com\/blog\/?s={search_term_string}\"},\"query-input\":\"required name=search_term_string\"}],\"inLanguage\":\"en-US\"},{\"@type\":\"ImageObject\",\"inLanguage\":\"en-US\",\"@id\":\"https:\/\/www.visit-ulcinj.com\/blog\/2011\/02\/20\/kryeministri-igor-luksic-ju-pergjigjet-ne-facebook-video\/#primaryimage\",\"url\":\"https:\/\/www.visit-ulcinj.com\/blog\/wp-content\/uploads\/2011\/02\/Igor-Luksic_Prime-Minister-of-Montenegro.jpg\",\"contentUrl\":\"https:\/\/www.visit-ulcinj.com\/blog\/wp-content\/uploads\/2011\/02\/Igor-Luksic_Prime-Minister-of-Montenegro.jpg\",\"width\":\"529\",\"height\":\"534\"},{\"@type\":\"WebPage\",\"@id\":\"https:\/\/www.visit-ulcinj.com\/blog\/2011\/02\/20\/kryeministri-igor-luksic-ju-pergjigjet-ne-facebook-video\/#webpage\",\"url\":\"https:\/\/www.visit-ulcinj.com\/blog\/2011\/02\/20\/kryeministri-igor-luksic-ju-pergjigjet-ne-facebook-video\/\",\"name\":\"Kryeministri Igor Luksic ju pergjigjet ne Facebook - Video - Lajme nga Ulqini\",\"isPartOf\":{\"@id\":\"https:\/\/www.visit-ulcinj.com\/blog\/#website\"},\"primaryImageOfPage\":{\"@id\":\"https:\/\/www.visit-ulcinj.com\/blog\/2011\/02\/20\/kryeministri-igor-luksic-ju-pergjigjet-ne-facebook-video\/#primaryimage\"},\"datePublished\":\"2011-02-20T16:21:35+00:00\",\"dateModified\":\"2011-02-22T14:13:34+00:00\",\"author\":{\"@id\":\"https:\/\/www.visit-ulcinj.com\/blog\/#\/schema\/person\/dcab619c614d3038751c63bc2aadc06d\"},\"description\":\"Link: Igor Luk\u0161i\u0107 Facebook Sikur para disa vitesh t\u00eb na thoshin se, p\u00ebr ne shqiptar\u00ebt e thjesht\u00eb, ka nj\u00eb m\u00ebnyr\u00eb tjet\u00ebr p\u00ebr t\u00eb takuar politikan\u00eb,\",\"breadcrumb\":{\"@id\":\"https:\/\/www.visit-ulcinj.com\/blog\/2011\/02\/20\/kryeministri-igor-luksic-ju-pergjigjet-ne-facebook-video\/#breadcrumb\"},\"inLanguage\":\"en-US\",\"potentialAction\":[{\"@type\":\"ReadAction\",\"target\":[\"https:\/\/www.visit-ulcinj.com\/blog\/2011\/02\/20\/kryeministri-igor-luksic-ju-pergjigjet-ne-facebook-video\/\"]}]},{\"@type\":\"BreadcrumbList\",\"@id\":\"https:\/\/www.visit-ulcinj.com\/blog\/2011\/02\/20\/kryeministri-igor-luksic-ju-pergjigjet-ne-facebook-video\/#breadcrumb\",\"itemListElement\":[{\"@type\":\"ListItem\",\"position\":1,\"name\":\"Kryeministri Igor Luksic ju pergjigjet ne Facebook &#8211; Video\"}]},{\"@type\":\"Person\",\"@id\":\"https:\/\/www.visit-ulcinj.com\/blog\/#\/schema\/person\/dcab619c614d3038751c63bc2aadc06d\",\"name\":\"ulqini\",\"sameAs\":[\"http:\/\/www.visit-ulcinj.com\"],\"url\":\"https:\/\/www.visit-ulcinj.com\/blog\/author\/admin\/\"}]}<\/script>\n<!-- \/ Yoast SEO plugin. -->","yoast_head_json":{"title":"Kryeministri Igor Luksic ju pergjigjet ne Facebook - Video - Lajme nga Ulqini","description":"Link: Igor Luk\u0161i\u0107 Facebook Sikur para disa vitesh t\u00eb na thoshin se, p\u00ebr ne shqiptar\u00ebt e thjesht\u00eb, ka nj\u00eb m\u00ebnyr\u00eb tjet\u00ebr p\u00ebr t\u00eb takuar politikan\u00eb,","robots":{"index":"index","follow":"follow","max-snippet":"max-snippet:-1","max-image-preview":"max-image-preview:large","max-video-preview":"max-video-preview:-1"},"canonical":"https:\/\/www.visit-ulcinj.com\/blog\/2011\/02\/20\/kryeministri-igor-luksic-ju-pergjigjet-ne-facebook-video\/","og_locale":"en_US","og_type":"article","og_title":"Kryeministri Igor Luksic ju pergjigjet ne Facebook - Video - Lajme nga Ulqini","og_description":"Link: Igor Luk\u0161i\u0107 Facebook Sikur para disa vitesh t\u00eb na thoshin se, p\u00ebr ne shqiptar\u00ebt e thjesht\u00eb, ka nj\u00eb m\u00ebnyr\u00eb tjet\u00ebr p\u00ebr t\u00eb takuar politikan\u00eb,","og_url":"https:\/\/www.visit-ulcinj.com\/blog\/2011\/02\/20\/kryeministri-igor-luksic-ju-pergjigjet-ne-facebook-video\/","og_site_name":"Lajme nga Ulqini","article_published_time":"2011-02-20T16:21:35+00:00","article_modified_time":"2011-02-22T14:13:34+00:00","og_image":[{"url":"https:\/\/www.visit-ulcinj.com\/blog\/wp-content\/uploads\/2011\/02\/Igor-Luksic_Prime-Minister-of-Montenegro-150x150.jpg"}],"twitter_misc":{"Written by":"ulqini","Est. reading time":"3 minutes"},"schema":{"@context":"https:\/\/schema.org","@graph":[{"@type":"WebSite","@id":"https:\/\/www.visit-ulcinj.com\/blog\/#website","url":"https:\/\/www.visit-ulcinj.com\/blog\/","name":"Lajme nga Ulqini","description":"Lajme,Vijesti,Ulqini,Ulqin,Crna Gora,Mali i Zi","potentialAction":[{"@type":"SearchAction","target":{"@type":"EntryPoint","urlTemplate":"https:\/\/www.visit-ulcinj.com\/blog\/?s={search_term_string}"},"query-input":"required name=search_term_string"}],"inLanguage":"en-US"},{"@type":"ImageObject","inLanguage":"en-US","@id":"https:\/\/www.visit-ulcinj.com\/blog\/2011\/02\/20\/kryeministri-igor-luksic-ju-pergjigjet-ne-facebook-video\/#primaryimage","url":"https:\/\/www.visit-ulcinj.com\/blog\/wp-content\/uploads\/2011\/02\/Igor-Luksic_Prime-Minister-of-Montenegro.jpg","contentUrl":"https:\/\/www.visit-ulcinj.com\/blog\/wp-content\/uploads\/2011\/02\/Igor-Luksic_Prime-Minister-of-Montenegro.jpg","width":"529","height":"534"},{"@type":"WebPage","@id":"https:\/\/www.visit-ulcinj.com\/blog\/2011\/02\/20\/kryeministri-igor-luksic-ju-pergjigjet-ne-facebook-video\/#webpage","url":"https:\/\/www.visit-ulcinj.com\/blog\/2011\/02\/20\/kryeministri-igor-luksic-ju-pergjigjet-ne-facebook-video\/","name":"Kryeministri Igor Luksic ju pergjigjet ne Facebook - Video - Lajme nga Ulqini","isPartOf":{"@id":"https:\/\/www.visit-ulcinj.com\/blog\/#website"},"primaryImageOfPage":{"@id":"https:\/\/www.visit-ulcinj.com\/blog\/2011\/02\/20\/kryeministri-igor-luksic-ju-pergjigjet-ne-facebook-video\/#primaryimage"},"datePublished":"2011-02-20T16:21:35+00:00","dateModified":"2011-02-22T14:13:34+00:00","author":{"@id":"https:\/\/www.visit-ulcinj.com\/blog\/#\/schema\/person\/dcab619c614d3038751c63bc2aadc06d"},"description":"Link: Igor Luk\u0161i\u0107 Facebook Sikur para disa vitesh t\u00eb na thoshin se, p\u00ebr ne shqiptar\u00ebt e thjesht\u00eb, ka nj\u00eb m\u00ebnyr\u00eb tjet\u00ebr p\u00ebr t\u00eb takuar politikan\u00eb,","breadcrumb":{"@id":"https:\/\/www.visit-ulcinj.com\/blog\/2011\/02\/20\/kryeministri-igor-luksic-ju-pergjigjet-ne-facebook-video\/#breadcrumb"},"inLanguage":"en-US","potentialAction":[{"@type":"ReadAction","target":["https:\/\/www.visit-ulcinj.com\/blog\/2011\/02\/20\/kryeministri-igor-luksic-ju-pergjigjet-ne-facebook-video\/"]}]},{"@type":"BreadcrumbList","@id":"https:\/\/www.visit-ulcinj.com\/blog\/2011\/02\/20\/kryeministri-igor-luksic-ju-pergjigjet-ne-facebook-video\/#breadcrumb","itemListElement":[{"@type":"ListItem","position":1,"name":"Kryeministri Igor Luksic ju pergjigjet ne Facebook &#8211; Video"}]},{"@type":"Person","@id":"https:\/\/www.visit-ulcinj.com\/blog\/#\/schema\/person\/dcab619c614d3038751c63bc2aadc06d","name":"ulqini","sameAs":["http:\/\/www.visit-ulcinj.com"],"url":"https:\/\/www.visit-ulcinj.com\/blog\/author\/admin\/"}]}},"jetpack_featured_media_url":"","jetpack_sharing_enabled":true,"jetpack_shortlink":"https:\/\/wp.me\/pe6lTn-bmF","_links":{"self":[{"href":"https:\/\/www.visit-ulcinj.com\/blog\/wp-json\/wp\/v2\/posts\/43689"}],"collection":[{"href":"https:\/\/www.visit-ulcinj.com\/blog\/wp-json\/wp\/v2\/posts"}],"about":[{"href":"https:\/\/www.visit-ulcinj.com\/blog\/wp-json\/wp\/v2\/types\/post"}],"author":[{"embeddable":true,"href":"https:\/\/www.visit-ulcinj.com\/blog\/wp-json\/wp\/v2\/users\/1"}],"replies":[{"embeddable":true,"href":"https:\/\/www.visit-ulcinj.com\/blog\/wp-json\/wp\/v2\/comments?post=43689"}],"version-history":[{"count":0,"href":"https:\/\/www.visit-ulcinj.com\/blog\/wp-json\/wp\/v2\/posts\/43689\/revisions"}],"wp:attachment":[{"href":"https:\/\/www.visit-ulcinj.com\/blog\/wp-json\/wp\/v2\/media?parent=43689"}],"wp:term":[{"taxonomy":"category","embeddable":true,"href":"https:\/\/www.visit-ulcinj.com\/blog\/wp-json\/wp\/v2\/categories?post=43689"},{"taxonomy":"post_tag","embeddable":true,"href":"https:\/\/www.visit-ulcinj.com\/blog\/wp-json\/wp\/v2\/tags?post=43689"}],"curies":[{"name":"wp","href":"https:\/\/api.w.org\/{rel}","templated":true}]}}