{"id":43724,"date":"2011-02-21T18:11:14","date_gmt":"2011-02-21T17:11:14","guid":{"rendered":"http:\/\/www.visit-ulcinj.com\/blog\/?p=43724"},"modified":"2011-02-21T18:12:33","modified_gmt":"2011-02-21T17:12:33","slug":"mans-komisija-da-utvrdi-da-li-je-tenderski-postupak-za-valdanos-sproveden-transparentno-i-u-skladu-sa-zakonom","status":"publish","type":"post","link":"https:\/\/www.visit-ulcinj.com\/blog\/2011\/02\/21\/mans-komisija-da-utvrdi-da-li-je-tenderski-postupak-za-valdanos-sproveden-transparentno-i-u-skladu-sa-zakonom\/","title":{"rendered":"MANS: Komisija da utvrdi da li je tenderski postupak za Valdanos sproveden transparentno i u skladu sa zakonom"},"content":{"rendered":"<p><a href=\"http:\/\/www.visit-ulcinj.com\/blog\/wp-content\/uploads\/2011\/02\/Dejan-Milovac.jpg\"><img loading=\"lazy\" class=\"alignleft size-full wp-image-43725\" title=\"OLYMPUS DIGITAL CAMERA\" src=\"http:\/\/www.visit-ulcinj.com\/blog\/wp-content\/uploads\/2011\/02\/Dejan-Milovac.jpg\" alt=\"\" width=\"500\" height=\"370\" srcset=\"https:\/\/www.visit-ulcinj.com\/blog\/wp-content\/uploads\/2011\/02\/Dejan-Milovac.jpg 500w, https:\/\/www.visit-ulcinj.com\/blog\/wp-content\/uploads\/2011\/02\/Dejan-Milovac-300x222.jpg 300w\" sizes=\"(max-width: 500px) 100vw, 500px\" \/><\/a>MANS je danas skup\u0161tinskoj Komisiji za pra\u0107enje i kontrolu postupka privatizacije dostavio predstavku kojom je zatra\u017eio da se utvrdi da li je tenderski postupak za davanje u dugoro\u010dni zakup uvale <strong>Valdanos <\/strong>sproveden transparentno i u skladu sa zakonom.<\/p>\n<p>Uz predstavku, MANS je \u010dlanovima Komisije dostavio sve finansijske izvje\u0161taje kompanije Cubus Lux i jo\u0161 jednom ukazao na sva kr\u0161enja zakona i tenderske procedure koja su prethodila odluci Savjeta za privatizaciju da dugogodi\u0161nji zakup uvale Valdanos dodijeli britanskoj kompaniji.<\/p>\n<p>Od Komisije smo tako\u0111e zatra\u017eili da ostvari uvid u kompletnu tendersku dokumentaciju, kao i u ponudu Cubus Lux-a na osnovu koje je Savjet za privatizaciju donio odluku da se ba\u0161 toj kompaniji. MANS je posebno sugerirao Komisiji da obrati pa\u017enju na finansijske izvje\u0161taje Cubus Lux-a iz kojih se nedvosmisleno vidi da se ova kompanija nije mogla kvalifikovati na tenderu, kao i da su \u010dlanovi tenderske komisije, na \u010delu sa Vujicom Lazovi\u0107em grubo prekr\u0161ili tendersku proceduru.<\/p>\n<p>MANS je zbog toga Komisiji predlo\u017eio i da se saslu\u0161a potpredsjednik Vlade Vujica Lazovi\u0107 koji je u to vrijeme bio i predsjednik Savjeta za privatizaciju koji bi pred \u010dlanovima Komisije trebalo da objasni na koji na\u010din i po kojim kriterijumima je Cubus Lux pobijedio na tenderu za Valdanos.<\/p>\n<p>Pored Lazovi\u0107a, MANS je predlo\u017eio i saslu\u0161anje sada\u0161njeg predsjednika Savjeta za privatizaciju, Igora Luk\u0161i\u0107a imaju\u0107i u vidu da je MANS prethodne sedmice sa problemima u vezi sa Valdanosom upoznao i Luk\u0161i\u0107a li\u010dno.<\/p>\n<p>Na\u017ealost, kako je izostala adekvatna reakcija sa najvi\u0161ih adresa u Vladi, smatramo da su se stvorili uslovi da Skup\u0161tina Crne Gore upotrijebi svoju kontrolnu funkciju i odredi se prema postupanju Vlade i njenioh tijela u slu\u010daju Valdanos.<\/p>\n<p>MANS je stoga predlo\u017eio Komisiji da na sjednici donese preporuku Savjetu za privatizaciju da u roku 15 dana zaka\u017ee sjednicu na kojoj \u0107e odluka o davanju u zakup uvale Valdanos kompaniji Cubus Lux biti poni\u0161tena.<\/p>\n<p>U prethodnih deset dana, MANS je u javnost iznio \u010ditav niz \u010dinjenica i neoborvih dokaza koji idu u prilog sumnjama da je tenderski postupak za Valdanos sproveden netrasnsparentno i uz te\u0161ka kr\u0161enja zakona i tenderske procedure.\u00a0 Protiv potpredsjednika Vlade, Vujice Lazovi\u0107a smo podnijeli i krivi\u010dnu prijavu zbog sumnje da je u tenderskom postupku zloupotrijebio slu\u017ebeni polo\u017eaj i favorizovao Cubus Lux. Finansijski izvje\u0161taji Cubus Lux-a su dostavljeni i sada\u0161njem predsjedniku Savjeta za privatizaciju, Igoru Luk\u0161i\u0107u, ali je reakcija izostala i sa te adrese.<\/p>\n<p>Smatramo da Skup\u0161tina Crne Gore sada ima priliku da na veoma konkretnom slu\u010daju poka\u017ee da li kontrolna funcija izvr\u0161ne vlasti postoji samo u teoriji, ili u toj insitutuciji zaista postoji politi\u010dka volja da se slu\u010dajevi brutalnog kr\u0161enja zakona, kao \u0161to je slu\u010daj sa Valdanosom na adekvatan na\u010din procesuiraju.<\/p>\n<p><a href=\"http:\/\/www.mans.co.me\/arhiva\/2011\/02\/komisija-da-utvrdi-da-li-je-tenderski-postupak-za-valdanos-sproveden-transparentno-i-u-skladu-sa-zakonom\/\" target=\"_blank\"><strong>Dejan Milovac<br \/>\nDirektor programa za urbanizam<\/strong><\/a><\/p>\n<p><strong><a href=\"http:\/\/www.mans.co.me\/arhiva\/2011\/02\/komisija-da-utvrdi-da-li-je-tenderski-postupak-za-valdanos-sproveden-transparentno-i-u-skladu-sa-zakonom\/\" target=\"_blank\">MANS<br \/>\n<\/a><!--YouTube Error: bad URL entered--><br \/>\n<\/strong><\/p>\n","protected":false},"excerpt":{"rendered":"<p>MANS je danas skup\u0161tinskoj Komisiji za pra\u0107enje i kontrolu postupka privatizacije dostavio predstavku kojom je zatra\u017eio da se utvrdi da li je tenderski postupak za davanje u dugoro\u010dni zakup uvale Valdanos sproveden transparentno i u skladu sa zakonom. Uz predstavku, MANS je \u010dlanovima Komisije dostavio sve finansijske izvje\u0161taje kompanije Cubus Lux i jo\u0161 jednom ukazao [&hellip;]<\/p>\n","protected":false},"author":1,"featured_media":0,"comment_status":"open","ping_status":"closed","sticky":false,"template":"","format":"standard","meta":{"spay_email":"","jetpack_publicize_message":"","jetpack_is_tweetstorm":false,"jetpack_publicize_feature_enabled":true},"categories":[8337],"tags":[12190,3898,19,136],"jetpack_publicize_connections":[],"yoast_head":"<!-- This site is optimized with the Yoast SEO plugin v19.1 - https:\/\/yoast.com\/wordpress\/plugins\/seo\/ -->\n<title>MANS: Komisija da utvrdi da li je tenderski postupak za Valdanos sproveden transparentno i u skladu sa zakonom - Lajme nga Ulqini<\/title>\n<meta name=\"description\" content=\"MANS je danas skup\u0161tinskoj Komisiji za pra\u0107enje i kontrolu postupka privatizacije dostavio predstavku kojom je zatra\u017eio da se utvrdi da li je tenderski\" \/>\n<meta name=\"robots\" content=\"index, follow, max-snippet:-1, max-image-preview:large, max-video-preview:-1\" \/>\n<link rel=\"canonical\" href=\"https:\/\/www.visit-ulcinj.com\/blog\/2011\/02\/21\/mans-komisija-da-utvrdi-da-li-je-tenderski-postupak-za-valdanos-sproveden-transparentno-i-u-skladu-sa-zakonom\/\" \/>\n<meta property=\"og:locale\" content=\"en_US\" \/>\n<meta property=\"og:type\" content=\"article\" \/>\n<meta property=\"og:title\" content=\"MANS: Komisija da utvrdi da li je tenderski postupak za Valdanos sproveden transparentno i u skladu sa zakonom - Lajme nga Ulqini\" \/>\n<meta property=\"og:description\" content=\"MANS je danas skup\u0161tinskoj Komisiji za pra\u0107enje i kontrolu postupka privatizacije dostavio predstavku kojom je zatra\u017eio da se utvrdi da li je tenderski\" \/>\n<meta property=\"og:url\" content=\"https:\/\/www.visit-ulcinj.com\/blog\/2011\/02\/21\/mans-komisija-da-utvrdi-da-li-je-tenderski-postupak-za-valdanos-sproveden-transparentno-i-u-skladu-sa-zakonom\/\" \/>\n<meta property=\"og:site_name\" content=\"Lajme nga Ulqini\" \/>\n<meta property=\"article:published_time\" content=\"2011-02-21T17:11:14+00:00\" \/>\n<meta property=\"article:modified_time\" content=\"2011-02-21T17:12:33+00:00\" \/>\n<meta property=\"og:image\" content=\"http:\/\/www.visit-ulcinj.com\/blog\/wp-content\/uploads\/2011\/02\/Dejan-Milovac.jpg\" \/>\n<meta name=\"twitter:label1\" content=\"Written by\" \/>\n\t<meta name=\"twitter:data1\" content=\"ulqini\" \/>\n\t<meta name=\"twitter:label2\" content=\"Est. reading time\" \/>\n\t<meta name=\"twitter:data2\" content=\"3 minutes\" \/>\n<script type=\"application\/ld+json\" class=\"yoast-schema-graph\">{\"@context\":\"https:\/\/schema.org\",\"@graph\":[{\"@type\":\"WebSite\",\"@id\":\"https:\/\/www.visit-ulcinj.com\/blog\/#website\",\"url\":\"https:\/\/www.visit-ulcinj.com\/blog\/\",\"name\":\"Lajme nga Ulqini\",\"description\":\"Lajme,Vijesti,Ulqini,Ulqin,Crna Gora,Mali i Zi\",\"potentialAction\":[{\"@type\":\"SearchAction\",\"target\":{\"@type\":\"EntryPoint\",\"urlTemplate\":\"https:\/\/www.visit-ulcinj.com\/blog\/?s={search_term_string}\"},\"query-input\":\"required name=search_term_string\"}],\"inLanguage\":\"en-US\"},{\"@type\":\"ImageObject\",\"inLanguage\":\"en-US\",\"@id\":\"https:\/\/www.visit-ulcinj.com\/blog\/2011\/02\/21\/mans-komisija-da-utvrdi-da-li-je-tenderski-postupak-za-valdanos-sproveden-transparentno-i-u-skladu-sa-zakonom\/#primaryimage\",\"url\":\"https:\/\/www.visit-ulcinj.com\/blog\/wp-content\/uploads\/2011\/02\/Dejan-Milovac.jpg\",\"contentUrl\":\"https:\/\/www.visit-ulcinj.com\/blog\/wp-content\/uploads\/2011\/02\/Dejan-Milovac.jpg\",\"width\":\"500\",\"height\":\"370\"},{\"@type\":\"WebPage\",\"@id\":\"https:\/\/www.visit-ulcinj.com\/blog\/2011\/02\/21\/mans-komisija-da-utvrdi-da-li-je-tenderski-postupak-za-valdanos-sproveden-transparentno-i-u-skladu-sa-zakonom\/#webpage\",\"url\":\"https:\/\/www.visit-ulcinj.com\/blog\/2011\/02\/21\/mans-komisija-da-utvrdi-da-li-je-tenderski-postupak-za-valdanos-sproveden-transparentno-i-u-skladu-sa-zakonom\/\",\"name\":\"MANS: Komisija da utvrdi da li je tenderski postupak za Valdanos sproveden transparentno i u skladu sa zakonom - Lajme nga Ulqini\",\"isPartOf\":{\"@id\":\"https:\/\/www.visit-ulcinj.com\/blog\/#website\"},\"primaryImageOfPage\":{\"@id\":\"https:\/\/www.visit-ulcinj.com\/blog\/2011\/02\/21\/mans-komisija-da-utvrdi-da-li-je-tenderski-postupak-za-valdanos-sproveden-transparentno-i-u-skladu-sa-zakonom\/#primaryimage\"},\"datePublished\":\"2011-02-21T17:11:14+00:00\",\"dateModified\":\"2011-02-21T17:12:33+00:00\",\"author\":{\"@id\":\"https:\/\/www.visit-ulcinj.com\/blog\/#\/schema\/person\/dcab619c614d3038751c63bc2aadc06d\"},\"description\":\"MANS je danas skup\u0161tinskoj Komisiji za pra\u0107enje i kontrolu postupka privatizacije dostavio predstavku kojom je zatra\u017eio da se utvrdi da li je tenderski\",\"breadcrumb\":{\"@id\":\"https:\/\/www.visit-ulcinj.com\/blog\/2011\/02\/21\/mans-komisija-da-utvrdi-da-li-je-tenderski-postupak-za-valdanos-sproveden-transparentno-i-u-skladu-sa-zakonom\/#breadcrumb\"},\"inLanguage\":\"en-US\",\"potentialAction\":[{\"@type\":\"ReadAction\",\"target\":[\"https:\/\/www.visit-ulcinj.com\/blog\/2011\/02\/21\/mans-komisija-da-utvrdi-da-li-je-tenderski-postupak-za-valdanos-sproveden-transparentno-i-u-skladu-sa-zakonom\/\"]}]},{\"@type\":\"BreadcrumbList\",\"@id\":\"https:\/\/www.visit-ulcinj.com\/blog\/2011\/02\/21\/mans-komisija-da-utvrdi-da-li-je-tenderski-postupak-za-valdanos-sproveden-transparentno-i-u-skladu-sa-zakonom\/#breadcrumb\",\"itemListElement\":[{\"@type\":\"ListItem\",\"position\":1,\"name\":\"MANS: Komisija da utvrdi da li je tenderski postupak za Valdanos sproveden transparentno i u skladu sa zakonom\"}]},{\"@type\":\"Person\",\"@id\":\"https:\/\/www.visit-ulcinj.com\/blog\/#\/schema\/person\/dcab619c614d3038751c63bc2aadc06d\",\"name\":\"ulqini\",\"sameAs\":[\"http:\/\/www.visit-ulcinj.com\"],\"url\":\"https:\/\/www.visit-ulcinj.com\/blog\/author\/admin\/\"}]}<\/script>\n<!-- \/ Yoast SEO plugin. -->","yoast_head_json":{"title":"MANS: Komisija da utvrdi da li je tenderski postupak za Valdanos sproveden transparentno i u skladu sa zakonom - Lajme nga Ulqini","description":"MANS je danas skup\u0161tinskoj Komisiji za pra\u0107enje i kontrolu postupka privatizacije dostavio predstavku kojom je zatra\u017eio da se utvrdi da li je tenderski","robots":{"index":"index","follow":"follow","max-snippet":"max-snippet:-1","max-image-preview":"max-image-preview:large","max-video-preview":"max-video-preview:-1"},"canonical":"https:\/\/www.visit-ulcinj.com\/blog\/2011\/02\/21\/mans-komisija-da-utvrdi-da-li-je-tenderski-postupak-za-valdanos-sproveden-transparentno-i-u-skladu-sa-zakonom\/","og_locale":"en_US","og_type":"article","og_title":"MANS: Komisija da utvrdi da li je tenderski postupak za Valdanos sproveden transparentno i u skladu sa zakonom - Lajme nga Ulqini","og_description":"MANS je danas skup\u0161tinskoj Komisiji za pra\u0107enje i kontrolu postupka privatizacije dostavio predstavku kojom je zatra\u017eio da se utvrdi da li je tenderski","og_url":"https:\/\/www.visit-ulcinj.com\/blog\/2011\/02\/21\/mans-komisija-da-utvrdi-da-li-je-tenderski-postupak-za-valdanos-sproveden-transparentno-i-u-skladu-sa-zakonom\/","og_site_name":"Lajme nga Ulqini","article_published_time":"2011-02-21T17:11:14+00:00","article_modified_time":"2011-02-21T17:12:33+00:00","og_image":[{"url":"http:\/\/www.visit-ulcinj.com\/blog\/wp-content\/uploads\/2011\/02\/Dejan-Milovac.jpg"}],"twitter_misc":{"Written by":"ulqini","Est. reading time":"3 minutes"},"schema":{"@context":"https:\/\/schema.org","@graph":[{"@type":"WebSite","@id":"https:\/\/www.visit-ulcinj.com\/blog\/#website","url":"https:\/\/www.visit-ulcinj.com\/blog\/","name":"Lajme nga Ulqini","description":"Lajme,Vijesti,Ulqini,Ulqin,Crna Gora,Mali i Zi","potentialAction":[{"@type":"SearchAction","target":{"@type":"EntryPoint","urlTemplate":"https:\/\/www.visit-ulcinj.com\/blog\/?s={search_term_string}"},"query-input":"required name=search_term_string"}],"inLanguage":"en-US"},{"@type":"ImageObject","inLanguage":"en-US","@id":"https:\/\/www.visit-ulcinj.com\/blog\/2011\/02\/21\/mans-komisija-da-utvrdi-da-li-je-tenderski-postupak-za-valdanos-sproveden-transparentno-i-u-skladu-sa-zakonom\/#primaryimage","url":"https:\/\/www.visit-ulcinj.com\/blog\/wp-content\/uploads\/2011\/02\/Dejan-Milovac.jpg","contentUrl":"https:\/\/www.visit-ulcinj.com\/blog\/wp-content\/uploads\/2011\/02\/Dejan-Milovac.jpg","width":"500","height":"370"},{"@type":"WebPage","@id":"https:\/\/www.visit-ulcinj.com\/blog\/2011\/02\/21\/mans-komisija-da-utvrdi-da-li-je-tenderski-postupak-za-valdanos-sproveden-transparentno-i-u-skladu-sa-zakonom\/#webpage","url":"https:\/\/www.visit-ulcinj.com\/blog\/2011\/02\/21\/mans-komisija-da-utvrdi-da-li-je-tenderski-postupak-za-valdanos-sproveden-transparentno-i-u-skladu-sa-zakonom\/","name":"MANS: Komisija da utvrdi da li je tenderski postupak za Valdanos sproveden transparentno i u skladu sa zakonom - Lajme nga Ulqini","isPartOf":{"@id":"https:\/\/www.visit-ulcinj.com\/blog\/#website"},"primaryImageOfPage":{"@id":"https:\/\/www.visit-ulcinj.com\/blog\/2011\/02\/21\/mans-komisija-da-utvrdi-da-li-je-tenderski-postupak-za-valdanos-sproveden-transparentno-i-u-skladu-sa-zakonom\/#primaryimage"},"datePublished":"2011-02-21T17:11:14+00:00","dateModified":"2011-02-21T17:12:33+00:00","author":{"@id":"https:\/\/www.visit-ulcinj.com\/blog\/#\/schema\/person\/dcab619c614d3038751c63bc2aadc06d"},"description":"MANS je danas skup\u0161tinskoj Komisiji za pra\u0107enje i kontrolu postupka privatizacije dostavio predstavku kojom je zatra\u017eio da se utvrdi da li je tenderski","breadcrumb":{"@id":"https:\/\/www.visit-ulcinj.com\/blog\/2011\/02\/21\/mans-komisija-da-utvrdi-da-li-je-tenderski-postupak-za-valdanos-sproveden-transparentno-i-u-skladu-sa-zakonom\/#breadcrumb"},"inLanguage":"en-US","potentialAction":[{"@type":"ReadAction","target":["https:\/\/www.visit-ulcinj.com\/blog\/2011\/02\/21\/mans-komisija-da-utvrdi-da-li-je-tenderski-postupak-za-valdanos-sproveden-transparentno-i-u-skladu-sa-zakonom\/"]}]},{"@type":"BreadcrumbList","@id":"https:\/\/www.visit-ulcinj.com\/blog\/2011\/02\/21\/mans-komisija-da-utvrdi-da-li-je-tenderski-postupak-za-valdanos-sproveden-transparentno-i-u-skladu-sa-zakonom\/#breadcrumb","itemListElement":[{"@type":"ListItem","position":1,"name":"MANS: Komisija da utvrdi da li je tenderski postupak za Valdanos sproveden transparentno i u skladu sa zakonom"}]},{"@type":"Person","@id":"https:\/\/www.visit-ulcinj.com\/blog\/#\/schema\/person\/dcab619c614d3038751c63bc2aadc06d","name":"ulqini","sameAs":["http:\/\/www.visit-ulcinj.com"],"url":"https:\/\/www.visit-ulcinj.com\/blog\/author\/admin\/"}]}},"jetpack_featured_media_url":"","jetpack_sharing_enabled":true,"jetpack_shortlink":"https:\/\/wp.me\/pe6lTn-bne","_links":{"self":[{"href":"https:\/\/www.visit-ulcinj.com\/blog\/wp-json\/wp\/v2\/posts\/43724"}],"collection":[{"href":"https:\/\/www.visit-ulcinj.com\/blog\/wp-json\/wp\/v2\/posts"}],"about":[{"href":"https:\/\/www.visit-ulcinj.com\/blog\/wp-json\/wp\/v2\/types\/post"}],"author":[{"embeddable":true,"href":"https:\/\/www.visit-ulcinj.com\/blog\/wp-json\/wp\/v2\/users\/1"}],"replies":[{"embeddable":true,"href":"https:\/\/www.visit-ulcinj.com\/blog\/wp-json\/wp\/v2\/comments?post=43724"}],"version-history":[{"count":0,"href":"https:\/\/www.visit-ulcinj.com\/blog\/wp-json\/wp\/v2\/posts\/43724\/revisions"}],"wp:attachment":[{"href":"https:\/\/www.visit-ulcinj.com\/blog\/wp-json\/wp\/v2\/media?parent=43724"}],"wp:term":[{"taxonomy":"category","embeddable":true,"href":"https:\/\/www.visit-ulcinj.com\/blog\/wp-json\/wp\/v2\/categories?post=43724"},{"taxonomy":"post_tag","embeddable":true,"href":"https:\/\/www.visit-ulcinj.com\/blog\/wp-json\/wp\/v2\/tags?post=43724"}],"curies":[{"name":"wp","href":"https:\/\/api.w.org\/{rel}","templated":true}]}}