{"id":43740,"date":"2011-02-22T13:33:02","date_gmt":"2011-02-22T12:33:02","guid":{"rendered":"http:\/\/www.visit-ulcinj.com\/blog\/?p=43740"},"modified":"2011-02-22T13:33:02","modified_gmt":"2011-02-22T12:33:02","slug":"xhamia-e-ali-pashes-me-hamame-te-vitit-1719-renovohet","status":"publish","type":"post","link":"https:\/\/www.visit-ulcinj.com\/blog\/2011\/02\/22\/xhamia-e-ali-pashes-me-hamame-te-vitit-1719-renovohet\/","title":{"rendered":"Xhamia e Ali Pash\u00ebs me hamame t\u00eb vitit 1719 renovohet"},"content":{"rendered":"<p><a href=\"http:\/\/www.visit-ulcinj.com\/blog\/wp-content\/uploads\/2011\/02\/xhamia-e-ali-pashes-ulqin.jpg\"><img loading=\"lazy\" class=\"alignleft size-full wp-image-43741\" title=\"xhamia-e-ali-pashes-ulqin\" src=\"http:\/\/www.visit-ulcinj.com\/blog\/wp-content\/uploads\/2011\/02\/xhamia-e-ali-pashes-ulqin.jpg\" alt=\"\" width=\"508\" height=\"375\" \/><\/a>Xhamia e Ali Pash\u00ebs e nd\u00ebrtuar n\u00eb vitin 1719, \u00ebsht\u00eb nj\u00eb nd\u00ebr xhamit\u00eb m\u00eb t\u00eb bukur&#8230;a dhe m\u00eb t\u00eb vjetra n\u00eb Ulqin. Xhamia \u00ebsht\u00eb ende edhe sot, si dikur n\u00eb funksionin e saj, si faltore por edhe si vend i tubimit t\u00eb mysliman\u00ebve t\u00eb k\u00ebtij qyteti. Xhamia e Ali Pash\u00ebs \u00ebsht\u00eb nj\u00eb kompeks i ve\u00e7ant\u00eb duke pas\u00eb para syesh Hamamin unik n\u00eb k\u00ebto treva,me dhom\u00ebn e shad\u00ebrvanit, kapallykun, oxhakun si edhe dhomat per larje dhe masazh\u00eb.N\u00eb kompleksin e xhamis\u00eb b\u00ebjn\u00eb pjes\u00eb si edhe kroi, abdesthanja dhe tyrbja si nj\u00eb t\u00ebr\u00ebsi e xhamis\u00eb. Pavar\u00ebsisht se t\u00eb gjitha xhamit\u00eb n\u00eb t\u00ebr\u00eb hapsir\u00ebn e Ulqinit jan nd\u00ebrtuar si xhami t\u00eb mahallave, xhamia e Ali Pash\u00ebs ka sh\u00ebrbyer m\u00eb gj\u00ebr\u00eb, duke e pas\u00eb parasysh kompleksin n\u00eb t\u00ebrsi i cili sh\u00ebrbente edhe si mjedis i socalizimit t\u00eb poullsiss\u00eb. T\u00ebrmetet e fuqish\u00ebm t\u00eb cil\u00ebt shpesh her\u00eb i godisin dhe i kan\u00eb goditur k\u00ebto treva pa d\u00ebshim kan\u00eb l\u00ebn\u00eb gjurm\u00eb n\u00eb infrastruktur\u00ebn e saj, si edhe dora e njer\u00ebzve me q\u00ebllime t\u00eb k\u00ebqia. Mirpo, xhemati gjithmon\u00eb, ka rezistu ka gjet\u00eb dhe i ka siguru mjetet finansiare, p\u00ebr rinovimin e saj. Pavar\u00ebsisht\u00eb nga pushtetet e ndrysh\u00ebm,xhemati kurr\u00eb nuk e ka braktisur xhamin\u00eb.<br \/>\nRinovimi i fundit \u00ebsht\u00eb b\u00ebr\u00eb pas termetit katastrofal t\u00eb vitit 1979. Dua ti p\u00ebrmend\u00eb rahmetli Jakup Nimanbegun dhe Basri Sadikun, t\u00eb cil\u00ebt kan\u00eb dh\u00ebn\u00eb kontibut t\u00eb ve\u00e7ant\u00eb p\u00ebr rinovimin e saj, si iniciator\u00ebt dhe bart\u00ebsit e aktiviteteve p\u00ebr vendosjen e xhamis\u00eb n\u00eb funksion.<br \/>\nRinovimi i fundit \u00ebsht\u00eb n\u00eb vijim. T\u00ebr kompleksi i xhamis\u00eb \u00ebsht\u00eb duke u rinovuar. Dua t\u00eb theksoj se p\u00ebr her\u00eb t\u00eb par\u00eb po rinovohet Hamami i cili m\u00eb se nj\u00eb shekull ishte i braktisur dhe i lanun pas dore, me shpres\u00eb se s\u00eb shpejti do t\u00eb vehet n\u00eb funksion, si\u00e7 ka qen\u00eb dikur. Gjithashtu, edhe rinovimi i abdesthanes si edhe cistern\u00ebs s\u00eb vjet\u00ebr e cila furnizonte hamamin me uj\u00eb. ka nj\u00eb r\u00ebnd\u00ebsi t\u00eb ve\u00e7ant\u00eb duke marr\u00eb parasyesh funksionin e saj p\u00ebr xhematli, posa\u00e7\u00ebrisht p\u00ebr mysafir mysliman nga vendi dhe nga bota t\u00eb cil\u00ebt gjat\u00eb ver\u00ebs e vizitojn\u00eb qytetin ton\u00eb.<br \/>\nN\u00eb k\u00ebt\u00eb m\u00ebnyr\u00eb plot\u00ebsohet emaneti i t\u00eb par\u00ebve tan\u00eb.P\u00ebr ma tep\u00ebr fotografi ndiqni Linkun: <strong><a href=\"http:\/\/www.facebook.com\/#!\/profile.php?id=1359492972\" target=\"_blank\"><strong>Ismet Karamanaga Facebook<\/strong><\/a><\/strong><\/p>\n<div><\/div>\n<p><input name=\"link_data\" type=\"hidden\" value=\"{&quot;src&quot;:11,&quot;sty&quot;:7,&quot;object_id&quot;:165252986860318,&quot;qid&quot;:&quot;5576475926501651181&quot;,&quot;mf_objid&quot;:165252986860318,&quot;s_obj&quot;:7,&quot;s_edge&quot;:2,&quot;s_prnt&quot;:7,&quot;actrs&quot;:&quot;100001268542937&quot;,&quot;pos&quot;:19,&quot;sec&quot;:&quot;sl&quot;,&quot;filter&quot;:&quot;h&quot;}\" \/><a tabindex=\"-1\" href=\"http:\/\/www.facebook.com\/profile.php?id=1359492972\"><img src=\"http:\/\/profile.ak.fbcdn.net\/hprofile-ak-snc4\/49947_1359492972_2992432_q.jpg\" alt=\"\" \/><\/a><\/p>\n<p><a href=\"http:\/\/www.facebook.com\/#!\/profile.php?id=1359492972\" target=\"_blank\"><strong>Ismet Karamanaga Facebook<\/strong><br \/>\n<\/a> Mundeni me e shiku ne internet dhe ne sajtin tim&#8230;<strong> <a href=\"http:\/\/ismetkaramanaga.users.t-com.me\/index.html\" target=\"_blank\">http:\/\/ismetkaramanaga.users.t-com.me\/index.html<\/a><\/strong><\/p>\n<p><strong>Folklori i Ulqinit Goj\u00ebdh\u00ebnat, legjendat, k\u00ebng\u00ebt popullore, bejtet, k\u00ebng\u00ebt p\u00ebr heronjt\u00eb jane pasuri komb\u00ebtare q\u00eb shqiptar\u00ebt n\u00eb Ulqin duhet ti trash\u00ebgojne nga brezi n\u00eb brez. Jepni kontributin tuaj t\u00eb \u00e7muar n\u00eb k\u00ebt\u00eb drejtim duke sjell\u00eb folklorin e Ulqinit tuaj.<\/strong><\/p>\n<p><strong>Na shkruani dhe na d\u00ebrgoni materjalin n\u00ebp\u00ebr mjet Facebookut q\u00eb ta dim sakt\u00ebsisht kush na \u00e7on.<\/strong><\/p>\n<p><strong>Lajme nga Ulqini<br \/>\n\n\t\t<style type=\"text\/css\">\n\t\t\t#gallery-1 {\n\t\t\t\tmargin: auto;\n\t\t\t}\n\t\t\t#gallery-1 .gallery-item {\n\t\t\t\tfloat: left;\n\t\t\t\tmargin-top: 10px;\n\t\t\t\ttext-align: center;\n\t\t\t\twidth: 33%;\n\t\t\t}\n\t\t\t#gallery-1 img {\n\t\t\t\tborder: 2px solid #cfcfcf;\n\t\t\t}\n\t\t\t#gallery-1 .gallery-caption {\n\t\t\t\tmargin-left: 0;\n\t\t\t}\n\t\t\t\/* see gallery_shortcode() in wp-includes\/media.php *\/\n\t\t<\/style>\n\t\t<div id='gallery-1' class='gallery galleryid-43740 gallery-columns-3 gallery-size-thumbnail'><dl class='gallery-item'>\n\t\t\t<dt class='gallery-icon landscape'>\n\t\t\t\t<a href='https:\/\/www.visit-ulcinj.com\/blog\/wp-content\/uploads\/2011\/02\/xhamia-e-ali-pashes-ulqin.jpg'><img width=\"150\" height=\"150\" src=\"https:\/\/www.visit-ulcinj.com\/blog\/wp-content\/uploads\/2011\/02\/xhamia-e-ali-pashes-ulqin-150x150.jpg\" class=\"attachment-thumbnail size-thumbnail\" alt=\"\" loading=\"lazy\" \/><\/a>\n\t\t\t<\/dt><\/dl><dl class='gallery-item'>\n\t\t\t<dt class='gallery-icon landscape'>\n\t\t\t\t<a href='https:\/\/www.visit-ulcinj.com\/blog\/wp-content\/uploads\/2011\/02\/xhamia-e-ali-pash\u00ebs-me-hamame-ulqin_077.jpg'><img width=\"150\" height=\"150\" src=\"https:\/\/www.visit-ulcinj.com\/blog\/wp-content\/uploads\/2011\/02\/xhamia-e-ali-pash\u00ebs-me-hamame-ulqin_077-150x150.jpg\" class=\"attachment-thumbnail size-thumbnail\" alt=\"\" loading=\"lazy\" \/><\/a>\n\t\t\t<\/dt><\/dl><dl class='gallery-item'>\n\t\t\t<dt class='gallery-icon landscape'>\n\t\t\t\t<a href='https:\/\/www.visit-ulcinj.com\/blog\/wp-content\/uploads\/2011\/02\/xhamia-e-ali-pash\u00ebs-me-hamame-ulqin_191.jpg'><img width=\"150\" height=\"150\" src=\"https:\/\/www.visit-ulcinj.com\/blog\/wp-content\/uploads\/2011\/02\/xhamia-e-ali-pash\u00ebs-me-hamame-ulqin_191-150x150.jpg\" class=\"attachment-thumbnail size-thumbnail\" alt=\"\" loading=\"lazy\" \/><\/a>\n\t\t\t<\/dt><\/dl><br style=\"clear: both\" \/><dl class='gallery-item'>\n\t\t\t<dt class='gallery-icon landscape'>\n\t\t\t\t<a href='https:\/\/www.visit-ulcinj.com\/blog\/wp-content\/uploads\/2011\/02\/xhamia-e-ali-pash\u00ebs-me-hamame-ulqin_001.jpg'><img width=\"150\" height=\"150\" src=\"https:\/\/www.visit-ulcinj.com\/blog\/wp-content\/uploads\/2011\/02\/xhamia-e-ali-pash\u00ebs-me-hamame-ulqin_001-150x150.jpg\" class=\"attachment-thumbnail size-thumbnail\" alt=\"\" loading=\"lazy\" \/><\/a>\n\t\t\t<\/dt><\/dl><dl class='gallery-item'>\n\t\t\t<dt class='gallery-icon landscape'>\n\t\t\t\t<a href='https:\/\/www.visit-ulcinj.com\/blog\/wp-content\/uploads\/2011\/02\/xhamia-e-ali-pash\u00ebs-me-hamame-ulqin_005.jpg'><img width=\"150\" height=\"150\" src=\"https:\/\/www.visit-ulcinj.com\/blog\/wp-content\/uploads\/2011\/02\/xhamia-e-ali-pash\u00ebs-me-hamame-ulqin_005-150x150.jpg\" class=\"attachment-thumbnail size-thumbnail\" alt=\"\" loading=\"lazy\" \/><\/a>\n\t\t\t<\/dt><\/dl><dl class='gallery-item'>\n\t\t\t<dt class='gallery-icon landscape'>\n\t\t\t\t<a href='https:\/\/www.visit-ulcinj.com\/blog\/wp-content\/uploads\/2011\/02\/xhamia-e-ali-pash\u00ebs-me-hamame-ulqin_006.jpg'><img width=\"150\" height=\"150\" src=\"https:\/\/www.visit-ulcinj.com\/blog\/wp-content\/uploads\/2011\/02\/xhamia-e-ali-pash\u00ebs-me-hamame-ulqin_006-150x150.jpg\" class=\"attachment-thumbnail size-thumbnail\" alt=\"\" loading=\"lazy\" \/><\/a>\n\t\t\t<\/dt><\/dl><br style=\"clear: both\" \/><dl class='gallery-item'>\n\t\t\t<dt class='gallery-icon landscape'>\n\t\t\t\t<a href='https:\/\/www.visit-ulcinj.com\/blog\/wp-content\/uploads\/2011\/02\/xhamia-e-ali-pash\u00ebs-me-hamame-ulqin_010.jpg'><img width=\"150\" height=\"150\" src=\"https:\/\/www.visit-ulcinj.com\/blog\/wp-content\/uploads\/2011\/02\/xhamia-e-ali-pash\u00ebs-me-hamame-ulqin_010-150x150.jpg\" class=\"attachment-thumbnail size-thumbnail\" alt=\"\" loading=\"lazy\" \/><\/a>\n\t\t\t<\/dt><\/dl><dl class='gallery-item'>\n\t\t\t<dt class='gallery-icon landscape'>\n\t\t\t\t<a href='https:\/\/www.visit-ulcinj.com\/blog\/wp-content\/uploads\/2011\/02\/xhamia-e-ali-pash\u00ebs-me-hamame-ulqin_025.jpg'><img width=\"150\" height=\"150\" src=\"https:\/\/www.visit-ulcinj.com\/blog\/wp-content\/uploads\/2011\/02\/xhamia-e-ali-pash\u00ebs-me-hamame-ulqin_025-150x150.jpg\" class=\"attachment-thumbnail size-thumbnail\" alt=\"\" loading=\"lazy\" \/><\/a>\n\t\t\t<\/dt><\/dl><dl class='gallery-item'>\n\t\t\t<dt class='gallery-icon landscape'>\n\t\t\t\t<a href='https:\/\/www.visit-ulcinj.com\/blog\/wp-content\/uploads\/2011\/02\/xhamia-e-ali-pash\u00ebs-me-hamame-ulqin_057.jpg'><img width=\"150\" height=\"150\" src=\"https:\/\/www.visit-ulcinj.com\/blog\/wp-content\/uploads\/2011\/02\/xhamia-e-ali-pash\u00ebs-me-hamame-ulqin_057-150x150.jpg\" class=\"attachment-thumbnail size-thumbnail\" alt=\"\" loading=\"lazy\" \/><\/a>\n\t\t\t<\/dt><\/dl><br style=\"clear: both\" \/><dl class='gallery-item'>\n\t\t\t<dt class='gallery-icon landscape'>\n\t\t\t\t<a href='https:\/\/www.visit-ulcinj.com\/blog\/wp-content\/uploads\/2011\/02\/xhamia-e-ali-pash\u00ebs-me-hamame-ulqin_060.jpg'><img width=\"150\" height=\"150\" src=\"https:\/\/www.visit-ulcinj.com\/blog\/wp-content\/uploads\/2011\/02\/xhamia-e-ali-pash\u00ebs-me-hamame-ulqin_060-150x150.jpg\" class=\"attachment-thumbnail size-thumbnail\" alt=\"\" loading=\"lazy\" \/><\/a>\n\t\t\t<\/dt><\/dl><dl class='gallery-item'>\n\t\t\t<dt class='gallery-icon landscape'>\n\t\t\t\t<a href='https:\/\/www.visit-ulcinj.com\/blog\/wp-content\/uploads\/2011\/02\/xhamia-e-ali-pash\u00ebs-me-hamame-ulqin_061.jpg'><img width=\"150\" height=\"150\" src=\"https:\/\/www.visit-ulcinj.com\/blog\/wp-content\/uploads\/2011\/02\/xhamia-e-ali-pash\u00ebs-me-hamame-ulqin_061-150x150.jpg\" class=\"attachment-thumbnail size-thumbnail\" alt=\"\" loading=\"lazy\" \/><\/a>\n\t\t\t<\/dt><\/dl><dl class='gallery-item'>\n\t\t\t<dt class='gallery-icon landscape'>\n\t\t\t\t<a href='https:\/\/www.visit-ulcinj.com\/blog\/wp-content\/uploads\/2011\/02\/xhamia-e-ali-pash\u00ebs-me-hamame-ulqin_096.jpg'><img width=\"150\" height=\"150\" src=\"https:\/\/www.visit-ulcinj.com\/blog\/wp-content\/uploads\/2011\/02\/xhamia-e-ali-pash\u00ebs-me-hamame-ulqin_096-150x150.jpg\" class=\"attachment-thumbnail size-thumbnail\" alt=\"\" loading=\"lazy\" \/><\/a>\n\t\t\t<\/dt><\/dl><br style=\"clear: both\" \/><dl class='gallery-item'>\n\t\t\t<dt class='gallery-icon landscape'>\n\t\t\t\t<a href='https:\/\/www.visit-ulcinj.com\/blog\/wp-content\/uploads\/2011\/02\/xhamia-e-ali-pash\u00ebs-me-hamame-ulqin_167.jpg'><img width=\"150\" height=\"150\" src=\"https:\/\/www.visit-ulcinj.com\/blog\/wp-content\/uploads\/2011\/02\/xhamia-e-ali-pash\u00ebs-me-hamame-ulqin_167-150x150.jpg\" class=\"attachment-thumbnail size-thumbnail\" alt=\"\" loading=\"lazy\" \/><\/a>\n\t\t\t<\/dt><\/dl><dl class='gallery-item'>\n\t\t\t<dt class='gallery-icon landscape'>\n\t\t\t\t<a href='https:\/\/www.visit-ulcinj.com\/blog\/wp-content\/uploads\/2011\/02\/xhamia-e-ali-pash\u00ebs-me-hamame-ulqin_173.jpg'><img width=\"150\" height=\"150\" src=\"https:\/\/www.visit-ulcinj.com\/blog\/wp-content\/uploads\/2011\/02\/xhamia-e-ali-pash\u00ebs-me-hamame-ulqin_173-150x150.jpg\" class=\"attachment-thumbnail size-thumbnail\" alt=\"\" loading=\"lazy\" \/><\/a>\n\t\t\t<\/dt><\/dl><dl class='gallery-item'>\n\t\t\t<dt class='gallery-icon landscape'>\n\t\t\t\t<a href='https:\/\/www.visit-ulcinj.com\/blog\/wp-content\/uploads\/2011\/02\/xhamia-e-ali-pash\u00ebs-me-hamame-ulqin_043.jpg'><img width=\"150\" height=\"150\" src=\"https:\/\/www.visit-ulcinj.com\/blog\/wp-content\/uploads\/2011\/02\/xhamia-e-ali-pash\u00ebs-me-hamame-ulqin_043-150x150.jpg\" class=\"attachment-thumbnail size-thumbnail\" alt=\"\" loading=\"lazy\" \/><\/a>\n\t\t\t<\/dt><\/dl><br style=\"clear: both\" \/>\n\t\t<\/div>\n<\/p>\n<p><\/strong><br \/>\n<!--YouTube Error: bad URL entered--><\/p>\n","protected":false},"excerpt":{"rendered":"<p>Xhamia e Ali Pash\u00ebs e nd\u00ebrtuar n\u00eb vitin 1719, \u00ebsht\u00eb nj\u00eb nd\u00ebr xhamit\u00eb m\u00eb t\u00eb bukur&#8230;a dhe m\u00eb t\u00eb vjetra n\u00eb Ulqin. Xhamia \u00ebsht\u00eb ende edhe sot, si dikur n\u00eb funksionin e saj, si faltore por edhe si vend i tubimit t\u00eb mysliman\u00ebve t\u00eb k\u00ebtij qyteti. Xhamia e Ali Pash\u00ebs \u00ebsht\u00eb nj\u00eb kompeks i ve\u00e7ant\u00eb [&hellip;]<\/p>\n","protected":false},"author":1,"featured_media":0,"comment_status":"open","ping_status":"closed","sticky":false,"template":"","format":"standard","meta":{"spay_email":"","jetpack_publicize_message":"","jetpack_is_tweetstorm":false,"jetpack_publicize_feature_enabled":true},"categories":[13],"tags":[95,200,18,17428,17429],"jetpack_publicize_connections":[],"yoast_head":"<!-- This site is optimized with the Yoast SEO plugin v19.1 - https:\/\/yoast.com\/wordpress\/plugins\/seo\/ -->\n<title>Xhamia e Ali Pash\u00ebs me hamame t\u00eb vitit 1719 renovohet - Lajme nga Ulqini<\/title>\n<meta name=\"description\" content=\"Xhamia e Ali Pash\u00ebs e nd\u00ebrtuar n\u00eb vitin 1719, \u00ebsht\u00eb nj\u00eb nd\u00ebr xhamit\u00eb m\u00eb t\u00eb bukur...a dhe m\u00eb t\u00eb vjetra n\u00eb Ulqin. Xhamia \u00ebsht\u00eb ende edhe sot, si dikur n\u00eb\" \/>\n<meta name=\"robots\" content=\"index, follow, max-snippet:-1, max-image-preview:large, max-video-preview:-1\" \/>\n<link rel=\"canonical\" href=\"https:\/\/www.visit-ulcinj.com\/blog\/2011\/02\/22\/xhamia-e-ali-pashes-me-hamame-te-vitit-1719-renovohet\/\" \/>\n<meta property=\"og:locale\" content=\"en_US\" \/>\n<meta property=\"og:type\" content=\"article\" \/>\n<meta property=\"og:title\" content=\"Xhamia e Ali Pash\u00ebs me hamame t\u00eb vitit 1719 renovohet - Lajme nga Ulqini\" \/>\n<meta property=\"og:description\" content=\"Xhamia e Ali Pash\u00ebs e nd\u00ebrtuar n\u00eb vitin 1719, \u00ebsht\u00eb nj\u00eb nd\u00ebr xhamit\u00eb m\u00eb t\u00eb bukur...a dhe m\u00eb t\u00eb vjetra n\u00eb Ulqin. Xhamia \u00ebsht\u00eb ende edhe sot, si dikur n\u00eb\" \/>\n<meta property=\"og:url\" content=\"https:\/\/www.visit-ulcinj.com\/blog\/2011\/02\/22\/xhamia-e-ali-pashes-me-hamame-te-vitit-1719-renovohet\/\" \/>\n<meta property=\"og:site_name\" content=\"Lajme nga Ulqini\" \/>\n<meta property=\"article:published_time\" content=\"2011-02-22T12:33:02+00:00\" \/>\n<meta property=\"og:image\" content=\"https:\/\/www.visit-ulcinj.com\/blog\/wp-content\/uploads\/2011\/02\/xhamia-e-ali-pashes-ulqin-150x150.jpg\" \/>\n<meta name=\"twitter:label1\" content=\"Written by\" \/>\n\t<meta name=\"twitter:data1\" content=\"ulqini\" \/>\n\t<meta name=\"twitter:label2\" content=\"Est. reading time\" \/>\n\t<meta name=\"twitter:data2\" content=\"3 minutes\" \/>\n<script type=\"application\/ld+json\" class=\"yoast-schema-graph\">{\"@context\":\"https:\/\/schema.org\",\"@graph\":[{\"@type\":\"WebSite\",\"@id\":\"https:\/\/www.visit-ulcinj.com\/blog\/#website\",\"url\":\"https:\/\/www.visit-ulcinj.com\/blog\/\",\"name\":\"Lajme nga Ulqini\",\"description\":\"Lajme,Vijesti,Ulqini,Ulqin,Crna Gora,Mali i Zi\",\"potentialAction\":[{\"@type\":\"SearchAction\",\"target\":{\"@type\":\"EntryPoint\",\"urlTemplate\":\"https:\/\/www.visit-ulcinj.com\/blog\/?s={search_term_string}\"},\"query-input\":\"required name=search_term_string\"}],\"inLanguage\":\"en-US\"},{\"@type\":\"ImageObject\",\"inLanguage\":\"en-US\",\"@id\":\"https:\/\/www.visit-ulcinj.com\/blog\/2011\/02\/22\/xhamia-e-ali-pashes-me-hamame-te-vitit-1719-renovohet\/#primaryimage\",\"url\":\"https:\/\/www.visit-ulcinj.com\/blog\/wp-content\/uploads\/2011\/02\/xhamia-e-ali-pashes-ulqin.jpg\",\"contentUrl\":\"https:\/\/www.visit-ulcinj.com\/blog\/wp-content\/uploads\/2011\/02\/xhamia-e-ali-pashes-ulqin.jpg\",\"width\":\"500\",\"height\":\"375\"},{\"@type\":\"WebPage\",\"@id\":\"https:\/\/www.visit-ulcinj.com\/blog\/2011\/02\/22\/xhamia-e-ali-pashes-me-hamame-te-vitit-1719-renovohet\/#webpage\",\"url\":\"https:\/\/www.visit-ulcinj.com\/blog\/2011\/02\/22\/xhamia-e-ali-pashes-me-hamame-te-vitit-1719-renovohet\/\",\"name\":\"Xhamia e Ali Pash\u00ebs me hamame t\u00eb vitit 1719 renovohet - Lajme nga Ulqini\",\"isPartOf\":{\"@id\":\"https:\/\/www.visit-ulcinj.com\/blog\/#website\"},\"primaryImageOfPage\":{\"@id\":\"https:\/\/www.visit-ulcinj.com\/blog\/2011\/02\/22\/xhamia-e-ali-pashes-me-hamame-te-vitit-1719-renovohet\/#primaryimage\"},\"datePublished\":\"2011-02-22T12:33:02+00:00\",\"dateModified\":\"2011-02-22T12:33:02+00:00\",\"author\":{\"@id\":\"https:\/\/www.visit-ulcinj.com\/blog\/#\/schema\/person\/dcab619c614d3038751c63bc2aadc06d\"},\"description\":\"Xhamia e Ali Pash\u00ebs e nd\u00ebrtuar n\u00eb vitin 1719, \u00ebsht\u00eb nj\u00eb nd\u00ebr xhamit\u00eb m\u00eb t\u00eb bukur...a dhe m\u00eb t\u00eb vjetra n\u00eb Ulqin. Xhamia \u00ebsht\u00eb ende edhe sot, si dikur n\u00eb\",\"breadcrumb\":{\"@id\":\"https:\/\/www.visit-ulcinj.com\/blog\/2011\/02\/22\/xhamia-e-ali-pashes-me-hamame-te-vitit-1719-renovohet\/#breadcrumb\"},\"inLanguage\":\"en-US\",\"potentialAction\":[{\"@type\":\"ReadAction\",\"target\":[\"https:\/\/www.visit-ulcinj.com\/blog\/2011\/02\/22\/xhamia-e-ali-pashes-me-hamame-te-vitit-1719-renovohet\/\"]}]},{\"@type\":\"BreadcrumbList\",\"@id\":\"https:\/\/www.visit-ulcinj.com\/blog\/2011\/02\/22\/xhamia-e-ali-pashes-me-hamame-te-vitit-1719-renovohet\/#breadcrumb\",\"itemListElement\":[{\"@type\":\"ListItem\",\"position\":1,\"name\":\"Xhamia e Ali Pash\u00ebs me hamame t\u00eb vitit 1719 renovohet\"}]},{\"@type\":\"Person\",\"@id\":\"https:\/\/www.visit-ulcinj.com\/blog\/#\/schema\/person\/dcab619c614d3038751c63bc2aadc06d\",\"name\":\"ulqini\",\"sameAs\":[\"http:\/\/www.visit-ulcinj.com\"],\"url\":\"https:\/\/www.visit-ulcinj.com\/blog\/author\/admin\/\"}]}<\/script>\n<!-- \/ Yoast SEO plugin. -->","yoast_head_json":{"title":"Xhamia e Ali Pash\u00ebs me hamame t\u00eb vitit 1719 renovohet - Lajme nga Ulqini","description":"Xhamia e Ali Pash\u00ebs e nd\u00ebrtuar n\u00eb vitin 1719, \u00ebsht\u00eb nj\u00eb nd\u00ebr xhamit\u00eb m\u00eb t\u00eb bukur...a dhe m\u00eb t\u00eb vjetra n\u00eb Ulqin. Xhamia \u00ebsht\u00eb ende edhe sot, si dikur n\u00eb","robots":{"index":"index","follow":"follow","max-snippet":"max-snippet:-1","max-image-preview":"max-image-preview:large","max-video-preview":"max-video-preview:-1"},"canonical":"https:\/\/www.visit-ulcinj.com\/blog\/2011\/02\/22\/xhamia-e-ali-pashes-me-hamame-te-vitit-1719-renovohet\/","og_locale":"en_US","og_type":"article","og_title":"Xhamia e Ali Pash\u00ebs me hamame t\u00eb vitit 1719 renovohet - Lajme nga Ulqini","og_description":"Xhamia e Ali Pash\u00ebs e nd\u00ebrtuar n\u00eb vitin 1719, \u00ebsht\u00eb nj\u00eb nd\u00ebr xhamit\u00eb m\u00eb t\u00eb bukur...a dhe m\u00eb t\u00eb vjetra n\u00eb Ulqin. Xhamia \u00ebsht\u00eb ende edhe sot, si dikur n\u00eb","og_url":"https:\/\/www.visit-ulcinj.com\/blog\/2011\/02\/22\/xhamia-e-ali-pashes-me-hamame-te-vitit-1719-renovohet\/","og_site_name":"Lajme nga Ulqini","article_published_time":"2011-02-22T12:33:02+00:00","og_image":[{"url":"https:\/\/www.visit-ulcinj.com\/blog\/wp-content\/uploads\/2011\/02\/xhamia-e-ali-pashes-ulqin-150x150.jpg"}],"twitter_misc":{"Written by":"ulqini","Est. reading time":"3 minutes"},"schema":{"@context":"https:\/\/schema.org","@graph":[{"@type":"WebSite","@id":"https:\/\/www.visit-ulcinj.com\/blog\/#website","url":"https:\/\/www.visit-ulcinj.com\/blog\/","name":"Lajme nga Ulqini","description":"Lajme,Vijesti,Ulqini,Ulqin,Crna Gora,Mali i Zi","potentialAction":[{"@type":"SearchAction","target":{"@type":"EntryPoint","urlTemplate":"https:\/\/www.visit-ulcinj.com\/blog\/?s={search_term_string}"},"query-input":"required name=search_term_string"}],"inLanguage":"en-US"},{"@type":"ImageObject","inLanguage":"en-US","@id":"https:\/\/www.visit-ulcinj.com\/blog\/2011\/02\/22\/xhamia-e-ali-pashes-me-hamame-te-vitit-1719-renovohet\/#primaryimage","url":"https:\/\/www.visit-ulcinj.com\/blog\/wp-content\/uploads\/2011\/02\/xhamia-e-ali-pashes-ulqin.jpg","contentUrl":"https:\/\/www.visit-ulcinj.com\/blog\/wp-content\/uploads\/2011\/02\/xhamia-e-ali-pashes-ulqin.jpg","width":"500","height":"375"},{"@type":"WebPage","@id":"https:\/\/www.visit-ulcinj.com\/blog\/2011\/02\/22\/xhamia-e-ali-pashes-me-hamame-te-vitit-1719-renovohet\/#webpage","url":"https:\/\/www.visit-ulcinj.com\/blog\/2011\/02\/22\/xhamia-e-ali-pashes-me-hamame-te-vitit-1719-renovohet\/","name":"Xhamia e Ali Pash\u00ebs me hamame t\u00eb vitit 1719 renovohet - Lajme nga Ulqini","isPartOf":{"@id":"https:\/\/www.visit-ulcinj.com\/blog\/#website"},"primaryImageOfPage":{"@id":"https:\/\/www.visit-ulcinj.com\/blog\/2011\/02\/22\/xhamia-e-ali-pashes-me-hamame-te-vitit-1719-renovohet\/#primaryimage"},"datePublished":"2011-02-22T12:33:02+00:00","dateModified":"2011-02-22T12:33:02+00:00","author":{"@id":"https:\/\/www.visit-ulcinj.com\/blog\/#\/schema\/person\/dcab619c614d3038751c63bc2aadc06d"},"description":"Xhamia e Ali Pash\u00ebs e nd\u00ebrtuar n\u00eb vitin 1719, \u00ebsht\u00eb nj\u00eb nd\u00ebr xhamit\u00eb m\u00eb t\u00eb bukur...a dhe m\u00eb t\u00eb vjetra n\u00eb Ulqin. Xhamia \u00ebsht\u00eb ende edhe sot, si dikur n\u00eb","breadcrumb":{"@id":"https:\/\/www.visit-ulcinj.com\/blog\/2011\/02\/22\/xhamia-e-ali-pashes-me-hamame-te-vitit-1719-renovohet\/#breadcrumb"},"inLanguage":"en-US","potentialAction":[{"@type":"ReadAction","target":["https:\/\/www.visit-ulcinj.com\/blog\/2011\/02\/22\/xhamia-e-ali-pashes-me-hamame-te-vitit-1719-renovohet\/"]}]},{"@type":"BreadcrumbList","@id":"https:\/\/www.visit-ulcinj.com\/blog\/2011\/02\/22\/xhamia-e-ali-pashes-me-hamame-te-vitit-1719-renovohet\/#breadcrumb","itemListElement":[{"@type":"ListItem","position":1,"name":"Xhamia e Ali Pash\u00ebs me hamame t\u00eb vitit 1719 renovohet"}]},{"@type":"Person","@id":"https:\/\/www.visit-ulcinj.com\/blog\/#\/schema\/person\/dcab619c614d3038751c63bc2aadc06d","name":"ulqini","sameAs":["http:\/\/www.visit-ulcinj.com"],"url":"https:\/\/www.visit-ulcinj.com\/blog\/author\/admin\/"}]}},"jetpack_featured_media_url":"","jetpack_sharing_enabled":true,"jetpack_shortlink":"https:\/\/wp.me\/pe6lTn-bnu","_links":{"self":[{"href":"https:\/\/www.visit-ulcinj.com\/blog\/wp-json\/wp\/v2\/posts\/43740"}],"collection":[{"href":"https:\/\/www.visit-ulcinj.com\/blog\/wp-json\/wp\/v2\/posts"}],"about":[{"href":"https:\/\/www.visit-ulcinj.com\/blog\/wp-json\/wp\/v2\/types\/post"}],"author":[{"embeddable":true,"href":"https:\/\/www.visit-ulcinj.com\/blog\/wp-json\/wp\/v2\/users\/1"}],"replies":[{"embeddable":true,"href":"https:\/\/www.visit-ulcinj.com\/blog\/wp-json\/wp\/v2\/comments?post=43740"}],"version-history":[{"count":0,"href":"https:\/\/www.visit-ulcinj.com\/blog\/wp-json\/wp\/v2\/posts\/43740\/revisions"}],"wp:attachment":[{"href":"https:\/\/www.visit-ulcinj.com\/blog\/wp-json\/wp\/v2\/media?parent=43740"}],"wp:term":[{"taxonomy":"category","embeddable":true,"href":"https:\/\/www.visit-ulcinj.com\/blog\/wp-json\/wp\/v2\/categories?post=43740"},{"taxonomy":"post_tag","embeddable":true,"href":"https:\/\/www.visit-ulcinj.com\/blog\/wp-json\/wp\/v2\/tags?post=43740"}],"curies":[{"name":"wp","href":"https:\/\/api.w.org\/{rel}","templated":true}]}}