{"id":43757,"date":"2011-02-22T15:09:34","date_gmt":"2011-02-22T14:09:34","guid":{"rendered":"http:\/\/www.visit-ulcinj.com\/blog\/?p=43757"},"modified":"2011-03-11T12:31:21","modified_gmt":"2011-03-11T11:31:21","slug":"iniciativa-e-forces-per-mbajtjen-e-kuvendit-te-jashtzakonshem-per-valdanos","status":"publish","type":"post","link":"https:\/\/www.visit-ulcinj.com\/blog\/2011\/02\/22\/iniciativa-e-forces-per-mbajtjen-e-kuvendit-te-jashtzakonshem-per-valdanos\/","title":{"rendered":"Iniciativa e Forces p\u00ebr mbajtjen e Kuvendit t\u00eb jashtzakonsh\u00ebm p\u00ebr Valdanos &#8211; Video"},"content":{"rendered":"<p><a href=\"http:\/\/www.visit-ulcinj.com\/blog\/wp-content\/uploads\/2011\/02\/Xhaudet-Cakuli_Kuvendi-i-jashtzakonshem-per-Valdanos_Ulqin.jpg\"><img loading=\"lazy\" class=\"alignleft size-full wp-image-43758\" title=\"Xhaudet Cakuli_Kuvendi i jashtzakonshem per Valdanos_Ulqin,Xhaudet Cakuli, Genci Nimanbegu, dr Nail Draga, Ilmira Lika, Jakup Murati, Mentor Ljunji, Gjoka Gjonoviq, Faik Nika, Zenel Seloviq, Muharem Molabeqiri, Mirsad Markashi, Valdet Axhemoviq, Arian Murati, Valdet Demiri, Stane Lukiq, Sabrija Kolenoviq, Sait Katana, Qani Osmani, Remzi Brisku, Ridvana Suliq, Mustafa Gorana, Vehbi Doda, Fuad Ljamoja, Marijan Shkrelji, Ramazan Ramo Kurti, Vjolca Lika \u00c7oboviq, Bajazit Lajka, Alfred Mirdita, Burim Ujkashi, Gazmend Dervishi, Muhamed Kolari , mr Fuad Haxhibeti, Forca e re demokratike,ulqin,ulqini,ulcinj,\" src=\"http:\/\/www.visit-ulcinj.com\/blog\/wp-content\/uploads\/2011\/02\/Xhaudet-Cakuli_Kuvendi-i-jashtzakonshem-per-Valdanos_Ulqin.jpg\" alt=\"\" width=\"508\" height=\"380\" srcset=\"https:\/\/www.visit-ulcinj.com\/blog\/wp-content\/uploads\/2011\/02\/Xhaudet-Cakuli_Kuvendi-i-jashtzakonshem-per-Valdanos_Ulqin.jpg 1024w, https:\/\/www.visit-ulcinj.com\/blog\/wp-content\/uploads\/2011\/02\/Xhaudet-Cakuli_Kuvendi-i-jashtzakonshem-per-Valdanos_Ulqin-300x225.jpg 300w\" sizes=\"(max-width: 508px) 100vw, 508px\" \/><\/a>Sot n\u00eb konferenc\u00ebn p\u00ebr media u parqit publikut iniciativa e Forc\u00ebs p\u00ebr mbajtjen e Kuvendit t\u00eb jashtzakonsh\u00ebm n\u00eb lidhje me ullisht\u00ebn e Valdanosit.<\/p>\n<p>N\u00eb baz\u00eb t\u00eb nenit 45 t\u00eb Statutit t\u00eb Kuvendit komunal t\u00eb Ulqinit ( Fl.zyrt. e MZ, dispozitat komunale nr. 5 \/ 07) dhe nenit 76 dhe 77 t\u00eb Rregullores s\u00eb KK t\u00eb Ulqinit ( Fl.zyrt. e MZ, dispozitat komunale nr. 17\/08. ) , k\u00ebrkojm\u00eb t\u00eb thirrni mbledhjen e jashtzakonshme t\u00eb KK t\u00eb Ulqinit me pik\u00eb t\u00eb rendit t\u00eb dit\u00ebs si vijon:<\/p>\n<p>1. Qendrimet dhe p\u00ebrfundimet e KK t\u00eb Ulqinit n\u00eb lidhje me lokalitetin Ullishta e Valdanosit<\/p>\n<p><strong>ARSYETIM<\/strong><\/p>\n<p>T\u00eb shqet\u00ebsuar thell\u00eb p\u00ebr shkak t\u00eb fakteve t\u00eb panjohura dhe shkeljes s\u00eb ligjeve t\u00eb cilat ndodhin n\u00eb lidhje me lokalitetin Ullishta e Valdanosit, e me t\u00eb cilat k\u00ebshilltar\u00ebt e KK t\u00eb Ulqinit nuk jan\u00eb t\u00eb informuar, k\u00ebrkojm\u00eb q\u00eb t\u00eb thirrni mbledhje t\u00eb jashtzakonshme t\u00eb Kuvendit komunal t\u00eb Ulqinit n\u00eb t\u00eb cil\u00ebn do t\u00eb diskutohet p\u00ebr t\u00eb gjith\u00eb aspektet e problematik\u00ebs s\u00eb Valdanosit dhe n\u00eb cil\u00ebn do t\u00eb merren qendrime dhe p\u00ebrfundime t\u00eb cil\u00ebt kan\u00eb t\u00eb b\u00ebjn\u00eb me nj\u00eb teritor shum\u00eb t\u00eb r\u00ebnd\u00ebsish\u00ebm t\u00eb komun\u00ebs s\u00eb Ulqinit.<\/p>\n<p>Paralajm\u00ebrimi i p\u00ebrfundimit t\u00eb procedur\u00ebs s\u00eb tenderimit dhe n\u00ebnshkrimit t\u00eb mundsh\u00ebm t\u00eb kontrat\u00ebs p\u00ebr qiradh\u00ebnie afatgjate t\u00eb lokalitetit Ullishta e Valdanosit, e b\u00ebn m\u00eb se t\u00eb nevojshme q\u00eb Kuvendi komunal t\u00eb mblidhet urgjentisht dhe t\u00eb marr\u00eb qendrim p\u00ebr aktivitetet e planifikuara n\u00eb Ullisht\u00ebn e Valdanosit.<\/p>\n<p>N\u00ebnshkrimi i \u00e7far do lloj kontrate pa p\u00eblqimin e Kuvendit komunal t\u00eb Ulqinit do t\u00eb \u00e7oj\u00eb deri tek cenimi i t\u00eb drejt\u00ebs s\u00eb qytetar\u00ebve t\u00eb komunitetit lokal t\u00eb vendosin p\u00ebr planifikimin e hapsir\u00ebs, gjegj\u00ebsisht t\u00eb marrin vendime me r\u00ebnd\u00ebsi p\u00ebr komunitetin dhe vetqeverisjen lokale. Kjo drejt\u00eb, p\u00ebrve\u00e7 tjerash, rrjedh edhe nga konventat dhe hartat evropiane t\u00eb cilat kan\u00eb t\u00eb b\u00ebjn\u00eb me t\u00eb drejtat e njerit dhe t\u00eb drejtat e vet\u00ebqeverisjes lokale.<\/p>\n<p>P\u00ebr mbajtje t\u00eb mbledhjes dhe marrje t\u00eb qendrimeve dhe p\u00ebrfundimeve n\u00eb lidhje me k\u00ebt\u00eb pyetje na obligon edhe Vendimi i marr\u00eb nj\u00ebz\u00ebri n\u00eb KK t\u00eb Ulqinit me dat\u00eb 30. mars 2007, i cili vendim \u00ebsht\u00eb shpall\u00eb n\u00eb Flet\u00ebn zyrtare t\u00eb dispozitave komunale nr. 18 t\u00eb vitit 2007.<\/p>\n<p>Me k\u00ebt\u00eb vendim Kuvendi komunal i Ulqinit unanimisht vendosi q\u00eb pronat Ullishta e Valdanosit t&#8217;iu kthehen pronar\u00ebve t\u00eb maparsh\u00ebm t\u00eb cil\u00ebve iu morr\u00ebn padrejt\u00ebsisht.<\/p>\n<p>P\u00ebr shkak t\u00eb kualitetit t\u00eb diskutimit dhe ky\u00e7jen e numrit sa m\u00eb t\u00eb madh t\u00eb pronar\u00ebve dhe qytetarve t\u00eb interesuar, t\u00eb Organizatave jo qeveritare dhe intelektual\u00ebve t\u00eb pavarur, \u00ebsht\u00eb e nevojshme q\u00eb n\u00eb pun\u00ebn e Kuvendit t\u00eb marrin pjes\u00eb edhe p\u00ebrfaq\u00ebsuesit e tyre.<\/p>\n<p>P\u00ebr shkak t\u00eb arsyeve t\u00eb cekura m\u00eb lart, k\u00ebrkojm\u00eb q\u00eb mbledhjen ta thirrni me procedur\u00eb urgjente.<\/p>\n<p><strong>Klubi i k\u00ebshilltar\u00ebve,<\/strong><\/p>\n<p><strong>Xhaudet Cakuli<br \/>\n<!--YouTube Error: bad URL entered--><\/strong><\/p>\n","protected":false},"excerpt":{"rendered":"<p>Sot n\u00eb konferenc\u00ebn p\u00ebr media u parqit publikut iniciativa e Forc\u00ebs p\u00ebr mbajtjen e Kuvendit t\u00eb jashtzakonsh\u00ebm n\u00eb lidhje me ullisht\u00ebn e Valdanosit. N\u00eb baz\u00eb t\u00eb nenit 45 t\u00eb Statutit t\u00eb Kuvendit komunal t\u00eb Ulqinit ( Fl.zyrt. e MZ, dispozitat komunale nr. 5 \/ 07) dhe nenit 76 dhe 77 t\u00eb Rregullores s\u00eb KK t\u00eb [&hellip;]<\/p>\n","protected":false},"author":1,"featured_media":0,"comment_status":"open","ping_status":"closed","sticky":false,"template":"","format":"standard","meta":{"spay_email":"","jetpack_publicize_message":"","jetpack_is_tweetstorm":false,"jetpack_publicize_feature_enabled":true},"categories":[1,14249],"tags":[14525,15858,14524,15868,2761,14505,117,874,672,15864,15869,1073,15854,13756,14502,15865,15853,15857,15871,15870,15856,14518,13771,15861,15866,14516,15862,15860,14514,15859,12690,14510,15863,15867,1797,15855],"jetpack_publicize_connections":[],"yoast_head":"<!-- This site is optimized with the Yoast SEO plugin v19.1 - https:\/\/yoast.com\/wordpress\/plugins\/seo\/ -->\n<title>Iniciativa e Forces p\u00ebr mbajtjen e Kuvendit t\u00eb jashtzakonsh\u00ebm p\u00ebr Valdanos - Video - Lajme nga Ulqini<\/title>\n<meta name=\"description\" content=\"Sot n\u00eb konferenc\u00ebn p\u00ebr media u parqit publikut iniciativa e Forc\u00ebs p\u00ebr mbajtjen e Kuvendit t\u00eb jashtzakonsh\u00ebm n\u00eb lidhje me ullisht\u00ebn e Valdanosit. N\u00eb baz\u00eb\" \/>\n<meta name=\"robots\" content=\"index, follow, max-snippet:-1, max-image-preview:large, max-video-preview:-1\" \/>\n<link rel=\"canonical\" href=\"https:\/\/www.visit-ulcinj.com\/blog\/2011\/02\/22\/iniciativa-e-forces-per-mbajtjen-e-kuvendit-te-jashtzakonshem-per-valdanos\/\" \/>\n<meta property=\"og:locale\" content=\"en_US\" \/>\n<meta property=\"og:type\" content=\"article\" \/>\n<meta property=\"og:title\" content=\"Iniciativa e Forces p\u00ebr mbajtjen e Kuvendit t\u00eb jashtzakonsh\u00ebm p\u00ebr Valdanos - Video - Lajme nga Ulqini\" \/>\n<meta property=\"og:description\" content=\"Sot n\u00eb konferenc\u00ebn p\u00ebr media u parqit publikut iniciativa e Forc\u00ebs p\u00ebr mbajtjen e Kuvendit t\u00eb jashtzakonsh\u00ebm n\u00eb lidhje me ullisht\u00ebn e Valdanosit. N\u00eb baz\u00eb\" \/>\n<meta property=\"og:url\" content=\"https:\/\/www.visit-ulcinj.com\/blog\/2011\/02\/22\/iniciativa-e-forces-per-mbajtjen-e-kuvendit-te-jashtzakonshem-per-valdanos\/\" \/>\n<meta property=\"og:site_name\" content=\"Lajme nga Ulqini\" \/>\n<meta property=\"article:published_time\" content=\"2011-02-22T14:09:34+00:00\" \/>\n<meta property=\"article:modified_time\" content=\"2011-03-11T11:31:21+00:00\" \/>\n<meta property=\"og:image\" content=\"http:\/\/www.visit-ulcinj.com\/blog\/wp-content\/uploads\/2011\/02\/Xhaudet-Cakuli_Kuvendi-i-jashtzakonshem-per-Valdanos_Ulqin.jpg\" \/>\n<meta name=\"twitter:label1\" content=\"Written by\" \/>\n\t<meta name=\"twitter:data1\" content=\"ulqini\" \/>\n\t<meta name=\"twitter:label2\" content=\"Est. reading time\" \/>\n\t<meta name=\"twitter:data2\" content=\"3 minutes\" \/>\n<script type=\"application\/ld+json\" class=\"yoast-schema-graph\">{\"@context\":\"https:\/\/schema.org\",\"@graph\":[{\"@type\":\"WebSite\",\"@id\":\"https:\/\/www.visit-ulcinj.com\/blog\/#website\",\"url\":\"https:\/\/www.visit-ulcinj.com\/blog\/\",\"name\":\"Lajme nga Ulqini\",\"description\":\"Lajme,Vijesti,Ulqini,Ulqin,Crna Gora,Mali i Zi\",\"potentialAction\":[{\"@type\":\"SearchAction\",\"target\":{\"@type\":\"EntryPoint\",\"urlTemplate\":\"https:\/\/www.visit-ulcinj.com\/blog\/?s={search_term_string}\"},\"query-input\":\"required name=search_term_string\"}],\"inLanguage\":\"en-US\"},{\"@type\":\"ImageObject\",\"inLanguage\":\"en-US\",\"@id\":\"https:\/\/www.visit-ulcinj.com\/blog\/2011\/02\/22\/iniciativa-e-forces-per-mbajtjen-e-kuvendit-te-jashtzakonshem-per-valdanos\/#primaryimage\",\"url\":\"https:\/\/www.visit-ulcinj.com\/blog\/wp-content\/uploads\/2011\/02\/Xhaudet-Cakuli_Kuvendi-i-jashtzakonshem-per-Valdanos_Ulqin.jpg\",\"contentUrl\":\"https:\/\/www.visit-ulcinj.com\/blog\/wp-content\/uploads\/2011\/02\/Xhaudet-Cakuli_Kuvendi-i-jashtzakonshem-per-Valdanos_Ulqin.jpg\",\"width\":\"1024\",\"height\":\"768\"},{\"@type\":\"WebPage\",\"@id\":\"https:\/\/www.visit-ulcinj.com\/blog\/2011\/02\/22\/iniciativa-e-forces-per-mbajtjen-e-kuvendit-te-jashtzakonshem-per-valdanos\/#webpage\",\"url\":\"https:\/\/www.visit-ulcinj.com\/blog\/2011\/02\/22\/iniciativa-e-forces-per-mbajtjen-e-kuvendit-te-jashtzakonshem-per-valdanos\/\",\"name\":\"Iniciativa e Forces p\u00ebr mbajtjen e Kuvendit t\u00eb jashtzakonsh\u00ebm p\u00ebr Valdanos - Video - Lajme nga Ulqini\",\"isPartOf\":{\"@id\":\"https:\/\/www.visit-ulcinj.com\/blog\/#website\"},\"primaryImageOfPage\":{\"@id\":\"https:\/\/www.visit-ulcinj.com\/blog\/2011\/02\/22\/iniciativa-e-forces-per-mbajtjen-e-kuvendit-te-jashtzakonshem-per-valdanos\/#primaryimage\"},\"datePublished\":\"2011-02-22T14:09:34+00:00\",\"dateModified\":\"2011-03-11T11:31:21+00:00\",\"author\":{\"@id\":\"https:\/\/www.visit-ulcinj.com\/blog\/#\/schema\/person\/dcab619c614d3038751c63bc2aadc06d\"},\"description\":\"Sot n\u00eb konferenc\u00ebn p\u00ebr media u parqit publikut iniciativa e Forc\u00ebs p\u00ebr mbajtjen e Kuvendit t\u00eb jashtzakonsh\u00ebm n\u00eb lidhje me ullisht\u00ebn e Valdanosit. N\u00eb baz\u00eb\",\"breadcrumb\":{\"@id\":\"https:\/\/www.visit-ulcinj.com\/blog\/2011\/02\/22\/iniciativa-e-forces-per-mbajtjen-e-kuvendit-te-jashtzakonshem-per-valdanos\/#breadcrumb\"},\"inLanguage\":\"en-US\",\"potentialAction\":[{\"@type\":\"ReadAction\",\"target\":[\"https:\/\/www.visit-ulcinj.com\/blog\/2011\/02\/22\/iniciativa-e-forces-per-mbajtjen-e-kuvendit-te-jashtzakonshem-per-valdanos\/\"]}]},{\"@type\":\"BreadcrumbList\",\"@id\":\"https:\/\/www.visit-ulcinj.com\/blog\/2011\/02\/22\/iniciativa-e-forces-per-mbajtjen-e-kuvendit-te-jashtzakonshem-per-valdanos\/#breadcrumb\",\"itemListElement\":[{\"@type\":\"ListItem\",\"position\":1,\"name\":\"Iniciativa e Forces p\u00ebr mbajtjen e Kuvendit t\u00eb jashtzakonsh\u00ebm p\u00ebr Valdanos &#8211; Video\"}]},{\"@type\":\"Person\",\"@id\":\"https:\/\/www.visit-ulcinj.com\/blog\/#\/schema\/person\/dcab619c614d3038751c63bc2aadc06d\",\"name\":\"ulqini\",\"sameAs\":[\"http:\/\/www.visit-ulcinj.com\"],\"url\":\"https:\/\/www.visit-ulcinj.com\/blog\/author\/admin\/\"}]}<\/script>\n<!-- \/ Yoast SEO plugin. -->","yoast_head_json":{"title":"Iniciativa e Forces p\u00ebr mbajtjen e Kuvendit t\u00eb jashtzakonsh\u00ebm p\u00ebr Valdanos - Video - Lajme nga Ulqini","description":"Sot n\u00eb konferenc\u00ebn p\u00ebr media u parqit publikut iniciativa e Forc\u00ebs p\u00ebr mbajtjen e Kuvendit t\u00eb jashtzakonsh\u00ebm n\u00eb lidhje me ullisht\u00ebn e Valdanosit. N\u00eb baz\u00eb","robots":{"index":"index","follow":"follow","max-snippet":"max-snippet:-1","max-image-preview":"max-image-preview:large","max-video-preview":"max-video-preview:-1"},"canonical":"https:\/\/www.visit-ulcinj.com\/blog\/2011\/02\/22\/iniciativa-e-forces-per-mbajtjen-e-kuvendit-te-jashtzakonshem-per-valdanos\/","og_locale":"en_US","og_type":"article","og_title":"Iniciativa e Forces p\u00ebr mbajtjen e Kuvendit t\u00eb jashtzakonsh\u00ebm p\u00ebr Valdanos - Video - Lajme nga Ulqini","og_description":"Sot n\u00eb konferenc\u00ebn p\u00ebr media u parqit publikut iniciativa e Forc\u00ebs p\u00ebr mbajtjen e Kuvendit t\u00eb jashtzakonsh\u00ebm n\u00eb lidhje me ullisht\u00ebn e Valdanosit. N\u00eb baz\u00eb","og_url":"https:\/\/www.visit-ulcinj.com\/blog\/2011\/02\/22\/iniciativa-e-forces-per-mbajtjen-e-kuvendit-te-jashtzakonshem-per-valdanos\/","og_site_name":"Lajme nga Ulqini","article_published_time":"2011-02-22T14:09:34+00:00","article_modified_time":"2011-03-11T11:31:21+00:00","og_image":[{"url":"http:\/\/www.visit-ulcinj.com\/blog\/wp-content\/uploads\/2011\/02\/Xhaudet-Cakuli_Kuvendi-i-jashtzakonshem-per-Valdanos_Ulqin.jpg"}],"twitter_misc":{"Written by":"ulqini","Est. reading time":"3 minutes"},"schema":{"@context":"https:\/\/schema.org","@graph":[{"@type":"WebSite","@id":"https:\/\/www.visit-ulcinj.com\/blog\/#website","url":"https:\/\/www.visit-ulcinj.com\/blog\/","name":"Lajme nga Ulqini","description":"Lajme,Vijesti,Ulqini,Ulqin,Crna Gora,Mali i Zi","potentialAction":[{"@type":"SearchAction","target":{"@type":"EntryPoint","urlTemplate":"https:\/\/www.visit-ulcinj.com\/blog\/?s={search_term_string}"},"query-input":"required name=search_term_string"}],"inLanguage":"en-US"},{"@type":"ImageObject","inLanguage":"en-US","@id":"https:\/\/www.visit-ulcinj.com\/blog\/2011\/02\/22\/iniciativa-e-forces-per-mbajtjen-e-kuvendit-te-jashtzakonshem-per-valdanos\/#primaryimage","url":"https:\/\/www.visit-ulcinj.com\/blog\/wp-content\/uploads\/2011\/02\/Xhaudet-Cakuli_Kuvendi-i-jashtzakonshem-per-Valdanos_Ulqin.jpg","contentUrl":"https:\/\/www.visit-ulcinj.com\/blog\/wp-content\/uploads\/2011\/02\/Xhaudet-Cakuli_Kuvendi-i-jashtzakonshem-per-Valdanos_Ulqin.jpg","width":"1024","height":"768"},{"@type":"WebPage","@id":"https:\/\/www.visit-ulcinj.com\/blog\/2011\/02\/22\/iniciativa-e-forces-per-mbajtjen-e-kuvendit-te-jashtzakonshem-per-valdanos\/#webpage","url":"https:\/\/www.visit-ulcinj.com\/blog\/2011\/02\/22\/iniciativa-e-forces-per-mbajtjen-e-kuvendit-te-jashtzakonshem-per-valdanos\/","name":"Iniciativa e Forces p\u00ebr mbajtjen e Kuvendit t\u00eb jashtzakonsh\u00ebm p\u00ebr Valdanos - Video - Lajme nga Ulqini","isPartOf":{"@id":"https:\/\/www.visit-ulcinj.com\/blog\/#website"},"primaryImageOfPage":{"@id":"https:\/\/www.visit-ulcinj.com\/blog\/2011\/02\/22\/iniciativa-e-forces-per-mbajtjen-e-kuvendit-te-jashtzakonshem-per-valdanos\/#primaryimage"},"datePublished":"2011-02-22T14:09:34+00:00","dateModified":"2011-03-11T11:31:21+00:00","author":{"@id":"https:\/\/www.visit-ulcinj.com\/blog\/#\/schema\/person\/dcab619c614d3038751c63bc2aadc06d"},"description":"Sot n\u00eb konferenc\u00ebn p\u00ebr media u parqit publikut iniciativa e Forc\u00ebs p\u00ebr mbajtjen e Kuvendit t\u00eb jashtzakonsh\u00ebm n\u00eb lidhje me ullisht\u00ebn e Valdanosit. N\u00eb baz\u00eb","breadcrumb":{"@id":"https:\/\/www.visit-ulcinj.com\/blog\/2011\/02\/22\/iniciativa-e-forces-per-mbajtjen-e-kuvendit-te-jashtzakonshem-per-valdanos\/#breadcrumb"},"inLanguage":"en-US","potentialAction":[{"@type":"ReadAction","target":["https:\/\/www.visit-ulcinj.com\/blog\/2011\/02\/22\/iniciativa-e-forces-per-mbajtjen-e-kuvendit-te-jashtzakonshem-per-valdanos\/"]}]},{"@type":"BreadcrumbList","@id":"https:\/\/www.visit-ulcinj.com\/blog\/2011\/02\/22\/iniciativa-e-forces-per-mbajtjen-e-kuvendit-te-jashtzakonshem-per-valdanos\/#breadcrumb","itemListElement":[{"@type":"ListItem","position":1,"name":"Iniciativa e Forces p\u00ebr mbajtjen e Kuvendit t\u00eb jashtzakonsh\u00ebm p\u00ebr Valdanos &#8211; Video"}]},{"@type":"Person","@id":"https:\/\/www.visit-ulcinj.com\/blog\/#\/schema\/person\/dcab619c614d3038751c63bc2aadc06d","name":"ulqini","sameAs":["http:\/\/www.visit-ulcinj.com"],"url":"https:\/\/www.visit-ulcinj.com\/blog\/author\/admin\/"}]}},"jetpack_featured_media_url":"","jetpack_sharing_enabled":true,"jetpack_shortlink":"https:\/\/wp.me\/pe6lTn-bnL","_links":{"self":[{"href":"https:\/\/www.visit-ulcinj.com\/blog\/wp-json\/wp\/v2\/posts\/43757"}],"collection":[{"href":"https:\/\/www.visit-ulcinj.com\/blog\/wp-json\/wp\/v2\/posts"}],"about":[{"href":"https:\/\/www.visit-ulcinj.com\/blog\/wp-json\/wp\/v2\/types\/post"}],"author":[{"embeddable":true,"href":"https:\/\/www.visit-ulcinj.com\/blog\/wp-json\/wp\/v2\/users\/1"}],"replies":[{"embeddable":true,"href":"https:\/\/www.visit-ulcinj.com\/blog\/wp-json\/wp\/v2\/comments?post=43757"}],"version-history":[{"count":0,"href":"https:\/\/www.visit-ulcinj.com\/blog\/wp-json\/wp\/v2\/posts\/43757\/revisions"}],"wp:attachment":[{"href":"https:\/\/www.visit-ulcinj.com\/blog\/wp-json\/wp\/v2\/media?parent=43757"}],"wp:term":[{"taxonomy":"category","embeddable":true,"href":"https:\/\/www.visit-ulcinj.com\/blog\/wp-json\/wp\/v2\/categories?post=43757"},{"taxonomy":"post_tag","embeddable":true,"href":"https:\/\/www.visit-ulcinj.com\/blog\/wp-json\/wp\/v2\/tags?post=43757"}],"curies":[{"name":"wp","href":"https:\/\/api.w.org\/{rel}","templated":true}]}}