{"id":43770,"date":"2011-02-22T18:07:36","date_gmt":"2011-02-22T17:07:36","guid":{"rendered":"http:\/\/www.visit-ulcinj.com\/blog\/?p=43770"},"modified":"2011-02-23T10:55:24","modified_gmt":"2011-02-23T09:55:24","slug":"partia-e-prosperitetit-demokratik-kremtoi-ne-ulqin-10-vjetorin-e-themelimit","status":"publish","type":"post","link":"https:\/\/www.visit-ulcinj.com\/blog\/2011\/02\/22\/partia-e-prosperitetit-demokratik-kremtoi-ne-ulqin-10-vjetorin-e-themelimit\/","title":{"rendered":"Partia e prosperitetit demokratik kremtoi n\u00eb Ulqin 10 vjetorin e themelimit"},"content":{"rendered":"<p><a href=\"http:\/\/www.visit-ulcinj.com\/blog\/wp-content\/uploads\/2011\/02\/Ali-Rexha_Lideri-i-PPD_se.jpg.1.jpg\"><img loading=\"lazy\" class=\"alignleft size-full wp-image-43771\" title=\"Ali-Rexha_Lideri-i-PPD_se.jpg.1\" src=\"http:\/\/www.visit-ulcinj.com\/blog\/wp-content\/uploads\/2011\/02\/Ali-Rexha_Lideri-i-PPD_se.jpg.1.jpg\" alt=\"\" width=\"508\" height=\"380\" srcset=\"https:\/\/www.visit-ulcinj.com\/blog\/wp-content\/uploads\/2011\/02\/Ali-Rexha_Lideri-i-PPD_se.jpg.1.jpg 1024w, https:\/\/www.visit-ulcinj.com\/blog\/wp-content\/uploads\/2011\/02\/Ali-Rexha_Lideri-i-PPD_se.jpg.1-300x225.jpg 300w\" sizes=\"(max-width: 508px) 100vw, 508px\" \/><\/a>Kryetari Ali Rexha n\u00eb fjal\u00ebn e rastit theksoi se kjo parti n\u00eb rrug\u00ebtimin e vet\u00eb politik \u00ebsht\u00eb d\u00ebshmuar n\u00eb sken\u00ebn politike t\u00eb Malit t\u00eb Zi p\u00ebr frym\u00ebn progresiste, integrues dhe p\u00ebr realizimin e t\u00eb drejtave kolektive t\u00eb shqiptar\u00ebve.<\/p>\n<p>Sipar Rexh\u00ebs vlerat m\u00eb t\u00eb m\u00ebdha t\u00eb k\u00ebsaj parti jan\u00eb respektimi i statutit dhe i t\u00eb drejt\u00ebs p\u00ebr t\u00eb qen\u00eb i zgjedhur dhe p\u00ebr t\u00eb zgjedh n\u00eb afatin 4 vje\u00e7ar, transparenca, demokratizimi i brendsh\u00ebm i partis\u00eb, Platforma politike dhe bashk\u00ebpunimi programor me ato subjekte t\u00eb cilat pranojn\u00eb shtet\u00ebsin\u00eb e Malit t\u00eb Zi dhe Kosov\u00ebs. Kreu i PPD-s u zotua para an\u00ebtar\u00ebve , simpatizuesve, mysafir\u00ebve dhe gazetar\u00ebve t\u00eb pranish\u00ebm n\u00eb k\u00ebt\u00eb festim se ky subjekt politik\u00eb ka d\u00ebshmuar se \u00ebsht\u00eb unik, se ka vlera dhe din\u00eb t\u00eb kanalizoj\u00eb energjin\u00eb e vet\u00eb p\u00ebr t\u00eb qen\u00eb p\u00ebrfaq\u00ebsues i popullit duke promovuar kultur\u00eb, ndershm\u00ebri , p\u00ebrgjegjshm\u00ebri , transparenc\u00eb , ide projekte dhe vizione t\u00eb qarta.<\/p>\n<p>Rexha n\u00ebnvizoj\u00eb se ka ardhur koha e taborizmit t\u00eb partive sipas programeve t\u00eb veta. Kjo , sugjeroi Rexha duhet b\u00ebhet jo me shkrirjen e tyre nga forca e m\u00eb t\u00eb madhit, por duke pranuar partnerzmit mbi bazat e meritave t\u00eb secilit subjekt dhe duke l\u00ebn\u00eb rolin intelektualizmit dhe profesionalizmit.<\/p>\n<p><strong>RTCG<\/strong><\/p>\n","protected":false},"excerpt":{"rendered":"<p>Kryetari Ali Rexha n\u00eb fjal\u00ebn e rastit theksoi se kjo parti n\u00eb rrug\u00ebtimin e vet\u00eb politik \u00ebsht\u00eb d\u00ebshmuar n\u00eb sken\u00ebn politike t\u00eb Malit t\u00eb Zi p\u00ebr frym\u00ebn progresiste, integrues dhe p\u00ebr realizimin e t\u00eb drejtave kolektive t\u00eb shqiptar\u00ebve. Sipar Rexh\u00ebs vlerat m\u00eb t\u00eb m\u00ebdha t\u00eb k\u00ebsaj parti jan\u00eb respektimi i statutit dhe i t\u00eb drejt\u00ebs [&hellip;]<\/p>\n","protected":false},"author":1,"featured_media":0,"comment_status":"open","ping_status":"closed","sticky":false,"template":"","format":"standard","meta":{"spay_email":"","jetpack_publicize_message":"","jetpack_is_tweetstorm":false,"jetpack_publicize_feature_enabled":true},"categories":[12],"tags":[8027,2700,6058,200,18],"jetpack_publicize_connections":[],"yoast_head":"<!-- This site is optimized with the Yoast SEO plugin v19.1 - https:\/\/yoast.com\/wordpress\/plugins\/seo\/ -->\n<title>Partia e prosperitetit demokratik kremtoi n\u00eb Ulqin 10 vjetorin e themelimit - Lajme nga Ulqini<\/title>\n<meta name=\"description\" content=\"Kryetari Ali Rexha n\u00eb fjal\u00ebn e rastit theksoi se kjo parti n\u00eb rrug\u00ebtimin e vet\u00eb politik \u00ebsht\u00eb d\u00ebshmuar n\u00eb sken\u00ebn politike t\u00eb Malit t\u00eb Zi p\u00ebr frym\u00ebn\" \/>\n<meta name=\"robots\" content=\"index, follow, max-snippet:-1, max-image-preview:large, max-video-preview:-1\" \/>\n<link rel=\"canonical\" href=\"https:\/\/www.visit-ulcinj.com\/blog\/2011\/02\/22\/partia-e-prosperitetit-demokratik-kremtoi-ne-ulqin-10-vjetorin-e-themelimit\/\" \/>\n<meta property=\"og:locale\" content=\"en_US\" \/>\n<meta property=\"og:type\" content=\"article\" \/>\n<meta property=\"og:title\" content=\"Partia e prosperitetit demokratik kremtoi n\u00eb Ulqin 10 vjetorin e themelimit - Lajme nga Ulqini\" \/>\n<meta property=\"og:description\" content=\"Kryetari Ali Rexha n\u00eb fjal\u00ebn e rastit theksoi se kjo parti n\u00eb rrug\u00ebtimin e vet\u00eb politik \u00ebsht\u00eb d\u00ebshmuar n\u00eb sken\u00ebn politike t\u00eb Malit t\u00eb Zi p\u00ebr frym\u00ebn\" \/>\n<meta property=\"og:url\" content=\"https:\/\/www.visit-ulcinj.com\/blog\/2011\/02\/22\/partia-e-prosperitetit-demokratik-kremtoi-ne-ulqin-10-vjetorin-e-themelimit\/\" \/>\n<meta property=\"og:site_name\" content=\"Lajme nga Ulqini\" \/>\n<meta property=\"article:published_time\" content=\"2011-02-22T17:07:36+00:00\" \/>\n<meta property=\"article:modified_time\" content=\"2011-02-23T09:55:24+00:00\" \/>\n<meta property=\"og:image\" content=\"http:\/\/www.visit-ulcinj.com\/blog\/wp-content\/uploads\/2011\/02\/Ali-Rexha_Lideri-i-PPD_se.jpg.1.jpg\" \/>\n<meta name=\"twitter:label1\" content=\"Written by\" \/>\n\t<meta name=\"twitter:data1\" content=\"ulqini\" \/>\n\t<meta name=\"twitter:label2\" content=\"Est. reading time\" \/>\n\t<meta name=\"twitter:data2\" content=\"1 minute\" \/>\n<script type=\"application\/ld+json\" class=\"yoast-schema-graph\">{\"@context\":\"https:\/\/schema.org\",\"@graph\":[{\"@type\":\"WebSite\",\"@id\":\"https:\/\/www.visit-ulcinj.com\/blog\/#website\",\"url\":\"https:\/\/www.visit-ulcinj.com\/blog\/\",\"name\":\"Lajme nga Ulqini\",\"description\":\"Lajme,Vijesti,Ulqini,Ulqin,Crna Gora,Mali i Zi\",\"potentialAction\":[{\"@type\":\"SearchAction\",\"target\":{\"@type\":\"EntryPoint\",\"urlTemplate\":\"https:\/\/www.visit-ulcinj.com\/blog\/?s={search_term_string}\"},\"query-input\":\"required name=search_term_string\"}],\"inLanguage\":\"en-US\"},{\"@type\":\"ImageObject\",\"inLanguage\":\"en-US\",\"@id\":\"https:\/\/www.visit-ulcinj.com\/blog\/2011\/02\/22\/partia-e-prosperitetit-demokratik-kremtoi-ne-ulqin-10-vjetorin-e-themelimit\/#primaryimage\",\"url\":\"https:\/\/www.visit-ulcinj.com\/blog\/wp-content\/uploads\/2011\/02\/Ali-Rexha_Lideri-i-PPD_se.jpg.1.jpg\",\"contentUrl\":\"https:\/\/www.visit-ulcinj.com\/blog\/wp-content\/uploads\/2011\/02\/Ali-Rexha_Lideri-i-PPD_se.jpg.1.jpg\",\"width\":\"1024\",\"height\":\"768\"},{\"@type\":\"WebPage\",\"@id\":\"https:\/\/www.visit-ulcinj.com\/blog\/2011\/02\/22\/partia-e-prosperitetit-demokratik-kremtoi-ne-ulqin-10-vjetorin-e-themelimit\/#webpage\",\"url\":\"https:\/\/www.visit-ulcinj.com\/blog\/2011\/02\/22\/partia-e-prosperitetit-demokratik-kremtoi-ne-ulqin-10-vjetorin-e-themelimit\/\",\"name\":\"Partia e prosperitetit demokratik kremtoi n\u00eb Ulqin 10 vjetorin e themelimit - Lajme nga Ulqini\",\"isPartOf\":{\"@id\":\"https:\/\/www.visit-ulcinj.com\/blog\/#website\"},\"primaryImageOfPage\":{\"@id\":\"https:\/\/www.visit-ulcinj.com\/blog\/2011\/02\/22\/partia-e-prosperitetit-demokratik-kremtoi-ne-ulqin-10-vjetorin-e-themelimit\/#primaryimage\"},\"datePublished\":\"2011-02-22T17:07:36+00:00\",\"dateModified\":\"2011-02-23T09:55:24+00:00\",\"author\":{\"@id\":\"https:\/\/www.visit-ulcinj.com\/blog\/#\/schema\/person\/dcab619c614d3038751c63bc2aadc06d\"},\"description\":\"Kryetari Ali Rexha n\u00eb fjal\u00ebn e rastit theksoi se kjo parti n\u00eb rrug\u00ebtimin e vet\u00eb politik \u00ebsht\u00eb d\u00ebshmuar n\u00eb sken\u00ebn politike t\u00eb Malit t\u00eb Zi p\u00ebr frym\u00ebn\",\"breadcrumb\":{\"@id\":\"https:\/\/www.visit-ulcinj.com\/blog\/2011\/02\/22\/partia-e-prosperitetit-demokratik-kremtoi-ne-ulqin-10-vjetorin-e-themelimit\/#breadcrumb\"},\"inLanguage\":\"en-US\",\"potentialAction\":[{\"@type\":\"ReadAction\",\"target\":[\"https:\/\/www.visit-ulcinj.com\/blog\/2011\/02\/22\/partia-e-prosperitetit-demokratik-kremtoi-ne-ulqin-10-vjetorin-e-themelimit\/\"]}]},{\"@type\":\"BreadcrumbList\",\"@id\":\"https:\/\/www.visit-ulcinj.com\/blog\/2011\/02\/22\/partia-e-prosperitetit-demokratik-kremtoi-ne-ulqin-10-vjetorin-e-themelimit\/#breadcrumb\",\"itemListElement\":[{\"@type\":\"ListItem\",\"position\":1,\"name\":\"Partia e prosperitetit demokratik kremtoi n\u00eb Ulqin 10 vjetorin e themelimit\"}]},{\"@type\":\"Person\",\"@id\":\"https:\/\/www.visit-ulcinj.com\/blog\/#\/schema\/person\/dcab619c614d3038751c63bc2aadc06d\",\"name\":\"ulqini\",\"sameAs\":[\"http:\/\/www.visit-ulcinj.com\"],\"url\":\"https:\/\/www.visit-ulcinj.com\/blog\/author\/admin\/\"}]}<\/script>\n<!-- \/ Yoast SEO plugin. -->","yoast_head_json":{"title":"Partia e prosperitetit demokratik kremtoi n\u00eb Ulqin 10 vjetorin e themelimit - Lajme nga Ulqini","description":"Kryetari Ali Rexha n\u00eb fjal\u00ebn e rastit theksoi se kjo parti n\u00eb rrug\u00ebtimin e vet\u00eb politik \u00ebsht\u00eb d\u00ebshmuar n\u00eb sken\u00ebn politike t\u00eb Malit t\u00eb Zi p\u00ebr frym\u00ebn","robots":{"index":"index","follow":"follow","max-snippet":"max-snippet:-1","max-image-preview":"max-image-preview:large","max-video-preview":"max-video-preview:-1"},"canonical":"https:\/\/www.visit-ulcinj.com\/blog\/2011\/02\/22\/partia-e-prosperitetit-demokratik-kremtoi-ne-ulqin-10-vjetorin-e-themelimit\/","og_locale":"en_US","og_type":"article","og_title":"Partia e prosperitetit demokratik kremtoi n\u00eb Ulqin 10 vjetorin e themelimit - Lajme nga Ulqini","og_description":"Kryetari Ali Rexha n\u00eb fjal\u00ebn e rastit theksoi se kjo parti n\u00eb rrug\u00ebtimin e vet\u00eb politik \u00ebsht\u00eb d\u00ebshmuar n\u00eb sken\u00ebn politike t\u00eb Malit t\u00eb Zi p\u00ebr frym\u00ebn","og_url":"https:\/\/www.visit-ulcinj.com\/blog\/2011\/02\/22\/partia-e-prosperitetit-demokratik-kremtoi-ne-ulqin-10-vjetorin-e-themelimit\/","og_site_name":"Lajme nga Ulqini","article_published_time":"2011-02-22T17:07:36+00:00","article_modified_time":"2011-02-23T09:55:24+00:00","og_image":[{"url":"http:\/\/www.visit-ulcinj.com\/blog\/wp-content\/uploads\/2011\/02\/Ali-Rexha_Lideri-i-PPD_se.jpg.1.jpg"}],"twitter_misc":{"Written by":"ulqini","Est. reading time":"1 minute"},"schema":{"@context":"https:\/\/schema.org","@graph":[{"@type":"WebSite","@id":"https:\/\/www.visit-ulcinj.com\/blog\/#website","url":"https:\/\/www.visit-ulcinj.com\/blog\/","name":"Lajme nga Ulqini","description":"Lajme,Vijesti,Ulqini,Ulqin,Crna Gora,Mali i Zi","potentialAction":[{"@type":"SearchAction","target":{"@type":"EntryPoint","urlTemplate":"https:\/\/www.visit-ulcinj.com\/blog\/?s={search_term_string}"},"query-input":"required name=search_term_string"}],"inLanguage":"en-US"},{"@type":"ImageObject","inLanguage":"en-US","@id":"https:\/\/www.visit-ulcinj.com\/blog\/2011\/02\/22\/partia-e-prosperitetit-demokratik-kremtoi-ne-ulqin-10-vjetorin-e-themelimit\/#primaryimage","url":"https:\/\/www.visit-ulcinj.com\/blog\/wp-content\/uploads\/2011\/02\/Ali-Rexha_Lideri-i-PPD_se.jpg.1.jpg","contentUrl":"https:\/\/www.visit-ulcinj.com\/blog\/wp-content\/uploads\/2011\/02\/Ali-Rexha_Lideri-i-PPD_se.jpg.1.jpg","width":"1024","height":"768"},{"@type":"WebPage","@id":"https:\/\/www.visit-ulcinj.com\/blog\/2011\/02\/22\/partia-e-prosperitetit-demokratik-kremtoi-ne-ulqin-10-vjetorin-e-themelimit\/#webpage","url":"https:\/\/www.visit-ulcinj.com\/blog\/2011\/02\/22\/partia-e-prosperitetit-demokratik-kremtoi-ne-ulqin-10-vjetorin-e-themelimit\/","name":"Partia e prosperitetit demokratik kremtoi n\u00eb Ulqin 10 vjetorin e themelimit - Lajme nga Ulqini","isPartOf":{"@id":"https:\/\/www.visit-ulcinj.com\/blog\/#website"},"primaryImageOfPage":{"@id":"https:\/\/www.visit-ulcinj.com\/blog\/2011\/02\/22\/partia-e-prosperitetit-demokratik-kremtoi-ne-ulqin-10-vjetorin-e-themelimit\/#primaryimage"},"datePublished":"2011-02-22T17:07:36+00:00","dateModified":"2011-02-23T09:55:24+00:00","author":{"@id":"https:\/\/www.visit-ulcinj.com\/blog\/#\/schema\/person\/dcab619c614d3038751c63bc2aadc06d"},"description":"Kryetari Ali Rexha n\u00eb fjal\u00ebn e rastit theksoi se kjo parti n\u00eb rrug\u00ebtimin e vet\u00eb politik \u00ebsht\u00eb d\u00ebshmuar n\u00eb sken\u00ebn politike t\u00eb Malit t\u00eb Zi p\u00ebr frym\u00ebn","breadcrumb":{"@id":"https:\/\/www.visit-ulcinj.com\/blog\/2011\/02\/22\/partia-e-prosperitetit-demokratik-kremtoi-ne-ulqin-10-vjetorin-e-themelimit\/#breadcrumb"},"inLanguage":"en-US","potentialAction":[{"@type":"ReadAction","target":["https:\/\/www.visit-ulcinj.com\/blog\/2011\/02\/22\/partia-e-prosperitetit-demokratik-kremtoi-ne-ulqin-10-vjetorin-e-themelimit\/"]}]},{"@type":"BreadcrumbList","@id":"https:\/\/www.visit-ulcinj.com\/blog\/2011\/02\/22\/partia-e-prosperitetit-demokratik-kremtoi-ne-ulqin-10-vjetorin-e-themelimit\/#breadcrumb","itemListElement":[{"@type":"ListItem","position":1,"name":"Partia e prosperitetit demokratik kremtoi n\u00eb Ulqin 10 vjetorin e themelimit"}]},{"@type":"Person","@id":"https:\/\/www.visit-ulcinj.com\/blog\/#\/schema\/person\/dcab619c614d3038751c63bc2aadc06d","name":"ulqini","sameAs":["http:\/\/www.visit-ulcinj.com"],"url":"https:\/\/www.visit-ulcinj.com\/blog\/author\/admin\/"}]}},"jetpack_featured_media_url":"","jetpack_sharing_enabled":true,"jetpack_shortlink":"https:\/\/wp.me\/pe6lTn-bnY","_links":{"self":[{"href":"https:\/\/www.visit-ulcinj.com\/blog\/wp-json\/wp\/v2\/posts\/43770"}],"collection":[{"href":"https:\/\/www.visit-ulcinj.com\/blog\/wp-json\/wp\/v2\/posts"}],"about":[{"href":"https:\/\/www.visit-ulcinj.com\/blog\/wp-json\/wp\/v2\/types\/post"}],"author":[{"embeddable":true,"href":"https:\/\/www.visit-ulcinj.com\/blog\/wp-json\/wp\/v2\/users\/1"}],"replies":[{"embeddable":true,"href":"https:\/\/www.visit-ulcinj.com\/blog\/wp-json\/wp\/v2\/comments?post=43770"}],"version-history":[{"count":0,"href":"https:\/\/www.visit-ulcinj.com\/blog\/wp-json\/wp\/v2\/posts\/43770\/revisions"}],"wp:attachment":[{"href":"https:\/\/www.visit-ulcinj.com\/blog\/wp-json\/wp\/v2\/media?parent=43770"}],"wp:term":[{"taxonomy":"category","embeddable":true,"href":"https:\/\/www.visit-ulcinj.com\/blog\/wp-json\/wp\/v2\/categories?post=43770"},{"taxonomy":"post_tag","embeddable":true,"href":"https:\/\/www.visit-ulcinj.com\/blog\/wp-json\/wp\/v2\/tags?post=43770"}],"curies":[{"name":"wp","href":"https:\/\/api.w.org\/{rel}","templated":true}]}}