{"id":43773,"date":"2011-02-22T18:25:47","date_gmt":"2011-02-22T17:25:47","guid":{"rendered":"http:\/\/www.visit-ulcinj.com\/blog\/?p=43773"},"modified":"2011-02-22T18:27:12","modified_gmt":"2011-02-22T17:27:12","slug":"steve-mccann-imamo-novac-za-valdanos","status":"publish","type":"post","link":"https:\/\/www.visit-ulcinj.com\/blog\/2011\/02\/22\/steve-mccann-imamo-novac-za-valdanos\/","title":{"rendered":"Steve McCann: Imamo novac za Valdanos!"},"content":{"rendered":"<p><strong><a href=\"http:\/\/www.visit-ulcinj.com\/blog\/wp-content\/uploads\/2011\/02\/Steve-McCann_cubus-lux.jpg\"><img loading=\"lazy\" class=\"alignleft size-full wp-image-43774\" title=\"Steve McCann_cubus lux\" src=\"http:\/\/www.visit-ulcinj.com\/blog\/wp-content\/uploads\/2011\/02\/Steve-McCann_cubus-lux.jpg\" alt=\"\" width=\"350\" height=\"329\" \/><\/a>Razlog zbog kojeg smo ju\u010de do\u0161li u Crnu Goru je \u0161to postoji odre\u0111ena negativna medijska kampanja protiv Kjubus Luksa. Nas takva kampanja iritira jer mi ne kupujemo Valdanos, ve\u0107 nam ga dr\u017eava Crna Gora izdaje u zakup. Sve \u0161to mi\u00a0 tamo sagradimo osta\u0107e dr\u017eavi &#8211; nakon isteka koncesionog roka od 30 godina, rekao je Stiv Meken u ekskluzivnom razgovoru za Portal Analitika.<\/strong><\/p>\n<p><strong>F<\/strong>inansijski direktor Kjubus Luksa Stiv Meken (Steve McCann) najavio je u razgovoru za \u00a0Portal Analtika da \u0107e ta kompanija u predvi\u0111enom roku dostaviti bankarske garancije kao i konkretan dokaz o zatvaranju finansijske konstrukcije za izgradnju ekskluzivnog turisti\u010dkog kompleksa na Valdanosu.<\/p>\n<p>&#8211; Dostavi\u0107emo do 1. marta potrebne bankarske garancije od dva miliona eura i dokaz o zatvaranju finansijske kontrukcije vrijedne vi\u0161e od 220 miliona eura, koliko je predvi\u0111eno tenderskim uslovima. Na samo to: spremni smo da pru\u017eimo dokaze o ulaganju 340 miliona eura ukoliko nam Vlada na lokalitetu Valdanosa, naknadno dozvoli izgradnju golf terena i golf-hotela! Radimo 24 sata dnevno kako bi obezbijedili garancije i finansijsku konstrukciju, naveo je Meken, naglasiv\u0161i da ne mo\u017ee saop\u0161titi ime banke koja je spremna da podr\u017ei projekat zbog berzanskih pravila.<\/p>\n<p>&#8211; Kompanija Kjubus Luks je kotirana na britanskoj berzi i ne smijemo prije zvani\u010dnog ogla\u0161avanja organa berze saop\u0161titi takve podatke. Sa\u010dekajte nekoliko dana, pa \u0107emo objaviti ime banke spremne da podr\u017ei projekat, objasnio je Meken, napominju\u0107i da je projekat Valdanosa najzna\u010dajniji od, ukupno tri, koji trenutno relaizuje ta kompanija u Austriji i Hrvatskoj.<\/p>\n<p>&#8211; Projekat Valdanosa je najbolji i najvi\u0161e nam zna\u010di. Plan je da se potpisivanje ugovora o izdavanju Valdanosa u dugoro\u010dni zakup na\u0161oj firmi obavi 3. marta, a na potpisivanju \u0107e biti prisutni predstavnici \u0161panske Sol Melije (Sol Melia) budu\u0107eg suinvestitora projekta, najavio je Meken.<\/p>\n<p><strong>ANALITIKA: \u00a0Crnogorski mediji se ovih dana bave izvje\u0161tajima o poslovanju Kjubus Luksa. Mo\u017eete li prekratiti pri\u0107u i definitivno re\u0107i &#8211; da li ste poslovali pozitivno tri godine za posljednjih pet godina, kako to predvi\u0111aju tenderski uslovi?<\/strong><\/p>\n<p><strong>MEKEN:<\/strong> U medijima se pojavila potpuno pogre\u0161na informacija o poslovanju kompanije Kjubus Luks. Pozitivno smo poslovali 2005, 2006 i 2007. godine. Podsjeti\u0107u Vas, da je tender rapisan 2009. godine. U vremenu krize 2009. i 2010. godine redukovali smo poslovanje i zamrznuli investicije. Zna\u010di, odgovorno tvrdim &#8211; u potpunosti smo ispunili sve uslove tendera pa i onih koji se ti\u010du rezultata poslovanja.<\/p>\n<p><strong>ANALITIKA: Za\u0161to niste onda o\u0161trije reagovali na medijske prozivke da ste u posljednjoj\u00a0 deceniji samo 2007. godine poslovali pozitivno?<\/strong><\/p>\n<p><strong>MEKEN:<\/strong> Na\u0161a poslovna praksa je da ne reagujemo na medijske natpise. Podaci o na\u0161em poslovanju su transparentni i objavljeni na sajtu berze. U na\u0161oj kompaniji smatramo da ne treba da polemi\u0161emo sa novinarima.<\/p>\n<p><strong>ANALITIKA:\u00a0Iz kompanije Kjubus Luks\u00a0je najavio potpisivanje ugovora o saradnji na projektu Valdanos sa \u0161panskim turisti\u010dkim divom Sol Melijom. Kada se o\u010dekuje potpisivanje tog ugovora, budu\u0107i da \u0107e se Sol Melija pojaviti kao suinvestitor projekta na Valdanosu?<\/strong><\/p>\n<p><strong>MEKEN:<\/strong> Odgovor na Va\u0161e pitanje bi\u0107e veoma kratak: \u010dim mi potpi\u0161emo ugovor sa Vladom o dugoro\u010dnom zakupu uvale Valdanos, predstavnici Kjubus Luksa \u0107e potpisati ugovor sa Sol Melijom. Na potpisu ugovora sa Vladom bi\u0107e prisutan visoki predstavnik Sol Melije. Odmah da ka\u017eem da se Kjubus Luks ne bi upu\u0161tao u ovaj projekat da nema saradnje sa renomiranom kompanijom kakva jeste Sol Melija. Imamo zaista dobru istoriju partnerstva: sa \u0160pancima imamo 15-godi\u0161nji ugovor na projektu koji radimo u Hrvatskoj. Filozofija \u0161panske kompanije je da sa nama ne ide u konzorcijum na realizaciji projekta, ve\u0107 da nam budu klasi\u010dni partneri.<\/p>\n<p><strong>ANALITIKA: Ako dobijete zeleno svijetlo od Vlade za izgradnju eskluzivnog kompleksa, da li je predvi\u0111eno da se doma\u0107a radna snaga mo\u0107i da se zaposli u Valdanosu?<\/strong><\/p>\n<p><strong>MEKEN:<\/strong> Svakako. U projekat Valdanosa \u0107emo zaposliti doma\u0107u radnu snagu. U prvoj fazi \u00a0je predvi\u0111eno da \u0107e u tim objektima biti zapo\u0161ljeno oko 500 radnika; kasnije taj broj mo\u017ee porasti do 1.000 zaposlenih.<\/p>\n<p><strong>ANALITIKA: \u00a0Planirali ste za danas susrete sa diplomatskim predstavnicima britanske ambasade. Koji je razlog?<\/strong><\/p>\n<p><strong>MEKEN: <\/strong>Kjubus Luks je britanska kompanija i izlo\u017eeni smo negativnim novinarskim natpisima. Sa predstavnicima na\u0161e ambasade \u0107emo komentarisati na\u0161 slu\u010daj i zatra\u017eiti od njih da nam daju neki savjet i pomo\u0107.<\/p>\n<p><strong>ANALITIKA: \u0160to to, konkretno, zna\u010di &#8211; da li \u0107ete od britanske ambasade tra\u017eiti neku vrstu za\u0161tite?<\/strong><\/p>\n<p><strong>MEKEN:<\/strong> To je na\u0161e pravo, pravo da se konsultujemo sa predstavnicima na\u0161e dr\u017eave. Naravno, to ni u kom slu\u010daju ne zna\u010di da mi smijemo raditi \u0161to god ho\u0107emo; mi smo se obavezali da \u010dinimo sve u skladu sa pozitivnim propisima dr\u017eave Crne Gore.<\/p>\n<p><strong>ANALITIKA: Smatrate li da se protiv Kjubus Luksa vodi negativna medijska kampanja?<\/strong><\/p>\n<p><strong>MEKEN:<\/strong> Imamo utisak da se slu\u010daj Valdanosa i na\u0161e kompanije koriste za neke \u00a0unutra\u0161nje politi\u010dke igre, a sve to se prelama preko na\u0161ih le\u0111a. Razlog zbog kojeg smo ju\u010de do\u0161li u Crnu Goru je \u0161to postoji odre\u0111ena negativna medijska kampanja protiv Kjubus Luksa. Nas takva kampanja iritira i \u010dini nam \u0161tetu. Kjubuks Luks ne kupuje Valdanos, ve\u0107 nam ga dr\u017eava Crna Gora izdaje u zakup. Sve \u0161to mi \u00a0tamo sagradimo osta\u0107e dr\u017eavi &#8211; nakon isteka koncesionog roka od 30 godina. Niti jedno stablo masline Valdanosa ne\u0107e biti posje\u010deno, a na prostoru maslinade bi\u0107e odmah ugra\u0111en sistem protivpo\u017earne za\u0161tite sa hidrantima. \u010citav brend Valdanosa \u0107emo zasnivati na maslinama.<\/p>\n<p>Zbog toga su nas jako zaboljele tvrdnje da \u0107emo mi devastirati taj prostor i uni\u0161titi masline. Osim realizacije projekta, posve\u0107eni smo ekolo\u0161koj za\u0161titi tog prostora, pa \u0107e uvala Valdanos biti hotelski unikat na Mediteranu. Zaista ne razumijemo: otkud toliko kritikovanje kompanije Kjubus Luks? Smatramo da je dio te kampanje podstaknut od grupa povezanih sa biv\u0161im vlasnicima zemlje na Valdanosu. Zbog te kampanje, bili smo u dilemi da odlo\u017eimo investicije na Valdanosu.<\/p>\n<p><a href=\"http:\/\/www.portalanalitika.me\/ekonomija\/tema\/20536-imamo-novac-za-valdanos.html\" target=\"_blank\"><strong>Predrag ZE\u010cEVI\u0106<br \/>\n<\/strong><strong>www.portalanalitika.me\/<\/strong><\/a><br \/>\n<!--YouTube Error: bad URL entered--><\/p>\n","protected":false},"excerpt":{"rendered":"<p>Razlog zbog kojeg smo ju\u010de do\u0161li u Crnu Goru je \u0161to postoji odre\u0111ena negativna medijska kampanja protiv Kjubus Luksa. Nas takva kampanja iritira jer mi ne kupujemo Valdanos, ve\u0107 nam ga dr\u017eava Crna Gora izdaje u zakup. Sve \u0161to mi\u00a0 tamo sagradimo osta\u0107e dr\u017eavi &#8211; nakon isteka koncesionog roka od 30 godina, rekao je Stiv [&hellip;]<\/p>\n","protected":false},"author":1,"featured_media":0,"comment_status":"open","ping_status":"closed","sticky":false,"template":"","format":"standard","meta":{"spay_email":"","jetpack_publicize_message":"","jetpack_is_tweetstorm":false,"jetpack_publicize_feature_enabled":true},"categories":[8337],"tags":[10781,17431,19,136],"jetpack_publicize_connections":[],"yoast_head":"<!-- This site is optimized with the Yoast SEO plugin v19.1 - https:\/\/yoast.com\/wordpress\/plugins\/seo\/ -->\n<title>Steve McCann: Imamo novac za Valdanos! - Lajme nga Ulqini<\/title>\n<meta name=\"description\" content=\"Razlog zbog kojeg smo ju\u010de do\u0161li u Crnu Goru je \u0161to postoji odre\u0111ena negativna medijska kampanja protiv Kjubus Luksa. Nas takva kampanja iritira jer mi ne\" \/>\n<meta name=\"robots\" content=\"index, follow, max-snippet:-1, max-image-preview:large, max-video-preview:-1\" \/>\n<link rel=\"canonical\" href=\"https:\/\/www.visit-ulcinj.com\/blog\/2011\/02\/22\/steve-mccann-imamo-novac-za-valdanos\/\" \/>\n<meta property=\"og:locale\" content=\"en_US\" \/>\n<meta property=\"og:type\" content=\"article\" \/>\n<meta property=\"og:title\" content=\"Steve McCann: Imamo novac za Valdanos! - Lajme nga Ulqini\" \/>\n<meta property=\"og:description\" content=\"Razlog zbog kojeg smo ju\u010de do\u0161li u Crnu Goru je \u0161to postoji odre\u0111ena negativna medijska kampanja protiv Kjubus Luksa. Nas takva kampanja iritira jer mi ne\" \/>\n<meta property=\"og:url\" content=\"https:\/\/www.visit-ulcinj.com\/blog\/2011\/02\/22\/steve-mccann-imamo-novac-za-valdanos\/\" \/>\n<meta property=\"og:site_name\" content=\"Lajme nga Ulqini\" \/>\n<meta property=\"article:published_time\" content=\"2011-02-22T17:25:47+00:00\" \/>\n<meta property=\"article:modified_time\" content=\"2011-02-22T17:27:12+00:00\" \/>\n<meta property=\"og:image\" content=\"http:\/\/www.visit-ulcinj.com\/blog\/wp-content\/uploads\/2011\/02\/Steve-McCann_cubus-lux.jpg\" \/>\n<meta name=\"twitter:label1\" content=\"Written by\" \/>\n\t<meta name=\"twitter:data1\" content=\"ulqini\" \/>\n\t<meta name=\"twitter:label2\" content=\"Est. reading time\" \/>\n\t<meta name=\"twitter:data2\" content=\"5 minutes\" \/>\n<script type=\"application\/ld+json\" class=\"yoast-schema-graph\">{\"@context\":\"https:\/\/schema.org\",\"@graph\":[{\"@type\":\"WebSite\",\"@id\":\"https:\/\/www.visit-ulcinj.com\/blog\/#website\",\"url\":\"https:\/\/www.visit-ulcinj.com\/blog\/\",\"name\":\"Lajme nga Ulqini\",\"description\":\"Lajme,Vijesti,Ulqini,Ulqin,Crna Gora,Mali i Zi\",\"potentialAction\":[{\"@type\":\"SearchAction\",\"target\":{\"@type\":\"EntryPoint\",\"urlTemplate\":\"https:\/\/www.visit-ulcinj.com\/blog\/?s={search_term_string}\"},\"query-input\":\"required name=search_term_string\"}],\"inLanguage\":\"en-US\"},{\"@type\":\"ImageObject\",\"inLanguage\":\"en-US\",\"@id\":\"https:\/\/www.visit-ulcinj.com\/blog\/2011\/02\/22\/steve-mccann-imamo-novac-za-valdanos\/#primaryimage\",\"url\":\"http:\/\/www.visit-ulcinj.com\/blog\/wp-content\/uploads\/2011\/02\/Steve-McCann_cubus-lux.jpg\",\"contentUrl\":\"http:\/\/www.visit-ulcinj.com\/blog\/wp-content\/uploads\/2011\/02\/Steve-McCann_cubus-lux.jpg\"},{\"@type\":\"WebPage\",\"@id\":\"https:\/\/www.visit-ulcinj.com\/blog\/2011\/02\/22\/steve-mccann-imamo-novac-za-valdanos\/#webpage\",\"url\":\"https:\/\/www.visit-ulcinj.com\/blog\/2011\/02\/22\/steve-mccann-imamo-novac-za-valdanos\/\",\"name\":\"Steve McCann: Imamo novac za Valdanos! - Lajme nga Ulqini\",\"isPartOf\":{\"@id\":\"https:\/\/www.visit-ulcinj.com\/blog\/#website\"},\"primaryImageOfPage\":{\"@id\":\"https:\/\/www.visit-ulcinj.com\/blog\/2011\/02\/22\/steve-mccann-imamo-novac-za-valdanos\/#primaryimage\"},\"datePublished\":\"2011-02-22T17:25:47+00:00\",\"dateModified\":\"2011-02-22T17:27:12+00:00\",\"author\":{\"@id\":\"https:\/\/www.visit-ulcinj.com\/blog\/#\/schema\/person\/dcab619c614d3038751c63bc2aadc06d\"},\"description\":\"Razlog zbog kojeg smo ju\u010de do\u0161li u Crnu Goru je \u0161to postoji odre\u0111ena negativna medijska kampanja protiv Kjubus Luksa. Nas takva kampanja iritira jer mi ne\",\"breadcrumb\":{\"@id\":\"https:\/\/www.visit-ulcinj.com\/blog\/2011\/02\/22\/steve-mccann-imamo-novac-za-valdanos\/#breadcrumb\"},\"inLanguage\":\"en-US\",\"potentialAction\":[{\"@type\":\"ReadAction\",\"target\":[\"https:\/\/www.visit-ulcinj.com\/blog\/2011\/02\/22\/steve-mccann-imamo-novac-za-valdanos\/\"]}]},{\"@type\":\"BreadcrumbList\",\"@id\":\"https:\/\/www.visit-ulcinj.com\/blog\/2011\/02\/22\/steve-mccann-imamo-novac-za-valdanos\/#breadcrumb\",\"itemListElement\":[{\"@type\":\"ListItem\",\"position\":1,\"name\":\"Steve McCann: Imamo novac za Valdanos!\"}]},{\"@type\":\"Person\",\"@id\":\"https:\/\/www.visit-ulcinj.com\/blog\/#\/schema\/person\/dcab619c614d3038751c63bc2aadc06d\",\"name\":\"ulqini\",\"sameAs\":[\"http:\/\/www.visit-ulcinj.com\"],\"url\":\"https:\/\/www.visit-ulcinj.com\/blog\/author\/admin\/\"}]}<\/script>\n<!-- \/ Yoast SEO plugin. -->","yoast_head_json":{"title":"Steve McCann: Imamo novac za Valdanos! - Lajme nga Ulqini","description":"Razlog zbog kojeg smo ju\u010de do\u0161li u Crnu Goru je \u0161to postoji odre\u0111ena negativna medijska kampanja protiv Kjubus Luksa. Nas takva kampanja iritira jer mi ne","robots":{"index":"index","follow":"follow","max-snippet":"max-snippet:-1","max-image-preview":"max-image-preview:large","max-video-preview":"max-video-preview:-1"},"canonical":"https:\/\/www.visit-ulcinj.com\/blog\/2011\/02\/22\/steve-mccann-imamo-novac-za-valdanos\/","og_locale":"en_US","og_type":"article","og_title":"Steve McCann: Imamo novac za Valdanos! - Lajme nga Ulqini","og_description":"Razlog zbog kojeg smo ju\u010de do\u0161li u Crnu Goru je \u0161to postoji odre\u0111ena negativna medijska kampanja protiv Kjubus Luksa. Nas takva kampanja iritira jer mi ne","og_url":"https:\/\/www.visit-ulcinj.com\/blog\/2011\/02\/22\/steve-mccann-imamo-novac-za-valdanos\/","og_site_name":"Lajme nga Ulqini","article_published_time":"2011-02-22T17:25:47+00:00","article_modified_time":"2011-02-22T17:27:12+00:00","og_image":[{"url":"http:\/\/www.visit-ulcinj.com\/blog\/wp-content\/uploads\/2011\/02\/Steve-McCann_cubus-lux.jpg"}],"twitter_misc":{"Written by":"ulqini","Est. reading time":"5 minutes"},"schema":{"@context":"https:\/\/schema.org","@graph":[{"@type":"WebSite","@id":"https:\/\/www.visit-ulcinj.com\/blog\/#website","url":"https:\/\/www.visit-ulcinj.com\/blog\/","name":"Lajme nga Ulqini","description":"Lajme,Vijesti,Ulqini,Ulqin,Crna Gora,Mali i Zi","potentialAction":[{"@type":"SearchAction","target":{"@type":"EntryPoint","urlTemplate":"https:\/\/www.visit-ulcinj.com\/blog\/?s={search_term_string}"},"query-input":"required name=search_term_string"}],"inLanguage":"en-US"},{"@type":"ImageObject","inLanguage":"en-US","@id":"https:\/\/www.visit-ulcinj.com\/blog\/2011\/02\/22\/steve-mccann-imamo-novac-za-valdanos\/#primaryimage","url":"http:\/\/www.visit-ulcinj.com\/blog\/wp-content\/uploads\/2011\/02\/Steve-McCann_cubus-lux.jpg","contentUrl":"http:\/\/www.visit-ulcinj.com\/blog\/wp-content\/uploads\/2011\/02\/Steve-McCann_cubus-lux.jpg"},{"@type":"WebPage","@id":"https:\/\/www.visit-ulcinj.com\/blog\/2011\/02\/22\/steve-mccann-imamo-novac-za-valdanos\/#webpage","url":"https:\/\/www.visit-ulcinj.com\/blog\/2011\/02\/22\/steve-mccann-imamo-novac-za-valdanos\/","name":"Steve McCann: Imamo novac za Valdanos! - Lajme nga Ulqini","isPartOf":{"@id":"https:\/\/www.visit-ulcinj.com\/blog\/#website"},"primaryImageOfPage":{"@id":"https:\/\/www.visit-ulcinj.com\/blog\/2011\/02\/22\/steve-mccann-imamo-novac-za-valdanos\/#primaryimage"},"datePublished":"2011-02-22T17:25:47+00:00","dateModified":"2011-02-22T17:27:12+00:00","author":{"@id":"https:\/\/www.visit-ulcinj.com\/blog\/#\/schema\/person\/dcab619c614d3038751c63bc2aadc06d"},"description":"Razlog zbog kojeg smo ju\u010de do\u0161li u Crnu Goru je \u0161to postoji odre\u0111ena negativna medijska kampanja protiv Kjubus Luksa. Nas takva kampanja iritira jer mi ne","breadcrumb":{"@id":"https:\/\/www.visit-ulcinj.com\/blog\/2011\/02\/22\/steve-mccann-imamo-novac-za-valdanos\/#breadcrumb"},"inLanguage":"en-US","potentialAction":[{"@type":"ReadAction","target":["https:\/\/www.visit-ulcinj.com\/blog\/2011\/02\/22\/steve-mccann-imamo-novac-za-valdanos\/"]}]},{"@type":"BreadcrumbList","@id":"https:\/\/www.visit-ulcinj.com\/blog\/2011\/02\/22\/steve-mccann-imamo-novac-za-valdanos\/#breadcrumb","itemListElement":[{"@type":"ListItem","position":1,"name":"Steve McCann: Imamo novac za Valdanos!"}]},{"@type":"Person","@id":"https:\/\/www.visit-ulcinj.com\/blog\/#\/schema\/person\/dcab619c614d3038751c63bc2aadc06d","name":"ulqini","sameAs":["http:\/\/www.visit-ulcinj.com"],"url":"https:\/\/www.visit-ulcinj.com\/blog\/author\/admin\/"}]}},"jetpack_featured_media_url":"","jetpack_sharing_enabled":true,"jetpack_shortlink":"https:\/\/wp.me\/pe6lTn-bo1","_links":{"self":[{"href":"https:\/\/www.visit-ulcinj.com\/blog\/wp-json\/wp\/v2\/posts\/43773"}],"collection":[{"href":"https:\/\/www.visit-ulcinj.com\/blog\/wp-json\/wp\/v2\/posts"}],"about":[{"href":"https:\/\/www.visit-ulcinj.com\/blog\/wp-json\/wp\/v2\/types\/post"}],"author":[{"embeddable":true,"href":"https:\/\/www.visit-ulcinj.com\/blog\/wp-json\/wp\/v2\/users\/1"}],"replies":[{"embeddable":true,"href":"https:\/\/www.visit-ulcinj.com\/blog\/wp-json\/wp\/v2\/comments?post=43773"}],"version-history":[{"count":0,"href":"https:\/\/www.visit-ulcinj.com\/blog\/wp-json\/wp\/v2\/posts\/43773\/revisions"}],"wp:attachment":[{"href":"https:\/\/www.visit-ulcinj.com\/blog\/wp-json\/wp\/v2\/media?parent=43773"}],"wp:term":[{"taxonomy":"category","embeddable":true,"href":"https:\/\/www.visit-ulcinj.com\/blog\/wp-json\/wp\/v2\/categories?post=43773"},{"taxonomy":"post_tag","embeddable":true,"href":"https:\/\/www.visit-ulcinj.com\/blog\/wp-json\/wp\/v2\/tags?post=43773"}],"curies":[{"name":"wp","href":"https:\/\/api.w.org\/{rel}","templated":true}]}}