{"id":43803,"date":"2011-02-23T12:17:30","date_gmt":"2011-02-23T11:17:30","guid":{"rendered":"http:\/\/www.visit-ulcinj.com\/blog\/?p=43803"},"modified":"2011-02-23T12:18:06","modified_gmt":"2011-02-23T11:18:06","slug":"vlada-ne-krije-dokumentaciju-o-valdanosu","status":"publish","type":"post","link":"https:\/\/www.visit-ulcinj.com\/blog\/2011\/02\/23\/vlada-ne-krije-dokumentaciju-o-valdanosu\/","title":{"rendered":"Vlada ne krije dokumentaciju o Valdanosu"},"content":{"rendered":"<p><a href=\"http:\/\/www.visit-ulcinj.com\/blog\/wp-content\/uploads\/2011\/02\/Vlada-Crne-Gore.jpg\"><img loading=\"lazy\" class=\"alignleft size-full wp-image-43804\" title=\"Vlada Crne Gore\" src=\"http:\/\/www.visit-ulcinj.com\/blog\/wp-content\/uploads\/2011\/02\/Vlada-Crne-Gore.jpg\" alt=\"\" width=\"350\" height=\"138\" \/><\/a>Zbog sve u\u010destalijih napada i ocjena o netransparentnosti procesa izdavanja u dugovor\u010dni zakup lokaliteta Valdanos, koji su posebnu medijsku atraktivnost dobili\u00a0i posljednjim tzv \u201cfamoznim\u201d nestankom zahtjeva MANS- a, koji to karakteri\u0161u kao jo\u0161 jedan dokaz u prilog njihovim &#8220;sumnjama da Vlada i Savjet za privatizaciju aktivno sabotiraju sve napore da se tenderski postupak u\u010dini transparentnim&#8221;, neophodno je jo\u0161 jednom ponoviti da Vlada preko svojih radnih tijela nema razloga da krije bilo kakva dokumenta, niti da bilo \u0161ta radi da bi skrivala \u010dinjenica od javnosti.<\/p>\n<p>Vlada, kao odgovoran organ ima obavezu da, sve procese koje zapo\u010dne, vodi na najbolji mogu\u0107i na\u010din i u interesu njenih gradjana. Pri tome, uvijek se vodilo i vodi ra\u010duna da sve aktivnosti i odluke ne budu na \u0161tetu procesa i ni samih projekata.<\/p>\n<p>Zato je va\u017eno napomenuti da raspolaganje dokumentacijom, bilo kojeg tre\u0107eg lica, u toku procesa moglo bi da uti\u010de na njegovu uspje\u0161nost i kvalitet, o \u010demu bi bilo uputno da vode ra\u010duna\u00a0i svi oni koji iskrenio i istinski \u017eele dobro dr\u017eavi i njenim gra\u0111anima.<\/p>\n<p>Ta\u010dno je da je MANS dostavio zahtjev za pristup informacijama u skladu sa Zakonom, ali nije ta\u010dno da ga je neko namjerno izgubio, kako se \u017eeli plasirati u javnosti.<\/p>\n<p>U velikom broju zahtjeva koje Savjet za privatizaciju i kapitalne projekte svakodnevno dobija, postoji mogu\u0107nost da se neki zahtjev odmah ne nadje. Medjutimm, kako je Savjet i ovog puta \u017eelio da bude transparentan i \u0161to hitnije dostavi tra\u017eena dokumenta, slu\u017ebenica Savjeta zadu\u017eena za pripremanje odgovora, zatra\u017eila je da joj se pomenuti zahtjev jo\u0161 jednom dostavi, kako bi odmah bio procesuiran.<\/p>\n<p>Ne \u010dudi potreba traganja za sva\u010dim \u0161to bi moglo biti senzacionalisti\u010dko, a ocjenu da je \u201czagubljeni\u201d zahtjev dokaz netransparentnosti mo\u017eda ne treba ni karakterisati. Treba jo\u0161 jednom naglasiti da, dok je neki process u toku, sve do potpisivanja ugovora, u slu\u010daju dostavljanja dokumenata na razne adrese, grubo bi se prekr\u0161ila prava investitora\u00a0i ponu\u0111a\u010da.<\/p>\n<p>Jo\u0161 jednom treba ponoviti\u00a0i da \u0107e cjelokupna domumentacija biti stavljena na uvid javnosti po potpisivanju ugovora, ako do toga do\u0111e.<\/p>\n<p>Ipak, javnosti radi, postavlja se pitanje: da li je dokaz netrasparentnosti i to \u0161to je u pro\u0161loj godini odgovoreno na preko 150 zahtjeva za dostavljanje informacija, od \u010dega samo MANS-u 130? Ili mo\u017eda nije transparetntno objavljivanje Predloga ugovora za Valdanos ,suprotno bilo kakvoj evropskoj i svjetskoj praksi, prije zavrsetka procesa? Da li se netransparentnim mo\u017ee okarakterisati sastanak predstavnika MANS-a sa savjetnicima predsjednika i potpredsjednika Vlade na kojem je bilo rije\u010di o predlogu ugovora za Valdanos? Nije li bilo transparentno otvaranje ponuda i \u010ditanje elemenata iz ponuda pred svim elektronskim medijima u Crnoj Gori? Mo\u017ee li se netransparentnim nazvati dostavljanje poziva za izra\u017eavanje interesovanja, i kasnije javnog tendera, na tri hiljade adresa, svim ambasadama i konzularnim predstavnistvima, te objavljivanje u doma\u0107im medijima i na internetu? Zar je upitna transparentnost objavljivanja svih relevantnih odluka, izvje\u0161taja, publikacija, svakodnevnih saopstenja\u2026.<\/p>\n<p>Na kraju, ne preostaje ni\u0161ta drugo do jo\u0161 jedan upit MANS-u, na koji bi odgovor svakako bio obostrano koristan i koji glasi: ukoliko znate ili imate neku drugu, osim uvre\u017eene, definicije transparentnosti, mo\u017eda bi bilo uputno da je zajedni\u010dki razmotrimo.<\/p>\n<p><strong>TVCG<\/strong><\/p>\n<p><strong>VIDEO TV IN<br \/>\n[flv width=&#8221;490&#8243; height=&#8221;380&#8243;]http:\/\/www.rtvin.me\/flv\/22_02post_valdanos.flv[\/flv]<br \/>\n<\/strong><\/p>\n","protected":false},"excerpt":{"rendered":"<p>Zbog sve u\u010destalijih napada i ocjena o netransparentnosti procesa izdavanja u dugovor\u010dni zakup lokaliteta Valdanos, koji su posebnu medijsku atraktivnost dobili\u00a0i posljednjim tzv \u201cfamoznim\u201d nestankom zahtjeva MANS- a, koji to karakteri\u0161u kao jo\u0161 jedan dokaz u prilog njihovim &#8220;sumnjama da Vlada i Savjet za privatizaciju aktivno sabotiraju sve napore da se tenderski postupak u\u010dini transparentnim&#8221;, [&hellip;]<\/p>\n","protected":false},"author":1,"featured_media":0,"comment_status":"open","ping_status":"closed","sticky":false,"template":"","format":"standard","meta":{"spay_email":"","jetpack_publicize_message":"","jetpack_is_tweetstorm":false,"jetpack_publicize_feature_enabled":true},"categories":[8337],"tags":[19,136,434],"jetpack_publicize_connections":[],"yoast_head":"<!-- This site is optimized with the Yoast SEO plugin v19.1 - https:\/\/yoast.com\/wordpress\/plugins\/seo\/ -->\n<title>Vlada ne krije dokumentaciju o Valdanosu - Lajme nga Ulqini<\/title>\n<meta name=\"description\" content=\"Zbog sve u\u010destalijih napada i ocjena o netransparentnosti procesa izdavanja u dugovor\u010dni zakup lokaliteta Valdanos, koji su posebnu medijsku atraktivnost\" \/>\n<meta name=\"robots\" content=\"index, follow, max-snippet:-1, max-image-preview:large, max-video-preview:-1\" \/>\n<link rel=\"canonical\" href=\"https:\/\/www.visit-ulcinj.com\/blog\/2011\/02\/23\/vlada-ne-krije-dokumentaciju-o-valdanosu\/\" \/>\n<meta property=\"og:locale\" content=\"en_US\" \/>\n<meta property=\"og:type\" content=\"article\" \/>\n<meta property=\"og:title\" content=\"Vlada ne krije dokumentaciju o Valdanosu - Lajme nga Ulqini\" \/>\n<meta property=\"og:description\" content=\"Zbog sve u\u010destalijih napada i ocjena o netransparentnosti procesa izdavanja u dugovor\u010dni zakup lokaliteta Valdanos, koji su posebnu medijsku atraktivnost\" \/>\n<meta property=\"og:url\" content=\"https:\/\/www.visit-ulcinj.com\/blog\/2011\/02\/23\/vlada-ne-krije-dokumentaciju-o-valdanosu\/\" \/>\n<meta property=\"og:site_name\" content=\"Lajme nga Ulqini\" \/>\n<meta property=\"article:published_time\" content=\"2011-02-23T11:17:30+00:00\" \/>\n<meta property=\"article:modified_time\" content=\"2011-02-23T11:18:06+00:00\" \/>\n<meta property=\"og:image\" content=\"http:\/\/www.visit-ulcinj.com\/blog\/wp-content\/uploads\/2011\/02\/Vlada-Crne-Gore.jpg\" \/>\n<meta name=\"twitter:label1\" content=\"Written by\" \/>\n\t<meta name=\"twitter:data1\" content=\"ulqini\" \/>\n\t<meta name=\"twitter:label2\" content=\"Est. reading time\" \/>\n\t<meta name=\"twitter:data2\" content=\"3 minutes\" \/>\n<script type=\"application\/ld+json\" class=\"yoast-schema-graph\">{\"@context\":\"https:\/\/schema.org\",\"@graph\":[{\"@type\":\"WebSite\",\"@id\":\"https:\/\/www.visit-ulcinj.com\/blog\/#website\",\"url\":\"https:\/\/www.visit-ulcinj.com\/blog\/\",\"name\":\"Lajme nga Ulqini\",\"description\":\"Lajme,Vijesti,Ulqini,Ulqin,Crna Gora,Mali i Zi\",\"potentialAction\":[{\"@type\":\"SearchAction\",\"target\":{\"@type\":\"EntryPoint\",\"urlTemplate\":\"https:\/\/www.visit-ulcinj.com\/blog\/?s={search_term_string}\"},\"query-input\":\"required name=search_term_string\"}],\"inLanguage\":\"en-US\"},{\"@type\":\"ImageObject\",\"inLanguage\":\"en-US\",\"@id\":\"https:\/\/www.visit-ulcinj.com\/blog\/2011\/02\/23\/vlada-ne-krije-dokumentaciju-o-valdanosu\/#primaryimage\",\"url\":\"https:\/\/www.visit-ulcinj.com\/blog\/wp-content\/uploads\/2011\/02\/Vlada-Crne-Gore.jpg\",\"contentUrl\":\"https:\/\/www.visit-ulcinj.com\/blog\/wp-content\/uploads\/2011\/02\/Vlada-Crne-Gore.jpg\",\"width\":\"369\",\"height\":\"138\"},{\"@type\":\"WebPage\",\"@id\":\"https:\/\/www.visit-ulcinj.com\/blog\/2011\/02\/23\/vlada-ne-krije-dokumentaciju-o-valdanosu\/#webpage\",\"url\":\"https:\/\/www.visit-ulcinj.com\/blog\/2011\/02\/23\/vlada-ne-krije-dokumentaciju-o-valdanosu\/\",\"name\":\"Vlada ne krije dokumentaciju o Valdanosu - Lajme nga Ulqini\",\"isPartOf\":{\"@id\":\"https:\/\/www.visit-ulcinj.com\/blog\/#website\"},\"primaryImageOfPage\":{\"@id\":\"https:\/\/www.visit-ulcinj.com\/blog\/2011\/02\/23\/vlada-ne-krije-dokumentaciju-o-valdanosu\/#primaryimage\"},\"datePublished\":\"2011-02-23T11:17:30+00:00\",\"dateModified\":\"2011-02-23T11:18:06+00:00\",\"author\":{\"@id\":\"https:\/\/www.visit-ulcinj.com\/blog\/#\/schema\/person\/dcab619c614d3038751c63bc2aadc06d\"},\"description\":\"Zbog sve u\u010destalijih napada i ocjena o netransparentnosti procesa izdavanja u dugovor\u010dni zakup lokaliteta Valdanos, koji su posebnu medijsku atraktivnost\",\"breadcrumb\":{\"@id\":\"https:\/\/www.visit-ulcinj.com\/blog\/2011\/02\/23\/vlada-ne-krije-dokumentaciju-o-valdanosu\/#breadcrumb\"},\"inLanguage\":\"en-US\",\"potentialAction\":[{\"@type\":\"ReadAction\",\"target\":[\"https:\/\/www.visit-ulcinj.com\/blog\/2011\/02\/23\/vlada-ne-krije-dokumentaciju-o-valdanosu\/\"]}]},{\"@type\":\"BreadcrumbList\",\"@id\":\"https:\/\/www.visit-ulcinj.com\/blog\/2011\/02\/23\/vlada-ne-krije-dokumentaciju-o-valdanosu\/#breadcrumb\",\"itemListElement\":[{\"@type\":\"ListItem\",\"position\":1,\"name\":\"Vlada ne krije dokumentaciju o Valdanosu\"}]},{\"@type\":\"Person\",\"@id\":\"https:\/\/www.visit-ulcinj.com\/blog\/#\/schema\/person\/dcab619c614d3038751c63bc2aadc06d\",\"name\":\"ulqini\",\"sameAs\":[\"http:\/\/www.visit-ulcinj.com\"],\"url\":\"https:\/\/www.visit-ulcinj.com\/blog\/author\/admin\/\"}]}<\/script>\n<!-- \/ Yoast SEO plugin. -->","yoast_head_json":{"title":"Vlada ne krije dokumentaciju o Valdanosu - Lajme nga Ulqini","description":"Zbog sve u\u010destalijih napada i ocjena o netransparentnosti procesa izdavanja u dugovor\u010dni zakup lokaliteta Valdanos, koji su posebnu medijsku atraktivnost","robots":{"index":"index","follow":"follow","max-snippet":"max-snippet:-1","max-image-preview":"max-image-preview:large","max-video-preview":"max-video-preview:-1"},"canonical":"https:\/\/www.visit-ulcinj.com\/blog\/2011\/02\/23\/vlada-ne-krije-dokumentaciju-o-valdanosu\/","og_locale":"en_US","og_type":"article","og_title":"Vlada ne krije dokumentaciju o Valdanosu - Lajme nga Ulqini","og_description":"Zbog sve u\u010destalijih napada i ocjena o netransparentnosti procesa izdavanja u dugovor\u010dni zakup lokaliteta Valdanos, koji su posebnu medijsku atraktivnost","og_url":"https:\/\/www.visit-ulcinj.com\/blog\/2011\/02\/23\/vlada-ne-krije-dokumentaciju-o-valdanosu\/","og_site_name":"Lajme nga Ulqini","article_published_time":"2011-02-23T11:17:30+00:00","article_modified_time":"2011-02-23T11:18:06+00:00","og_image":[{"url":"http:\/\/www.visit-ulcinj.com\/blog\/wp-content\/uploads\/2011\/02\/Vlada-Crne-Gore.jpg"}],"twitter_misc":{"Written by":"ulqini","Est. reading time":"3 minutes"},"schema":{"@context":"https:\/\/schema.org","@graph":[{"@type":"WebSite","@id":"https:\/\/www.visit-ulcinj.com\/blog\/#website","url":"https:\/\/www.visit-ulcinj.com\/blog\/","name":"Lajme nga Ulqini","description":"Lajme,Vijesti,Ulqini,Ulqin,Crna Gora,Mali i Zi","potentialAction":[{"@type":"SearchAction","target":{"@type":"EntryPoint","urlTemplate":"https:\/\/www.visit-ulcinj.com\/blog\/?s={search_term_string}"},"query-input":"required name=search_term_string"}],"inLanguage":"en-US"},{"@type":"ImageObject","inLanguage":"en-US","@id":"https:\/\/www.visit-ulcinj.com\/blog\/2011\/02\/23\/vlada-ne-krije-dokumentaciju-o-valdanosu\/#primaryimage","url":"https:\/\/www.visit-ulcinj.com\/blog\/wp-content\/uploads\/2011\/02\/Vlada-Crne-Gore.jpg","contentUrl":"https:\/\/www.visit-ulcinj.com\/blog\/wp-content\/uploads\/2011\/02\/Vlada-Crne-Gore.jpg","width":"369","height":"138"},{"@type":"WebPage","@id":"https:\/\/www.visit-ulcinj.com\/blog\/2011\/02\/23\/vlada-ne-krije-dokumentaciju-o-valdanosu\/#webpage","url":"https:\/\/www.visit-ulcinj.com\/blog\/2011\/02\/23\/vlada-ne-krije-dokumentaciju-o-valdanosu\/","name":"Vlada ne krije dokumentaciju o Valdanosu - Lajme nga Ulqini","isPartOf":{"@id":"https:\/\/www.visit-ulcinj.com\/blog\/#website"},"primaryImageOfPage":{"@id":"https:\/\/www.visit-ulcinj.com\/blog\/2011\/02\/23\/vlada-ne-krije-dokumentaciju-o-valdanosu\/#primaryimage"},"datePublished":"2011-02-23T11:17:30+00:00","dateModified":"2011-02-23T11:18:06+00:00","author":{"@id":"https:\/\/www.visit-ulcinj.com\/blog\/#\/schema\/person\/dcab619c614d3038751c63bc2aadc06d"},"description":"Zbog sve u\u010destalijih napada i ocjena o netransparentnosti procesa izdavanja u dugovor\u010dni zakup lokaliteta Valdanos, koji su posebnu medijsku atraktivnost","breadcrumb":{"@id":"https:\/\/www.visit-ulcinj.com\/blog\/2011\/02\/23\/vlada-ne-krije-dokumentaciju-o-valdanosu\/#breadcrumb"},"inLanguage":"en-US","potentialAction":[{"@type":"ReadAction","target":["https:\/\/www.visit-ulcinj.com\/blog\/2011\/02\/23\/vlada-ne-krije-dokumentaciju-o-valdanosu\/"]}]},{"@type":"BreadcrumbList","@id":"https:\/\/www.visit-ulcinj.com\/blog\/2011\/02\/23\/vlada-ne-krije-dokumentaciju-o-valdanosu\/#breadcrumb","itemListElement":[{"@type":"ListItem","position":1,"name":"Vlada ne krije dokumentaciju o Valdanosu"}]},{"@type":"Person","@id":"https:\/\/www.visit-ulcinj.com\/blog\/#\/schema\/person\/dcab619c614d3038751c63bc2aadc06d","name":"ulqini","sameAs":["http:\/\/www.visit-ulcinj.com"],"url":"https:\/\/www.visit-ulcinj.com\/blog\/author\/admin\/"}]}},"jetpack_featured_media_url":"","jetpack_sharing_enabled":true,"jetpack_shortlink":"https:\/\/wp.me\/pe6lTn-bov","_links":{"self":[{"href":"https:\/\/www.visit-ulcinj.com\/blog\/wp-json\/wp\/v2\/posts\/43803"}],"collection":[{"href":"https:\/\/www.visit-ulcinj.com\/blog\/wp-json\/wp\/v2\/posts"}],"about":[{"href":"https:\/\/www.visit-ulcinj.com\/blog\/wp-json\/wp\/v2\/types\/post"}],"author":[{"embeddable":true,"href":"https:\/\/www.visit-ulcinj.com\/blog\/wp-json\/wp\/v2\/users\/1"}],"replies":[{"embeddable":true,"href":"https:\/\/www.visit-ulcinj.com\/blog\/wp-json\/wp\/v2\/comments?post=43803"}],"version-history":[{"count":0,"href":"https:\/\/www.visit-ulcinj.com\/blog\/wp-json\/wp\/v2\/posts\/43803\/revisions"}],"wp:attachment":[{"href":"https:\/\/www.visit-ulcinj.com\/blog\/wp-json\/wp\/v2\/media?parent=43803"}],"wp:term":[{"taxonomy":"category","embeddable":true,"href":"https:\/\/www.visit-ulcinj.com\/blog\/wp-json\/wp\/v2\/categories?post=43803"},{"taxonomy":"post_tag","embeddable":true,"href":"https:\/\/www.visit-ulcinj.com\/blog\/wp-json\/wp\/v2\/tags?post=43803"}],"curies":[{"name":"wp","href":"https:\/\/api.w.org\/{rel}","templated":true}]}}