{"id":43807,"date":"2011-02-23T13:41:53","date_gmt":"2011-02-23T12:41:53","guid":{"rendered":"http:\/\/www.visit-ulcinj.com\/blog\/?p=43807"},"modified":"2011-02-26T16:59:56","modified_gmt":"2011-02-26T15:59:56","slug":"forca-kerkesa-per-anulimin-e-vendimeve-per-emerimin-e-drejtorave-te-shkollave","status":"publish","type":"post","link":"https:\/\/www.visit-ulcinj.com\/blog\/2011\/02\/23\/forca-kerkesa-per-anulimin-e-vendimeve-per-emerimin-e-drejtorave-te-shkollave\/","title":{"rendered":"Forca: K\u00ebrkesa p\u00ebr anulimin e Vendimeve p\u00ebr em\u00ebrimin e drejtorave t\u00eb shkollave &#8211; Video"},"content":{"rendered":"<p><a href=\"http:\/\/www.visit-ulcinj.com\/blog\/wp-content\/uploads\/2011\/02\/Nazif_Cungu_kryetar-i-Forces_Ulqin.jpg\"><img loading=\"lazy\" class=\"alignleft size-full wp-image-43808\" title=\"Nazif_Cungu_kryetar i Forces_Ulqin\" src=\"http:\/\/www.visit-ulcinj.com\/blog\/wp-content\/uploads\/2011\/02\/Nazif_Cungu_kryetar-i-Forces_Ulqin.jpg\" alt=\"\" width=\"508\" height=\"380\" srcset=\"https:\/\/www.visit-ulcinj.com\/blog\/wp-content\/uploads\/2011\/02\/Nazif_Cungu_kryetar-i-Forces_Ulqin.jpg 800w, https:\/\/www.visit-ulcinj.com\/blog\/wp-content\/uploads\/2011\/02\/Nazif_Cungu_kryetar-i-Forces_Ulqin-300x225.jpg 300w\" sizes=\"(max-width: 508px) 100vw, 508px\" \/><\/a>LENDA: K\u00ebrkesa p\u00ebr anulimin e Vendimeve p\u00ebr em\u00ebrimin e drejtorave t\u00eb shkollave: Bedri Elezaga&#8221;, Boshko Strugar&#8221; dhe Marko Nuculloviq&#8221;<\/p>\n<p><strong>I nderuari Kryetar i Qeveris\u00eb Z-ni Llukshiq,<\/strong><\/p>\n<p>Me k\u00ebt\u00eb let\u00ebr d\u00ebshirojm\u00eb t\u00eb ju t\u00ebrheqim v\u00ebmendjen n\u00eb mosrespektimin e Ligjit p\u00ebr pakica nacionale nga ana e Ministrit p\u00ebr arsim dhe sport z. Stijepoviq.<\/p>\n<p>Ministri Stijepoviq ka shkelur nenin 18 alineja 3 t\u00eb Ligjit p\u00ebr pakica, q\u00eb ka t\u00eb b\u00ebj me zgjedhjen e drejtor\u00ebve t\u00eb shkollave: Bedri Elezaga, Boshko Strugar dhe Marko Nuculloviq ne Ulqin, per te cilet duhet, para se te vendos, te marr mendimin e Keshillit Nacional te Shqiptareve.<\/p>\n<p>Ligji p\u00ebr t\u00eb drejtat dhe lirit\u00eb e pakicave p\u00ebrcakton se &#8220;Organi p\u00ebrgjegj\u00ebs administrativ \u00ebsht\u00eb i obliguar q\u00eb para zgjedhjes s\u00eb drejtor\u00ebve t\u00eb shkollave q\u00eb themelon Mali i Zi ose komuna, ku m\u00ebsimi behet n\u00eb gjuh\u00ebn e popujve pakic\u00eb, t\u00eb marr\u00eb mendimin e K\u00ebshillit nacional t\u00eb popullit pakic\u00eb p\u00ebrkat\u00ebs&#8221;.<\/p>\n<p>Pra, ministri Stijepoviq, me procedur\u00eb t\u00eb p\u00ebrshpejtuar, ka em\u00ebruar drejtor\u00ebt e shkollave, pa e pritur p\u00ebrgjigjen e K\u00ebshillit nacional t\u00eb Shqiptar\u00ebve, si\u00e7 \u00ebsht\u00eb vepruar n\u00eb rastet e deri tanishme. Theksojm\u00eb q\u00eb n\u00eb rastet e deritanishme \u00ebsht\u00eb k\u00ebrkuar mendimi i K\u00ebsillit nacinonal p\u00ebr ato raste kur p\u00ebr drejtor \u00ebsht\u00eb lajml\u00ebruar vet\u00ebm nj\u00eb kandidat dhe K\u00ebshilli nacional i Shqiptar\u00ebve deri tani ka shqyrtuar dhe ka dh\u00ebn\u00eb mendimin p\u00ebr t\u00eb gjith\u00eb drejtor\u00ebt n\u00eb rastet kur ministria p\u00ebrkat\u00ebse e ka k\u00ebrkuar.<\/p>\n<p>Injorimi dhe mosrespektimi i Ligjit dhe K\u00ebshillit nacional te Shqiptareve, ven n\u00eb dyshim respektimin e institucioneve dhe n\u00eb ve\u00e7anti kuptimin e rolit t\u00eb k\u00ebshillave nacionale gjegjesisht respektimin e te drejtave te pakicave per cka Mali Zi ashte deklaruar.<\/p>\n<p>Pasi q\u00eb ne nuk kemi mund\u00ebsi t\u00eb informohemi p\u00ebr arsyet e k\u00ebtij veprimi t\u00eb Ministrit Stijepoviq, e q\u00eb ka t\u00eb b\u00ebj\u00eb me shkelje t\u00eb dukshme ligjit, ju lutemi q\u00eb me autoritetin tuaj t\u00eb ndikoni q\u00eb Vendimi p\u00ebr em\u00ebrimin e drejtor\u00ebve t\u00eb anulohet, t\u00eb hapet konkursi i ri dhe nj\u00ebkoh\u00ebsisht t\u00eb zbuloni motivet e ministrit Stijepoviq q\u00eb pik\u00ebrisht me k\u00ebto raste t\u00eb shkeli Ligjin dhe t\u00eb na njoftoni me arsyet e tija.<\/p>\n<p>Me respekt,<\/p>\n<p><strong>Nazif Cungu<br \/>\n<!--YouTube Error: bad URL entered--><\/strong><\/p>\n","protected":false},"excerpt":{"rendered":"<p>LENDA: K\u00ebrkesa p\u00ebr anulimin e Vendimeve p\u00ebr em\u00ebrimin e drejtorave t\u00eb shkollave: Bedri Elezaga&#8221;, Boshko Strugar&#8221; dhe Marko Nuculloviq&#8221; I nderuari Kryetar i Qeveris\u00eb Z-ni Llukshiq, Me k\u00ebt\u00eb let\u00ebr d\u00ebshirojm\u00eb t\u00eb ju t\u00ebrheqim v\u00ebmendjen n\u00eb mosrespektimin e Ligjit p\u00ebr pakica nacionale nga ana e Ministrit p\u00ebr arsim dhe sport z. Stijepoviq. Ministri Stijepoviq ka shkelur [&hellip;]<\/p>\n","protected":false},"author":1,"featured_media":0,"comment_status":"open","ping_status":"closed","sticky":false,"template":"","format":"standard","meta":{"spay_email":"","jetpack_publicize_message":"","jetpack_is_tweetstorm":false,"jetpack_publicize_feature_enabled":true},"categories":[4,12],"tags":[117,118,200,18],"jetpack_publicize_connections":[],"yoast_head":"<!-- This site is optimized with the Yoast SEO plugin v19.1 - https:\/\/yoast.com\/wordpress\/plugins\/seo\/ -->\n<title>Forca: K\u00ebrkesa p\u00ebr anulimin e Vendimeve p\u00ebr em\u00ebrimin e drejtorave t\u00eb shkollave - Video - Lajme nga Ulqini<\/title>\n<meta name=\"description\" content=\"LENDA: K\u00ebrkesa p\u00ebr anulimin e Vendimeve p\u00ebr em\u00ebrimin e drejtorave t\u00eb shkollave: Bedri Elezaga&quot;, Boshko Strugar&quot; dhe Marko Nuculloviq&quot; I nderuari Kryetar i\" \/>\n<meta name=\"robots\" content=\"index, follow, max-snippet:-1, max-image-preview:large, max-video-preview:-1\" \/>\n<link rel=\"canonical\" href=\"https:\/\/www.visit-ulcinj.com\/blog\/2011\/02\/23\/forca-kerkesa-per-anulimin-e-vendimeve-per-emerimin-e-drejtorave-te-shkollave\/\" \/>\n<meta property=\"og:locale\" content=\"en_US\" \/>\n<meta property=\"og:type\" content=\"article\" \/>\n<meta property=\"og:title\" content=\"Forca: K\u00ebrkesa p\u00ebr anulimin e Vendimeve p\u00ebr em\u00ebrimin e drejtorave t\u00eb shkollave - Video - Lajme nga Ulqini\" \/>\n<meta property=\"og:description\" content=\"LENDA: K\u00ebrkesa p\u00ebr anulimin e Vendimeve p\u00ebr em\u00ebrimin e drejtorave t\u00eb shkollave: Bedri Elezaga&quot;, Boshko Strugar&quot; dhe Marko Nuculloviq&quot; I nderuari Kryetar i\" \/>\n<meta property=\"og:url\" content=\"https:\/\/www.visit-ulcinj.com\/blog\/2011\/02\/23\/forca-kerkesa-per-anulimin-e-vendimeve-per-emerimin-e-drejtorave-te-shkollave\/\" \/>\n<meta property=\"og:site_name\" content=\"Lajme nga Ulqini\" \/>\n<meta property=\"article:published_time\" content=\"2011-02-23T12:41:53+00:00\" \/>\n<meta property=\"article:modified_time\" content=\"2011-02-26T15:59:56+00:00\" \/>\n<meta property=\"og:image\" content=\"http:\/\/www.visit-ulcinj.com\/blog\/wp-content\/uploads\/2011\/02\/Nazif_Cungu_kryetar-i-Forces_Ulqin.jpg\" \/>\n<meta name=\"twitter:label1\" content=\"Written by\" \/>\n\t<meta name=\"twitter:data1\" content=\"ulqini\" \/>\n\t<meta name=\"twitter:label2\" content=\"Est. reading time\" \/>\n\t<meta name=\"twitter:data2\" content=\"2 minutes\" \/>\n<script type=\"application\/ld+json\" class=\"yoast-schema-graph\">{\"@context\":\"https:\/\/schema.org\",\"@graph\":[{\"@type\":\"WebSite\",\"@id\":\"https:\/\/www.visit-ulcinj.com\/blog\/#website\",\"url\":\"https:\/\/www.visit-ulcinj.com\/blog\/\",\"name\":\"Lajme nga Ulqini\",\"description\":\"Lajme,Vijesti,Ulqini,Ulqin,Crna Gora,Mali i Zi\",\"potentialAction\":[{\"@type\":\"SearchAction\",\"target\":{\"@type\":\"EntryPoint\",\"urlTemplate\":\"https:\/\/www.visit-ulcinj.com\/blog\/?s={search_term_string}\"},\"query-input\":\"required name=search_term_string\"}],\"inLanguage\":\"en-US\"},{\"@type\":\"ImageObject\",\"inLanguage\":\"en-US\",\"@id\":\"https:\/\/www.visit-ulcinj.com\/blog\/2011\/02\/23\/forca-kerkesa-per-anulimin-e-vendimeve-per-emerimin-e-drejtorave-te-shkollave\/#primaryimage\",\"url\":\"https:\/\/www.visit-ulcinj.com\/blog\/wp-content\/uploads\/2011\/02\/Nazif_Cungu_kryetar-i-Forces_Ulqin.jpg\",\"contentUrl\":\"https:\/\/www.visit-ulcinj.com\/blog\/wp-content\/uploads\/2011\/02\/Nazif_Cungu_kryetar-i-Forces_Ulqin.jpg\",\"width\":\"800\",\"height\":\"600\"},{\"@type\":\"WebPage\",\"@id\":\"https:\/\/www.visit-ulcinj.com\/blog\/2011\/02\/23\/forca-kerkesa-per-anulimin-e-vendimeve-per-emerimin-e-drejtorave-te-shkollave\/#webpage\",\"url\":\"https:\/\/www.visit-ulcinj.com\/blog\/2011\/02\/23\/forca-kerkesa-per-anulimin-e-vendimeve-per-emerimin-e-drejtorave-te-shkollave\/\",\"name\":\"Forca: K\u00ebrkesa p\u00ebr anulimin e Vendimeve p\u00ebr em\u00ebrimin e drejtorave t\u00eb shkollave - Video - Lajme nga Ulqini\",\"isPartOf\":{\"@id\":\"https:\/\/www.visit-ulcinj.com\/blog\/#website\"},\"primaryImageOfPage\":{\"@id\":\"https:\/\/www.visit-ulcinj.com\/blog\/2011\/02\/23\/forca-kerkesa-per-anulimin-e-vendimeve-per-emerimin-e-drejtorave-te-shkollave\/#primaryimage\"},\"datePublished\":\"2011-02-23T12:41:53+00:00\",\"dateModified\":\"2011-02-26T15:59:56+00:00\",\"author\":{\"@id\":\"https:\/\/www.visit-ulcinj.com\/blog\/#\/schema\/person\/dcab619c614d3038751c63bc2aadc06d\"},\"description\":\"LENDA: K\u00ebrkesa p\u00ebr anulimin e Vendimeve p\u00ebr em\u00ebrimin e drejtorave t\u00eb shkollave: Bedri Elezaga\\\", Boshko Strugar\\\" dhe Marko Nuculloviq\\\" I nderuari Kryetar i\",\"breadcrumb\":{\"@id\":\"https:\/\/www.visit-ulcinj.com\/blog\/2011\/02\/23\/forca-kerkesa-per-anulimin-e-vendimeve-per-emerimin-e-drejtorave-te-shkollave\/#breadcrumb\"},\"inLanguage\":\"en-US\",\"potentialAction\":[{\"@type\":\"ReadAction\",\"target\":[\"https:\/\/www.visit-ulcinj.com\/blog\/2011\/02\/23\/forca-kerkesa-per-anulimin-e-vendimeve-per-emerimin-e-drejtorave-te-shkollave\/\"]}]},{\"@type\":\"BreadcrumbList\",\"@id\":\"https:\/\/www.visit-ulcinj.com\/blog\/2011\/02\/23\/forca-kerkesa-per-anulimin-e-vendimeve-per-emerimin-e-drejtorave-te-shkollave\/#breadcrumb\",\"itemListElement\":[{\"@type\":\"ListItem\",\"position\":1,\"name\":\"Forca: K\u00ebrkesa p\u00ebr anulimin e Vendimeve p\u00ebr em\u00ebrimin e drejtorave t\u00eb shkollave &#8211; Video\"}]},{\"@type\":\"Person\",\"@id\":\"https:\/\/www.visit-ulcinj.com\/blog\/#\/schema\/person\/dcab619c614d3038751c63bc2aadc06d\",\"name\":\"ulqini\",\"sameAs\":[\"http:\/\/www.visit-ulcinj.com\"],\"url\":\"https:\/\/www.visit-ulcinj.com\/blog\/author\/admin\/\"}]}<\/script>\n<!-- \/ Yoast SEO plugin. -->","yoast_head_json":{"title":"Forca: K\u00ebrkesa p\u00ebr anulimin e Vendimeve p\u00ebr em\u00ebrimin e drejtorave t\u00eb shkollave - Video - Lajme nga Ulqini","description":"LENDA: K\u00ebrkesa p\u00ebr anulimin e Vendimeve p\u00ebr em\u00ebrimin e drejtorave t\u00eb shkollave: Bedri Elezaga\", Boshko Strugar\" dhe Marko Nuculloviq\" I nderuari Kryetar i","robots":{"index":"index","follow":"follow","max-snippet":"max-snippet:-1","max-image-preview":"max-image-preview:large","max-video-preview":"max-video-preview:-1"},"canonical":"https:\/\/www.visit-ulcinj.com\/blog\/2011\/02\/23\/forca-kerkesa-per-anulimin-e-vendimeve-per-emerimin-e-drejtorave-te-shkollave\/","og_locale":"en_US","og_type":"article","og_title":"Forca: K\u00ebrkesa p\u00ebr anulimin e Vendimeve p\u00ebr em\u00ebrimin e drejtorave t\u00eb shkollave - Video - Lajme nga Ulqini","og_description":"LENDA: K\u00ebrkesa p\u00ebr anulimin e Vendimeve p\u00ebr em\u00ebrimin e drejtorave t\u00eb shkollave: Bedri Elezaga\", Boshko Strugar\" dhe Marko Nuculloviq\" I nderuari Kryetar i","og_url":"https:\/\/www.visit-ulcinj.com\/blog\/2011\/02\/23\/forca-kerkesa-per-anulimin-e-vendimeve-per-emerimin-e-drejtorave-te-shkollave\/","og_site_name":"Lajme nga Ulqini","article_published_time":"2011-02-23T12:41:53+00:00","article_modified_time":"2011-02-26T15:59:56+00:00","og_image":[{"url":"http:\/\/www.visit-ulcinj.com\/blog\/wp-content\/uploads\/2011\/02\/Nazif_Cungu_kryetar-i-Forces_Ulqin.jpg"}],"twitter_misc":{"Written by":"ulqini","Est. reading time":"2 minutes"},"schema":{"@context":"https:\/\/schema.org","@graph":[{"@type":"WebSite","@id":"https:\/\/www.visit-ulcinj.com\/blog\/#website","url":"https:\/\/www.visit-ulcinj.com\/blog\/","name":"Lajme nga Ulqini","description":"Lajme,Vijesti,Ulqini,Ulqin,Crna Gora,Mali i Zi","potentialAction":[{"@type":"SearchAction","target":{"@type":"EntryPoint","urlTemplate":"https:\/\/www.visit-ulcinj.com\/blog\/?s={search_term_string}"},"query-input":"required name=search_term_string"}],"inLanguage":"en-US"},{"@type":"ImageObject","inLanguage":"en-US","@id":"https:\/\/www.visit-ulcinj.com\/blog\/2011\/02\/23\/forca-kerkesa-per-anulimin-e-vendimeve-per-emerimin-e-drejtorave-te-shkollave\/#primaryimage","url":"https:\/\/www.visit-ulcinj.com\/blog\/wp-content\/uploads\/2011\/02\/Nazif_Cungu_kryetar-i-Forces_Ulqin.jpg","contentUrl":"https:\/\/www.visit-ulcinj.com\/blog\/wp-content\/uploads\/2011\/02\/Nazif_Cungu_kryetar-i-Forces_Ulqin.jpg","width":"800","height":"600"},{"@type":"WebPage","@id":"https:\/\/www.visit-ulcinj.com\/blog\/2011\/02\/23\/forca-kerkesa-per-anulimin-e-vendimeve-per-emerimin-e-drejtorave-te-shkollave\/#webpage","url":"https:\/\/www.visit-ulcinj.com\/blog\/2011\/02\/23\/forca-kerkesa-per-anulimin-e-vendimeve-per-emerimin-e-drejtorave-te-shkollave\/","name":"Forca: K\u00ebrkesa p\u00ebr anulimin e Vendimeve p\u00ebr em\u00ebrimin e drejtorave t\u00eb shkollave - Video - Lajme nga Ulqini","isPartOf":{"@id":"https:\/\/www.visit-ulcinj.com\/blog\/#website"},"primaryImageOfPage":{"@id":"https:\/\/www.visit-ulcinj.com\/blog\/2011\/02\/23\/forca-kerkesa-per-anulimin-e-vendimeve-per-emerimin-e-drejtorave-te-shkollave\/#primaryimage"},"datePublished":"2011-02-23T12:41:53+00:00","dateModified":"2011-02-26T15:59:56+00:00","author":{"@id":"https:\/\/www.visit-ulcinj.com\/blog\/#\/schema\/person\/dcab619c614d3038751c63bc2aadc06d"},"description":"LENDA: K\u00ebrkesa p\u00ebr anulimin e Vendimeve p\u00ebr em\u00ebrimin e drejtorave t\u00eb shkollave: Bedri Elezaga\", Boshko Strugar\" dhe Marko Nuculloviq\" I nderuari Kryetar i","breadcrumb":{"@id":"https:\/\/www.visit-ulcinj.com\/blog\/2011\/02\/23\/forca-kerkesa-per-anulimin-e-vendimeve-per-emerimin-e-drejtorave-te-shkollave\/#breadcrumb"},"inLanguage":"en-US","potentialAction":[{"@type":"ReadAction","target":["https:\/\/www.visit-ulcinj.com\/blog\/2011\/02\/23\/forca-kerkesa-per-anulimin-e-vendimeve-per-emerimin-e-drejtorave-te-shkollave\/"]}]},{"@type":"BreadcrumbList","@id":"https:\/\/www.visit-ulcinj.com\/blog\/2011\/02\/23\/forca-kerkesa-per-anulimin-e-vendimeve-per-emerimin-e-drejtorave-te-shkollave\/#breadcrumb","itemListElement":[{"@type":"ListItem","position":1,"name":"Forca: K\u00ebrkesa p\u00ebr anulimin e Vendimeve p\u00ebr em\u00ebrimin e drejtorave t\u00eb shkollave &#8211; Video"}]},{"@type":"Person","@id":"https:\/\/www.visit-ulcinj.com\/blog\/#\/schema\/person\/dcab619c614d3038751c63bc2aadc06d","name":"ulqini","sameAs":["http:\/\/www.visit-ulcinj.com"],"url":"https:\/\/www.visit-ulcinj.com\/blog\/author\/admin\/"}]}},"jetpack_featured_media_url":"","jetpack_sharing_enabled":true,"jetpack_shortlink":"https:\/\/wp.me\/pe6lTn-boz","_links":{"self":[{"href":"https:\/\/www.visit-ulcinj.com\/blog\/wp-json\/wp\/v2\/posts\/43807"}],"collection":[{"href":"https:\/\/www.visit-ulcinj.com\/blog\/wp-json\/wp\/v2\/posts"}],"about":[{"href":"https:\/\/www.visit-ulcinj.com\/blog\/wp-json\/wp\/v2\/types\/post"}],"author":[{"embeddable":true,"href":"https:\/\/www.visit-ulcinj.com\/blog\/wp-json\/wp\/v2\/users\/1"}],"replies":[{"embeddable":true,"href":"https:\/\/www.visit-ulcinj.com\/blog\/wp-json\/wp\/v2\/comments?post=43807"}],"version-history":[{"count":0,"href":"https:\/\/www.visit-ulcinj.com\/blog\/wp-json\/wp\/v2\/posts\/43807\/revisions"}],"wp:attachment":[{"href":"https:\/\/www.visit-ulcinj.com\/blog\/wp-json\/wp\/v2\/media?parent=43807"}],"wp:term":[{"taxonomy":"category","embeddable":true,"href":"https:\/\/www.visit-ulcinj.com\/blog\/wp-json\/wp\/v2\/categories?post=43807"},{"taxonomy":"post_tag","embeddable":true,"href":"https:\/\/www.visit-ulcinj.com\/blog\/wp-json\/wp\/v2\/tags?post=43807"}],"curies":[{"name":"wp","href":"https:\/\/api.w.org\/{rel}","templated":true}]}}