{"id":43836,"date":"2011-02-23T20:50:19","date_gmt":"2011-02-23T19:50:19","guid":{"rendered":"http:\/\/www.visit-ulcinj.com\/blog\/?p=43836"},"modified":"2011-02-24T17:20:41","modified_gmt":"2011-02-24T16:20:41","slug":"shqiptaret-e-diaspores-duhet-te-veteregjistrohen","status":"publish","type":"post","link":"https:\/\/www.visit-ulcinj.com\/blog\/2011\/02\/23\/shqiptaret-e-diaspores-duhet-te-veteregjistrohen\/","title":{"rendered":"Shqiptar\u00ebt e diaspor\u00ebs , duhet t\u00eb vet\u00ebregjistrohen"},"content":{"rendered":"<p><strong><a href=\"http:\/\/www.visit-ulcinj.com\/blog\/wp-content\/uploads\/2011\/02\/Xheladin-Zeneli_.jpg\"><img loading=\"lazy\" class=\"alignleft size-large wp-image-43897\" title=\"Xheladin-Zeneli_\" src=\"http:\/\/www.visit-ulcinj.com\/blog\/wp-content\/uploads\/2011\/02\/Xheladin-Zeneli_-768x1024.jpg\" alt=\"\" width=\"350\" height=\"520\" \/><\/a>Metodologjia e tanishme e regjistrimit t\u00eb Entit Statistikor t\u00eb Malit t\u00eb Zi , nuk pasqyron numrin e vertet\u00eb t\u00eb pjes\u00ebtar\u00ebve t\u00eb diaspor\u00ebs<\/strong><\/p>\n<p><strong> <\/strong><\/p>\n<p><strong> <\/strong>Tashm\u00eb \u00ebsht\u00eb b\u00ebr\u00eb e njohur p\u00ebr publikun lajmi i regjistrimit t\u00eb popullsis\u00eb n\u00eb Mal t\u00eb Zi, i cili do t\u00eb zhvillohet prej 1 deri me 15 prill t\u00eb k\u00ebtij viti.T\u00eb gjith\u00eb jemi t\u00eb vet\u00ebdijsh\u00ebm p\u00ebr r\u00ebnd\u00ebsin\u00eb dhe p\u00ebrgjegj\u00ebsin\u00eb e organit kompetent (pra, Enti i Statistik\u00ebs-Monstat)\u00a0 i cili do t\u00eb merret me realizimin e k\u00ebtij projekti,i cili zakonisht realizohet rreth \u00e7do dhjet\u00eb vitesh.<\/p>\n<p>Sipas statistikave t\u00eb fundit zyrtare (t\u00eb vitit 2003) ,numri i shqiptar\u00ebve\u00a0 n\u00eb Mal t\u00eb Zi \u00ebsht\u00eb 47.682\u00a0 banor\u00eb, nga ky num\u00ebr n\u00eb vend jan\u00eb\u00a0 31.163, kurse n\u00eb bot\u00ebn e jashtme (diaspor\u00eb) jan\u00eb 16.519 qytetar\u00eb shqipatar\u00eb.Vet\u00eb shqiptar\u00ebt,n\u00eb p\u00ebrgjith\u00ebsi i marrin me rezerv\u00eb dhe dyshim t\u00eb dh\u00ebnat satatistikore p\u00ebr shqiptar\u00ebt n\u00eb Mal t\u00eb Zi, sidomos numrin e shqiptar\u00ebve n\u00eb bot\u00ebn e jashtme. Kur \u00ebsht\u00eb fjala p\u00ebr numrin e shqiptar\u00ebve n\u00eb Mal t\u00eb Zi, pushteti i\u00a0 Malit t\u00eb Zi ka tentuar n\u00eb t\u00eb kaluar\u00ebn dhe gjithnj\u00eb tenton,p\u00ebr interesat e veta politike, q\u00eb numri i shqiptar\u00ebve t\u00eb paraqitet sa m\u00eb i vog\u00ebl. Sa p\u00ebr ilustrim: Numri i shqiptar\u00ebve n\u00eb bot\u00ebn e jashtme, sipas statistikave t\u00eb fundit\u00a0 zyrtare t\u00eb Malit t\u00eb Zi (me 2003), \u00ebsht\u00eb 16.519 !?\u00a0 Mir\u00ebpo, sipas t\u00eb dh\u00ebnave t\u00eb Shoqat\u00ebs s\u00eb M\u00ebrgimtar\u00ebve Shqiptar\u00eb n\u00eb Mal t\u00eb Zi, t\u00eb vitit 1992, n\u00eb bot\u00ebn e jashtme n\u00eb at\u00eb koh\u00eb kishte 16.113 shqiptar\u00eb. Vet\u00ebvehtiu n\u2019a imponohet pyetja se si \u00ebsht\u00eb e mundur se q\u00eb nga viti 1992 deri n\u00eb vitin 2003, pra nj\u00eb periudh\u00eb 11-vje\u00e7are t\u00eb ken\u00eb shkuar n\u00eb bot\u00ebn e jashtme vet\u00ebm 406 shqiptar\u00eb? Mos t\u00eb harrojm\u00eb faktin q\u00eb fillimi dhe mesi i\u00a0 viteve 90-ta t\u00eb shekullit t\u00eb kaluar,(shp\u00ebrthimi i luftrave n\u00eb ish-Jugosllavi)\u00a0 ka qen\u00eb periudha q\u00eb karakterizohet me nivelin e lart\u00eb t\u00eb emigrimit t\u00eb shqipat\u00ebve n\u00eb Mal t\u00eb Zi.Prandaj, shqiptar\u00ebt kan\u00eb arsy t\u00eb bindshme q\u00eb statistikat zyrtare t\u2019i marrin me rezerv\u00eb.<\/p>\n<p>Duke pasur parasysh faktin q\u00eb nj\u00eb pjes\u00eb e konsiderueshme e shqiptar\u00ebve n\u00eb Mal t\u00eb Zi, gjindet n\u00eb bot\u00ebn e jashtme, \u00ebsht\u00eb shum\u00eb me r\u00ebnd\u00ebsi q\u00eb t\u00eb b\u00ebhet regjistrimi sakt\u00eb i k\u00ebsaj pjese t\u00eb popullit q\u00eb gjinden jasht\u00eb vendlindjes s\u00eb tyre. Metodologjia e tanishme e regjistrimit t\u00eb Entit Statistikor n\u00eb Mal t\u00eb Zi, nuk pasqyron numrin e vertet\u00eb e shqiptar\u00ebve \u00a0q\u00eb jetojn\u00eb dhe punojn\u00eb n\u00eb bot\u00ebn e jashtme.\u00a0 N\u00eb\u00a0 regjistrimet e popullsis\u00eb, n\u00eb t\u00eb kaluar\u00ebn, t\u00eb dh\u00ebnat p\u00ebr an\u00ebtar\u00ebt e diaspor\u00ebs, jan\u00eb mbledhur n\u00eb vend ,pra nga e familjet\u00a0 sht\u00ebpiake, t\u00eb cil\u00ebt kan\u00eb an\u00ebtar\u00ebt e vet t\u00eb familjes n\u00eb bot\u00ebn e jashtme. Kjo \u00ebsht\u00eb nj\u00eb m\u00ebnyr\u00eb indirekte e mbledhjeve t\u00eb dh\u00ebnave p\u00ebr diaspor\u00ebn dhe sipas mendimit tim, nuk reflekton numrin e v\u00ebrtet\u00eb t\u00eb pjes\u00ebtar\u00ebve n\u00eb diaspor\u00eb, mu p\u00ebr arsyen se shum\u00eb familje shqiptare n\u00eb diaspor\u00eb, nuk kan\u00eb familje t\u00eb af\u00ebrta n\u00eb vendlindjen e tyre t\u00eb cil\u00ebt do t\u00eb kishin n\u00eb disponim t\u00eb dh\u00ebna t\u00eb sakta p\u00ebr familjet n\u00eb fjal\u00eb dhe an\u00ebtar\u00ebt e tyre.Prandaj,kjo pjes\u00eb e diaspor\u00ebs, sipas metodologjis\u00eb s\u00eb tanishme, kalon pa u regjistruar.<\/p>\n<p>M\u00ebnyra e vetme e marrjes s\u00eb dh\u00ebnave t\u00eb sakta p\u00ebr diaspor\u00ebn,\u00ebshte m\u00ebnyra e drejt\u00ebp\u00ebrdrejt\u00eb e regjistrimit t\u00eb saj.Dhe kjo m\u00ebnyr\u00eb direkte e regjistrimit,mund t\u00eb b\u00ebhet vet\u00ebm nga vet\u00eb an\u00ebtar\u00ebt e diaspor\u00ebs. N\u00ebse Qeveria e Malit t\u00eb Zi ,gjegj\u00ebsisht autoritet p\u00ebrkat\u00ebse q\u00eb meren me financimin e nj\u00eb projekti t\u00eb till\u00eb, financon regjistrimin e diasporave p\u00ebrkat\u00ebse t\u00eb popujve t\u00eb tjer\u00eb q\u00eb jetojn\u00eb n\u00eb Mal t\u00eb Zi, at\u00ebher\u00eb e shoh t\u00eb arsyeshme q\u00eb edhe regjistrimi i diaspor\u00ebs shqipatre t\u00eb financohet nga e nj\u00ebjta qeveri.<\/p>\n<p>Sidoqoft\u00eb, shqiptar\u00ebt e diaspor\u00ebs nuk duhet t\u00eb presin q\u00eb qeveria e Malit t\u00eb Zi t\u00eb finacoj nj\u00eb projekt i cili nuk \u00ebsht\u00eb n\u00eb interesat e k\u00ebsaj qeverije, por duhet q\u00eb me vet\u00ebinicijativ\u00eb t\u00eb angazhohet n\u00eb regjistrimin e numrit t\u00eb madh t\u00eb diaspor\u00ebs s\u00eb vet. Sa i p\u00ebrket diaspor\u00ebs shqiptare n\u00eb SHBA ,rol t\u00eb r\u00ebndish\u00ebm n\u00eb k\u00ebt\u00eb aspekt mund t\u00eb luajn\u00eb shoqatat dhe oraganizatat shqiptare nga trevat enike n\u00eb Mal t\u00eb Zi me \u00e7\u2019rast\u00a0 t\u00eb dh\u00ebnat e sakta t\u00eb mbledhura nga vet\u00eb diaspora, do t\u2019i kund\u00ebviheshin t\u00eb dh\u00ebnave t\u00eb dyshimta zyrtare .<\/p>\n<p><a tabindex=\"-1\" href=\"http:\/\/www.facebook.com\/profile.php?id=100000599959936\"><img src=\"http:\/\/profile.ak.fbcdn.net\/hprofile-ak-snc4\/49944_100000599959936_4393009_q.jpg\" alt=\"\" \/><\/a><a href=\"http:\/\/www.facebook.com\/pages\/Lajme-Nga-Ulqini\/143844329234#!\/profile.php?id=100000599959936\" target=\"_blank\"><strong><br \/>\nXheladin Zeneli Facebook<\/strong><\/a><\/p>\n<p>Shkurt 2011<br \/>\nSHBA<br \/>\n<strong><a href=\"http:\/\/www.monstat.org\/cg\/index.php\" target=\"_blank\"><\/a><\/strong><\/p>\n","protected":false},"excerpt":{"rendered":"<p>Metodologjia e tanishme e regjistrimit t\u00eb Entit Statistikor t\u00eb Malit t\u00eb Zi , nuk pasqyron numrin e vertet\u00eb t\u00eb pjes\u00ebtar\u00ebve t\u00eb diaspor\u00ebs Tashm\u00eb \u00ebsht\u00eb b\u00ebr\u00eb e njohur p\u00ebr publikun lajmi i regjistrimit t\u00eb popullsis\u00eb n\u00eb Mal t\u00eb Zi, i cili do t\u00eb zhvillohet prej 1 deri me 15 prill t\u00eb k\u00ebtij viti.T\u00eb gjith\u00eb jemi t\u00eb [&hellip;]<\/p>\n","protected":false},"author":1,"featured_media":0,"comment_status":"open","ping_status":"closed","sticky":false,"template":"","format":"standard","meta":{"spay_email":"","jetpack_publicize_message":"","jetpack_is_tweetstorm":false,"jetpack_publicize_feature_enabled":true},"categories":[14249],"tags":[14351,17471,14353,14354,12340,17070,20,17071,14652,3642,13243,17472,14358,17470,3506,214,14360,14361,14362,14363,3507,2158,3500,14364,3327,3512,17072,38,5116,95,15141,14366,13471,79,17073,17079,17074,1653,14367,14663,14368,14369,17469,14370,2083,14371,14372,17075,17076,17077,14375,1655,19,17078,200,18,14376],"jetpack_publicize_connections":[],"yoast_head":"<!-- This site is optimized with the Yoast SEO plugin v19.1 - https:\/\/yoast.com\/wordpress\/plugins\/seo\/ -->\n<title>Shqiptar\u00ebt e diaspor\u00ebs , duhet t\u00eb vet\u00ebregjistrohen - Lajme nga Ulqini<\/title>\n<meta name=\"description\" content=\"Metodologjia e tanishme e regjistrimit t\u00eb Entit Statistikor t\u00eb Malit t\u00eb Zi , nuk pasqyron numrin e vertet\u00eb t\u00eb pjes\u00ebtar\u00ebve t\u00eb diaspor\u00ebs Tashm\u00eb \u00ebsht\u00eb b\u00ebr\u00eb e\" \/>\n<meta name=\"robots\" content=\"index, follow, max-snippet:-1, max-image-preview:large, max-video-preview:-1\" \/>\n<link rel=\"canonical\" href=\"https:\/\/www.visit-ulcinj.com\/blog\/2011\/02\/23\/shqiptaret-e-diaspores-duhet-te-veteregjistrohen\/\" \/>\n<meta property=\"og:locale\" content=\"en_US\" \/>\n<meta property=\"og:type\" content=\"article\" \/>\n<meta property=\"og:title\" content=\"Shqiptar\u00ebt e diaspor\u00ebs , duhet t\u00eb vet\u00ebregjistrohen - Lajme nga Ulqini\" \/>\n<meta property=\"og:description\" content=\"Metodologjia e tanishme e regjistrimit t\u00eb Entit Statistikor t\u00eb Malit t\u00eb Zi , nuk pasqyron numrin e vertet\u00eb t\u00eb pjes\u00ebtar\u00ebve t\u00eb diaspor\u00ebs Tashm\u00eb \u00ebsht\u00eb b\u00ebr\u00eb e\" \/>\n<meta property=\"og:url\" content=\"https:\/\/www.visit-ulcinj.com\/blog\/2011\/02\/23\/shqiptaret-e-diaspores-duhet-te-veteregjistrohen\/\" \/>\n<meta property=\"og:site_name\" content=\"Lajme nga Ulqini\" \/>\n<meta property=\"article:published_time\" content=\"2011-02-23T19:50:19+00:00\" \/>\n<meta property=\"article:modified_time\" content=\"2011-02-24T16:20:41+00:00\" \/>\n<meta property=\"og:image\" content=\"http:\/\/www.visit-ulcinj.com\/blog\/wp-content\/uploads\/2011\/02\/Xheladin-Zeneli_-768x1024.jpg\" \/>\n<meta name=\"twitter:label1\" content=\"Written by\" \/>\n\t<meta name=\"twitter:data1\" content=\"ulqini\" \/>\n\t<meta name=\"twitter:label2\" content=\"Est. reading time\" \/>\n\t<meta name=\"twitter:data2\" content=\"4 minutes\" \/>\n<script type=\"application\/ld+json\" class=\"yoast-schema-graph\">{\"@context\":\"https:\/\/schema.org\",\"@graph\":[{\"@type\":\"WebSite\",\"@id\":\"https:\/\/www.visit-ulcinj.com\/blog\/#website\",\"url\":\"https:\/\/www.visit-ulcinj.com\/blog\/\",\"name\":\"Lajme nga Ulqini\",\"description\":\"Lajme,Vijesti,Ulqini,Ulqin,Crna Gora,Mali i Zi\",\"potentialAction\":[{\"@type\":\"SearchAction\",\"target\":{\"@type\":\"EntryPoint\",\"urlTemplate\":\"https:\/\/www.visit-ulcinj.com\/blog\/?s={search_term_string}\"},\"query-input\":\"required name=search_term_string\"}],\"inLanguage\":\"en-US\"},{\"@type\":\"ImageObject\",\"inLanguage\":\"en-US\",\"@id\":\"https:\/\/www.visit-ulcinj.com\/blog\/2011\/02\/23\/shqiptaret-e-diaspores-duhet-te-veteregjistrohen\/#primaryimage\",\"url\":\"https:\/\/www.visit-ulcinj.com\/blog\/wp-content\/uploads\/2011\/02\/Xheladin-Zeneli_.jpg\",\"contentUrl\":\"https:\/\/www.visit-ulcinj.com\/blog\/wp-content\/uploads\/2011\/02\/Xheladin-Zeneli_.jpg\",\"width\":\"780\",\"height\":\"1040\"},{\"@type\":\"WebPage\",\"@id\":\"https:\/\/www.visit-ulcinj.com\/blog\/2011\/02\/23\/shqiptaret-e-diaspores-duhet-te-veteregjistrohen\/#webpage\",\"url\":\"https:\/\/www.visit-ulcinj.com\/blog\/2011\/02\/23\/shqiptaret-e-diaspores-duhet-te-veteregjistrohen\/\",\"name\":\"Shqiptar\u00ebt e diaspor\u00ebs , duhet t\u00eb vet\u00ebregjistrohen - Lajme nga Ulqini\",\"isPartOf\":{\"@id\":\"https:\/\/www.visit-ulcinj.com\/blog\/#website\"},\"primaryImageOfPage\":{\"@id\":\"https:\/\/www.visit-ulcinj.com\/blog\/2011\/02\/23\/shqiptaret-e-diaspores-duhet-te-veteregjistrohen\/#primaryimage\"},\"datePublished\":\"2011-02-23T19:50:19+00:00\",\"dateModified\":\"2011-02-24T16:20:41+00:00\",\"author\":{\"@id\":\"https:\/\/www.visit-ulcinj.com\/blog\/#\/schema\/person\/dcab619c614d3038751c63bc2aadc06d\"},\"description\":\"Metodologjia e tanishme e regjistrimit t\u00eb Entit Statistikor t\u00eb Malit t\u00eb Zi , nuk pasqyron numrin e vertet\u00eb t\u00eb pjes\u00ebtar\u00ebve t\u00eb diaspor\u00ebs Tashm\u00eb \u00ebsht\u00eb b\u00ebr\u00eb e\",\"breadcrumb\":{\"@id\":\"https:\/\/www.visit-ulcinj.com\/blog\/2011\/02\/23\/shqiptaret-e-diaspores-duhet-te-veteregjistrohen\/#breadcrumb\"},\"inLanguage\":\"en-US\",\"potentialAction\":[{\"@type\":\"ReadAction\",\"target\":[\"https:\/\/www.visit-ulcinj.com\/blog\/2011\/02\/23\/shqiptaret-e-diaspores-duhet-te-veteregjistrohen\/\"]}]},{\"@type\":\"BreadcrumbList\",\"@id\":\"https:\/\/www.visit-ulcinj.com\/blog\/2011\/02\/23\/shqiptaret-e-diaspores-duhet-te-veteregjistrohen\/#breadcrumb\",\"itemListElement\":[{\"@type\":\"ListItem\",\"position\":1,\"name\":\"Shqiptar\u00ebt e diaspor\u00ebs , duhet t\u00eb vet\u00ebregjistrohen\"}]},{\"@type\":\"Person\",\"@id\":\"https:\/\/www.visit-ulcinj.com\/blog\/#\/schema\/person\/dcab619c614d3038751c63bc2aadc06d\",\"name\":\"ulqini\",\"sameAs\":[\"http:\/\/www.visit-ulcinj.com\"],\"url\":\"https:\/\/www.visit-ulcinj.com\/blog\/author\/admin\/\"}]}<\/script>\n<!-- \/ Yoast SEO plugin. -->","yoast_head_json":{"title":"Shqiptar\u00ebt e diaspor\u00ebs , duhet t\u00eb vet\u00ebregjistrohen - Lajme nga Ulqini","description":"Metodologjia e tanishme e regjistrimit t\u00eb Entit Statistikor t\u00eb Malit t\u00eb Zi , nuk pasqyron numrin e vertet\u00eb t\u00eb pjes\u00ebtar\u00ebve t\u00eb diaspor\u00ebs Tashm\u00eb \u00ebsht\u00eb b\u00ebr\u00eb e","robots":{"index":"index","follow":"follow","max-snippet":"max-snippet:-1","max-image-preview":"max-image-preview:large","max-video-preview":"max-video-preview:-1"},"canonical":"https:\/\/www.visit-ulcinj.com\/blog\/2011\/02\/23\/shqiptaret-e-diaspores-duhet-te-veteregjistrohen\/","og_locale":"en_US","og_type":"article","og_title":"Shqiptar\u00ebt e diaspor\u00ebs , duhet t\u00eb vet\u00ebregjistrohen - Lajme nga Ulqini","og_description":"Metodologjia e tanishme e regjistrimit t\u00eb Entit Statistikor t\u00eb Malit t\u00eb Zi , nuk pasqyron numrin e vertet\u00eb t\u00eb pjes\u00ebtar\u00ebve t\u00eb diaspor\u00ebs Tashm\u00eb \u00ebsht\u00eb b\u00ebr\u00eb e","og_url":"https:\/\/www.visit-ulcinj.com\/blog\/2011\/02\/23\/shqiptaret-e-diaspores-duhet-te-veteregjistrohen\/","og_site_name":"Lajme nga Ulqini","article_published_time":"2011-02-23T19:50:19+00:00","article_modified_time":"2011-02-24T16:20:41+00:00","og_image":[{"url":"http:\/\/www.visit-ulcinj.com\/blog\/wp-content\/uploads\/2011\/02\/Xheladin-Zeneli_-768x1024.jpg"}],"twitter_misc":{"Written by":"ulqini","Est. reading time":"4 minutes"},"schema":{"@context":"https:\/\/schema.org","@graph":[{"@type":"WebSite","@id":"https:\/\/www.visit-ulcinj.com\/blog\/#website","url":"https:\/\/www.visit-ulcinj.com\/blog\/","name":"Lajme nga Ulqini","description":"Lajme,Vijesti,Ulqini,Ulqin,Crna Gora,Mali i Zi","potentialAction":[{"@type":"SearchAction","target":{"@type":"EntryPoint","urlTemplate":"https:\/\/www.visit-ulcinj.com\/blog\/?s={search_term_string}"},"query-input":"required name=search_term_string"}],"inLanguage":"en-US"},{"@type":"ImageObject","inLanguage":"en-US","@id":"https:\/\/www.visit-ulcinj.com\/blog\/2011\/02\/23\/shqiptaret-e-diaspores-duhet-te-veteregjistrohen\/#primaryimage","url":"https:\/\/www.visit-ulcinj.com\/blog\/wp-content\/uploads\/2011\/02\/Xheladin-Zeneli_.jpg","contentUrl":"https:\/\/www.visit-ulcinj.com\/blog\/wp-content\/uploads\/2011\/02\/Xheladin-Zeneli_.jpg","width":"780","height":"1040"},{"@type":"WebPage","@id":"https:\/\/www.visit-ulcinj.com\/blog\/2011\/02\/23\/shqiptaret-e-diaspores-duhet-te-veteregjistrohen\/#webpage","url":"https:\/\/www.visit-ulcinj.com\/blog\/2011\/02\/23\/shqiptaret-e-diaspores-duhet-te-veteregjistrohen\/","name":"Shqiptar\u00ebt e diaspor\u00ebs , duhet t\u00eb vet\u00ebregjistrohen - Lajme nga Ulqini","isPartOf":{"@id":"https:\/\/www.visit-ulcinj.com\/blog\/#website"},"primaryImageOfPage":{"@id":"https:\/\/www.visit-ulcinj.com\/blog\/2011\/02\/23\/shqiptaret-e-diaspores-duhet-te-veteregjistrohen\/#primaryimage"},"datePublished":"2011-02-23T19:50:19+00:00","dateModified":"2011-02-24T16:20:41+00:00","author":{"@id":"https:\/\/www.visit-ulcinj.com\/blog\/#\/schema\/person\/dcab619c614d3038751c63bc2aadc06d"},"description":"Metodologjia e tanishme e regjistrimit t\u00eb Entit Statistikor t\u00eb Malit t\u00eb Zi , nuk pasqyron numrin e vertet\u00eb t\u00eb pjes\u00ebtar\u00ebve t\u00eb diaspor\u00ebs Tashm\u00eb \u00ebsht\u00eb b\u00ebr\u00eb e","breadcrumb":{"@id":"https:\/\/www.visit-ulcinj.com\/blog\/2011\/02\/23\/shqiptaret-e-diaspores-duhet-te-veteregjistrohen\/#breadcrumb"},"inLanguage":"en-US","potentialAction":[{"@type":"ReadAction","target":["https:\/\/www.visit-ulcinj.com\/blog\/2011\/02\/23\/shqiptaret-e-diaspores-duhet-te-veteregjistrohen\/"]}]},{"@type":"BreadcrumbList","@id":"https:\/\/www.visit-ulcinj.com\/blog\/2011\/02\/23\/shqiptaret-e-diaspores-duhet-te-veteregjistrohen\/#breadcrumb","itemListElement":[{"@type":"ListItem","position":1,"name":"Shqiptar\u00ebt e diaspor\u00ebs , duhet t\u00eb vet\u00ebregjistrohen"}]},{"@type":"Person","@id":"https:\/\/www.visit-ulcinj.com\/blog\/#\/schema\/person\/dcab619c614d3038751c63bc2aadc06d","name":"ulqini","sameAs":["http:\/\/www.visit-ulcinj.com"],"url":"https:\/\/www.visit-ulcinj.com\/blog\/author\/admin\/"}]}},"jetpack_featured_media_url":"","jetpack_sharing_enabled":true,"jetpack_shortlink":"https:\/\/wp.me\/pe6lTn-bp2","_links":{"self":[{"href":"https:\/\/www.visit-ulcinj.com\/blog\/wp-json\/wp\/v2\/posts\/43836"}],"collection":[{"href":"https:\/\/www.visit-ulcinj.com\/blog\/wp-json\/wp\/v2\/posts"}],"about":[{"href":"https:\/\/www.visit-ulcinj.com\/blog\/wp-json\/wp\/v2\/types\/post"}],"author":[{"embeddable":true,"href":"https:\/\/www.visit-ulcinj.com\/blog\/wp-json\/wp\/v2\/users\/1"}],"replies":[{"embeddable":true,"href":"https:\/\/www.visit-ulcinj.com\/blog\/wp-json\/wp\/v2\/comments?post=43836"}],"version-history":[{"count":0,"href":"https:\/\/www.visit-ulcinj.com\/blog\/wp-json\/wp\/v2\/posts\/43836\/revisions"}],"wp:attachment":[{"href":"https:\/\/www.visit-ulcinj.com\/blog\/wp-json\/wp\/v2\/media?parent=43836"}],"wp:term":[{"taxonomy":"category","embeddable":true,"href":"https:\/\/www.visit-ulcinj.com\/blog\/wp-json\/wp\/v2\/categories?post=43836"},{"taxonomy":"post_tag","embeddable":true,"href":"https:\/\/www.visit-ulcinj.com\/blog\/wp-json\/wp\/v2\/tags?post=43836"}],"curies":[{"name":"wp","href":"https:\/\/api.w.org\/{rel}","templated":true}]}}