{"id":43852,"date":"2011-02-24T12:04:57","date_gmt":"2011-02-24T11:04:57","guid":{"rendered":"http:\/\/www.visit-ulcinj.com\/blog\/?p=43852"},"modified":"2011-02-24T15:23:01","modified_gmt":"2011-02-24T14:23:01","slug":"martesa-mbase-kete-vit-ka-thene-kaltrina-selimi","status":"publish","type":"post","link":"https:\/\/www.visit-ulcinj.com\/blog\/2011\/02\/24\/martesa-mbase-kete-vit-ka-thene-kaltrina-selimi\/","title":{"rendered":"Martesa mbase k\u00ebti viti ka th\u00ebn\u00eb Kaltrina Selimi"},"content":{"rendered":"<p><strong><a href=\"http:\/\/www.visit-ulcinj.com\/blog\/wp-content\/uploads\/2011\/02\/Kaltrina-Selimi_do-martohem.jpg\"><img loading=\"lazy\" class=\"alignleft size-full wp-image-43853\" title=\"Kaltrina-Selimi_do martohem\" src=\"http:\/\/www.visit-ulcinj.com\/blog\/wp-content\/uploads\/2011\/02\/Kaltrina-Selimi_do-martohem.jpg\" alt=\"\" width=\"508\" height=\"620\" \/><\/a>K\u00ebng\u00ebtarja e mir\u00ebnjohur kosovare Kaltrina Selimi, n\u00eb nj\u00eb intervist\u00eb p\u00ebr \u201cInfoPress\u201d ka th\u00ebn\u00eb se mbase k\u00ebt\u00eb vit ajo dhe i fejuari i saj Dritoni mund ta kuror\u00ebzoj\u00eb dashurin\u00eb e tyre me martes\u00eb.<\/strong><\/p>\n<p>\u201cP\u00ebrve\u00e7 planeve t\u00eb tjera, q\u00eb sigurisht jan\u00eb t\u00eb shumta, kemi biseduar edhe p\u00ebr martes\u00ebn, por se a do t\u00eb ndodh sigurt k\u00ebt\u00eb vit nuk e di, sepse varet se si i p\u00ebrfundon Dritoni pun\u00ebt n\u00eb Lond\u00ebr\u201d, \u00ebsht\u00eb shprehur Kaltrina.<\/p>\n<p>P\u00ebrve\u00e7 k\u00ebsaj k\u00ebng\u00ebtarja ka b\u00ebr\u00eb t\u00eb ditur se s\u00eb shpejti do ta realizoj\u00eb videoklipin e k\u00ebng\u00ebs \u201cZero\u201d.<\/p>\n<p>\u201cAktualisht jam duke u angazhuar p\u00ebr pun\u00ebn rreth klipit dhe tani p\u00ebr tani jemi duke menduar p\u00ebr skenarin. Klipi do i realizohet k\u00ebng\u00ebs \u2018Zero\u2019, t\u00eb cil\u00ebn tashm\u00eb e kam lansuar dhe shpresoj ta p\u00ebrfundoj\u00eb sa m\u00eb shpejt\u201d, ka th\u00ebn\u00eb Selimi.<\/p>\n<p><strong>InfoPress<br \/>\n<!--YouTube Error: bad URL entered--><\/strong><\/p>\n","protected":false},"excerpt":{"rendered":"<p>K\u00ebng\u00ebtarja e mir\u00ebnjohur kosovare Kaltrina Selimi, n\u00eb nj\u00eb intervist\u00eb p\u00ebr \u201cInfoPress\u201d ka th\u00ebn\u00eb se mbase k\u00ebt\u00eb vit ajo dhe i fejuari i saj Dritoni mund ta kuror\u00ebzoj\u00eb dashurin\u00eb e tyre me martes\u00eb. \u201cP\u00ebrve\u00e7 planeve t\u00eb tjera, q\u00eb sigurisht jan\u00eb t\u00eb shumta, kemi biseduar edhe p\u00ebr martes\u00ebn, por se a do t\u00eb ndodh sigurt k\u00ebt\u00eb vit [&hellip;]<\/p>\n","protected":false},"author":1,"featured_media":0,"comment_status":"open","ping_status":"closed","sticky":false,"template":"","format":"standard","meta":{"spay_email":"","jetpack_publicize_message":"","jetpack_is_tweetstorm":false,"jetpack_publicize_feature_enabled":true},"categories":[1],"tags":[5572],"jetpack_publicize_connections":[],"yoast_head":"<!-- This site is optimized with the Yoast SEO plugin v19.1 - https:\/\/yoast.com\/wordpress\/plugins\/seo\/ -->\n<title>Martesa mbase k\u00ebti viti ka th\u00ebn\u00eb Kaltrina Selimi - Lajme nga Ulqini<\/title>\n<meta name=\"description\" content=\"K\u00ebng\u00ebtarja e mir\u00ebnjohur kosovare Kaltrina Selimi, n\u00eb nj\u00eb intervist\u00eb p\u00ebr \u201cInfoPress\u201d ka th\u00ebn\u00eb se mbase k\u00ebt\u00eb vit ajo dhe i fejuari i saj Dritoni mund ta\" \/>\n<meta name=\"robots\" content=\"index, follow, max-snippet:-1, max-image-preview:large, max-video-preview:-1\" \/>\n<link rel=\"canonical\" href=\"https:\/\/www.visit-ulcinj.com\/blog\/2011\/02\/24\/martesa-mbase-kete-vit-ka-thene-kaltrina-selimi\/\" \/>\n<meta property=\"og:locale\" content=\"en_US\" \/>\n<meta property=\"og:type\" content=\"article\" \/>\n<meta property=\"og:title\" content=\"Martesa mbase k\u00ebti viti ka th\u00ebn\u00eb Kaltrina Selimi - Lajme nga Ulqini\" \/>\n<meta property=\"og:description\" content=\"K\u00ebng\u00ebtarja e mir\u00ebnjohur kosovare Kaltrina Selimi, n\u00eb nj\u00eb intervist\u00eb p\u00ebr \u201cInfoPress\u201d ka th\u00ebn\u00eb se mbase k\u00ebt\u00eb vit ajo dhe i fejuari i saj Dritoni mund ta\" \/>\n<meta property=\"og:url\" content=\"https:\/\/www.visit-ulcinj.com\/blog\/2011\/02\/24\/martesa-mbase-kete-vit-ka-thene-kaltrina-selimi\/\" \/>\n<meta property=\"og:site_name\" content=\"Lajme nga Ulqini\" \/>\n<meta property=\"article:published_time\" content=\"2011-02-24T11:04:57+00:00\" \/>\n<meta property=\"article:modified_time\" content=\"2011-02-24T14:23:01+00:00\" \/>\n<meta property=\"og:image\" content=\"http:\/\/www.visit-ulcinj.com\/blog\/wp-content\/uploads\/2011\/02\/Kaltrina-Selimi_do-martohem.jpg\" \/>\n<meta name=\"twitter:label1\" content=\"Written by\" \/>\n\t<meta name=\"twitter:data1\" content=\"ulqini\" \/>\n\t<meta name=\"twitter:label2\" content=\"Est. reading time\" \/>\n\t<meta name=\"twitter:data2\" content=\"1 minute\" \/>\n<script type=\"application\/ld+json\" class=\"yoast-schema-graph\">{\"@context\":\"https:\/\/schema.org\",\"@graph\":[{\"@type\":\"WebSite\",\"@id\":\"https:\/\/www.visit-ulcinj.com\/blog\/#website\",\"url\":\"https:\/\/www.visit-ulcinj.com\/blog\/\",\"name\":\"Lajme nga Ulqini\",\"description\":\"Lajme,Vijesti,Ulqini,Ulqin,Crna Gora,Mali i Zi\",\"potentialAction\":[{\"@type\":\"SearchAction\",\"target\":{\"@type\":\"EntryPoint\",\"urlTemplate\":\"https:\/\/www.visit-ulcinj.com\/blog\/?s={search_term_string}\"},\"query-input\":\"required name=search_term_string\"}],\"inLanguage\":\"en-US\"},{\"@type\":\"ImageObject\",\"inLanguage\":\"en-US\",\"@id\":\"https:\/\/www.visit-ulcinj.com\/blog\/2011\/02\/24\/martesa-mbase-kete-vit-ka-thene-kaltrina-selimi\/#primaryimage\",\"url\":\"http:\/\/www.visit-ulcinj.com\/blog\/wp-content\/uploads\/2011\/02\/Kaltrina-Selimi_do-martohem.jpg\",\"contentUrl\":\"http:\/\/www.visit-ulcinj.com\/blog\/wp-content\/uploads\/2011\/02\/Kaltrina-Selimi_do-martohem.jpg\"},{\"@type\":\"WebPage\",\"@id\":\"https:\/\/www.visit-ulcinj.com\/blog\/2011\/02\/24\/martesa-mbase-kete-vit-ka-thene-kaltrina-selimi\/#webpage\",\"url\":\"https:\/\/www.visit-ulcinj.com\/blog\/2011\/02\/24\/martesa-mbase-kete-vit-ka-thene-kaltrina-selimi\/\",\"name\":\"Martesa mbase k\u00ebti viti ka th\u00ebn\u00eb Kaltrina Selimi - Lajme nga Ulqini\",\"isPartOf\":{\"@id\":\"https:\/\/www.visit-ulcinj.com\/blog\/#website\"},\"primaryImageOfPage\":{\"@id\":\"https:\/\/www.visit-ulcinj.com\/blog\/2011\/02\/24\/martesa-mbase-kete-vit-ka-thene-kaltrina-selimi\/#primaryimage\"},\"datePublished\":\"2011-02-24T11:04:57+00:00\",\"dateModified\":\"2011-02-24T14:23:01+00:00\",\"author\":{\"@id\":\"https:\/\/www.visit-ulcinj.com\/blog\/#\/schema\/person\/dcab619c614d3038751c63bc2aadc06d\"},\"description\":\"K\u00ebng\u00ebtarja e mir\u00ebnjohur kosovare Kaltrina Selimi, n\u00eb nj\u00eb intervist\u00eb p\u00ebr \u201cInfoPress\u201d ka th\u00ebn\u00eb se mbase k\u00ebt\u00eb vit ajo dhe i fejuari i saj Dritoni mund ta\",\"breadcrumb\":{\"@id\":\"https:\/\/www.visit-ulcinj.com\/blog\/2011\/02\/24\/martesa-mbase-kete-vit-ka-thene-kaltrina-selimi\/#breadcrumb\"},\"inLanguage\":\"en-US\",\"potentialAction\":[{\"@type\":\"ReadAction\",\"target\":[\"https:\/\/www.visit-ulcinj.com\/blog\/2011\/02\/24\/martesa-mbase-kete-vit-ka-thene-kaltrina-selimi\/\"]}]},{\"@type\":\"BreadcrumbList\",\"@id\":\"https:\/\/www.visit-ulcinj.com\/blog\/2011\/02\/24\/martesa-mbase-kete-vit-ka-thene-kaltrina-selimi\/#breadcrumb\",\"itemListElement\":[{\"@type\":\"ListItem\",\"position\":1,\"name\":\"Martesa mbase k\u00ebti viti ka th\u00ebn\u00eb Kaltrina Selimi\"}]},{\"@type\":\"Person\",\"@id\":\"https:\/\/www.visit-ulcinj.com\/blog\/#\/schema\/person\/dcab619c614d3038751c63bc2aadc06d\",\"name\":\"ulqini\",\"sameAs\":[\"http:\/\/www.visit-ulcinj.com\"],\"url\":\"https:\/\/www.visit-ulcinj.com\/blog\/author\/admin\/\"}]}<\/script>\n<!-- \/ Yoast SEO plugin. -->","yoast_head_json":{"title":"Martesa mbase k\u00ebti viti ka th\u00ebn\u00eb Kaltrina Selimi - Lajme nga Ulqini","description":"K\u00ebng\u00ebtarja e mir\u00ebnjohur kosovare Kaltrina Selimi, n\u00eb nj\u00eb intervist\u00eb p\u00ebr \u201cInfoPress\u201d ka th\u00ebn\u00eb se mbase k\u00ebt\u00eb vit ajo dhe i fejuari i saj Dritoni mund ta","robots":{"index":"index","follow":"follow","max-snippet":"max-snippet:-1","max-image-preview":"max-image-preview:large","max-video-preview":"max-video-preview:-1"},"canonical":"https:\/\/www.visit-ulcinj.com\/blog\/2011\/02\/24\/martesa-mbase-kete-vit-ka-thene-kaltrina-selimi\/","og_locale":"en_US","og_type":"article","og_title":"Martesa mbase k\u00ebti viti ka th\u00ebn\u00eb Kaltrina Selimi - Lajme nga Ulqini","og_description":"K\u00ebng\u00ebtarja e mir\u00ebnjohur kosovare Kaltrina Selimi, n\u00eb nj\u00eb intervist\u00eb p\u00ebr \u201cInfoPress\u201d ka th\u00ebn\u00eb se mbase k\u00ebt\u00eb vit ajo dhe i fejuari i saj Dritoni mund ta","og_url":"https:\/\/www.visit-ulcinj.com\/blog\/2011\/02\/24\/martesa-mbase-kete-vit-ka-thene-kaltrina-selimi\/","og_site_name":"Lajme nga Ulqini","article_published_time":"2011-02-24T11:04:57+00:00","article_modified_time":"2011-02-24T14:23:01+00:00","og_image":[{"url":"http:\/\/www.visit-ulcinj.com\/blog\/wp-content\/uploads\/2011\/02\/Kaltrina-Selimi_do-martohem.jpg"}],"twitter_misc":{"Written by":"ulqini","Est. reading time":"1 minute"},"schema":{"@context":"https:\/\/schema.org","@graph":[{"@type":"WebSite","@id":"https:\/\/www.visit-ulcinj.com\/blog\/#website","url":"https:\/\/www.visit-ulcinj.com\/blog\/","name":"Lajme nga Ulqini","description":"Lajme,Vijesti,Ulqini,Ulqin,Crna Gora,Mali i Zi","potentialAction":[{"@type":"SearchAction","target":{"@type":"EntryPoint","urlTemplate":"https:\/\/www.visit-ulcinj.com\/blog\/?s={search_term_string}"},"query-input":"required name=search_term_string"}],"inLanguage":"en-US"},{"@type":"ImageObject","inLanguage":"en-US","@id":"https:\/\/www.visit-ulcinj.com\/blog\/2011\/02\/24\/martesa-mbase-kete-vit-ka-thene-kaltrina-selimi\/#primaryimage","url":"http:\/\/www.visit-ulcinj.com\/blog\/wp-content\/uploads\/2011\/02\/Kaltrina-Selimi_do-martohem.jpg","contentUrl":"http:\/\/www.visit-ulcinj.com\/blog\/wp-content\/uploads\/2011\/02\/Kaltrina-Selimi_do-martohem.jpg"},{"@type":"WebPage","@id":"https:\/\/www.visit-ulcinj.com\/blog\/2011\/02\/24\/martesa-mbase-kete-vit-ka-thene-kaltrina-selimi\/#webpage","url":"https:\/\/www.visit-ulcinj.com\/blog\/2011\/02\/24\/martesa-mbase-kete-vit-ka-thene-kaltrina-selimi\/","name":"Martesa mbase k\u00ebti viti ka th\u00ebn\u00eb Kaltrina Selimi - Lajme nga Ulqini","isPartOf":{"@id":"https:\/\/www.visit-ulcinj.com\/blog\/#website"},"primaryImageOfPage":{"@id":"https:\/\/www.visit-ulcinj.com\/blog\/2011\/02\/24\/martesa-mbase-kete-vit-ka-thene-kaltrina-selimi\/#primaryimage"},"datePublished":"2011-02-24T11:04:57+00:00","dateModified":"2011-02-24T14:23:01+00:00","author":{"@id":"https:\/\/www.visit-ulcinj.com\/blog\/#\/schema\/person\/dcab619c614d3038751c63bc2aadc06d"},"description":"K\u00ebng\u00ebtarja e mir\u00ebnjohur kosovare Kaltrina Selimi, n\u00eb nj\u00eb intervist\u00eb p\u00ebr \u201cInfoPress\u201d ka th\u00ebn\u00eb se mbase k\u00ebt\u00eb vit ajo dhe i fejuari i saj Dritoni mund ta","breadcrumb":{"@id":"https:\/\/www.visit-ulcinj.com\/blog\/2011\/02\/24\/martesa-mbase-kete-vit-ka-thene-kaltrina-selimi\/#breadcrumb"},"inLanguage":"en-US","potentialAction":[{"@type":"ReadAction","target":["https:\/\/www.visit-ulcinj.com\/blog\/2011\/02\/24\/martesa-mbase-kete-vit-ka-thene-kaltrina-selimi\/"]}]},{"@type":"BreadcrumbList","@id":"https:\/\/www.visit-ulcinj.com\/blog\/2011\/02\/24\/martesa-mbase-kete-vit-ka-thene-kaltrina-selimi\/#breadcrumb","itemListElement":[{"@type":"ListItem","position":1,"name":"Martesa mbase k\u00ebti viti ka th\u00ebn\u00eb Kaltrina Selimi"}]},{"@type":"Person","@id":"https:\/\/www.visit-ulcinj.com\/blog\/#\/schema\/person\/dcab619c614d3038751c63bc2aadc06d","name":"ulqini","sameAs":["http:\/\/www.visit-ulcinj.com"],"url":"https:\/\/www.visit-ulcinj.com\/blog\/author\/admin\/"}]}},"jetpack_featured_media_url":"","jetpack_sharing_enabled":true,"jetpack_shortlink":"https:\/\/wp.me\/pe6lTn-bpi","_links":{"self":[{"href":"https:\/\/www.visit-ulcinj.com\/blog\/wp-json\/wp\/v2\/posts\/43852"}],"collection":[{"href":"https:\/\/www.visit-ulcinj.com\/blog\/wp-json\/wp\/v2\/posts"}],"about":[{"href":"https:\/\/www.visit-ulcinj.com\/blog\/wp-json\/wp\/v2\/types\/post"}],"author":[{"embeddable":true,"href":"https:\/\/www.visit-ulcinj.com\/blog\/wp-json\/wp\/v2\/users\/1"}],"replies":[{"embeddable":true,"href":"https:\/\/www.visit-ulcinj.com\/blog\/wp-json\/wp\/v2\/comments?post=43852"}],"version-history":[{"count":0,"href":"https:\/\/www.visit-ulcinj.com\/blog\/wp-json\/wp\/v2\/posts\/43852\/revisions"}],"wp:attachment":[{"href":"https:\/\/www.visit-ulcinj.com\/blog\/wp-json\/wp\/v2\/media?parent=43852"}],"wp:term":[{"taxonomy":"category","embeddable":true,"href":"https:\/\/www.visit-ulcinj.com\/blog\/wp-json\/wp\/v2\/categories?post=43852"},{"taxonomy":"post_tag","embeddable":true,"href":"https:\/\/www.visit-ulcinj.com\/blog\/wp-json\/wp\/v2\/tags?post=43852"}],"curies":[{"name":"wp","href":"https:\/\/api.w.org\/{rel}","templated":true}]}}