{"id":43861,"date":"2011-02-24T13:04:08","date_gmt":"2011-02-24T12:04:08","guid":{"rendered":"http:\/\/www.visit-ulcinj.com\/blog\/?p=43861"},"modified":"2011-02-28T16:14:55","modified_gmt":"2011-02-28T15:14:55","slug":"leonora-e-kenaqur-me-klipin-e-ri","status":"publish","type":"post","link":"https:\/\/www.visit-ulcinj.com\/blog\/2011\/02\/24\/leonora-e-kenaqur-me-klipin-e-ri\/","title":{"rendered":"Leonora e k\u00ebnaqur me klipin e ri &#8211; Video new"},"content":{"rendered":"<p><a href=\"http:\/\/www.visit-ulcinj.com\/blog\/wp-content\/uploads\/2011\/02\/Leonora-Jakupi.jpg\"><img loading=\"lazy\" class=\"alignleft size-full wp-image-43862\" title=\"Leonora Jakupi\" src=\"http:\/\/www.visit-ulcinj.com\/blog\/wp-content\/uploads\/2011\/02\/Leonora-Jakupi.jpg\" alt=\"\" width=\"350\" height=\"470\" \/><\/a>Leonora Jakupi \u00ebsht\u00eb shprehur shum\u00eb e k\u00ebnaqur me realizimin e klipit t\u00eb saj \u201cKoha s\u2019na fal\u201d.<\/p>\n<p>K\u00ebng\u00ebtarja n\u00eb nj\u00eb intervist\u00eb t\u00eb fundit ka th\u00ebn\u00eb se ajo \u00ebsht\u00eb shum\u00eb e k\u00ebnaqur edhe me realizimin e k\u00ebsaj k\u00ebnge, edhe me kripin, p\u00ebrderisa ka th\u00ebn\u00eb se k\u00ebnga e saj \u00ebsht\u00eb e kompozuar nga Ilir Tolaj.<\/p>\n<p>Videokli i k\u00ebng\u00ebs \u201cKoha s\u2019na fal\u201d \u00ebsht\u00eb realizuar n\u00eb qytetin e Gjakov\u00ebs.<br \/>\nLeonora, koh\u00ebve t\u00eb fundit \u00ebsht\u00eb treguar shum\u00eb aktive n\u00eb Kosov\u00eb, p\u00ebrderisa n\u00eb nj\u00eb intervist\u00eb p\u00ebr gazet\u00ebn Shqip ajo ka th\u00ebn\u00eb se n\u00eb karrier\u00ebn e saj nuk ka nevoj\u00eb p\u00ebr mb\u00ebshtetjen e nj\u00eb mashkulli.<\/p>\n<p>\u201cNga sa e njoh veten, nuk mendoj se kjo vlen p\u00ebr femrat\u2026 Jam e bindur se b\u00ebj m\u00eb shum\u00eb sesa shum\u00eb meshkuj dhe b\u00ebj aq sa m\u00eb duhet p\u00ebr t\u00eb jetuar mir\u00eb, e lumtur dhe e lir\u00eb. S`m\u00eb duhet mb\u00ebshtetja e nj\u00eb mashkulli, as arroganca e tij kur m\u00eb p\u00ebrmend se \u201c\u00e7`b\u00ebn ai p\u00ebr mua\u201d, ka th\u00ebn\u00eb Leonora n\u00eb k\u00ebt\u00eb intervist\u00eb.<br \/>\nDihet se mediat disa her\u00eb kan\u00eb shkruar p\u00ebr enigm\u00ebn e jet\u00ebs private t\u00eb Leonor\u00ebs, p\u00ebrderisa shum\u00eb pak dihet p\u00ebr lidhjet e k\u00ebng\u00ebtares.<\/p>\n<p>Nga ana tjet\u00ebr, Leonora n\u00eb nj\u00eb intervist\u00eb p\u00ebr Express kishte th\u00ebn\u00eb se do t\u00eb b\u00ebnte nj\u00eb balad\u00eb, p\u00ebrderisa kishte th\u00ebn\u00eb se ka n\u00eb plan q\u00eb gjat\u00eb k\u00ebtij viti t\u00eb sjell\u00eb edhe hite t\u00eb tjera.<\/p>\n<p><strong>Gazeta Express<br \/>\n<!--YouTube Error: bad URL entered--><\/strong><\/p>\n","protected":false},"excerpt":{"rendered":"<p>Leonora Jakupi \u00ebsht\u00eb shprehur shum\u00eb e k\u00ebnaqur me realizimin e klipit t\u00eb saj \u201cKoha s\u2019na fal\u201d. K\u00ebng\u00ebtarja n\u00eb nj\u00eb intervist\u00eb t\u00eb fundit ka th\u00ebn\u00eb se ajo \u00ebsht\u00eb shum\u00eb e k\u00ebnaqur edhe me realizimin e k\u00ebsaj k\u00ebnge, edhe me kripin, p\u00ebrderisa ka th\u00ebn\u00eb se k\u00ebnga e saj \u00ebsht\u00eb e kompozuar nga Ilir Tolaj. Videokli i k\u00ebng\u00ebs [&hellip;]<\/p>\n","protected":false},"author":1,"featured_media":0,"comment_status":"open","ping_status":"closed","sticky":false,"template":"","format":"standard","meta":{"spay_email":"","jetpack_publicize_message":"","jetpack_is_tweetstorm":false,"jetpack_publicize_feature_enabled":true},"categories":[1],"tags":[5051],"jetpack_publicize_connections":[],"yoast_head":"<!-- This site is optimized with the Yoast SEO plugin v19.1 - https:\/\/yoast.com\/wordpress\/plugins\/seo\/ -->\n<title>Leonora e k\u00ebnaqur me klipin e ri - Video new - Lajme nga Ulqini<\/title>\n<meta name=\"description\" content=\"Leonora Jakupi \u00ebsht\u00eb shprehur shum\u00eb e k\u00ebnaqur me realizimin e klipit t\u00eb saj \u201cKoha s\u2019na fal\u201d. K\u00ebng\u00ebtarja n\u00eb nj\u00eb intervist\u00eb t\u00eb fundit ka th\u00ebn\u00eb se ajo \u00ebsht\u00eb\" \/>\n<meta name=\"robots\" content=\"index, follow, max-snippet:-1, max-image-preview:large, max-video-preview:-1\" \/>\n<link rel=\"canonical\" href=\"https:\/\/www.visit-ulcinj.com\/blog\/2011\/02\/24\/leonora-e-kenaqur-me-klipin-e-ri\/\" \/>\n<meta property=\"og:locale\" content=\"en_US\" \/>\n<meta property=\"og:type\" content=\"article\" \/>\n<meta property=\"og:title\" content=\"Leonora e k\u00ebnaqur me klipin e ri - Video new - Lajme nga Ulqini\" \/>\n<meta property=\"og:description\" content=\"Leonora Jakupi \u00ebsht\u00eb shprehur shum\u00eb e k\u00ebnaqur me realizimin e klipit t\u00eb saj \u201cKoha s\u2019na fal\u201d. K\u00ebng\u00ebtarja n\u00eb nj\u00eb intervist\u00eb t\u00eb fundit ka th\u00ebn\u00eb se ajo \u00ebsht\u00eb\" \/>\n<meta property=\"og:url\" content=\"https:\/\/www.visit-ulcinj.com\/blog\/2011\/02\/24\/leonora-e-kenaqur-me-klipin-e-ri\/\" \/>\n<meta property=\"og:site_name\" content=\"Lajme nga Ulqini\" \/>\n<meta property=\"article:published_time\" content=\"2011-02-24T12:04:08+00:00\" \/>\n<meta property=\"article:modified_time\" content=\"2011-02-28T15:14:55+00:00\" \/>\n<meta property=\"og:image\" content=\"http:\/\/www.visit-ulcinj.com\/blog\/wp-content\/uploads\/2011\/02\/Leonora-Jakupi.jpg\" \/>\n<meta name=\"twitter:label1\" content=\"Written by\" \/>\n\t<meta name=\"twitter:data1\" content=\"ulqini\" \/>\n\t<meta name=\"twitter:label2\" content=\"Est. reading time\" \/>\n\t<meta name=\"twitter:data2\" content=\"1 minute\" \/>\n<script type=\"application\/ld+json\" class=\"yoast-schema-graph\">{\"@context\":\"https:\/\/schema.org\",\"@graph\":[{\"@type\":\"WebSite\",\"@id\":\"https:\/\/www.visit-ulcinj.com\/blog\/#website\",\"url\":\"https:\/\/www.visit-ulcinj.com\/blog\/\",\"name\":\"Lajme nga Ulqini\",\"description\":\"Lajme,Vijesti,Ulqini,Ulqin,Crna Gora,Mali i Zi\",\"potentialAction\":[{\"@type\":\"SearchAction\",\"target\":{\"@type\":\"EntryPoint\",\"urlTemplate\":\"https:\/\/www.visit-ulcinj.com\/blog\/?s={search_term_string}\"},\"query-input\":\"required name=search_term_string\"}],\"inLanguage\":\"en-US\"},{\"@type\":\"ImageObject\",\"inLanguage\":\"en-US\",\"@id\":\"https:\/\/www.visit-ulcinj.com\/blog\/2011\/02\/24\/leonora-e-kenaqur-me-klipin-e-ri\/#primaryimage\",\"url\":\"http:\/\/www.visit-ulcinj.com\/blog\/wp-content\/uploads\/2011\/02\/Leonora-Jakupi.jpg\",\"contentUrl\":\"http:\/\/www.visit-ulcinj.com\/blog\/wp-content\/uploads\/2011\/02\/Leonora-Jakupi.jpg\"},{\"@type\":\"WebPage\",\"@id\":\"https:\/\/www.visit-ulcinj.com\/blog\/2011\/02\/24\/leonora-e-kenaqur-me-klipin-e-ri\/#webpage\",\"url\":\"https:\/\/www.visit-ulcinj.com\/blog\/2011\/02\/24\/leonora-e-kenaqur-me-klipin-e-ri\/\",\"name\":\"Leonora e k\u00ebnaqur me klipin e ri - Video new - Lajme nga Ulqini\",\"isPartOf\":{\"@id\":\"https:\/\/www.visit-ulcinj.com\/blog\/#website\"},\"primaryImageOfPage\":{\"@id\":\"https:\/\/www.visit-ulcinj.com\/blog\/2011\/02\/24\/leonora-e-kenaqur-me-klipin-e-ri\/#primaryimage\"},\"datePublished\":\"2011-02-24T12:04:08+00:00\",\"dateModified\":\"2011-02-28T15:14:55+00:00\",\"author\":{\"@id\":\"https:\/\/www.visit-ulcinj.com\/blog\/#\/schema\/person\/dcab619c614d3038751c63bc2aadc06d\"},\"description\":\"Leonora Jakupi \u00ebsht\u00eb shprehur shum\u00eb e k\u00ebnaqur me realizimin e klipit t\u00eb saj \u201cKoha s\u2019na fal\u201d. K\u00ebng\u00ebtarja n\u00eb nj\u00eb intervist\u00eb t\u00eb fundit ka th\u00ebn\u00eb se ajo \u00ebsht\u00eb\",\"breadcrumb\":{\"@id\":\"https:\/\/www.visit-ulcinj.com\/blog\/2011\/02\/24\/leonora-e-kenaqur-me-klipin-e-ri\/#breadcrumb\"},\"inLanguage\":\"en-US\",\"potentialAction\":[{\"@type\":\"ReadAction\",\"target\":[\"https:\/\/www.visit-ulcinj.com\/blog\/2011\/02\/24\/leonora-e-kenaqur-me-klipin-e-ri\/\"]}]},{\"@type\":\"BreadcrumbList\",\"@id\":\"https:\/\/www.visit-ulcinj.com\/blog\/2011\/02\/24\/leonora-e-kenaqur-me-klipin-e-ri\/#breadcrumb\",\"itemListElement\":[{\"@type\":\"ListItem\",\"position\":1,\"name\":\"Leonora e k\u00ebnaqur me klipin e ri &#8211; Video new\"}]},{\"@type\":\"Person\",\"@id\":\"https:\/\/www.visit-ulcinj.com\/blog\/#\/schema\/person\/dcab619c614d3038751c63bc2aadc06d\",\"name\":\"ulqini\",\"sameAs\":[\"http:\/\/www.visit-ulcinj.com\"],\"url\":\"https:\/\/www.visit-ulcinj.com\/blog\/author\/admin\/\"}]}<\/script>\n<!-- \/ Yoast SEO plugin. -->","yoast_head_json":{"title":"Leonora e k\u00ebnaqur me klipin e ri - Video new - Lajme nga Ulqini","description":"Leonora Jakupi \u00ebsht\u00eb shprehur shum\u00eb e k\u00ebnaqur me realizimin e klipit t\u00eb saj \u201cKoha s\u2019na fal\u201d. K\u00ebng\u00ebtarja n\u00eb nj\u00eb intervist\u00eb t\u00eb fundit ka th\u00ebn\u00eb se ajo \u00ebsht\u00eb","robots":{"index":"index","follow":"follow","max-snippet":"max-snippet:-1","max-image-preview":"max-image-preview:large","max-video-preview":"max-video-preview:-1"},"canonical":"https:\/\/www.visit-ulcinj.com\/blog\/2011\/02\/24\/leonora-e-kenaqur-me-klipin-e-ri\/","og_locale":"en_US","og_type":"article","og_title":"Leonora e k\u00ebnaqur me klipin e ri - Video new - Lajme nga Ulqini","og_description":"Leonora Jakupi \u00ebsht\u00eb shprehur shum\u00eb e k\u00ebnaqur me realizimin e klipit t\u00eb saj \u201cKoha s\u2019na fal\u201d. K\u00ebng\u00ebtarja n\u00eb nj\u00eb intervist\u00eb t\u00eb fundit ka th\u00ebn\u00eb se ajo \u00ebsht\u00eb","og_url":"https:\/\/www.visit-ulcinj.com\/blog\/2011\/02\/24\/leonora-e-kenaqur-me-klipin-e-ri\/","og_site_name":"Lajme nga Ulqini","article_published_time":"2011-02-24T12:04:08+00:00","article_modified_time":"2011-02-28T15:14:55+00:00","og_image":[{"url":"http:\/\/www.visit-ulcinj.com\/blog\/wp-content\/uploads\/2011\/02\/Leonora-Jakupi.jpg"}],"twitter_misc":{"Written by":"ulqini","Est. reading time":"1 minute"},"schema":{"@context":"https:\/\/schema.org","@graph":[{"@type":"WebSite","@id":"https:\/\/www.visit-ulcinj.com\/blog\/#website","url":"https:\/\/www.visit-ulcinj.com\/blog\/","name":"Lajme nga Ulqini","description":"Lajme,Vijesti,Ulqini,Ulqin,Crna Gora,Mali i Zi","potentialAction":[{"@type":"SearchAction","target":{"@type":"EntryPoint","urlTemplate":"https:\/\/www.visit-ulcinj.com\/blog\/?s={search_term_string}"},"query-input":"required name=search_term_string"}],"inLanguage":"en-US"},{"@type":"ImageObject","inLanguage":"en-US","@id":"https:\/\/www.visit-ulcinj.com\/blog\/2011\/02\/24\/leonora-e-kenaqur-me-klipin-e-ri\/#primaryimage","url":"http:\/\/www.visit-ulcinj.com\/blog\/wp-content\/uploads\/2011\/02\/Leonora-Jakupi.jpg","contentUrl":"http:\/\/www.visit-ulcinj.com\/blog\/wp-content\/uploads\/2011\/02\/Leonora-Jakupi.jpg"},{"@type":"WebPage","@id":"https:\/\/www.visit-ulcinj.com\/blog\/2011\/02\/24\/leonora-e-kenaqur-me-klipin-e-ri\/#webpage","url":"https:\/\/www.visit-ulcinj.com\/blog\/2011\/02\/24\/leonora-e-kenaqur-me-klipin-e-ri\/","name":"Leonora e k\u00ebnaqur me klipin e ri - Video new - Lajme nga Ulqini","isPartOf":{"@id":"https:\/\/www.visit-ulcinj.com\/blog\/#website"},"primaryImageOfPage":{"@id":"https:\/\/www.visit-ulcinj.com\/blog\/2011\/02\/24\/leonora-e-kenaqur-me-klipin-e-ri\/#primaryimage"},"datePublished":"2011-02-24T12:04:08+00:00","dateModified":"2011-02-28T15:14:55+00:00","author":{"@id":"https:\/\/www.visit-ulcinj.com\/blog\/#\/schema\/person\/dcab619c614d3038751c63bc2aadc06d"},"description":"Leonora Jakupi \u00ebsht\u00eb shprehur shum\u00eb e k\u00ebnaqur me realizimin e klipit t\u00eb saj \u201cKoha s\u2019na fal\u201d. K\u00ebng\u00ebtarja n\u00eb nj\u00eb intervist\u00eb t\u00eb fundit ka th\u00ebn\u00eb se ajo \u00ebsht\u00eb","breadcrumb":{"@id":"https:\/\/www.visit-ulcinj.com\/blog\/2011\/02\/24\/leonora-e-kenaqur-me-klipin-e-ri\/#breadcrumb"},"inLanguage":"en-US","potentialAction":[{"@type":"ReadAction","target":["https:\/\/www.visit-ulcinj.com\/blog\/2011\/02\/24\/leonora-e-kenaqur-me-klipin-e-ri\/"]}]},{"@type":"BreadcrumbList","@id":"https:\/\/www.visit-ulcinj.com\/blog\/2011\/02\/24\/leonora-e-kenaqur-me-klipin-e-ri\/#breadcrumb","itemListElement":[{"@type":"ListItem","position":1,"name":"Leonora e k\u00ebnaqur me klipin e ri &#8211; Video new"}]},{"@type":"Person","@id":"https:\/\/www.visit-ulcinj.com\/blog\/#\/schema\/person\/dcab619c614d3038751c63bc2aadc06d","name":"ulqini","sameAs":["http:\/\/www.visit-ulcinj.com"],"url":"https:\/\/www.visit-ulcinj.com\/blog\/author\/admin\/"}]}},"jetpack_featured_media_url":"","jetpack_sharing_enabled":true,"jetpack_shortlink":"https:\/\/wp.me\/pe6lTn-bpr","_links":{"self":[{"href":"https:\/\/www.visit-ulcinj.com\/blog\/wp-json\/wp\/v2\/posts\/43861"}],"collection":[{"href":"https:\/\/www.visit-ulcinj.com\/blog\/wp-json\/wp\/v2\/posts"}],"about":[{"href":"https:\/\/www.visit-ulcinj.com\/blog\/wp-json\/wp\/v2\/types\/post"}],"author":[{"embeddable":true,"href":"https:\/\/www.visit-ulcinj.com\/blog\/wp-json\/wp\/v2\/users\/1"}],"replies":[{"embeddable":true,"href":"https:\/\/www.visit-ulcinj.com\/blog\/wp-json\/wp\/v2\/comments?post=43861"}],"version-history":[{"count":0,"href":"https:\/\/www.visit-ulcinj.com\/blog\/wp-json\/wp\/v2\/posts\/43861\/revisions"}],"wp:attachment":[{"href":"https:\/\/www.visit-ulcinj.com\/blog\/wp-json\/wp\/v2\/media?parent=43861"}],"wp:term":[{"taxonomy":"category","embeddable":true,"href":"https:\/\/www.visit-ulcinj.com\/blog\/wp-json\/wp\/v2\/categories?post=43861"},{"taxonomy":"post_tag","embeddable":true,"href":"https:\/\/www.visit-ulcinj.com\/blog\/wp-json\/wp\/v2\/tags?post=43861"}],"curies":[{"name":"wp","href":"https:\/\/api.w.org\/{rel}","templated":true}]}}