{"id":43878,"date":"2011-02-24T14:07:26","date_gmt":"2011-02-24T13:07:26","guid":{"rendered":"http:\/\/www.visit-ulcinj.com\/blog\/?p=43878"},"modified":"2011-02-24T14:09:44","modified_gmt":"2011-02-24T13:09:44","slug":"tuna-ngaterron-profesionin","status":"publish","type":"post","link":"https:\/\/www.visit-ulcinj.com\/blog\/2011\/02\/24\/tuna-ngaterron-profesionin\/","title":{"rendered":"Tuna, ngat\u00ebrron profesionin?!"},"content":{"rendered":"<p><a href=\"http:\/\/www.visit-ulcinj.com\/blog\/wp-content\/uploads\/2011\/02\/Altuna-Sejdiu_Tuna.jpg\"><img loading=\"lazy\" class=\"alignleft size-full wp-image-43879\" title=\"Altuna Sejdiu_Tuna\" src=\"http:\/\/www.visit-ulcinj.com\/blog\/wp-content\/uploads\/2011\/02\/Altuna-Sejdiu_Tuna.jpg\" alt=\"\" width=\"508\" height=\"380\" \/><\/a>K\u00ebng\u00ebtarja nga Maqedonia, Tuna, pasi \u00e7uditi gjith\u00eb njer\u00ebzit me tekstin e saj t\u00eb fundit, n\u00eb k\u00ebng\u00ebn \u201cPse jo\u201d, ku na thoshte \u201cDo me dit sa her\u00eb e b\u00ebj n\u00eb dit\u201d na tregon se ka edhe hobe t\u00eb tjera. K\u00ebshtu, k\u00ebng\u00ebtarja ka vendosur t\u00eb b\u00ebhet edhe kritike mode, n\u00eb faqet e revist\u00ebs \u201cSelect\u201d. P\u00ebr veshjet dhe look-un, Tuna meriton v\u00ebrtet\u00eb t\u00eb lavd\u00ebrohet. Dhe n\u00eb k\u00ebt\u00eb drejtim nuk i heqim asnj\u00eb pik\u00eb, por ama le t\u2019ua l\u00ebr\u00eb specialist\u00ebve t\u00eb mod\u00ebs pun\u00ebn e veshjeve dhe le t\u00eb merret me k\u00ebng\u00ebn, p\u00ebr t\u00eb cil\u00ebn edhe njihet. Ndoshta n\u00eb k\u00ebt\u00eb pik\u00eb, k\u00ebng\u00ebtarja do t\u00eb ket\u00eb marr\u00eb frym\u00ebzimin te nj\u00eb kolege e saj n\u00eb Shqip\u00ebri, q\u00eb ka l\u00ebn\u00eb muzik\u00ebn dhe b\u00ebn k\u00ebshilltaren e veshjeve t\u00eb adoleshenteve!<\/p>\n<p><strong>Ilda Lumani<\/strong><strong><br \/>\nMapo<br \/>\n<!--YouTube Error: bad URL entered--><\/strong><\/p>\n","protected":false},"excerpt":{"rendered":"<p>K\u00ebng\u00ebtarja nga Maqedonia, Tuna, pasi \u00e7uditi gjith\u00eb njer\u00ebzit me tekstin e saj t\u00eb fundit, n\u00eb k\u00ebng\u00ebn \u201cPse jo\u201d, ku na thoshte \u201cDo me dit sa her\u00eb e b\u00ebj n\u00eb dit\u201d na tregon se ka edhe hobe t\u00eb tjera. K\u00ebshtu, k\u00ebng\u00ebtarja ka vendosur t\u00eb b\u00ebhet edhe kritike mode, n\u00eb faqet e revist\u00ebs \u201cSelect\u201d. P\u00ebr veshjet dhe [&hellip;]<\/p>\n","protected":false},"author":1,"featured_media":0,"comment_status":"open","ping_status":"closed","sticky":false,"template":"","format":"standard","meta":{"spay_email":"","jetpack_publicize_message":"","jetpack_is_tweetstorm":false,"jetpack_publicize_feature_enabled":true},"categories":[1],"tags":[4972,13348],"jetpack_publicize_connections":[],"yoast_head":"<!-- This site is optimized with the Yoast SEO plugin v19.1 - https:\/\/yoast.com\/wordpress\/plugins\/seo\/ -->\n<title>Tuna, ngat\u00ebrron profesionin?! - Lajme nga Ulqini<\/title>\n<meta name=\"description\" content=\"K\u00ebng\u00ebtarja nga Maqedonia, Tuna, pasi \u00e7uditi gjith\u00eb njer\u00ebzit me tekstin e saj t\u00eb fundit, n\u00eb k\u00ebng\u00ebn \u201cPse jo\u201d, ku na thoshte \u201cDo me dit sa her\u00eb e b\u00ebj n\u00eb dit\u201d\" \/>\n<meta name=\"robots\" content=\"index, follow, max-snippet:-1, max-image-preview:large, max-video-preview:-1\" \/>\n<link rel=\"canonical\" href=\"https:\/\/www.visit-ulcinj.com\/blog\/2011\/02\/24\/tuna-ngaterron-profesionin\/\" \/>\n<meta property=\"og:locale\" content=\"en_US\" \/>\n<meta property=\"og:type\" content=\"article\" \/>\n<meta property=\"og:title\" content=\"Tuna, ngat\u00ebrron profesionin?! - Lajme nga Ulqini\" \/>\n<meta property=\"og:description\" content=\"K\u00ebng\u00ebtarja nga Maqedonia, Tuna, pasi \u00e7uditi gjith\u00eb njer\u00ebzit me tekstin e saj t\u00eb fundit, n\u00eb k\u00ebng\u00ebn \u201cPse jo\u201d, ku na thoshte \u201cDo me dit sa her\u00eb e b\u00ebj n\u00eb dit\u201d\" \/>\n<meta property=\"og:url\" content=\"https:\/\/www.visit-ulcinj.com\/blog\/2011\/02\/24\/tuna-ngaterron-profesionin\/\" \/>\n<meta property=\"og:site_name\" content=\"Lajme nga Ulqini\" \/>\n<meta property=\"article:published_time\" content=\"2011-02-24T13:07:26+00:00\" \/>\n<meta property=\"article:modified_time\" content=\"2011-02-24T13:09:44+00:00\" \/>\n<meta property=\"og:image\" content=\"http:\/\/www.visit-ulcinj.com\/blog\/wp-content\/uploads\/2011\/02\/Altuna-Sejdiu_Tuna.jpg\" \/>\n<meta name=\"twitter:label1\" content=\"Written by\" \/>\n\t<meta name=\"twitter:data1\" content=\"ulqini\" \/>\n\t<meta name=\"twitter:label2\" content=\"Est. reading time\" \/>\n\t<meta name=\"twitter:data2\" content=\"1 minute\" \/>\n<script type=\"application\/ld+json\" class=\"yoast-schema-graph\">{\"@context\":\"https:\/\/schema.org\",\"@graph\":[{\"@type\":\"WebSite\",\"@id\":\"https:\/\/www.visit-ulcinj.com\/blog\/#website\",\"url\":\"https:\/\/www.visit-ulcinj.com\/blog\/\",\"name\":\"Lajme nga Ulqini\",\"description\":\"Lajme,Vijesti,Ulqini,Ulqin,Crna Gora,Mali i Zi\",\"potentialAction\":[{\"@type\":\"SearchAction\",\"target\":{\"@type\":\"EntryPoint\",\"urlTemplate\":\"https:\/\/www.visit-ulcinj.com\/blog\/?s={search_term_string}\"},\"query-input\":\"required name=search_term_string\"}],\"inLanguage\":\"en-US\"},{\"@type\":\"ImageObject\",\"inLanguage\":\"en-US\",\"@id\":\"https:\/\/www.visit-ulcinj.com\/blog\/2011\/02\/24\/tuna-ngaterron-profesionin\/#primaryimage\",\"url\":\"https:\/\/www.visit-ulcinj.com\/blog\/wp-content\/uploads\/2011\/02\/Altuna-Sejdiu_Tuna.jpg\",\"contentUrl\":\"https:\/\/www.visit-ulcinj.com\/blog\/wp-content\/uploads\/2011\/02\/Altuna-Sejdiu_Tuna.jpg\",\"width\":\"604\",\"height\":\"403\"},{\"@type\":\"WebPage\",\"@id\":\"https:\/\/www.visit-ulcinj.com\/blog\/2011\/02\/24\/tuna-ngaterron-profesionin\/#webpage\",\"url\":\"https:\/\/www.visit-ulcinj.com\/blog\/2011\/02\/24\/tuna-ngaterron-profesionin\/\",\"name\":\"Tuna, ngat\u00ebrron profesionin?! - Lajme nga Ulqini\",\"isPartOf\":{\"@id\":\"https:\/\/www.visit-ulcinj.com\/blog\/#website\"},\"primaryImageOfPage\":{\"@id\":\"https:\/\/www.visit-ulcinj.com\/blog\/2011\/02\/24\/tuna-ngaterron-profesionin\/#primaryimage\"},\"datePublished\":\"2011-02-24T13:07:26+00:00\",\"dateModified\":\"2011-02-24T13:09:44+00:00\",\"author\":{\"@id\":\"https:\/\/www.visit-ulcinj.com\/blog\/#\/schema\/person\/dcab619c614d3038751c63bc2aadc06d\"},\"description\":\"K\u00ebng\u00ebtarja nga Maqedonia, Tuna, pasi \u00e7uditi gjith\u00eb njer\u00ebzit me tekstin e saj t\u00eb fundit, n\u00eb k\u00ebng\u00ebn \u201cPse jo\u201d, ku na thoshte \u201cDo me dit sa her\u00eb e b\u00ebj n\u00eb dit\u201d\",\"breadcrumb\":{\"@id\":\"https:\/\/www.visit-ulcinj.com\/blog\/2011\/02\/24\/tuna-ngaterron-profesionin\/#breadcrumb\"},\"inLanguage\":\"en-US\",\"potentialAction\":[{\"@type\":\"ReadAction\",\"target\":[\"https:\/\/www.visit-ulcinj.com\/blog\/2011\/02\/24\/tuna-ngaterron-profesionin\/\"]}]},{\"@type\":\"BreadcrumbList\",\"@id\":\"https:\/\/www.visit-ulcinj.com\/blog\/2011\/02\/24\/tuna-ngaterron-profesionin\/#breadcrumb\",\"itemListElement\":[{\"@type\":\"ListItem\",\"position\":1,\"name\":\"Tuna, ngat\u00ebrron profesionin?!\"}]},{\"@type\":\"Person\",\"@id\":\"https:\/\/www.visit-ulcinj.com\/blog\/#\/schema\/person\/dcab619c614d3038751c63bc2aadc06d\",\"name\":\"ulqini\",\"sameAs\":[\"http:\/\/www.visit-ulcinj.com\"],\"url\":\"https:\/\/www.visit-ulcinj.com\/blog\/author\/admin\/\"}]}<\/script>\n<!-- \/ Yoast SEO plugin. -->","yoast_head_json":{"title":"Tuna, ngat\u00ebrron profesionin?! - Lajme nga Ulqini","description":"K\u00ebng\u00ebtarja nga Maqedonia, Tuna, pasi \u00e7uditi gjith\u00eb njer\u00ebzit me tekstin e saj t\u00eb fundit, n\u00eb k\u00ebng\u00ebn \u201cPse jo\u201d, ku na thoshte \u201cDo me dit sa her\u00eb e b\u00ebj n\u00eb dit\u201d","robots":{"index":"index","follow":"follow","max-snippet":"max-snippet:-1","max-image-preview":"max-image-preview:large","max-video-preview":"max-video-preview:-1"},"canonical":"https:\/\/www.visit-ulcinj.com\/blog\/2011\/02\/24\/tuna-ngaterron-profesionin\/","og_locale":"en_US","og_type":"article","og_title":"Tuna, ngat\u00ebrron profesionin?! - Lajme nga Ulqini","og_description":"K\u00ebng\u00ebtarja nga Maqedonia, Tuna, pasi \u00e7uditi gjith\u00eb njer\u00ebzit me tekstin e saj t\u00eb fundit, n\u00eb k\u00ebng\u00ebn \u201cPse jo\u201d, ku na thoshte \u201cDo me dit sa her\u00eb e b\u00ebj n\u00eb dit\u201d","og_url":"https:\/\/www.visit-ulcinj.com\/blog\/2011\/02\/24\/tuna-ngaterron-profesionin\/","og_site_name":"Lajme nga Ulqini","article_published_time":"2011-02-24T13:07:26+00:00","article_modified_time":"2011-02-24T13:09:44+00:00","og_image":[{"url":"http:\/\/www.visit-ulcinj.com\/blog\/wp-content\/uploads\/2011\/02\/Altuna-Sejdiu_Tuna.jpg"}],"twitter_misc":{"Written by":"ulqini","Est. reading time":"1 minute"},"schema":{"@context":"https:\/\/schema.org","@graph":[{"@type":"WebSite","@id":"https:\/\/www.visit-ulcinj.com\/blog\/#website","url":"https:\/\/www.visit-ulcinj.com\/blog\/","name":"Lajme nga Ulqini","description":"Lajme,Vijesti,Ulqini,Ulqin,Crna Gora,Mali i Zi","potentialAction":[{"@type":"SearchAction","target":{"@type":"EntryPoint","urlTemplate":"https:\/\/www.visit-ulcinj.com\/blog\/?s={search_term_string}"},"query-input":"required name=search_term_string"}],"inLanguage":"en-US"},{"@type":"ImageObject","inLanguage":"en-US","@id":"https:\/\/www.visit-ulcinj.com\/blog\/2011\/02\/24\/tuna-ngaterron-profesionin\/#primaryimage","url":"https:\/\/www.visit-ulcinj.com\/blog\/wp-content\/uploads\/2011\/02\/Altuna-Sejdiu_Tuna.jpg","contentUrl":"https:\/\/www.visit-ulcinj.com\/blog\/wp-content\/uploads\/2011\/02\/Altuna-Sejdiu_Tuna.jpg","width":"604","height":"403"},{"@type":"WebPage","@id":"https:\/\/www.visit-ulcinj.com\/blog\/2011\/02\/24\/tuna-ngaterron-profesionin\/#webpage","url":"https:\/\/www.visit-ulcinj.com\/blog\/2011\/02\/24\/tuna-ngaterron-profesionin\/","name":"Tuna, ngat\u00ebrron profesionin?! - Lajme nga Ulqini","isPartOf":{"@id":"https:\/\/www.visit-ulcinj.com\/blog\/#website"},"primaryImageOfPage":{"@id":"https:\/\/www.visit-ulcinj.com\/blog\/2011\/02\/24\/tuna-ngaterron-profesionin\/#primaryimage"},"datePublished":"2011-02-24T13:07:26+00:00","dateModified":"2011-02-24T13:09:44+00:00","author":{"@id":"https:\/\/www.visit-ulcinj.com\/blog\/#\/schema\/person\/dcab619c614d3038751c63bc2aadc06d"},"description":"K\u00ebng\u00ebtarja nga Maqedonia, Tuna, pasi \u00e7uditi gjith\u00eb njer\u00ebzit me tekstin e saj t\u00eb fundit, n\u00eb k\u00ebng\u00ebn \u201cPse jo\u201d, ku na thoshte \u201cDo me dit sa her\u00eb e b\u00ebj n\u00eb dit\u201d","breadcrumb":{"@id":"https:\/\/www.visit-ulcinj.com\/blog\/2011\/02\/24\/tuna-ngaterron-profesionin\/#breadcrumb"},"inLanguage":"en-US","potentialAction":[{"@type":"ReadAction","target":["https:\/\/www.visit-ulcinj.com\/blog\/2011\/02\/24\/tuna-ngaterron-profesionin\/"]}]},{"@type":"BreadcrumbList","@id":"https:\/\/www.visit-ulcinj.com\/blog\/2011\/02\/24\/tuna-ngaterron-profesionin\/#breadcrumb","itemListElement":[{"@type":"ListItem","position":1,"name":"Tuna, ngat\u00ebrron profesionin?!"}]},{"@type":"Person","@id":"https:\/\/www.visit-ulcinj.com\/blog\/#\/schema\/person\/dcab619c614d3038751c63bc2aadc06d","name":"ulqini","sameAs":["http:\/\/www.visit-ulcinj.com"],"url":"https:\/\/www.visit-ulcinj.com\/blog\/author\/admin\/"}]}},"jetpack_featured_media_url":"","jetpack_sharing_enabled":true,"jetpack_shortlink":"https:\/\/wp.me\/pe6lTn-bpI","_links":{"self":[{"href":"https:\/\/www.visit-ulcinj.com\/blog\/wp-json\/wp\/v2\/posts\/43878"}],"collection":[{"href":"https:\/\/www.visit-ulcinj.com\/blog\/wp-json\/wp\/v2\/posts"}],"about":[{"href":"https:\/\/www.visit-ulcinj.com\/blog\/wp-json\/wp\/v2\/types\/post"}],"author":[{"embeddable":true,"href":"https:\/\/www.visit-ulcinj.com\/blog\/wp-json\/wp\/v2\/users\/1"}],"replies":[{"embeddable":true,"href":"https:\/\/www.visit-ulcinj.com\/blog\/wp-json\/wp\/v2\/comments?post=43878"}],"version-history":[{"count":0,"href":"https:\/\/www.visit-ulcinj.com\/blog\/wp-json\/wp\/v2\/posts\/43878\/revisions"}],"wp:attachment":[{"href":"https:\/\/www.visit-ulcinj.com\/blog\/wp-json\/wp\/v2\/media?parent=43878"}],"wp:term":[{"taxonomy":"category","embeddable":true,"href":"https:\/\/www.visit-ulcinj.com\/blog\/wp-json\/wp\/v2\/categories?post=43878"},{"taxonomy":"post_tag","embeddable":true,"href":"https:\/\/www.visit-ulcinj.com\/blog\/wp-json\/wp\/v2\/tags?post=43878"}],"curies":[{"name":"wp","href":"https:\/\/api.w.org\/{rel}","templated":true}]}}