{"id":43900,"date":"2011-02-24T17:50:03","date_gmt":"2011-02-24T16:50:03","guid":{"rendered":"http:\/\/www.visit-ulcinj.com\/blog\/?p=43900"},"modified":"2011-03-19T14:56:28","modified_gmt":"2011-03-19T13:56:28","slug":"turneu-i-xi-nderkombetar-te-karatese-ulqini-open-2011","status":"publish","type":"post","link":"https:\/\/www.visit-ulcinj.com\/blog\/2011\/02\/24\/turneu-i-xi-nderkombetar-te-karatese-ulqini-open-2011\/","title":{"rendered":"Turneu i XI nd\u00ebrkomb\u00ebtar t\u00eb karates\u00eb &#8211; ULQINI OPEN 2011"},"content":{"rendered":"<p><strong><a href=\"http:\/\/www.visit-ulcinj.com\/blog\/wp-content\/uploads\/2011\/02\/Turneu-i-XI-nderkombetar-te-karatese_ULQINI-OPEN-2011.jpg\"><img loading=\"lazy\" class=\"alignleft size-full wp-image-43901\" title=\"Turneu i XI nderkombetar te karatese_ULQINI OPEN 2011\" src=\"http:\/\/www.visit-ulcinj.com\/blog\/wp-content\/uploads\/2011\/02\/Turneu-i-XI-nderkombetar-te-karatese_ULQINI-OPEN-2011.jpg\" alt=\"\" width=\"508\" height=\"722\" srcset=\"https:\/\/www.visit-ulcinj.com\/blog\/wp-content\/uploads\/2011\/02\/Turneu-i-XI-nderkombetar-te-karatese_ULQINI-OPEN-2011.jpg 508w, https:\/\/www.visit-ulcinj.com\/blog\/wp-content\/uploads\/2011\/02\/Turneu-i-XI-nderkombetar-te-karatese_ULQINI-OPEN-2011-211x300.jpg 211w\" sizes=\"(max-width: 508px) 100vw, 508px\" \/><\/a>T\u00eb nderuar miq t\u00eb sportit!<\/strong><\/p>\n<p>Ju ftojm\u00eb q\u00eb t\u00eb merrni pjes\u00eb n\u00eb Turneun e XI nd\u00ebrkomb\u00ebtar t\u00eb karates\u00eb ULQINI OPEN 2011\u201d,i cili tashm\u00eb \u00ebsht\u00eb b\u00ebr\u00eb turne tradicional me pjes\u00ebmarrje masovike.<\/p>\n<p>N\u00eb Turneun e X mor\u00ebn pjes\u00eb 35 klube me 760 garues nga Mali i Zi, Shqip\u00ebria, Kosova,Kroacia, Bosna, Serbia, Maqedonia dhe Gjermania.<\/p>\n<p>Qyteti yn\u00eb i bukur \u00ebsht\u00eb i njohur jo vet\u00ebm si destinacion i preferuar turistik, por edhe<\/p>\n<p>si qytet me nj\u00eb tradit\u00eb t\u00eb gjat\u00eb sportive. Si\u00e7 njihet p\u00ebr detin, diellin, ullinjt\u00eb dhe plazhet<\/p>\n<p>e mrekullueshme zallore, Ulqini njihet edhe n\u00eb sportin e karates\u00eb fal\u00eb sukseseve t\u00eb m\u00ebdha t\u00eb arritura n\u00eb arenat vendore, komb\u00ebtare dhe nd\u00ebrkomb\u00ebtare. Q\u00eb t\u00eb njiheni me bukurit\u00eb dhe historin\u00eb e qytetit ton\u00eb vizitoni faqet e internetit <strong><a href=\"http:\/\/www.ulqini.de\/\" target=\"_blank\">www.ulqini.de<\/a><\/strong> dhe<strong> <a href=\"http:\/\/www.visit-ulcinj.com\/\" target=\"_blank\">www.visit-ulcinj.com.<\/a><\/strong><\/p>\n<p>K\u00ebt\u00eb vit me Turneun \u201dUlqini Open 2011\u201d Klubi yn\u00eb p\u00ebrkujton trajnerin t\u00eb ndjerin Domeniko Beli Elezoviq, i cili ka qen\u00eb nj\u00eb nd\u00ebr themeluesit e klubit t\u00eb par\u00eb t\u00eb karates\u00eb n\u00eb Ulqin.<\/p>\n<p>Klubit t\u00eb karates\u00eb \u201dUlqini\u201d dhe t\u00eb cilit i takojn\u00eb merita t\u00eb m\u00ebdha p\u00ebr zhvillimin e sportit t\u00eb karates\u00eb.<\/p>\n<p>Prania Juaj do t\u00eb na nderoj\u00eb!<\/p>\n<p>Ju urojm\u00eb q\u00ebndrim t\u00eb k\u00ebndsh\u00ebm n\u00eb qytetin ton\u00eb dhe shum\u00eb medalje!<\/p>\n<p>P\u00ebrsh\u00ebndetje sportive!<\/p>\n<p><strong><br \/>\n<\/strong><br \/>\n[flv width=&#8221;508&#8243; height=&#8221;390&#8243;]http:\/\/cdn9.fliqz.com\/bca2a1bd98324f429cf68c31ef3b2269.flv[\/flv]<br \/>\n<strong> <\/strong><strong><br \/>\n<\/strong><strong>Organizator i turneut<br \/>\n<\/strong><strong>\u201cKlubi i Karates\u00eb Ulqini\u201d<br \/>\n<a href=\"http:\/\/www.visit-ulcinj.com\/blog\/wp-content\/uploads\/2011\/02\/Turneu-i-XI-nderkombetar-te-karatese_ULQINI-OPEN-2011_3.jpg\"><img loading=\"lazy\" class=\"alignleft size-large wp-image-43902\" title=\"Turneu i XI nderkombetar te karatese_ULQINI OPEN 2011_3\" src=\"http:\/\/www.visit-ulcinj.com\/blog\/wp-content\/uploads\/2011\/02\/Turneu-i-XI-nderkombetar-te-karatese_ULQINI-OPEN-2011_3-724x1024.jpg\" alt=\"\" width=\"508\" height=\"620\" \/><\/a><\/strong><br \/>\n<a href=\"http:\/\/www.visit-ulcinj.com\/blog\/wp-content\/uploads\/2011\/02\/Turneu-i-XI-nderkombetar-te-karatese_ULQINI-OPEN-2011_1.jpg\"><img loading=\"lazy\" class=\"alignleft size-full wp-image-43903\" title=\"Turneu i XI nderkombetar te karatese_ULQINI OPEN 2011_1\" src=\"http:\/\/www.visit-ulcinj.com\/blog\/wp-content\/uploads\/2011\/02\/Turneu-i-XI-nderkombetar-te-karatese_ULQINI-OPEN-2011_1.jpg\" alt=\"\" width=\"508\" height=\"620\" \/><\/a><br \/>\n<a href=\"http:\/\/www.visit-ulcinj.com\/blog\/wp-content\/uploads\/2011\/02\/Turneu-i-XI-nderkombetar-te-karatese_ULQINI-OPEN-2011_2.jpg\"><img loading=\"lazy\" class=\"alignleft size-large wp-image-43904\" title=\"Turneu i XI nderkombetar te karatese_ULQINI OPEN 2011_2\" src=\"http:\/\/www.visit-ulcinj.com\/blog\/wp-content\/uploads\/2011\/02\/Turneu-i-XI-nderkombetar-te-karatese_ULQINI-OPEN-2011_2-722x1024.jpg\" alt=\"\" width=\"508\" height=\"620\" \/><\/a><\/p>\n","protected":false},"excerpt":{"rendered":"<p>T\u00eb nderuar miq t\u00eb sportit! Ju ftojm\u00eb q\u00eb t\u00eb merrni pjes\u00eb n\u00eb Turneun e XI nd\u00ebrkomb\u00ebtar t\u00eb karates\u00eb ULQINI OPEN 2011\u201d,i cili tashm\u00eb \u00ebsht\u00eb b\u00ebr\u00eb turne tradicional me pjes\u00ebmarrje masovike. N\u00eb Turneun e X mor\u00ebn pjes\u00eb 35 klube me 760 garues nga Mali i Zi, Shqip\u00ebria, Kosova,Kroacia, Bosna, Serbia, Maqedonia dhe Gjermania. Qyteti yn\u00eb i [&hellip;]<\/p>\n","protected":false},"author":1,"featured_media":0,"comment_status":"open","ping_status":"closed","sticky":false,"template":"","format":"standard","meta":{"spay_email":"","jetpack_publicize_message":"","jetpack_is_tweetstorm":false,"jetpack_publicize_feature_enabled":true},"categories":[3],"tags":[17481,17480,17479,17478],"jetpack_publicize_connections":[],"yoast_head":"<!-- This site is optimized with the Yoast SEO plugin v19.1 - https:\/\/yoast.com\/wordpress\/plugins\/seo\/ -->\n<title>Turneu i XI nd\u00ebrkomb\u00ebtar t\u00eb karates\u00eb - ULQINI OPEN 2011 - Lajme nga Ulqini<\/title>\n<meta name=\"description\" content=\"T\u00eb nderuar miq t\u00eb sportit! Ju ftojm\u00eb q\u00eb t\u00eb merrni pjes\u00eb n\u00eb Turneun e XI nd\u00ebrkomb\u00ebtar t\u00eb karates\u00eb ULQINI OPEN 2011\u201d,i cili tashm\u00eb \u00ebsht\u00eb b\u00ebr\u00eb turne\" \/>\n<meta name=\"robots\" content=\"index, follow, max-snippet:-1, max-image-preview:large, max-video-preview:-1\" \/>\n<link rel=\"canonical\" href=\"https:\/\/www.visit-ulcinj.com\/blog\/2011\/02\/24\/turneu-i-xi-nderkombetar-te-karatese-ulqini-open-2011\/\" \/>\n<meta property=\"og:locale\" content=\"en_US\" \/>\n<meta property=\"og:type\" content=\"article\" \/>\n<meta property=\"og:title\" content=\"Turneu i XI nd\u00ebrkomb\u00ebtar t\u00eb karates\u00eb - ULQINI OPEN 2011 - Lajme nga Ulqini\" \/>\n<meta property=\"og:description\" content=\"T\u00eb nderuar miq t\u00eb sportit! Ju ftojm\u00eb q\u00eb t\u00eb merrni pjes\u00eb n\u00eb Turneun e XI nd\u00ebrkomb\u00ebtar t\u00eb karates\u00eb ULQINI OPEN 2011\u201d,i cili tashm\u00eb \u00ebsht\u00eb b\u00ebr\u00eb turne\" \/>\n<meta property=\"og:url\" content=\"https:\/\/www.visit-ulcinj.com\/blog\/2011\/02\/24\/turneu-i-xi-nderkombetar-te-karatese-ulqini-open-2011\/\" \/>\n<meta property=\"og:site_name\" content=\"Lajme nga Ulqini\" \/>\n<meta property=\"article:published_time\" content=\"2011-02-24T16:50:03+00:00\" \/>\n<meta property=\"article:modified_time\" content=\"2011-03-19T13:56:28+00:00\" \/>\n<meta property=\"og:image\" content=\"http:\/\/www.visit-ulcinj.com\/blog\/wp-content\/uploads\/2011\/02\/Turneu-i-XI-nderkombetar-te-karatese_ULQINI-OPEN-2011.jpg\" \/>\n<meta name=\"twitter:label1\" content=\"Written by\" \/>\n\t<meta name=\"twitter:data1\" content=\"ulqini\" \/>\n\t<meta name=\"twitter:label2\" content=\"Est. reading time\" \/>\n\t<meta name=\"twitter:data2\" content=\"1 minute\" \/>\n<script type=\"application\/ld+json\" class=\"yoast-schema-graph\">{\"@context\":\"https:\/\/schema.org\",\"@graph\":[{\"@type\":\"WebSite\",\"@id\":\"https:\/\/www.visit-ulcinj.com\/blog\/#website\",\"url\":\"https:\/\/www.visit-ulcinj.com\/blog\/\",\"name\":\"Lajme nga Ulqini\",\"description\":\"Lajme,Vijesti,Ulqini,Ulqin,Crna Gora,Mali i Zi\",\"potentialAction\":[{\"@type\":\"SearchAction\",\"target\":{\"@type\":\"EntryPoint\",\"urlTemplate\":\"https:\/\/www.visit-ulcinj.com\/blog\/?s={search_term_string}\"},\"query-input\":\"required name=search_term_string\"}],\"inLanguage\":\"en-US\"},{\"@type\":\"ImageObject\",\"inLanguage\":\"en-US\",\"@id\":\"https:\/\/www.visit-ulcinj.com\/blog\/2011\/02\/24\/turneu-i-xi-nderkombetar-te-karatese-ulqini-open-2011\/#primaryimage\",\"url\":\"https:\/\/www.visit-ulcinj.com\/blog\/wp-content\/uploads\/2011\/02\/Turneu-i-XI-nderkombetar-te-karatese_ULQINI-OPEN-2011.jpg\",\"contentUrl\":\"https:\/\/www.visit-ulcinj.com\/blog\/wp-content\/uploads\/2011\/02\/Turneu-i-XI-nderkombetar-te-karatese_ULQINI-OPEN-2011.jpg\",\"width\":\"508\",\"height\":\"722\"},{\"@type\":\"WebPage\",\"@id\":\"https:\/\/www.visit-ulcinj.com\/blog\/2011\/02\/24\/turneu-i-xi-nderkombetar-te-karatese-ulqini-open-2011\/#webpage\",\"url\":\"https:\/\/www.visit-ulcinj.com\/blog\/2011\/02\/24\/turneu-i-xi-nderkombetar-te-karatese-ulqini-open-2011\/\",\"name\":\"Turneu i XI nd\u00ebrkomb\u00ebtar t\u00eb karates\u00eb - ULQINI OPEN 2011 - Lajme nga Ulqini\",\"isPartOf\":{\"@id\":\"https:\/\/www.visit-ulcinj.com\/blog\/#website\"},\"primaryImageOfPage\":{\"@id\":\"https:\/\/www.visit-ulcinj.com\/blog\/2011\/02\/24\/turneu-i-xi-nderkombetar-te-karatese-ulqini-open-2011\/#primaryimage\"},\"datePublished\":\"2011-02-24T16:50:03+00:00\",\"dateModified\":\"2011-03-19T13:56:28+00:00\",\"author\":{\"@id\":\"https:\/\/www.visit-ulcinj.com\/blog\/#\/schema\/person\/dcab619c614d3038751c63bc2aadc06d\"},\"description\":\"T\u00eb nderuar miq t\u00eb sportit! Ju ftojm\u00eb q\u00eb t\u00eb merrni pjes\u00eb n\u00eb Turneun e XI nd\u00ebrkomb\u00ebtar t\u00eb karates\u00eb ULQINI OPEN 2011\u201d,i cili tashm\u00eb \u00ebsht\u00eb b\u00ebr\u00eb turne\",\"breadcrumb\":{\"@id\":\"https:\/\/www.visit-ulcinj.com\/blog\/2011\/02\/24\/turneu-i-xi-nderkombetar-te-karatese-ulqini-open-2011\/#breadcrumb\"},\"inLanguage\":\"en-US\",\"potentialAction\":[{\"@type\":\"ReadAction\",\"target\":[\"https:\/\/www.visit-ulcinj.com\/blog\/2011\/02\/24\/turneu-i-xi-nderkombetar-te-karatese-ulqini-open-2011\/\"]}]},{\"@type\":\"BreadcrumbList\",\"@id\":\"https:\/\/www.visit-ulcinj.com\/blog\/2011\/02\/24\/turneu-i-xi-nderkombetar-te-karatese-ulqini-open-2011\/#breadcrumb\",\"itemListElement\":[{\"@type\":\"ListItem\",\"position\":1,\"name\":\"Turneu i XI nd\u00ebrkomb\u00ebtar t\u00eb karates\u00eb &#8211; ULQINI OPEN 2011\"}]},{\"@type\":\"Person\",\"@id\":\"https:\/\/www.visit-ulcinj.com\/blog\/#\/schema\/person\/dcab619c614d3038751c63bc2aadc06d\",\"name\":\"ulqini\",\"sameAs\":[\"http:\/\/www.visit-ulcinj.com\"],\"url\":\"https:\/\/www.visit-ulcinj.com\/blog\/author\/admin\/\"}]}<\/script>\n<!-- \/ Yoast SEO plugin. -->","yoast_head_json":{"title":"Turneu i XI nd\u00ebrkomb\u00ebtar t\u00eb karates\u00eb - ULQINI OPEN 2011 - Lajme nga Ulqini","description":"T\u00eb nderuar miq t\u00eb sportit! Ju ftojm\u00eb q\u00eb t\u00eb merrni pjes\u00eb n\u00eb Turneun e XI nd\u00ebrkomb\u00ebtar t\u00eb karates\u00eb ULQINI OPEN 2011\u201d,i cili tashm\u00eb \u00ebsht\u00eb b\u00ebr\u00eb turne","robots":{"index":"index","follow":"follow","max-snippet":"max-snippet:-1","max-image-preview":"max-image-preview:large","max-video-preview":"max-video-preview:-1"},"canonical":"https:\/\/www.visit-ulcinj.com\/blog\/2011\/02\/24\/turneu-i-xi-nderkombetar-te-karatese-ulqini-open-2011\/","og_locale":"en_US","og_type":"article","og_title":"Turneu i XI nd\u00ebrkomb\u00ebtar t\u00eb karates\u00eb - ULQINI OPEN 2011 - Lajme nga Ulqini","og_description":"T\u00eb nderuar miq t\u00eb sportit! Ju ftojm\u00eb q\u00eb t\u00eb merrni pjes\u00eb n\u00eb Turneun e XI nd\u00ebrkomb\u00ebtar t\u00eb karates\u00eb ULQINI OPEN 2011\u201d,i cili tashm\u00eb \u00ebsht\u00eb b\u00ebr\u00eb turne","og_url":"https:\/\/www.visit-ulcinj.com\/blog\/2011\/02\/24\/turneu-i-xi-nderkombetar-te-karatese-ulqini-open-2011\/","og_site_name":"Lajme nga Ulqini","article_published_time":"2011-02-24T16:50:03+00:00","article_modified_time":"2011-03-19T13:56:28+00:00","og_image":[{"url":"http:\/\/www.visit-ulcinj.com\/blog\/wp-content\/uploads\/2011\/02\/Turneu-i-XI-nderkombetar-te-karatese_ULQINI-OPEN-2011.jpg"}],"twitter_misc":{"Written by":"ulqini","Est. reading time":"1 minute"},"schema":{"@context":"https:\/\/schema.org","@graph":[{"@type":"WebSite","@id":"https:\/\/www.visit-ulcinj.com\/blog\/#website","url":"https:\/\/www.visit-ulcinj.com\/blog\/","name":"Lajme nga Ulqini","description":"Lajme,Vijesti,Ulqini,Ulqin,Crna Gora,Mali i Zi","potentialAction":[{"@type":"SearchAction","target":{"@type":"EntryPoint","urlTemplate":"https:\/\/www.visit-ulcinj.com\/blog\/?s={search_term_string}"},"query-input":"required name=search_term_string"}],"inLanguage":"en-US"},{"@type":"ImageObject","inLanguage":"en-US","@id":"https:\/\/www.visit-ulcinj.com\/blog\/2011\/02\/24\/turneu-i-xi-nderkombetar-te-karatese-ulqini-open-2011\/#primaryimage","url":"https:\/\/www.visit-ulcinj.com\/blog\/wp-content\/uploads\/2011\/02\/Turneu-i-XI-nderkombetar-te-karatese_ULQINI-OPEN-2011.jpg","contentUrl":"https:\/\/www.visit-ulcinj.com\/blog\/wp-content\/uploads\/2011\/02\/Turneu-i-XI-nderkombetar-te-karatese_ULQINI-OPEN-2011.jpg","width":"508","height":"722"},{"@type":"WebPage","@id":"https:\/\/www.visit-ulcinj.com\/blog\/2011\/02\/24\/turneu-i-xi-nderkombetar-te-karatese-ulqini-open-2011\/#webpage","url":"https:\/\/www.visit-ulcinj.com\/blog\/2011\/02\/24\/turneu-i-xi-nderkombetar-te-karatese-ulqini-open-2011\/","name":"Turneu i XI nd\u00ebrkomb\u00ebtar t\u00eb karates\u00eb - ULQINI OPEN 2011 - Lajme nga Ulqini","isPartOf":{"@id":"https:\/\/www.visit-ulcinj.com\/blog\/#website"},"primaryImageOfPage":{"@id":"https:\/\/www.visit-ulcinj.com\/blog\/2011\/02\/24\/turneu-i-xi-nderkombetar-te-karatese-ulqini-open-2011\/#primaryimage"},"datePublished":"2011-02-24T16:50:03+00:00","dateModified":"2011-03-19T13:56:28+00:00","author":{"@id":"https:\/\/www.visit-ulcinj.com\/blog\/#\/schema\/person\/dcab619c614d3038751c63bc2aadc06d"},"description":"T\u00eb nderuar miq t\u00eb sportit! Ju ftojm\u00eb q\u00eb t\u00eb merrni pjes\u00eb n\u00eb Turneun e XI nd\u00ebrkomb\u00ebtar t\u00eb karates\u00eb ULQINI OPEN 2011\u201d,i cili tashm\u00eb \u00ebsht\u00eb b\u00ebr\u00eb turne","breadcrumb":{"@id":"https:\/\/www.visit-ulcinj.com\/blog\/2011\/02\/24\/turneu-i-xi-nderkombetar-te-karatese-ulqini-open-2011\/#breadcrumb"},"inLanguage":"en-US","potentialAction":[{"@type":"ReadAction","target":["https:\/\/www.visit-ulcinj.com\/blog\/2011\/02\/24\/turneu-i-xi-nderkombetar-te-karatese-ulqini-open-2011\/"]}]},{"@type":"BreadcrumbList","@id":"https:\/\/www.visit-ulcinj.com\/blog\/2011\/02\/24\/turneu-i-xi-nderkombetar-te-karatese-ulqini-open-2011\/#breadcrumb","itemListElement":[{"@type":"ListItem","position":1,"name":"Turneu i XI nd\u00ebrkomb\u00ebtar t\u00eb karates\u00eb &#8211; ULQINI OPEN 2011"}]},{"@type":"Person","@id":"https:\/\/www.visit-ulcinj.com\/blog\/#\/schema\/person\/dcab619c614d3038751c63bc2aadc06d","name":"ulqini","sameAs":["http:\/\/www.visit-ulcinj.com"],"url":"https:\/\/www.visit-ulcinj.com\/blog\/author\/admin\/"}]}},"jetpack_featured_media_url":"","jetpack_sharing_enabled":true,"jetpack_shortlink":"https:\/\/wp.me\/pe6lTn-bq4","_links":{"self":[{"href":"https:\/\/www.visit-ulcinj.com\/blog\/wp-json\/wp\/v2\/posts\/43900"}],"collection":[{"href":"https:\/\/www.visit-ulcinj.com\/blog\/wp-json\/wp\/v2\/posts"}],"about":[{"href":"https:\/\/www.visit-ulcinj.com\/blog\/wp-json\/wp\/v2\/types\/post"}],"author":[{"embeddable":true,"href":"https:\/\/www.visit-ulcinj.com\/blog\/wp-json\/wp\/v2\/users\/1"}],"replies":[{"embeddable":true,"href":"https:\/\/www.visit-ulcinj.com\/blog\/wp-json\/wp\/v2\/comments?post=43900"}],"version-history":[{"count":0,"href":"https:\/\/www.visit-ulcinj.com\/blog\/wp-json\/wp\/v2\/posts\/43900\/revisions"}],"wp:attachment":[{"href":"https:\/\/www.visit-ulcinj.com\/blog\/wp-json\/wp\/v2\/media?parent=43900"}],"wp:term":[{"taxonomy":"category","embeddable":true,"href":"https:\/\/www.visit-ulcinj.com\/blog\/wp-json\/wp\/v2\/categories?post=43900"},{"taxonomy":"post_tag","embeddable":true,"href":"https:\/\/www.visit-ulcinj.com\/blog\/wp-json\/wp\/v2\/tags?post=43900"}],"curies":[{"name":"wp","href":"https:\/\/api.w.org\/{rel}","templated":true}]}}