{"id":43913,"date":"2011-02-25T17:14:32","date_gmt":"2011-02-25T16:14:32","guid":{"rendered":"http:\/\/www.visit-ulcinj.com\/blog\/?p=43913"},"modified":"2011-02-28T18:11:35","modified_gmt":"2011-02-28T17:11:35","slug":"tubim-per-mbrojtjen-e-valdanosit-me-28-02-2011","status":"publish","type":"post","link":"https:\/\/www.visit-ulcinj.com\/blog\/2011\/02\/25\/tubim-per-mbrojtjen-e-valdanosit-me-28-02-2011\/","title":{"rendered":"Tubim per mbrojtjen e Valdanosit me 28.02.2011"},"content":{"rendered":"<p><a href=\"http:\/\/www.visit-ulcinj.com\/blog\/wp-content\/uploads\/2011\/02\/Tubim-per-mbrojtjen-e-Valdanosit-me-28.02.2011_qendra-kultur-Ulqin.1.jpg\"><img loading=\"lazy\" class=\"alignleft size-full wp-image-43914\" title=\"Tubim per mbrojtjen e Valdanosit me 28.02.2011_qendra kultur Ulqin.1\" src=\"http:\/\/www.visit-ulcinj.com\/blog\/wp-content\/uploads\/2011\/02\/Tubim-per-mbrojtjen-e-Valdanosit-me-28.02.2011_qendra-kultur-Ulqin.1.jpg\" alt=\"\" width=\"508\" height=\"380\" \/><\/a>Tubimi p\u00ebr mrojtjen e Valdanosit eshte \u00a0parashikuar t\u00eb mbahet t\u00eb h\u00ebn\u00ebn me moton &#8220;P\u00ebr kthimin e pron\u00ebs n\u00eb Valdanos&#8221;\u00a0.<br \/>\nOrganizator\u00ebt e k\u00ebsaj proteste, Shoqata e Ullishtar\u00ebve &#8220;Ulqini&#8221;, K\u00ebshilli p\u00ebr Kthimin e Ullisht\u00ebs s\u00eb Valdanosit dhe disa organizata joqeveritare t\u00eb Ulqinit dhe intelektual\u00ebve nga Ulqini, kan\u00eb njoftuar se me 28.02.2011,do t\u00eb mbahet Tubimi p\u00ebr mrojtjen e Valdanosit si\u00e7 thuhet n\u00eb njoftimin p\u00ebr shtyp.<br \/>\nOrganizator\u00ebt kan\u00eb njoftuar se tubimi do t\u00eb mbahet t\u00eb h\u00ebn\u00ebn eshte parashikuar t\u00eb filloj para nd\u00ebrtes\u00ebs s\u00eb Qendr\u00ebs p\u00ebr Kultur n\u00eb ora 18\u00a0:00.<br \/>\nKy tubim esht\u00eb i organizuar nga \u00a0ish pronaret dhe shoqata e ullishtarve te ulqinit ne perkrahjen e shum shoqatave te ulqin.<\/p>\n<p><strong>Shoqata e Ullishtar\u00ebve Ulqin<\/strong><\/p>\n<p><!--YouTube Error: bad URL entered--><br \/>\n<span style=\"color: #ffffff;\">Protest Za\u00a0 Valdanos,Ulcinj,Crna Gora, Protest For Valdanos, Ulcinj, Montenegro,Manifestation pour Valdanos, Ulcinj,Mont\u00e9n\u00e9gro, Protest f\u00fcr Valdanos, Ulcinj, Montenegro, \u041f\u0440\u043e\u0442\u0435\u0441\u0442 \u0417\u0430 \u0412\u0430\u043b\u0434\u0430\u043d\u043e\u0441, \u0423\u043b\u0446\u0438\u045a, \u0426\u0440\u043d\u0430 \u0413\u043e\u0440\u0430, Protesta per Valdanos, Ulcinj, Montenegro, \u00d3v\u00e1s A Valdanos, Ulcinj, Montenegro, \u041f\u0440\u043e\u0442\u0435\u0441\u0442 \u0432 Valdanos, \u0423\u043b\u0446\u0438\u043d\u044c, \u0427\u0435\u0440\u043d\u043e\u0433\u043e\u0440\u0438\u044f,<\/span><\/p>\n","protected":false},"excerpt":{"rendered":"<p>Tubimi p\u00ebr mrojtjen e Valdanosit eshte \u00a0parashikuar t\u00eb mbahet t\u00eb h\u00ebn\u00ebn me moton &#8220;P\u00ebr kthimin e pron\u00ebs n\u00eb Valdanos&#8221;\u00a0. Organizator\u00ebt e k\u00ebsaj proteste, Shoqata e Ullishtar\u00ebve &#8220;Ulqini&#8221;, K\u00ebshilli p\u00ebr Kthimin e Ullisht\u00ebs s\u00eb Valdanosit dhe disa organizata joqeveritare t\u00eb Ulqinit dhe intelektual\u00ebve nga Ulqini, kan\u00eb njoftuar se me 28.02.2011,do t\u00eb mbahet Tubimi p\u00ebr mrojtjen e [&hellip;]<\/p>\n","protected":false},"author":1,"featured_media":0,"comment_status":"open","ping_status":"closed","sticky":false,"template":"","format":"standard","meta":{"spay_email":"","jetpack_publicize_message":"","jetpack_is_tweetstorm":false,"jetpack_publicize_feature_enabled":true},"categories":[8],"tags":[17483,17482,200,18,136],"jetpack_publicize_connections":[],"yoast_head":"<!-- This site is optimized with the Yoast SEO plugin v19.1 - https:\/\/yoast.com\/wordpress\/plugins\/seo\/ -->\n<title>Tubim per mbrojtjen e Valdanosit me 28.02.2011 - Lajme nga Ulqini<\/title>\n<meta name=\"description\" content=\"Tubimi p\u00ebr mrojtjen e Valdanosit eshte \u00a0parashikuar t\u00eb mbahet t\u00eb h\u00ebn\u00ebn me moton &quot;P\u00ebr kthimin e pron\u00ebs n\u00eb Valdanos&quot;\u00a0. Organizator\u00ebt e k\u00ebsaj proteste,\" \/>\n<meta name=\"robots\" content=\"index, follow, max-snippet:-1, max-image-preview:large, max-video-preview:-1\" \/>\n<link rel=\"canonical\" href=\"https:\/\/www.visit-ulcinj.com\/blog\/2011\/02\/25\/tubim-per-mbrojtjen-e-valdanosit-me-28-02-2011\/\" \/>\n<meta property=\"og:locale\" content=\"en_US\" \/>\n<meta property=\"og:type\" content=\"article\" \/>\n<meta property=\"og:title\" content=\"Tubim per mbrojtjen e Valdanosit me 28.02.2011 - Lajme nga Ulqini\" \/>\n<meta property=\"og:description\" content=\"Tubimi p\u00ebr mrojtjen e Valdanosit eshte \u00a0parashikuar t\u00eb mbahet t\u00eb h\u00ebn\u00ebn me moton &quot;P\u00ebr kthimin e pron\u00ebs n\u00eb Valdanos&quot;\u00a0. Organizator\u00ebt e k\u00ebsaj proteste,\" \/>\n<meta property=\"og:url\" content=\"https:\/\/www.visit-ulcinj.com\/blog\/2011\/02\/25\/tubim-per-mbrojtjen-e-valdanosit-me-28-02-2011\/\" \/>\n<meta property=\"og:site_name\" content=\"Lajme nga Ulqini\" \/>\n<meta property=\"article:published_time\" content=\"2011-02-25T16:14:32+00:00\" \/>\n<meta property=\"article:modified_time\" content=\"2011-02-28T17:11:35+00:00\" \/>\n<meta property=\"og:image\" content=\"http:\/\/www.visit-ulcinj.com\/blog\/wp-content\/uploads\/2011\/02\/Tubim-per-mbrojtjen-e-Valdanosit-me-28.02.2011_qendra-kultur-Ulqin.1.jpg\" \/>\n<meta name=\"twitter:label1\" content=\"Written by\" \/>\n\t<meta name=\"twitter:data1\" content=\"ulqini\" \/>\n\t<meta name=\"twitter:label2\" content=\"Est. reading time\" \/>\n\t<meta name=\"twitter:data2\" content=\"1 minute\" \/>\n<script type=\"application\/ld+json\" class=\"yoast-schema-graph\">{\"@context\":\"https:\/\/schema.org\",\"@graph\":[{\"@type\":\"WebSite\",\"@id\":\"https:\/\/www.visit-ulcinj.com\/blog\/#website\",\"url\":\"https:\/\/www.visit-ulcinj.com\/blog\/\",\"name\":\"Lajme nga Ulqini\",\"description\":\"Lajme,Vijesti,Ulqini,Ulqin,Crna Gora,Mali i Zi\",\"potentialAction\":[{\"@type\":\"SearchAction\",\"target\":{\"@type\":\"EntryPoint\",\"urlTemplate\":\"https:\/\/www.visit-ulcinj.com\/blog\/?s={search_term_string}\"},\"query-input\":\"required name=search_term_string\"}],\"inLanguage\":\"en-US\"},{\"@type\":\"ImageObject\",\"inLanguage\":\"en-US\",\"@id\":\"https:\/\/www.visit-ulcinj.com\/blog\/2011\/02\/25\/tubim-per-mbrojtjen-e-valdanosit-me-28-02-2011\/#primaryimage\",\"url\":\"https:\/\/www.visit-ulcinj.com\/blog\/wp-content\/uploads\/2011\/02\/Tubim-per-mbrojtjen-e-Valdanosit-me-28.02.2011_qendra-kultur-Ulqin.1.jpg\",\"contentUrl\":\"https:\/\/www.visit-ulcinj.com\/blog\/wp-content\/uploads\/2011\/02\/Tubim-per-mbrojtjen-e-Valdanosit-me-28.02.2011_qendra-kultur-Ulqin.1.jpg\",\"width\":\"640\",\"height\":\"577\"},{\"@type\":\"WebPage\",\"@id\":\"https:\/\/www.visit-ulcinj.com\/blog\/2011\/02\/25\/tubim-per-mbrojtjen-e-valdanosit-me-28-02-2011\/#webpage\",\"url\":\"https:\/\/www.visit-ulcinj.com\/blog\/2011\/02\/25\/tubim-per-mbrojtjen-e-valdanosit-me-28-02-2011\/\",\"name\":\"Tubim per mbrojtjen e Valdanosit me 28.02.2011 - Lajme nga Ulqini\",\"isPartOf\":{\"@id\":\"https:\/\/www.visit-ulcinj.com\/blog\/#website\"},\"primaryImageOfPage\":{\"@id\":\"https:\/\/www.visit-ulcinj.com\/blog\/2011\/02\/25\/tubim-per-mbrojtjen-e-valdanosit-me-28-02-2011\/#primaryimage\"},\"datePublished\":\"2011-02-25T16:14:32+00:00\",\"dateModified\":\"2011-02-28T17:11:35+00:00\",\"author\":{\"@id\":\"https:\/\/www.visit-ulcinj.com\/blog\/#\/schema\/person\/dcab619c614d3038751c63bc2aadc06d\"},\"description\":\"Tubimi p\u00ebr mrojtjen e Valdanosit eshte \u00a0parashikuar t\u00eb mbahet t\u00eb h\u00ebn\u00ebn me moton \\\"P\u00ebr kthimin e pron\u00ebs n\u00eb Valdanos\\\"\u00a0. Organizator\u00ebt e k\u00ebsaj proteste,\",\"breadcrumb\":{\"@id\":\"https:\/\/www.visit-ulcinj.com\/blog\/2011\/02\/25\/tubim-per-mbrojtjen-e-valdanosit-me-28-02-2011\/#breadcrumb\"},\"inLanguage\":\"en-US\",\"potentialAction\":[{\"@type\":\"ReadAction\",\"target\":[\"https:\/\/www.visit-ulcinj.com\/blog\/2011\/02\/25\/tubim-per-mbrojtjen-e-valdanosit-me-28-02-2011\/\"]}]},{\"@type\":\"BreadcrumbList\",\"@id\":\"https:\/\/www.visit-ulcinj.com\/blog\/2011\/02\/25\/tubim-per-mbrojtjen-e-valdanosit-me-28-02-2011\/#breadcrumb\",\"itemListElement\":[{\"@type\":\"ListItem\",\"position\":1,\"name\":\"Tubim per mbrojtjen e Valdanosit me 28.02.2011\"}]},{\"@type\":\"Person\",\"@id\":\"https:\/\/www.visit-ulcinj.com\/blog\/#\/schema\/person\/dcab619c614d3038751c63bc2aadc06d\",\"name\":\"ulqini\",\"sameAs\":[\"http:\/\/www.visit-ulcinj.com\"],\"url\":\"https:\/\/www.visit-ulcinj.com\/blog\/author\/admin\/\"}]}<\/script>\n<!-- \/ Yoast SEO plugin. -->","yoast_head_json":{"title":"Tubim per mbrojtjen e Valdanosit me 28.02.2011 - Lajme nga Ulqini","description":"Tubimi p\u00ebr mrojtjen e Valdanosit eshte \u00a0parashikuar t\u00eb mbahet t\u00eb h\u00ebn\u00ebn me moton \"P\u00ebr kthimin e pron\u00ebs n\u00eb Valdanos\"\u00a0. Organizator\u00ebt e k\u00ebsaj proteste,","robots":{"index":"index","follow":"follow","max-snippet":"max-snippet:-1","max-image-preview":"max-image-preview:large","max-video-preview":"max-video-preview:-1"},"canonical":"https:\/\/www.visit-ulcinj.com\/blog\/2011\/02\/25\/tubim-per-mbrojtjen-e-valdanosit-me-28-02-2011\/","og_locale":"en_US","og_type":"article","og_title":"Tubim per mbrojtjen e Valdanosit me 28.02.2011 - Lajme nga Ulqini","og_description":"Tubimi p\u00ebr mrojtjen e Valdanosit eshte \u00a0parashikuar t\u00eb mbahet t\u00eb h\u00ebn\u00ebn me moton \"P\u00ebr kthimin e pron\u00ebs n\u00eb Valdanos\"\u00a0. Organizator\u00ebt e k\u00ebsaj proteste,","og_url":"https:\/\/www.visit-ulcinj.com\/blog\/2011\/02\/25\/tubim-per-mbrojtjen-e-valdanosit-me-28-02-2011\/","og_site_name":"Lajme nga Ulqini","article_published_time":"2011-02-25T16:14:32+00:00","article_modified_time":"2011-02-28T17:11:35+00:00","og_image":[{"url":"http:\/\/www.visit-ulcinj.com\/blog\/wp-content\/uploads\/2011\/02\/Tubim-per-mbrojtjen-e-Valdanosit-me-28.02.2011_qendra-kultur-Ulqin.1.jpg"}],"twitter_misc":{"Written by":"ulqini","Est. reading time":"1 minute"},"schema":{"@context":"https:\/\/schema.org","@graph":[{"@type":"WebSite","@id":"https:\/\/www.visit-ulcinj.com\/blog\/#website","url":"https:\/\/www.visit-ulcinj.com\/blog\/","name":"Lajme nga Ulqini","description":"Lajme,Vijesti,Ulqini,Ulqin,Crna Gora,Mali i Zi","potentialAction":[{"@type":"SearchAction","target":{"@type":"EntryPoint","urlTemplate":"https:\/\/www.visit-ulcinj.com\/blog\/?s={search_term_string}"},"query-input":"required name=search_term_string"}],"inLanguage":"en-US"},{"@type":"ImageObject","inLanguage":"en-US","@id":"https:\/\/www.visit-ulcinj.com\/blog\/2011\/02\/25\/tubim-per-mbrojtjen-e-valdanosit-me-28-02-2011\/#primaryimage","url":"https:\/\/www.visit-ulcinj.com\/blog\/wp-content\/uploads\/2011\/02\/Tubim-per-mbrojtjen-e-Valdanosit-me-28.02.2011_qendra-kultur-Ulqin.1.jpg","contentUrl":"https:\/\/www.visit-ulcinj.com\/blog\/wp-content\/uploads\/2011\/02\/Tubim-per-mbrojtjen-e-Valdanosit-me-28.02.2011_qendra-kultur-Ulqin.1.jpg","width":"640","height":"577"},{"@type":"WebPage","@id":"https:\/\/www.visit-ulcinj.com\/blog\/2011\/02\/25\/tubim-per-mbrojtjen-e-valdanosit-me-28-02-2011\/#webpage","url":"https:\/\/www.visit-ulcinj.com\/blog\/2011\/02\/25\/tubim-per-mbrojtjen-e-valdanosit-me-28-02-2011\/","name":"Tubim per mbrojtjen e Valdanosit me 28.02.2011 - Lajme nga Ulqini","isPartOf":{"@id":"https:\/\/www.visit-ulcinj.com\/blog\/#website"},"primaryImageOfPage":{"@id":"https:\/\/www.visit-ulcinj.com\/blog\/2011\/02\/25\/tubim-per-mbrojtjen-e-valdanosit-me-28-02-2011\/#primaryimage"},"datePublished":"2011-02-25T16:14:32+00:00","dateModified":"2011-02-28T17:11:35+00:00","author":{"@id":"https:\/\/www.visit-ulcinj.com\/blog\/#\/schema\/person\/dcab619c614d3038751c63bc2aadc06d"},"description":"Tubimi p\u00ebr mrojtjen e Valdanosit eshte \u00a0parashikuar t\u00eb mbahet t\u00eb h\u00ebn\u00ebn me moton \"P\u00ebr kthimin e pron\u00ebs n\u00eb Valdanos\"\u00a0. Organizator\u00ebt e k\u00ebsaj proteste,","breadcrumb":{"@id":"https:\/\/www.visit-ulcinj.com\/blog\/2011\/02\/25\/tubim-per-mbrojtjen-e-valdanosit-me-28-02-2011\/#breadcrumb"},"inLanguage":"en-US","potentialAction":[{"@type":"ReadAction","target":["https:\/\/www.visit-ulcinj.com\/blog\/2011\/02\/25\/tubim-per-mbrojtjen-e-valdanosit-me-28-02-2011\/"]}]},{"@type":"BreadcrumbList","@id":"https:\/\/www.visit-ulcinj.com\/blog\/2011\/02\/25\/tubim-per-mbrojtjen-e-valdanosit-me-28-02-2011\/#breadcrumb","itemListElement":[{"@type":"ListItem","position":1,"name":"Tubim per mbrojtjen e Valdanosit me 28.02.2011"}]},{"@type":"Person","@id":"https:\/\/www.visit-ulcinj.com\/blog\/#\/schema\/person\/dcab619c614d3038751c63bc2aadc06d","name":"ulqini","sameAs":["http:\/\/www.visit-ulcinj.com"],"url":"https:\/\/www.visit-ulcinj.com\/blog\/author\/admin\/"}]}},"jetpack_featured_media_url":"","jetpack_sharing_enabled":true,"jetpack_shortlink":"https:\/\/wp.me\/pe6lTn-bqh","_links":{"self":[{"href":"https:\/\/www.visit-ulcinj.com\/blog\/wp-json\/wp\/v2\/posts\/43913"}],"collection":[{"href":"https:\/\/www.visit-ulcinj.com\/blog\/wp-json\/wp\/v2\/posts"}],"about":[{"href":"https:\/\/www.visit-ulcinj.com\/blog\/wp-json\/wp\/v2\/types\/post"}],"author":[{"embeddable":true,"href":"https:\/\/www.visit-ulcinj.com\/blog\/wp-json\/wp\/v2\/users\/1"}],"replies":[{"embeddable":true,"href":"https:\/\/www.visit-ulcinj.com\/blog\/wp-json\/wp\/v2\/comments?post=43913"}],"version-history":[{"count":0,"href":"https:\/\/www.visit-ulcinj.com\/blog\/wp-json\/wp\/v2\/posts\/43913\/revisions"}],"wp:attachment":[{"href":"https:\/\/www.visit-ulcinj.com\/blog\/wp-json\/wp\/v2\/media?parent=43913"}],"wp:term":[{"taxonomy":"category","embeddable":true,"href":"https:\/\/www.visit-ulcinj.com\/blog\/wp-json\/wp\/v2\/categories?post=43913"},{"taxonomy":"post_tag","embeddable":true,"href":"https:\/\/www.visit-ulcinj.com\/blog\/wp-json\/wp\/v2\/tags?post=43913"}],"curies":[{"name":"wp","href":"https:\/\/api.w.org\/{rel}","templated":true}]}}