{"id":43935,"date":"2011-02-25T18:25:22","date_gmt":"2011-02-25T17:25:22","guid":{"rendered":"http:\/\/www.visit-ulcinj.com\/blog\/?p=43935"},"modified":"2011-02-25T18:25:22","modified_gmt":"2011-02-25T17:25:22","slug":"mekken-stetu-ce-imati-samo-ulcinjani","status":"publish","type":"post","link":"https:\/\/www.visit-ulcinj.com\/blog\/2011\/02\/25\/mekken-stetu-ce-imati-samo-ulcinjani\/","title":{"rendered":"MekKen: \u0160tetu \u0107e imati samo Ulcinjani"},"content":{"rendered":"<p><a href=\"http:\/\/www.visit-ulcinj.com\/blog\/wp-content\/uploads\/2011\/02\/Finansijski-direktor-Kjubus-Luksa-Stiv-Meken.jpg\"><img loading=\"lazy\" class=\"alignleft size-full wp-image-43939\" title=\"Finansijski direktor Kjubus Luksa Stiv Meken\" src=\"http:\/\/www.visit-ulcinj.com\/blog\/wp-content\/uploads\/2011\/02\/Finansijski-direktor-Kjubus-Luksa-Stiv-Meken.jpg\" alt=\"\" width=\"301\" height=\"205\" srcset=\"https:\/\/www.visit-ulcinj.com\/blog\/wp-content\/uploads\/2011\/02\/Finansijski-direktor-Kjubus-Luksa-Stiv-Meken.jpg 301w, https:\/\/www.visit-ulcinj.com\/blog\/wp-content\/uploads\/2011\/02\/Finansijski-direktor-Kjubus-Luksa-Stiv-Meken-300x204.jpg 300w\" sizes=\"(max-width: 301px) 100vw, 301px\" \/><\/a>PODGORICA &#8211; Kompanija Kjubus luks saop\u0161tila je ju\u010de da ukoliko bude prisiljena da odustane od Valdanosa i investira negdje drugo, razo\u010darenje Ulcinjana bi\u0107e veliko. U pismu, koje je potpisao finansijski direktor kompanije, Stiv MekKen navedeno je da ne postoji namjera da svjesno u\u010dine da bilo ko bude na gubitku.<\/p>\n<p>&#8211; Bilo kakva moralna pobjeda Mre\u017ee za afirmaciju nevladinog sektora bi\u0107e slaba kompenzacija za u\u010dinjenu \u0161tetu &#8211; navedeno je u pismu Kjubus luksa Vladi, u koje je agencija Mina-biznis imala uvid.<\/p>\n<p>On je ponovio da Kjubus planira projekat od kojeg \u0107e direktnu korist imati relativno nerazvijen prostor i op\u0161tina Ulcinj za generacije koje dolaze, jer \u0107e obezbijediti zaposlenje, nove mogu\u0107nosti i stvoriti partnerstva, koji \u0107e, prema njegovim rije\u010dima, ovaj prostor izvesti na put stvarne konkurentnosti u EU.<\/p>\n<p>&#8211; Destruktivne aktivnosti bez ijednog jasnog, saop\u0161tenog razloga su neprihvatljive. Nijesmo sigurni \u0161ta je pozadina MANS-a, kao grupe koja pravi pritisak, ali pitamo se ko mo\u017ee imati benefit od njihovih napada &#8211; kazao je MekKen.<\/p>\n<p>On je dodao da Kjubus planira projekat od kojeg \u0107e direktnu korist imati relativno nerazvijen prostor i op\u0161tina Ulcinj za generacije koje dolaze, jer \u0107e obezbijediti zaposlenje, nove mogu\u0107nosti i stvoriti partnerstva koji \u0107e, prema njegovim rije\u010dima, ovaj prostor izvesti na put stvarne konkurentnosti u EU.<\/p>\n<p>&#8211; Neophodno je zavr\u0161iti konsultacije sa svim uklju\u010denim akterima i gdje je potrebno prona\u0107i prave partnere za ispunjavanje obaveza kojima \u0107e se obezbijediti finansijska stabilnost projekta tako da su benefiti za zajednicu dugoro\u010dni &#8211; istakao je MekKen.<\/p>\n<p>Iz Kjubus luks su ponovili da je njihova kompanija usmjerena na razvojne projekte i fokus je stavila na turisti\u010dke projekte u Hrvatskoj, a zatim u Crnoj Gori.<\/p>\n<p><a href=\"http:\/\/www.pobjeda.co.me\/citanje.php?datum=2011-02-24&amp;id=202044\" target=\"_blank\"><strong>Pobjeda<\/strong><\/a><\/p>\n","protected":false},"excerpt":{"rendered":"<p>PODGORICA &#8211; Kompanija Kjubus luks saop\u0161tila je ju\u010de da ukoliko bude prisiljena da odustane od Valdanosa i investira negdje drugo, razo\u010darenje Ulcinjana bi\u0107e veliko. U pismu, koje je potpisao finansijski direktor kompanije, Stiv MekKen navedeno je da ne postoji namjera da svjesno u\u010dine da bilo ko bude na gubitku. &#8211; Bilo kakva moralna pobjeda Mre\u017ee [&hellip;]<\/p>\n","protected":false},"author":1,"featured_media":0,"comment_status":"open","ping_status":"closed","sticky":false,"template":"","format":"standard","meta":{"spay_email":"","jetpack_publicize_message":"","jetpack_is_tweetstorm":false,"jetpack_publicize_feature_enabled":true},"categories":[8337],"tags":[17487,17486,19,136],"jetpack_publicize_connections":[],"yoast_head":"<!-- This site is optimized with the Yoast SEO plugin v19.1 - https:\/\/yoast.com\/wordpress\/plugins\/seo\/ -->\n<title>MekKen: \u0160tetu \u0107e imati samo Ulcinjani - Lajme nga Ulqini<\/title>\n<meta name=\"description\" content=\"PODGORICA - Kompanija Kjubus luks saop\u0161tila je ju\u010de da ukoliko bude prisiljena da odustane od Valdanosa i investira negdje drugo, razo\u010darenje Ulcinjana\" \/>\n<meta name=\"robots\" content=\"index, follow, max-snippet:-1, max-image-preview:large, max-video-preview:-1\" \/>\n<link rel=\"canonical\" href=\"https:\/\/www.visit-ulcinj.com\/blog\/2011\/02\/25\/mekken-stetu-ce-imati-samo-ulcinjani\/\" \/>\n<meta property=\"og:locale\" content=\"en_US\" \/>\n<meta property=\"og:type\" content=\"article\" \/>\n<meta property=\"og:title\" content=\"MekKen: \u0160tetu \u0107e imati samo Ulcinjani - Lajme nga Ulqini\" \/>\n<meta property=\"og:description\" content=\"PODGORICA - Kompanija Kjubus luks saop\u0161tila je ju\u010de da ukoliko bude prisiljena da odustane od Valdanosa i investira negdje drugo, razo\u010darenje Ulcinjana\" \/>\n<meta property=\"og:url\" content=\"https:\/\/www.visit-ulcinj.com\/blog\/2011\/02\/25\/mekken-stetu-ce-imati-samo-ulcinjani\/\" \/>\n<meta property=\"og:site_name\" content=\"Lajme nga Ulqini\" \/>\n<meta property=\"article:published_time\" content=\"2011-02-25T17:25:22+00:00\" \/>\n<meta property=\"og:image\" content=\"http:\/\/www.visit-ulcinj.com\/blog\/wp-content\/uploads\/2011\/02\/Finansijski-direktor-Kjubus-Luksa-Stiv-Meken.jpg\" \/>\n<meta name=\"twitter:label1\" content=\"Written by\" \/>\n\t<meta name=\"twitter:data1\" content=\"ulqini\" \/>\n\t<meta name=\"twitter:label2\" content=\"Est. reading time\" \/>\n\t<meta name=\"twitter:data2\" content=\"1 minute\" \/>\n<script type=\"application\/ld+json\" class=\"yoast-schema-graph\">{\"@context\":\"https:\/\/schema.org\",\"@graph\":[{\"@type\":\"WebSite\",\"@id\":\"https:\/\/www.visit-ulcinj.com\/blog\/#website\",\"url\":\"https:\/\/www.visit-ulcinj.com\/blog\/\",\"name\":\"Lajme nga Ulqini\",\"description\":\"Lajme,Vijesti,Ulqini,Ulqin,Crna Gora,Mali i Zi\",\"potentialAction\":[{\"@type\":\"SearchAction\",\"target\":{\"@type\":\"EntryPoint\",\"urlTemplate\":\"https:\/\/www.visit-ulcinj.com\/blog\/?s={search_term_string}\"},\"query-input\":\"required name=search_term_string\"}],\"inLanguage\":\"en-US\"},{\"@type\":\"ImageObject\",\"inLanguage\":\"en-US\",\"@id\":\"https:\/\/www.visit-ulcinj.com\/blog\/2011\/02\/25\/mekken-stetu-ce-imati-samo-ulcinjani\/#primaryimage\",\"url\":\"https:\/\/www.visit-ulcinj.com\/blog\/wp-content\/uploads\/2011\/02\/Finansijski-direktor-Kjubus-Luksa-Stiv-Meken.jpg\",\"contentUrl\":\"https:\/\/www.visit-ulcinj.com\/blog\/wp-content\/uploads\/2011\/02\/Finansijski-direktor-Kjubus-Luksa-Stiv-Meken.jpg\",\"width\":\"301\",\"height\":\"205\"},{\"@type\":\"WebPage\",\"@id\":\"https:\/\/www.visit-ulcinj.com\/blog\/2011\/02\/25\/mekken-stetu-ce-imati-samo-ulcinjani\/#webpage\",\"url\":\"https:\/\/www.visit-ulcinj.com\/blog\/2011\/02\/25\/mekken-stetu-ce-imati-samo-ulcinjani\/\",\"name\":\"MekKen: \u0160tetu \u0107e imati samo Ulcinjani - Lajme nga Ulqini\",\"isPartOf\":{\"@id\":\"https:\/\/www.visit-ulcinj.com\/blog\/#website\"},\"primaryImageOfPage\":{\"@id\":\"https:\/\/www.visit-ulcinj.com\/blog\/2011\/02\/25\/mekken-stetu-ce-imati-samo-ulcinjani\/#primaryimage\"},\"datePublished\":\"2011-02-25T17:25:22+00:00\",\"dateModified\":\"2011-02-25T17:25:22+00:00\",\"author\":{\"@id\":\"https:\/\/www.visit-ulcinj.com\/blog\/#\/schema\/person\/dcab619c614d3038751c63bc2aadc06d\"},\"description\":\"PODGORICA - Kompanija Kjubus luks saop\u0161tila je ju\u010de da ukoliko bude prisiljena da odustane od Valdanosa i investira negdje drugo, razo\u010darenje Ulcinjana\",\"breadcrumb\":{\"@id\":\"https:\/\/www.visit-ulcinj.com\/blog\/2011\/02\/25\/mekken-stetu-ce-imati-samo-ulcinjani\/#breadcrumb\"},\"inLanguage\":\"en-US\",\"potentialAction\":[{\"@type\":\"ReadAction\",\"target\":[\"https:\/\/www.visit-ulcinj.com\/blog\/2011\/02\/25\/mekken-stetu-ce-imati-samo-ulcinjani\/\"]}]},{\"@type\":\"BreadcrumbList\",\"@id\":\"https:\/\/www.visit-ulcinj.com\/blog\/2011\/02\/25\/mekken-stetu-ce-imati-samo-ulcinjani\/#breadcrumb\",\"itemListElement\":[{\"@type\":\"ListItem\",\"position\":1,\"name\":\"MekKen: \u0160tetu \u0107e imati samo Ulcinjani\"}]},{\"@type\":\"Person\",\"@id\":\"https:\/\/www.visit-ulcinj.com\/blog\/#\/schema\/person\/dcab619c614d3038751c63bc2aadc06d\",\"name\":\"ulqini\",\"sameAs\":[\"http:\/\/www.visit-ulcinj.com\"],\"url\":\"https:\/\/www.visit-ulcinj.com\/blog\/author\/admin\/\"}]}<\/script>\n<!-- \/ Yoast SEO plugin. -->","yoast_head_json":{"title":"MekKen: \u0160tetu \u0107e imati samo Ulcinjani - Lajme nga Ulqini","description":"PODGORICA - Kompanija Kjubus luks saop\u0161tila je ju\u010de da ukoliko bude prisiljena da odustane od Valdanosa i investira negdje drugo, razo\u010darenje Ulcinjana","robots":{"index":"index","follow":"follow","max-snippet":"max-snippet:-1","max-image-preview":"max-image-preview:large","max-video-preview":"max-video-preview:-1"},"canonical":"https:\/\/www.visit-ulcinj.com\/blog\/2011\/02\/25\/mekken-stetu-ce-imati-samo-ulcinjani\/","og_locale":"en_US","og_type":"article","og_title":"MekKen: \u0160tetu \u0107e imati samo Ulcinjani - Lajme nga Ulqini","og_description":"PODGORICA - Kompanija Kjubus luks saop\u0161tila je ju\u010de da ukoliko bude prisiljena da odustane od Valdanosa i investira negdje drugo, razo\u010darenje Ulcinjana","og_url":"https:\/\/www.visit-ulcinj.com\/blog\/2011\/02\/25\/mekken-stetu-ce-imati-samo-ulcinjani\/","og_site_name":"Lajme nga Ulqini","article_published_time":"2011-02-25T17:25:22+00:00","og_image":[{"url":"http:\/\/www.visit-ulcinj.com\/blog\/wp-content\/uploads\/2011\/02\/Finansijski-direktor-Kjubus-Luksa-Stiv-Meken.jpg"}],"twitter_misc":{"Written by":"ulqini","Est. reading time":"1 minute"},"schema":{"@context":"https:\/\/schema.org","@graph":[{"@type":"WebSite","@id":"https:\/\/www.visit-ulcinj.com\/blog\/#website","url":"https:\/\/www.visit-ulcinj.com\/blog\/","name":"Lajme nga Ulqini","description":"Lajme,Vijesti,Ulqini,Ulqin,Crna Gora,Mali i Zi","potentialAction":[{"@type":"SearchAction","target":{"@type":"EntryPoint","urlTemplate":"https:\/\/www.visit-ulcinj.com\/blog\/?s={search_term_string}"},"query-input":"required name=search_term_string"}],"inLanguage":"en-US"},{"@type":"ImageObject","inLanguage":"en-US","@id":"https:\/\/www.visit-ulcinj.com\/blog\/2011\/02\/25\/mekken-stetu-ce-imati-samo-ulcinjani\/#primaryimage","url":"https:\/\/www.visit-ulcinj.com\/blog\/wp-content\/uploads\/2011\/02\/Finansijski-direktor-Kjubus-Luksa-Stiv-Meken.jpg","contentUrl":"https:\/\/www.visit-ulcinj.com\/blog\/wp-content\/uploads\/2011\/02\/Finansijski-direktor-Kjubus-Luksa-Stiv-Meken.jpg","width":"301","height":"205"},{"@type":"WebPage","@id":"https:\/\/www.visit-ulcinj.com\/blog\/2011\/02\/25\/mekken-stetu-ce-imati-samo-ulcinjani\/#webpage","url":"https:\/\/www.visit-ulcinj.com\/blog\/2011\/02\/25\/mekken-stetu-ce-imati-samo-ulcinjani\/","name":"MekKen: \u0160tetu \u0107e imati samo Ulcinjani - Lajme nga Ulqini","isPartOf":{"@id":"https:\/\/www.visit-ulcinj.com\/blog\/#website"},"primaryImageOfPage":{"@id":"https:\/\/www.visit-ulcinj.com\/blog\/2011\/02\/25\/mekken-stetu-ce-imati-samo-ulcinjani\/#primaryimage"},"datePublished":"2011-02-25T17:25:22+00:00","dateModified":"2011-02-25T17:25:22+00:00","author":{"@id":"https:\/\/www.visit-ulcinj.com\/blog\/#\/schema\/person\/dcab619c614d3038751c63bc2aadc06d"},"description":"PODGORICA - Kompanija Kjubus luks saop\u0161tila je ju\u010de da ukoliko bude prisiljena da odustane od Valdanosa i investira negdje drugo, razo\u010darenje Ulcinjana","breadcrumb":{"@id":"https:\/\/www.visit-ulcinj.com\/blog\/2011\/02\/25\/mekken-stetu-ce-imati-samo-ulcinjani\/#breadcrumb"},"inLanguage":"en-US","potentialAction":[{"@type":"ReadAction","target":["https:\/\/www.visit-ulcinj.com\/blog\/2011\/02\/25\/mekken-stetu-ce-imati-samo-ulcinjani\/"]}]},{"@type":"BreadcrumbList","@id":"https:\/\/www.visit-ulcinj.com\/blog\/2011\/02\/25\/mekken-stetu-ce-imati-samo-ulcinjani\/#breadcrumb","itemListElement":[{"@type":"ListItem","position":1,"name":"MekKen: \u0160tetu \u0107e imati samo Ulcinjani"}]},{"@type":"Person","@id":"https:\/\/www.visit-ulcinj.com\/blog\/#\/schema\/person\/dcab619c614d3038751c63bc2aadc06d","name":"ulqini","sameAs":["http:\/\/www.visit-ulcinj.com"],"url":"https:\/\/www.visit-ulcinj.com\/blog\/author\/admin\/"}]}},"jetpack_featured_media_url":"","jetpack_sharing_enabled":true,"jetpack_shortlink":"https:\/\/wp.me\/pe6lTn-bqD","_links":{"self":[{"href":"https:\/\/www.visit-ulcinj.com\/blog\/wp-json\/wp\/v2\/posts\/43935"}],"collection":[{"href":"https:\/\/www.visit-ulcinj.com\/blog\/wp-json\/wp\/v2\/posts"}],"about":[{"href":"https:\/\/www.visit-ulcinj.com\/blog\/wp-json\/wp\/v2\/types\/post"}],"author":[{"embeddable":true,"href":"https:\/\/www.visit-ulcinj.com\/blog\/wp-json\/wp\/v2\/users\/1"}],"replies":[{"embeddable":true,"href":"https:\/\/www.visit-ulcinj.com\/blog\/wp-json\/wp\/v2\/comments?post=43935"}],"version-history":[{"count":0,"href":"https:\/\/www.visit-ulcinj.com\/blog\/wp-json\/wp\/v2\/posts\/43935\/revisions"}],"wp:attachment":[{"href":"https:\/\/www.visit-ulcinj.com\/blog\/wp-json\/wp\/v2\/media?parent=43935"}],"wp:term":[{"taxonomy":"category","embeddable":true,"href":"https:\/\/www.visit-ulcinj.com\/blog\/wp-json\/wp\/v2\/categories?post=43935"},{"taxonomy":"post_tag","embeddable":true,"href":"https:\/\/www.visit-ulcinj.com\/blog\/wp-json\/wp\/v2\/tags?post=43935"}],"curies":[{"name":"wp","href":"https:\/\/api.w.org\/{rel}","templated":true}]}}