{"id":43946,"date":"2011-02-26T16:21:12","date_gmt":"2011-02-26T15:21:12","guid":{"rendered":"http:\/\/www.visit-ulcinj.com\/blog\/?p=43946"},"modified":"2011-02-26T17:18:56","modified_gmt":"2011-02-26T16:18:56","slug":"rreshqet-autobusi-29-te-lenduar-ne-rrugen-peje-ulqin","status":"publish","type":"post","link":"https:\/\/www.visit-ulcinj.com\/blog\/2011\/02\/26\/rreshqet-autobusi-29-te-lenduar-ne-rrugen-peje-ulqin\/","title":{"rendered":"Rr\u00ebshqet autobusi, 29 t\u00eb l\u00ebnduar n\u00eb rrug\u00ebn Pej\u00eb-Ulqin"},"content":{"rendered":"<p><a href=\"http:\/\/www.visit-ulcinj.com\/blog\/wp-content\/uploads\/2011\/02\/AKSIDENTI-_KOLASIN-PREVOZ_ZUBIN-POTOK.jpg\"><img loading=\"lazy\" class=\"alignleft size-full wp-image-43947\" title=\"AKSIDENTI _KOLASIN-PREVOZ_ZUBIN POTOK\" src=\"http:\/\/www.visit-ulcinj.com\/blog\/wp-content\/uploads\/2011\/02\/AKSIDENTI-_KOLASIN-PREVOZ_ZUBIN-POTOK.jpg\" alt=\"\" width=\"508\" height=\"380\" \/><\/a>Nj\u00ebzet e shtat\u00eb persona jan\u00eb l\u00ebnduar si pasoj\u00eb e nj\u00eb aksidentin q\u00eb ka ndodhur sot n\u00eb or\u00ebt e hershme t\u00eb m\u00ebngjesit n\u00eb aksin rrugor Pej\u00eb &#8211; Kull\u00eb. B\u00ebhet e ditur se ngjarja ka ndodhur, kur autobusi q\u00eb qarkullonte nga Ulqini p\u00ebr n\u00eb Podujev\u00eb \u00ebsht\u00eb rrokullisur n\u00eb af\u00ebrsi t\u00eb fshatit Jabllanic\u00eb t\u00eb komun\u00ebs s\u00eb Pej\u00ebs.<\/p>\n<p>Aksidentin e sot\u00ebm e konfirmuan edhe zyrtar\u00eb e Policis\u00eb s\u00eb Kosov\u00ebs n\u00eb Pej\u00eb, nga t\u00eb cil\u00ebt thuhet se 27 pasagjer\u00eb kan\u00eb p\u00ebsuar l\u00ebndime t\u00eb ndryshme trupore, por nuk jan\u00eb n\u00eb rrezik p\u00ebr jet\u00eb.<br \/>\n<a href=\"http:\/\/www.visit-ulcinj.com\/blog\/wp-content\/uploads\/2011\/02\/KOLASIN-PREVOZ_ZUBIN-POTOK.jpg\"><img loading=\"lazy\" class=\"alignleft size-medium wp-image-43948\" title=\"KOLASIN-PREVOZ_ZUBIN POTOK\" src=\"http:\/\/www.visit-ulcinj.com\/blog\/wp-content\/uploads\/2011\/02\/KOLASIN-PREVOZ_ZUBIN-POTOK-300x225.jpg\" alt=\"\" width=\"300\" height=\"225\" srcset=\"https:\/\/www.visit-ulcinj.com\/blog\/wp-content\/uploads\/2011\/02\/KOLASIN-PREVOZ_ZUBIN-POTOK-300x225.jpg 300w, https:\/\/www.visit-ulcinj.com\/blog\/wp-content\/uploads\/2011\/02\/KOLASIN-PREVOZ_ZUBIN-POTOK.jpg 800w\" sizes=\"(max-width: 300px) 100vw, 300px\" \/><\/a><\/p>\n<p>&#8220;B\u00ebhet fjal\u00eb p\u00ebr nj\u00eb autobus t\u00eb kompanis\u00eb &#8220;Albatros&#8221; sheferi i t\u00eb cilit ka humbur kontrollin dhe \u00ebsht\u00eb rrokullisur n\u00ebn rrug\u00eb rreth 20 metra, ku \u00ebsht\u00eb ndalur nga lisat q\u00eb gjenden aty. Si pasoj\u00eb jan\u00eb shkaktuar d\u00ebme dhe l\u00ebndime t\u00eb lehta&#8221;, ka th\u00ebn\u00eb z\u00ebdh\u00ebn\u00ebsi i policis\u00eb n\u00eb Pej\u00eb, Zeqir Kelmendi.<\/p>\n<p>Ai tha se t\u00eb l\u00ebnduarit fillimisht jan\u00eb d\u00ebrguar n\u00eb Spitalin e Pej\u00ebs p\u00ebr tretman mjek\u00ebsor, porse shumica prej tyre jan\u00eb liruar p\u00ebr n\u00eb sht\u00ebpi.<\/p>\n<p>Deri te aksidenti, si\u00e7 pohojn\u00eb n\u00eb Policin\u00eb e Kosov\u00ebs erdhi p\u00ebr shkak t\u00eb ngricave.<\/p>\n<p>Udh\u00ebtaret q\u00eb ndodheshin n\u00eb autobus kan\u00eb qen\u00eb nga Malisheva, Sk\u00ebnderaj, Klina, Podujeva, Istogu, Gjilani, Ulqini, Maqedonia dhe prej tyre kishte edhe disa presona nga komuniteti boshnjak.<\/p>\n<p><strong>BOTA SOT<\/strong><\/p>\n","protected":false},"excerpt":{"rendered":"<p>Nj\u00ebzet e shtat\u00eb persona jan\u00eb l\u00ebnduar si pasoj\u00eb e nj\u00eb aksidentin q\u00eb ka ndodhur sot n\u00eb or\u00ebt e hershme t\u00eb m\u00ebngjesit n\u00eb aksin rrugor Pej\u00eb &#8211; Kull\u00eb. B\u00ebhet e ditur se ngjarja ka ndodhur, kur autobusi q\u00eb qarkullonte nga Ulqini p\u00ebr n\u00eb Podujev\u00eb \u00ebsht\u00eb rrokullisur n\u00eb af\u00ebrsi t\u00eb fshatit Jabllanic\u00eb t\u00eb komun\u00ebs s\u00eb Pej\u00ebs. Aksidentin [&hellip;]<\/p>\n","protected":false},"author":1,"featured_media":0,"comment_status":"open","ping_status":"closed","sticky":false,"template":"","format":"standard","meta":{"spay_email":"","jetpack_publicize_message":"","jetpack_is_tweetstorm":false,"jetpack_publicize_feature_enabled":true},"categories":[14],"tags":[17488,17489,49,95,2303,2360,200,2341],"jetpack_publicize_connections":[],"yoast_head":"<!-- This site is optimized with the Yoast SEO plugin v19.1 - https:\/\/yoast.com\/wordpress\/plugins\/seo\/ -->\n<title>Rr\u00ebshqet autobusi, 29 t\u00eb l\u00ebnduar n\u00eb rrug\u00ebn Pej\u00eb-Ulqin - Lajme nga Ulqini<\/title>\n<meta name=\"description\" content=\"Nj\u00ebzet e shtat\u00eb persona jan\u00eb l\u00ebnduar si pasoj\u00eb e nj\u00eb aksidentin q\u00eb ka ndodhur sot n\u00eb or\u00ebt e hershme t\u00eb m\u00ebngjesit n\u00eb aksin rrugor Pej\u00eb - Kull\u00eb. B\u00ebhet e\" \/>\n<meta name=\"robots\" content=\"index, follow, max-snippet:-1, max-image-preview:large, max-video-preview:-1\" \/>\n<link rel=\"canonical\" href=\"https:\/\/www.visit-ulcinj.com\/blog\/2011\/02\/26\/rreshqet-autobusi-29-te-lenduar-ne-rrugen-peje-ulqin\/\" \/>\n<meta property=\"og:locale\" content=\"en_US\" \/>\n<meta property=\"og:type\" content=\"article\" \/>\n<meta property=\"og:title\" content=\"Rr\u00ebshqet autobusi, 29 t\u00eb l\u00ebnduar n\u00eb rrug\u00ebn Pej\u00eb-Ulqin - Lajme nga Ulqini\" \/>\n<meta property=\"og:description\" content=\"Nj\u00ebzet e shtat\u00eb persona jan\u00eb l\u00ebnduar si pasoj\u00eb e nj\u00eb aksidentin q\u00eb ka ndodhur sot n\u00eb or\u00ebt e hershme t\u00eb m\u00ebngjesit n\u00eb aksin rrugor Pej\u00eb - Kull\u00eb. B\u00ebhet e\" \/>\n<meta property=\"og:url\" content=\"https:\/\/www.visit-ulcinj.com\/blog\/2011\/02\/26\/rreshqet-autobusi-29-te-lenduar-ne-rrugen-peje-ulqin\/\" \/>\n<meta property=\"og:site_name\" content=\"Lajme nga Ulqini\" \/>\n<meta property=\"article:published_time\" content=\"2011-02-26T15:21:12+00:00\" \/>\n<meta property=\"article:modified_time\" content=\"2011-02-26T16:18:56+00:00\" \/>\n<meta property=\"og:image\" content=\"http:\/\/www.visit-ulcinj.com\/blog\/wp-content\/uploads\/2011\/02\/AKSIDENTI-_KOLASIN-PREVOZ_ZUBIN-POTOK.jpg\" \/>\n<meta name=\"twitter:label1\" content=\"Written by\" \/>\n\t<meta name=\"twitter:data1\" content=\"ulqini\" \/>\n\t<meta name=\"twitter:label2\" content=\"Est. reading time\" \/>\n\t<meta name=\"twitter:data2\" content=\"1 minute\" \/>\n<script type=\"application\/ld+json\" class=\"yoast-schema-graph\">{\"@context\":\"https:\/\/schema.org\",\"@graph\":[{\"@type\":\"WebSite\",\"@id\":\"https:\/\/www.visit-ulcinj.com\/blog\/#website\",\"url\":\"https:\/\/www.visit-ulcinj.com\/blog\/\",\"name\":\"Lajme nga Ulqini\",\"description\":\"Lajme,Vijesti,Ulqini,Ulqin,Crna Gora,Mali i Zi\",\"potentialAction\":[{\"@type\":\"SearchAction\",\"target\":{\"@type\":\"EntryPoint\",\"urlTemplate\":\"https:\/\/www.visit-ulcinj.com\/blog\/?s={search_term_string}\"},\"query-input\":\"required name=search_term_string\"}],\"inLanguage\":\"en-US\"},{\"@type\":\"ImageObject\",\"inLanguage\":\"en-US\",\"@id\":\"https:\/\/www.visit-ulcinj.com\/blog\/2011\/02\/26\/rreshqet-autobusi-29-te-lenduar-ne-rrugen-peje-ulqin\/#primaryimage\",\"url\":\"https:\/\/www.visit-ulcinj.com\/blog\/wp-content\/uploads\/2011\/02\/AKSIDENTI-_KOLASIN-PREVOZ_ZUBIN-POTOK.jpg\",\"contentUrl\":\"https:\/\/www.visit-ulcinj.com\/blog\/wp-content\/uploads\/2011\/02\/AKSIDENTI-_KOLASIN-PREVOZ_ZUBIN-POTOK.jpg\",\"width\":\"800\",\"height\":\"533\"},{\"@type\":\"WebPage\",\"@id\":\"https:\/\/www.visit-ulcinj.com\/blog\/2011\/02\/26\/rreshqet-autobusi-29-te-lenduar-ne-rrugen-peje-ulqin\/#webpage\",\"url\":\"https:\/\/www.visit-ulcinj.com\/blog\/2011\/02\/26\/rreshqet-autobusi-29-te-lenduar-ne-rrugen-peje-ulqin\/\",\"name\":\"Rr\u00ebshqet autobusi, 29 t\u00eb l\u00ebnduar n\u00eb rrug\u00ebn Pej\u00eb-Ulqin - Lajme nga Ulqini\",\"isPartOf\":{\"@id\":\"https:\/\/www.visit-ulcinj.com\/blog\/#website\"},\"primaryImageOfPage\":{\"@id\":\"https:\/\/www.visit-ulcinj.com\/blog\/2011\/02\/26\/rreshqet-autobusi-29-te-lenduar-ne-rrugen-peje-ulqin\/#primaryimage\"},\"datePublished\":\"2011-02-26T15:21:12+00:00\",\"dateModified\":\"2011-02-26T16:18:56+00:00\",\"author\":{\"@id\":\"https:\/\/www.visit-ulcinj.com\/blog\/#\/schema\/person\/dcab619c614d3038751c63bc2aadc06d\"},\"description\":\"Nj\u00ebzet e shtat\u00eb persona jan\u00eb l\u00ebnduar si pasoj\u00eb e nj\u00eb aksidentin q\u00eb ka ndodhur sot n\u00eb or\u00ebt e hershme t\u00eb m\u00ebngjesit n\u00eb aksin rrugor Pej\u00eb - Kull\u00eb. B\u00ebhet e\",\"breadcrumb\":{\"@id\":\"https:\/\/www.visit-ulcinj.com\/blog\/2011\/02\/26\/rreshqet-autobusi-29-te-lenduar-ne-rrugen-peje-ulqin\/#breadcrumb\"},\"inLanguage\":\"en-US\",\"potentialAction\":[{\"@type\":\"ReadAction\",\"target\":[\"https:\/\/www.visit-ulcinj.com\/blog\/2011\/02\/26\/rreshqet-autobusi-29-te-lenduar-ne-rrugen-peje-ulqin\/\"]}]},{\"@type\":\"BreadcrumbList\",\"@id\":\"https:\/\/www.visit-ulcinj.com\/blog\/2011\/02\/26\/rreshqet-autobusi-29-te-lenduar-ne-rrugen-peje-ulqin\/#breadcrumb\",\"itemListElement\":[{\"@type\":\"ListItem\",\"position\":1,\"name\":\"Rr\u00ebshqet autobusi, 29 t\u00eb l\u00ebnduar n\u00eb rrug\u00ebn Pej\u00eb-Ulqin\"}]},{\"@type\":\"Person\",\"@id\":\"https:\/\/www.visit-ulcinj.com\/blog\/#\/schema\/person\/dcab619c614d3038751c63bc2aadc06d\",\"name\":\"ulqini\",\"sameAs\":[\"http:\/\/www.visit-ulcinj.com\"],\"url\":\"https:\/\/www.visit-ulcinj.com\/blog\/author\/admin\/\"}]}<\/script>\n<!-- \/ Yoast SEO plugin. -->","yoast_head_json":{"title":"Rr\u00ebshqet autobusi, 29 t\u00eb l\u00ebnduar n\u00eb rrug\u00ebn Pej\u00eb-Ulqin - Lajme nga Ulqini","description":"Nj\u00ebzet e shtat\u00eb persona jan\u00eb l\u00ebnduar si pasoj\u00eb e nj\u00eb aksidentin q\u00eb ka ndodhur sot n\u00eb or\u00ebt e hershme t\u00eb m\u00ebngjesit n\u00eb aksin rrugor Pej\u00eb - Kull\u00eb. B\u00ebhet e","robots":{"index":"index","follow":"follow","max-snippet":"max-snippet:-1","max-image-preview":"max-image-preview:large","max-video-preview":"max-video-preview:-1"},"canonical":"https:\/\/www.visit-ulcinj.com\/blog\/2011\/02\/26\/rreshqet-autobusi-29-te-lenduar-ne-rrugen-peje-ulqin\/","og_locale":"en_US","og_type":"article","og_title":"Rr\u00ebshqet autobusi, 29 t\u00eb l\u00ebnduar n\u00eb rrug\u00ebn Pej\u00eb-Ulqin - Lajme nga Ulqini","og_description":"Nj\u00ebzet e shtat\u00eb persona jan\u00eb l\u00ebnduar si pasoj\u00eb e nj\u00eb aksidentin q\u00eb ka ndodhur sot n\u00eb or\u00ebt e hershme t\u00eb m\u00ebngjesit n\u00eb aksin rrugor Pej\u00eb - Kull\u00eb. B\u00ebhet e","og_url":"https:\/\/www.visit-ulcinj.com\/blog\/2011\/02\/26\/rreshqet-autobusi-29-te-lenduar-ne-rrugen-peje-ulqin\/","og_site_name":"Lajme nga Ulqini","article_published_time":"2011-02-26T15:21:12+00:00","article_modified_time":"2011-02-26T16:18:56+00:00","og_image":[{"url":"http:\/\/www.visit-ulcinj.com\/blog\/wp-content\/uploads\/2011\/02\/AKSIDENTI-_KOLASIN-PREVOZ_ZUBIN-POTOK.jpg"}],"twitter_misc":{"Written by":"ulqini","Est. reading time":"1 minute"},"schema":{"@context":"https:\/\/schema.org","@graph":[{"@type":"WebSite","@id":"https:\/\/www.visit-ulcinj.com\/blog\/#website","url":"https:\/\/www.visit-ulcinj.com\/blog\/","name":"Lajme nga Ulqini","description":"Lajme,Vijesti,Ulqini,Ulqin,Crna Gora,Mali i Zi","potentialAction":[{"@type":"SearchAction","target":{"@type":"EntryPoint","urlTemplate":"https:\/\/www.visit-ulcinj.com\/blog\/?s={search_term_string}"},"query-input":"required name=search_term_string"}],"inLanguage":"en-US"},{"@type":"ImageObject","inLanguage":"en-US","@id":"https:\/\/www.visit-ulcinj.com\/blog\/2011\/02\/26\/rreshqet-autobusi-29-te-lenduar-ne-rrugen-peje-ulqin\/#primaryimage","url":"https:\/\/www.visit-ulcinj.com\/blog\/wp-content\/uploads\/2011\/02\/AKSIDENTI-_KOLASIN-PREVOZ_ZUBIN-POTOK.jpg","contentUrl":"https:\/\/www.visit-ulcinj.com\/blog\/wp-content\/uploads\/2011\/02\/AKSIDENTI-_KOLASIN-PREVOZ_ZUBIN-POTOK.jpg","width":"800","height":"533"},{"@type":"WebPage","@id":"https:\/\/www.visit-ulcinj.com\/blog\/2011\/02\/26\/rreshqet-autobusi-29-te-lenduar-ne-rrugen-peje-ulqin\/#webpage","url":"https:\/\/www.visit-ulcinj.com\/blog\/2011\/02\/26\/rreshqet-autobusi-29-te-lenduar-ne-rrugen-peje-ulqin\/","name":"Rr\u00ebshqet autobusi, 29 t\u00eb l\u00ebnduar n\u00eb rrug\u00ebn Pej\u00eb-Ulqin - Lajme nga Ulqini","isPartOf":{"@id":"https:\/\/www.visit-ulcinj.com\/blog\/#website"},"primaryImageOfPage":{"@id":"https:\/\/www.visit-ulcinj.com\/blog\/2011\/02\/26\/rreshqet-autobusi-29-te-lenduar-ne-rrugen-peje-ulqin\/#primaryimage"},"datePublished":"2011-02-26T15:21:12+00:00","dateModified":"2011-02-26T16:18:56+00:00","author":{"@id":"https:\/\/www.visit-ulcinj.com\/blog\/#\/schema\/person\/dcab619c614d3038751c63bc2aadc06d"},"description":"Nj\u00ebzet e shtat\u00eb persona jan\u00eb l\u00ebnduar si pasoj\u00eb e nj\u00eb aksidentin q\u00eb ka ndodhur sot n\u00eb or\u00ebt e hershme t\u00eb m\u00ebngjesit n\u00eb aksin rrugor Pej\u00eb - Kull\u00eb. B\u00ebhet e","breadcrumb":{"@id":"https:\/\/www.visit-ulcinj.com\/blog\/2011\/02\/26\/rreshqet-autobusi-29-te-lenduar-ne-rrugen-peje-ulqin\/#breadcrumb"},"inLanguage":"en-US","potentialAction":[{"@type":"ReadAction","target":["https:\/\/www.visit-ulcinj.com\/blog\/2011\/02\/26\/rreshqet-autobusi-29-te-lenduar-ne-rrugen-peje-ulqin\/"]}]},{"@type":"BreadcrumbList","@id":"https:\/\/www.visit-ulcinj.com\/blog\/2011\/02\/26\/rreshqet-autobusi-29-te-lenduar-ne-rrugen-peje-ulqin\/#breadcrumb","itemListElement":[{"@type":"ListItem","position":1,"name":"Rr\u00ebshqet autobusi, 29 t\u00eb l\u00ebnduar n\u00eb rrug\u00ebn Pej\u00eb-Ulqin"}]},{"@type":"Person","@id":"https:\/\/www.visit-ulcinj.com\/blog\/#\/schema\/person\/dcab619c614d3038751c63bc2aadc06d","name":"ulqini","sameAs":["http:\/\/www.visit-ulcinj.com"],"url":"https:\/\/www.visit-ulcinj.com\/blog\/author\/admin\/"}]}},"jetpack_featured_media_url":"","jetpack_sharing_enabled":true,"jetpack_shortlink":"https:\/\/wp.me\/pe6lTn-bqO","_links":{"self":[{"href":"https:\/\/www.visit-ulcinj.com\/blog\/wp-json\/wp\/v2\/posts\/43946"}],"collection":[{"href":"https:\/\/www.visit-ulcinj.com\/blog\/wp-json\/wp\/v2\/posts"}],"about":[{"href":"https:\/\/www.visit-ulcinj.com\/blog\/wp-json\/wp\/v2\/types\/post"}],"author":[{"embeddable":true,"href":"https:\/\/www.visit-ulcinj.com\/blog\/wp-json\/wp\/v2\/users\/1"}],"replies":[{"embeddable":true,"href":"https:\/\/www.visit-ulcinj.com\/blog\/wp-json\/wp\/v2\/comments?post=43946"}],"version-history":[{"count":0,"href":"https:\/\/www.visit-ulcinj.com\/blog\/wp-json\/wp\/v2\/posts\/43946\/revisions"}],"wp:attachment":[{"href":"https:\/\/www.visit-ulcinj.com\/blog\/wp-json\/wp\/v2\/media?parent=43946"}],"wp:term":[{"taxonomy":"category","embeddable":true,"href":"https:\/\/www.visit-ulcinj.com\/blog\/wp-json\/wp\/v2\/categories?post=43946"},{"taxonomy":"post_tag","embeddable":true,"href":"https:\/\/www.visit-ulcinj.com\/blog\/wp-json\/wp\/v2\/tags?post=43946"}],"curies":[{"name":"wp","href":"https:\/\/api.w.org\/{rel}","templated":true}]}}