{"id":43955,"date":"2011-02-26T17:02:23","date_gmt":"2011-02-26T16:02:23","guid":{"rendered":"http:\/\/www.visit-ulcinj.com\/blog\/?p=43955"},"modified":"2011-03-07T08:02:26","modified_gmt":"2011-03-07T07:02:26","slug":"gjendje-e-rende-ekzistenciale-te-ish-punetoreve-kosovareshtetas-te-malit-te-zi","status":"publish","type":"post","link":"https:\/\/www.visit-ulcinj.com\/blog\/2011\/02\/26\/gjendje-e-rende-ekzistenciale-te-ish-punetoreve-kosovareshtetas-te-malit-te-zi\/","title":{"rendered":"Gjendje e r\u00ebnd\u00eb ekzistenciale t\u00eb ish-pun\u00ebtor\u00ebve kosovar\u00eb,shtetas t\u00eb Malit t\u00eb Zi"},"content":{"rendered":"<p><strong><a href=\"http:\/\/www.visit-ulcinj.com\/blog\/wp-content\/uploads\/2011\/02\/ibrahim-berjashi.1.JPG.jpg\"><img loading=\"lazy\" class=\"alignleft size-full wp-image-43956\" title=\"ibrahim-berjashi.1.JPG,Amull, banesat, Bojk\u00eb, Brajshe, bratic\u00eb, Colchinium, Crna Gora, Darz\u00eb, Dragaj, Dulcigno, Dulcinea, enti per regjistrim, Fraskanjell, i sht\u00ebpive, Kalimani, katerkoll\u00eb, Klezna e Ep\u00ebrme, Klezna e Poshtme, Kod\u00ebr, Kolonza, Kosiq, kraja, Kravari, Kryth\u00eb, Leskovac, Lisna Bore, Mal i Bardh\u00eb, Mal t\u00eb Zi, MALI I BRIS\u00cb, Mali i Zi, Megjure\u00e7, Mill\u00eb, MONSTAT, Montenegro, Mozhur\u00eb, Njoftim, Olcinium, ostros, Pistull, Qurkaj, Rastish, Re\u00e7, Regjistrimi i banor\u00ebve, Sal\u00e7, Shas, Sh\u00ebngjergj, Shtodh\u00ebr, Shtoji i Ep\u00ebrm, Shtoji i Posht\u00ebm, Sukobin\u00eb, Sutjell, tivar, ulcinj, Ulkinon, ulqin, ulqini, Zogaj,ostros,kraj\u00eb,prishtin,kosov\u00eb,\" src=\"http:\/\/www.visit-ulcinj.com\/blog\/wp-content\/uploads\/2011\/02\/ibrahim-berjashi.1.JPG.jpg\" alt=\"\" width=\"350\" height=\"350\" \/><\/a>T\u00eb kujt jemi ne ish-pun\u00ebtor\u00ebt e kosov\u00ebs?<\/strong><\/p>\n<p><strong>Shkruan:Ibrahim Berjashi\/ korrespondent I Rilindjes, Ulqin<\/strong><\/p>\n<p>N\u00eb Ulqin, por edhe n\u00eb qendrat tjera n\u00eb Malin e Zi,shtetas t\u00eb k\u00ebtij vendi,\u00ebsht\u00eb nj\u00eb num\u00ebr t\u00eb konsideruesh\u00ebm ish- punonj\u00ebs t\u00eb nd\u00ebrmarrjeve dhe institucioneve t\u00eb Kosov\u00ebs, t\u00eb cil\u00ebt n\u00eb fund t\u00eb viteve 80-t\u00eb e kur Kosov\u00ebn e okupoi regjimi vrastar I Millosheviqit,kan\u00eb mbetur n\u00eb rrug\u00eb t\u00eb madhe, pa pun\u00eb pa t\u00eb ardhura,pa ekzistenc\u00eb.<\/p>\n<p>Nj\u00eb num\u00ebr I tyre ka arritur t\u00eb pun\u00ebsohet n\u00ebp\u00ebr shkolla,administrata lokale, apo nd\u00ebrmarrje publike.T\u00eb shumt\u00ebn k\u00ebt\u00eb e kan\u00eb realizuar n\u00eb saje t\u00eb \u201ckontributeve\u201d n\u00eb partit\u00eb politike, por pjesa m\u00eb e madhe , sidomos ajo q\u00eb \u00ebsht\u00eb dashur apo duhet t\u00eb shkoj\u00eb n\u00eb pension ka mbetur e anashkaluar edhe n\u00eb gjendje shum\u00eb t\u00eb r\u00ebnd\u00eb ekonomike.N\u00eb Malin\u00a0 e Zi ende ekzistojn\u00eb mund\u00ebsit\u00eb q\u00eb t\u00eb marrin pension t\u00eb p\u00ebrkohsh\u00ebm personat q\u00eb kan\u00eb stazh pune 15 \u2013 vje\u00e7ar n\u00eb Mal t\u00eb Zi, q\u00eb arrin deri n\u00eb 150 euro n\u00eb muaj.Fatkeq\u00ebsisht,\u00ebsht\u00eb nj\u00eb num\u00ebr m\u00eb I madh I atyre q\u00eb nuk I kan\u00eb as dhjet\u00eb vjet pune n\u00eb Mal t\u00eb Zi, nd\u00ebrsa n\u00eb Kosov\u00eb edhe deri n\u00eb 35\u00a0 pun\u00eb n\u00eb nd\u00ebrmarrjet e atjeshme.Shumica e tyre jan\u00eb privatizuar, ose nuk ekzistojn\u00eb m\u00eb.<\/p>\n<p>Q\u00eb nga viti 2000 e k\u00ebndej ish- pun\u00ebtor\u00ebt e Kosov\u00ebs nga Mali I Zi kan\u00eb mbetur n\u00eb udh\u00ebkryq- ku t\u00eb k\u00ebrkojn\u00eb t\u00eb drejtat e tyre,n\u00eb m\u00ebnyr\u00eb q\u00eb tash n\u00eb pleq\u00ebri t\u00eb g\u00ebzojn\u00eb kontributin e pun\u00ebs n\u00eb dit\u00ebt e rinis\u00eb.<\/p>\n<p>Enti pensionist Invalidor I Malit t\u00eb Zi k\u00ebrkon d\u00ebshmi t\u00eb kontributpaguesve , formularin M- 4.Me shpres\u00eb se do t\u00eb gjejn\u00eb at\u00eb,me dhjetra individ\u00eb t\u00eb k\u00ebsaj kategorie kan\u00eb trokitur n\u00eb zyra t\u00eb ndryshme n\u00ebp\u00ebr qytetet e Serbis\u00eb.Kan\u00eb th\u00ebn\u00eb haptas se kan\u00eb paguar shuma t\u00eb m\u00ebdha t\u00eb parave,t\u00eb cilat,p\u00ebr nj\u00eb dekad\u00eb t\u00eb t\u00ebr\u00eb nuk do t\u00eb mund t i kompenzonin sikur t\u00eb merrnin pension mbi 300\u00a0 euro n\u00eb muaj.Nga st\u00ebrmundime shpirt\u00ebrore, ekonomike dhe fizike,pa realizuar pensionin e merituar shum\u00eb edhe kan\u00eb vdekur ose jan\u00eb n\u00eb gjendje t\u00eb r\u00ebnduar psikike.<\/p>\n<p><strong>Iniciativ\u00eb p\u00ebr themelimin e shoqat\u00ebs<\/strong><strong><\/strong><\/p>\n<p>Jan\u00eb duke u b\u00ebr\u00eb p\u00ebrpjekje q\u00eb t\u00eb themelohet Shoqata e ish-pun\u00ebtor\u00ebve t\u00eb Kosov\u00ebs, shtetas t\u00eb Malit t\u00eb Zi.T\u00eb gjith\u00eb jan\u00eb shqiptar\u00eb.Por,nuk e din\u00eb fare kujt\u00a0 I takojn\u00eb,ata,nga cila \u00a0\u00a0organizat\u00eb sindikale, apo pensioniste n\u00eb Kosov\u00eb, ent, agjenci apo ministri p\u00ebr t\u00eb k\u00ebrkuar realizimin e t\u00eb drejtave t\u00eb tyre.Sikund\u00ebr koleget e tyre n\u00eb Kosov\u00eb, kan\u00eb p\u00ebrjetuar fatin e t\u00eb gjith\u00eb pun\u00ebtor\u00ebve t\u00eb at\u00ebhersh\u00ebm n\u00ebn okupimin e Serbis\u00eb,t\u00eb p\u00ebrjashtuar, pa paga,siguri sh\u00ebndet\u00ebsore,n\u00eb rrug\u00eb t\u00eb madhe\u2026As sot e k\u00ebsaj dite nuk ka ndryshuar ky status.Mbi 80 p\u00ebr qind t\u00eb tyre \u00ebsht\u00eb \u00a0e mosh\u00ebs 60 vje\u00e7 e m\u00eb shum\u00eb.<\/p>\n<p>Deri m\u00eb tash asnj\u00eb zyrtar , s\u00eb paku nuk \u00ebsht\u00eb th\u00ebn\u00eb publikisht,nga Mali I Zi ,p\u00ebrkat\u00ebsisht Kosova, kur jan\u00eb takuar n\u00eb Podgoric\u00eb apo n\u00eb Prishtin\u00eb, t\u00eb ken\u00eb p\u00ebrmendur numrin e konsideruesh\u00ebm t\u00eb ish- pun\u00ebtor\u00ebve n\u00eb nd\u00ebrmarrjet kosovare, shtetas t\u00eb Malit t\u00eb Zi.N\u00eb t\u00eb v\u00ebrtet\u00eb,\u00ebsht\u00eb p\u00ebrmendur edhe vazhdon t\u00eb potencohet \u00e7\u00ebshtja e refugjat\u00ebve nga Kosova n\u00eb Mal t\u00eb Zi, q\u00eb kan\u00eb ardhur n\u00eb,vitin 1999 pas \u00e7lirimit t\u00eb Kosov\u00ebs.P\u00ebr ta qeveria malazeze ka p\u00ebrkujdesje t\u00eb posa\u00e7me.Nuk kemi dijeni se nga kush I marrin pensionet ata,nga Mali I Zi, Serbia apo Kosova.<\/p>\n<p>P\u00ebr ish- pun\u00ebn\u00ebtor\u00ebt kosovar\u00eb, shtetas t\u00eb Malit t\u00eb Zi , nuk kujdeset askush.Kryetari I Malit t\u00eb Zi nuk n\u00ebnshkruan dot dekretin e shk\u00ebmbimit t\u00eb ambasador\u00ebve pa e njohur me Kushtetut\u00ebn e Kosov\u00ebs \u00a0minoritetin malazias atje.<\/p>\n<p>P\u00ebr Ish-pun\u00ebtor\u00ebt e nd\u00ebrmarrjeve kosovare, shtetas dhe banues n\u00eb Mal t\u00eb Zi nuk e ka th\u00ebn\u00eb asnj\u00eb fjal\u00eb t\u00eb vetme, por jan\u00eb duke r\u00ebn\u00eb pre e mashturuesve dhe matrapay\u00ebve t\u00eb ndrysh\u00ebm n\u00ebp\u00ebr disa qytete t\u00eb Serbis\u00eb, ku thuhet se \u201cI rregullojn\u00eb k\u00ebto pun\u00eb.\u201d<\/p>\n<p>Nuk dihet sakt\u00ebsisht numri I tyre I sakt\u00eb, por sigurisht se me themelimin e shoqat\u00ebs s\u00eb k\u00ebtzre ish- pun\u00ebtor\u00ebve t\u00eb Kosov\u00ebs, shtetas t\u00eb Malit t\u00eb Zi,do t\u00eb dihet nj\u00eb pasqyr\u00eb m\u00eb e qart\u00eb.<\/p>\n<p>Ministri I jasht\u00ebm I Malit t\u00eb Zi, Millan Roqen dit\u00eb m\u00eb par\u00eb deklaroi se, \u201cndon\u00ebse nuk \u00ebsht\u00eb b\u00ebr\u00eb shk\u00ebmbimi I ambasador\u00ebve me Prishtin\u00ebn,meq\u00eb nuk ka pasir iniciativ\u00eb nga pala kosovare p\u00ebr t\u00eb emruar ambasadorin n\u00eb Mal t\u00eb Zi,Fakti se na nuk e kemi ambasadorin n\u00eb Prishtin\u00eb dhe Kosova n\u00eb Podgoric\u00eb,nuk I r\u00ebndon marr\u00ebdheniet tona.\u201d<\/p>\n<p><strong>Prishtina e Podgorica duhet ta zgjidhin k\u00ebt\u00eb \u00e7\u00ebshtje<\/strong><strong><\/strong><\/p>\n<p>Mendoj se rregullimi I statusit \u00a0t\u00eb stazhit t\u00eb pun\u00ebs dhe pensioneve\u00a0 t\u00eb ish- pun\u00ebtor\u00ebve n\u00eb nd\u00ebrmarrjet e Kosov\u00ebs, shtetas t\u00eb Malit t\u00eb Zi, duhet t\u00eb jen\u00eb pjes\u00eb p\u00ebrb\u00ebr\u00ebse e procesit t\u00eb shk\u00ebmbimeve t\u00eb ambasador\u00ebve Prishtin\u00eb \u2013Podgoric\u00eb dhe t\u00eb \u00e7\u00ebshtjes s\u00eb refugjat\u00ebve serb\u00eb nga Kosova n\u00eb Mal t\u00eb Zi.Ashtu si\u00e7 k\u00ebrkon pala malazeze nga Prishtina p\u00ebr kthimin e refugjat\u00ebve dhe statusin juridik t\u00eb minoritetit\u00a0 malazias, Prishtina edhe faktori shqiptar n\u00eb Mal t\u00eb Zi, n\u00eb ve\u00e7anti Ministria mbi t\u00eb drejtat e njeriut dhe pakicave,K\u00ebshilli Nacional i Shqiptar\u00ebve dhe partit\u00eb politike parlamentare,duhet t\u00eb k\u00ebrkoj\u00eb zgjidhjen e njohjes s\u00eb stazhit t\u00eb pun\u00ebs n\u00eb koh\u00ebn e sundimit t\u00eb dhunsh\u00ebm t\u00eb pushtetit t\u00eb Millosheviqit mbi Kosov\u00ebn deri n\u00eb vitin 1999.Pun\u00ebtor\u00ebt nuk jan\u00eb fajtor\u00eb p\u00ebr k\u00ebt\u00eb.\u00cbsht\u00eb edhe nj\u00eb problem tjet\u00ebr, se pun\u00ebtor\u00ebt e k\u00ebsaj kagetorie, shumica nga Ulqini e Tuzi, thon\u00eb se jan\u00eb djegur dokumentat pas nd\u00ebrhyrjeve t\u00eb policis\u00eb serbe n\u00ebp\u00ebr nd\u00ebrmarrjet kosovare, ose n\u00eb ato koh\u00ebra lufte,nga frika e asgj\u00ebsimit, ka raste kur librezat e pun\u00ebs jan\u00eb mbyllur \u201caksidentalisht\u201d, edhe sigurisht se me an\u00eb t\u00eb d\u00ebshmitar\u00ebve,mbase edhe n\u00eb gjyq, duhet konfirmuar vitet e sakta t\u00eb pun\u00ebs n\u00eb ato rrethana lufte n\u00eb Kosov\u00eb.<\/p>\n<p>Meq\u00eb n\u00eb p\u00ebrb\u00ebrjen e qeveris\u00eb se re t\u00eb Kosov\u00ebs \u00ebsht\u00eb edhe zv\/kryeministri , ish- kryeministri n\u00eb ekzil t\u00eb Kosov\u00ebs,Bujar Bukoshi sigurisht se me Ligjin p\u00ebr sigurimin pensional dhe invalidor n\u00eb Kosov\u00eb, duhet t\u00eb na njihet edhe ajo periudh\u00eb e qeverisjes\u00a0 s\u00eb udh\u00ebhequr nga ai.<\/p>\n<p>Normalisht se edhe rreth \u00e7\u00ebshtjes s\u00eb stazhit dhe pensionit edhe t\u00eb k\u00ebtyre ish- pun\u00ebtor\u00ebve n\u00eb nd\u00ebrmarjet kosovare n\u00ebn sundimin e Millosheviqit deri n\u00eb vitin 1999,duhet t\u00eb flas\u00eb edhe faktori nd\u00ebrkomb\u00ebtar.<\/p>\n<p>\u00cbsht\u00eb edhe nj\u00eb e v\u00ebrtet\u00eb tjet\u00ebr,se shumica e ish- pun\u00ebtor\u00ebve t\u00eb nd\u00ebrmarrjeve kosovare, shtetas t\u00eb Malit t\u00eb Zi,n\u00eb vitet e luft\u00ebs n\u00eb Kosov\u00eb,me sakrifica t\u00eb papara,kan\u00eb qen\u00eb personazhet kryesore t\u00eb pritjes, strehimit dhe bashkimit t\u00eb kalvarit, por edhe t\u00eb informimit t\u00eb t\u00eb p\u00ebrndjekurve t\u00eb mbi 120 mij\u00eb vetave n\u00eb Ulqin, An\u00eb t\u00eb Malit, Kraj\u00eb, Mal\u00ebsi, Plav\u00eb e Rozhaj\u00eb.<\/p>\n<p>Pushteti i Ulqinit n\u00eb at\u00eb koh\u00eb udh\u00ebhiqej nga subjektet politike shqiptare,ishte mir\u00eb n\u00eb dijeni se kan\u00eb humbur vendet e pun\u00ebs n\u00eb Kosov\u00eb,jetonin pa asnj\u00eb t\u00eb ardhur personale as familjare.Drejtor\u00eb t\u00eb nd\u00ebrmarrjeve t\u00eb ndryshme\u00a0 apelonin me goj\u00eb edhe me shkrim q\u00eb edhe kategoria e ish-pun\u00ebtor\u00ebve t\u00eb nd\u00ebrmarrjeve kosovare, shtetas t\u00eb Malit t\u00eb Zi t u jepen ndihma edhe t\u00eb trajtohen sikur refugjat\u00ebt tjer\u00eb, kjo nuk ka ndodhur. Ndr\u00ebkaq, n\u00eb saje t\u00eb humanizmit\u00a0 dhe mir\u00ebkuptimit t\u00eb \u00a0an\u00ebtar\u00ebve t\u00eb K\u00ebshillit t\u00eb emergjenc\u00ebs \u2013 nga radh\u00ebt e refugjat\u00ebve kosovar\u00eb,na jan\u00eb ndar\u00eb ndihma t\u00eb ardhura nga bashk\u00ebsia nd\u00ebrkomb\u00ebtare.<\/p>\n<p>Autori I k\u00ebtij shkrimi, s\u00eb bashku me koleg\u00eb \u2013t\u00eb p\u00ebrndjekur shqiptar\u00eb t\u00eb Kosov\u00ebs , edhe n\u00eb saje t\u00eb ndihm\u00ebs financiare t\u00eb pronar\u00ebve shqiptar\u00eb\u00a0 t\u00eb shitoreve nga Tivari,K\u00ebshilli I emergjenc\u00ebs n\u00eb Tuz, ndihma simbolike e udh\u00ebheqjes s\u00eb at\u00ebhershme t\u00eb Komun\u00ebs s\u00eb Ulqinit,kemi nxjerr\u00eb edhe shp\u00ebrndar\u00eb\u00a0 gazet\u00ebn\u00a0 periodike \u201cSHPRESA\u201d\/1998 dhe 1999\/, burim I vet\u00ebm I informimit p\u00ebr t\u00eb p\u00ebrndjekurit shqiptar\u00eb t\u00eb Kosov\u00ebs.<\/p>\n<p>Jan\u00eb vet\u00ebm disa t\u00eb dh\u00ebna,nga angazhimet e ish- pun\u00ebtor\u00ebve t\u00eb nd\u00ebrmarrjeve kosovare,shtetas t\u00eb Malit t\u00eb Zi.Personalisht kam qene korrespondent I \u201cRilindjes\u201d nga Mali I Zi, me seli n\u00eb Ulqin nga data 1 janar 1975 e deri ne dit\u00ebn e mbylljes, m\u00eb 21 shkurt 2002.Tash 11 vjet presim premtimin e ridaljes s\u00eb k\u00ebsaj gazete t\u00eb p\u00ebrditshme edhe une \u00e7do ngjarje dite t\u00eb jet\u00ebs s\u00eb shqiptar\u00ebve n\u00eb Mal t\u00eb Zi e kam arkivuar nga ndjenja si obligim ndaj gazet\u00ebs ku kam kaluar vitet m\u00eb t\u00eb bukura t\u00eb jet\u00ebs.Rilindja s po del dot.<\/p>\n<p>Sigurisht se s\u00eb shpejti me themelimin e Shoqat\u00ebs s\u00eb ish-pun\u00ebtor\u00ebve t\u00eb nd\u00ebrmarrjeve kosovare, shtetas t\u00eb Malit t\u00eb Zi do t\u00eb dim\u00eb edhe p\u00ebr t\u00eb tjer\u00ebt ku dhe sa kan\u00eb punuar.<\/p>\n<p>Por,me kend t\u00eb takohemi, t\u00eb bisedojm\u00eb, t\u00eb gjejm\u00eb zgjidhje.<\/p>\n<p>Ulqin, m\u00eb 26 shkurt 2011<\/p>\n<p>Mir\u00ebpres sugjerimin tuaj:<\/p>\n<p><a href=\"mailto:ibrahimberjashi@hotmail.com\" target=\"_blank\"><strong>ibrahimberjashi<\/strong><strong>@<\/strong><strong>hotmail.com<\/strong><\/a><\/p>\n<p><!--YouTube Error: bad URL entered--><a href=\"..\/tag\/amull\/\"><br \/>\n<\/a><span style=\"color: #ffffff;\">Amull<\/span><span style=\"color: #ffffff;\">, banesat, Behxhet Pacolli, Bojk\u00eb, Brajshe, bratic\u00eb, Colchinium, Crna Gora, Darz\u00eb, Dragaj, Dulcigno, Dulcinea, enti per regjistrim, Fraskanjell, Hashim Tha\u00e7i, i sht\u00ebpive, Ibrahim Berjashi, Kalimani, katerkoll\u00eb, Klezna e Ep\u00ebrme, Klezna e Poshtme, Kod\u00ebr, Kolonza, Kosiq, Kosova, kraja, Kraj\u00eb, Kravari, kryeministrit Hashim Tha\u00e7i., kryetari i kosoves, Kryth\u00eb, Leskovac, Lisna Bore, Mal i Bardh\u00eb, Mal t\u00eb Zi, MALI I BRIS\u00cb, Mali i Zi, Megjure\u00e7, Mill\u00eb, Ministria e ekonomise se kosoves, Ministria e Jashtme e Kosov\u00ebs, Ministria e Pun\u00ebs, Ministria p\u00ebr Mbrojtjen e t\u00eb Drejtave t\u00eb Njeriut dhe Pakicave, Montenegro, Mozhur\u00eb, Njoftim, Olcinium, ostros, Pistull, Podgorica, Prishtina, Qurkaj, Rastish, Re\u00e7, Regjistrimi i banor\u00ebve, Sal\u00e7, Shas, Sh\u00ebngjergj, Shtodh\u00ebr, Shtoji i Ep\u00ebrm, Shtoji i Posht\u00ebm, Sukobin\u00eb, Sutjell, tivar, ulcinj, Ulkinon, ulqin, ulqini, Zogaj<\/span><\/p>\n","protected":false},"excerpt":{"rendered":"<p>T\u00eb kujt jemi ne ish-pun\u00ebtor\u00ebt e kosov\u00ebs? Shkruan:Ibrahim Berjashi\/ korrespondent I Rilindjes, Ulqin N\u00eb Ulqin, por edhe n\u00eb qendrat tjera n\u00eb Malin e Zi,shtetas t\u00eb k\u00ebtij vendi,\u00ebsht\u00eb nj\u00eb num\u00ebr t\u00eb konsideruesh\u00ebm ish- punonj\u00ebs t\u00eb nd\u00ebrmarrjeve dhe institucioneve t\u00eb Kosov\u00ebs, t\u00eb cil\u00ebt n\u00eb fund t\u00eb viteve 80-t\u00eb e kur Kosov\u00ebn e okupoi regjimi vrastar I Millosheviqit,kan\u00eb [&hellip;]<\/p>\n","protected":false},"author":1,"featured_media":0,"comment_status":"open","ping_status":"closed","sticky":false,"template":"","format":"standard","meta":{"spay_email":"","jetpack_publicize_message":"","jetpack_is_tweetstorm":false,"jetpack_publicize_feature_enabled":true},"categories":[4,14249],"tags":[14351,17471,17492,14353,14354,12340,17070,20,17071,14652,3642,13243,17472,14358,61,17470,3721,3506,214,14360,14361,14362,14363,3507,49,2158,498,3500,1891,17493,14364,3327,3512,17072,38,5116,95,15141,14366,17491,10018,7209,6592,13471,79,17073,17079,17074,1653,14367,92,2306,14663,14368,14369,17469,14370,2083,14371,14372,17075,17076,17077,14375,1655,19,17078,200,18,14376],"jetpack_publicize_connections":[],"yoast_head":"<!-- This site is optimized with the Yoast SEO plugin v19.1 - https:\/\/yoast.com\/wordpress\/plugins\/seo\/ -->\n<title>Gjendje e r\u00ebnd\u00eb ekzistenciale t\u00eb ish-pun\u00ebtor\u00ebve kosovar\u00eb,shtetas t\u00eb Malit t\u00eb Zi - Lajme nga Ulqini<\/title>\n<meta name=\"description\" content=\"T\u00eb kujt jemi ne ish-pun\u00ebtor\u00ebt e kosov\u00ebs? Shkruan:Ibrahim Berjashi\/ korrespondent I Rilindjes, Ulqin N\u00eb Ulqin, por edhe n\u00eb qendrat tjera n\u00eb Malin e\" \/>\n<meta name=\"robots\" content=\"index, follow, max-snippet:-1, max-image-preview:large, max-video-preview:-1\" \/>\n<link rel=\"canonical\" href=\"https:\/\/www.visit-ulcinj.com\/blog\/2011\/02\/26\/gjendje-e-rende-ekzistenciale-te-ish-punetoreve-kosovareshtetas-te-malit-te-zi\/\" \/>\n<meta property=\"og:locale\" content=\"en_US\" \/>\n<meta property=\"og:type\" content=\"article\" \/>\n<meta property=\"og:title\" content=\"Gjendje e r\u00ebnd\u00eb ekzistenciale t\u00eb ish-pun\u00ebtor\u00ebve kosovar\u00eb,shtetas t\u00eb Malit t\u00eb Zi - Lajme nga Ulqini\" \/>\n<meta property=\"og:description\" content=\"T\u00eb kujt jemi ne ish-pun\u00ebtor\u00ebt e kosov\u00ebs? Shkruan:Ibrahim Berjashi\/ korrespondent I Rilindjes, Ulqin N\u00eb Ulqin, por edhe n\u00eb qendrat tjera n\u00eb Malin e\" \/>\n<meta property=\"og:url\" content=\"https:\/\/www.visit-ulcinj.com\/blog\/2011\/02\/26\/gjendje-e-rende-ekzistenciale-te-ish-punetoreve-kosovareshtetas-te-malit-te-zi\/\" \/>\n<meta property=\"og:site_name\" content=\"Lajme nga Ulqini\" \/>\n<meta property=\"article:published_time\" content=\"2011-02-26T16:02:23+00:00\" \/>\n<meta property=\"article:modified_time\" content=\"2011-03-07T07:02:26+00:00\" \/>\n<meta property=\"og:image\" content=\"http:\/\/www.visit-ulcinj.com\/blog\/wp-content\/uploads\/2011\/02\/ibrahim-berjashi.1.JPG.jpg\" \/>\n<meta name=\"twitter:label1\" content=\"Written by\" \/>\n\t<meta name=\"twitter:data1\" content=\"ulqini\" \/>\n\t<meta name=\"twitter:label2\" content=\"Est. reading time\" \/>\n\t<meta name=\"twitter:data2\" content=\"9 minutes\" \/>\n<script type=\"application\/ld+json\" class=\"yoast-schema-graph\">{\"@context\":\"https:\/\/schema.org\",\"@graph\":[{\"@type\":\"WebSite\",\"@id\":\"https:\/\/www.visit-ulcinj.com\/blog\/#website\",\"url\":\"https:\/\/www.visit-ulcinj.com\/blog\/\",\"name\":\"Lajme nga Ulqini\",\"description\":\"Lajme,Vijesti,Ulqini,Ulqin,Crna Gora,Mali i Zi\",\"potentialAction\":[{\"@type\":\"SearchAction\",\"target\":{\"@type\":\"EntryPoint\",\"urlTemplate\":\"https:\/\/www.visit-ulcinj.com\/blog\/?s={search_term_string}\"},\"query-input\":\"required name=search_term_string\"}],\"inLanguage\":\"en-US\"},{\"@type\":\"ImageObject\",\"inLanguage\":\"en-US\",\"@id\":\"https:\/\/www.visit-ulcinj.com\/blog\/2011\/02\/26\/gjendje-e-rende-ekzistenciale-te-ish-punetoreve-kosovareshtetas-te-malit-te-zi\/#primaryimage\",\"url\":\"https:\/\/www.visit-ulcinj.com\/blog\/wp-content\/uploads\/2011\/02\/ibrahim-berjashi.1.JPG.jpg\",\"contentUrl\":\"https:\/\/www.visit-ulcinj.com\/blog\/wp-content\/uploads\/2011\/02\/ibrahim-berjashi.1.JPG.jpg\",\"width\":\"547\",\"height\":\"532\"},{\"@type\":\"WebPage\",\"@id\":\"https:\/\/www.visit-ulcinj.com\/blog\/2011\/02\/26\/gjendje-e-rende-ekzistenciale-te-ish-punetoreve-kosovareshtetas-te-malit-te-zi\/#webpage\",\"url\":\"https:\/\/www.visit-ulcinj.com\/blog\/2011\/02\/26\/gjendje-e-rende-ekzistenciale-te-ish-punetoreve-kosovareshtetas-te-malit-te-zi\/\",\"name\":\"Gjendje e r\u00ebnd\u00eb ekzistenciale t\u00eb ish-pun\u00ebtor\u00ebve kosovar\u00eb,shtetas t\u00eb Malit t\u00eb Zi - Lajme nga Ulqini\",\"isPartOf\":{\"@id\":\"https:\/\/www.visit-ulcinj.com\/blog\/#website\"},\"primaryImageOfPage\":{\"@id\":\"https:\/\/www.visit-ulcinj.com\/blog\/2011\/02\/26\/gjendje-e-rende-ekzistenciale-te-ish-punetoreve-kosovareshtetas-te-malit-te-zi\/#primaryimage\"},\"datePublished\":\"2011-02-26T16:02:23+00:00\",\"dateModified\":\"2011-03-07T07:02:26+00:00\",\"author\":{\"@id\":\"https:\/\/www.visit-ulcinj.com\/blog\/#\/schema\/person\/dcab619c614d3038751c63bc2aadc06d\"},\"description\":\"T\u00eb kujt jemi ne ish-pun\u00ebtor\u00ebt e kosov\u00ebs? Shkruan:Ibrahim Berjashi\/ korrespondent I Rilindjes, Ulqin N\u00eb Ulqin, por edhe n\u00eb qendrat tjera n\u00eb Malin e\",\"breadcrumb\":{\"@id\":\"https:\/\/www.visit-ulcinj.com\/blog\/2011\/02\/26\/gjendje-e-rende-ekzistenciale-te-ish-punetoreve-kosovareshtetas-te-malit-te-zi\/#breadcrumb\"},\"inLanguage\":\"en-US\",\"potentialAction\":[{\"@type\":\"ReadAction\",\"target\":[\"https:\/\/www.visit-ulcinj.com\/blog\/2011\/02\/26\/gjendje-e-rende-ekzistenciale-te-ish-punetoreve-kosovareshtetas-te-malit-te-zi\/\"]}]},{\"@type\":\"BreadcrumbList\",\"@id\":\"https:\/\/www.visit-ulcinj.com\/blog\/2011\/02\/26\/gjendje-e-rende-ekzistenciale-te-ish-punetoreve-kosovareshtetas-te-malit-te-zi\/#breadcrumb\",\"itemListElement\":[{\"@type\":\"ListItem\",\"position\":1,\"name\":\"Gjendje e r\u00ebnd\u00eb ekzistenciale t\u00eb ish-pun\u00ebtor\u00ebve kosovar\u00eb,shtetas t\u00eb Malit t\u00eb Zi\"}]},{\"@type\":\"Person\",\"@id\":\"https:\/\/www.visit-ulcinj.com\/blog\/#\/schema\/person\/dcab619c614d3038751c63bc2aadc06d\",\"name\":\"ulqini\",\"sameAs\":[\"http:\/\/www.visit-ulcinj.com\"],\"url\":\"https:\/\/www.visit-ulcinj.com\/blog\/author\/admin\/\"}]}<\/script>\n<!-- \/ Yoast SEO plugin. -->","yoast_head_json":{"title":"Gjendje e r\u00ebnd\u00eb ekzistenciale t\u00eb ish-pun\u00ebtor\u00ebve kosovar\u00eb,shtetas t\u00eb Malit t\u00eb Zi - Lajme nga Ulqini","description":"T\u00eb kujt jemi ne ish-pun\u00ebtor\u00ebt e kosov\u00ebs? Shkruan:Ibrahim Berjashi\/ korrespondent I Rilindjes, Ulqin N\u00eb Ulqin, por edhe n\u00eb qendrat tjera n\u00eb Malin e","robots":{"index":"index","follow":"follow","max-snippet":"max-snippet:-1","max-image-preview":"max-image-preview:large","max-video-preview":"max-video-preview:-1"},"canonical":"https:\/\/www.visit-ulcinj.com\/blog\/2011\/02\/26\/gjendje-e-rende-ekzistenciale-te-ish-punetoreve-kosovareshtetas-te-malit-te-zi\/","og_locale":"en_US","og_type":"article","og_title":"Gjendje e r\u00ebnd\u00eb ekzistenciale t\u00eb ish-pun\u00ebtor\u00ebve kosovar\u00eb,shtetas t\u00eb Malit t\u00eb Zi - Lajme nga Ulqini","og_description":"T\u00eb kujt jemi ne ish-pun\u00ebtor\u00ebt e kosov\u00ebs? Shkruan:Ibrahim Berjashi\/ korrespondent I Rilindjes, Ulqin N\u00eb Ulqin, por edhe n\u00eb qendrat tjera n\u00eb Malin e","og_url":"https:\/\/www.visit-ulcinj.com\/blog\/2011\/02\/26\/gjendje-e-rende-ekzistenciale-te-ish-punetoreve-kosovareshtetas-te-malit-te-zi\/","og_site_name":"Lajme nga Ulqini","article_published_time":"2011-02-26T16:02:23+00:00","article_modified_time":"2011-03-07T07:02:26+00:00","og_image":[{"url":"http:\/\/www.visit-ulcinj.com\/blog\/wp-content\/uploads\/2011\/02\/ibrahim-berjashi.1.JPG.jpg"}],"twitter_misc":{"Written by":"ulqini","Est. reading time":"9 minutes"},"schema":{"@context":"https:\/\/schema.org","@graph":[{"@type":"WebSite","@id":"https:\/\/www.visit-ulcinj.com\/blog\/#website","url":"https:\/\/www.visit-ulcinj.com\/blog\/","name":"Lajme nga Ulqini","description":"Lajme,Vijesti,Ulqini,Ulqin,Crna Gora,Mali i Zi","potentialAction":[{"@type":"SearchAction","target":{"@type":"EntryPoint","urlTemplate":"https:\/\/www.visit-ulcinj.com\/blog\/?s={search_term_string}"},"query-input":"required name=search_term_string"}],"inLanguage":"en-US"},{"@type":"ImageObject","inLanguage":"en-US","@id":"https:\/\/www.visit-ulcinj.com\/blog\/2011\/02\/26\/gjendje-e-rende-ekzistenciale-te-ish-punetoreve-kosovareshtetas-te-malit-te-zi\/#primaryimage","url":"https:\/\/www.visit-ulcinj.com\/blog\/wp-content\/uploads\/2011\/02\/ibrahim-berjashi.1.JPG.jpg","contentUrl":"https:\/\/www.visit-ulcinj.com\/blog\/wp-content\/uploads\/2011\/02\/ibrahim-berjashi.1.JPG.jpg","width":"547","height":"532"},{"@type":"WebPage","@id":"https:\/\/www.visit-ulcinj.com\/blog\/2011\/02\/26\/gjendje-e-rende-ekzistenciale-te-ish-punetoreve-kosovareshtetas-te-malit-te-zi\/#webpage","url":"https:\/\/www.visit-ulcinj.com\/blog\/2011\/02\/26\/gjendje-e-rende-ekzistenciale-te-ish-punetoreve-kosovareshtetas-te-malit-te-zi\/","name":"Gjendje e r\u00ebnd\u00eb ekzistenciale t\u00eb ish-pun\u00ebtor\u00ebve kosovar\u00eb,shtetas t\u00eb Malit t\u00eb Zi - Lajme nga Ulqini","isPartOf":{"@id":"https:\/\/www.visit-ulcinj.com\/blog\/#website"},"primaryImageOfPage":{"@id":"https:\/\/www.visit-ulcinj.com\/blog\/2011\/02\/26\/gjendje-e-rende-ekzistenciale-te-ish-punetoreve-kosovareshtetas-te-malit-te-zi\/#primaryimage"},"datePublished":"2011-02-26T16:02:23+00:00","dateModified":"2011-03-07T07:02:26+00:00","author":{"@id":"https:\/\/www.visit-ulcinj.com\/blog\/#\/schema\/person\/dcab619c614d3038751c63bc2aadc06d"},"description":"T\u00eb kujt jemi ne ish-pun\u00ebtor\u00ebt e kosov\u00ebs? Shkruan:Ibrahim Berjashi\/ korrespondent I Rilindjes, Ulqin N\u00eb Ulqin, por edhe n\u00eb qendrat tjera n\u00eb Malin e","breadcrumb":{"@id":"https:\/\/www.visit-ulcinj.com\/blog\/2011\/02\/26\/gjendje-e-rende-ekzistenciale-te-ish-punetoreve-kosovareshtetas-te-malit-te-zi\/#breadcrumb"},"inLanguage":"en-US","potentialAction":[{"@type":"ReadAction","target":["https:\/\/www.visit-ulcinj.com\/blog\/2011\/02\/26\/gjendje-e-rende-ekzistenciale-te-ish-punetoreve-kosovareshtetas-te-malit-te-zi\/"]}]},{"@type":"BreadcrumbList","@id":"https:\/\/www.visit-ulcinj.com\/blog\/2011\/02\/26\/gjendje-e-rende-ekzistenciale-te-ish-punetoreve-kosovareshtetas-te-malit-te-zi\/#breadcrumb","itemListElement":[{"@type":"ListItem","position":1,"name":"Gjendje e r\u00ebnd\u00eb ekzistenciale t\u00eb ish-pun\u00ebtor\u00ebve kosovar\u00eb,shtetas t\u00eb Malit t\u00eb Zi"}]},{"@type":"Person","@id":"https:\/\/www.visit-ulcinj.com\/blog\/#\/schema\/person\/dcab619c614d3038751c63bc2aadc06d","name":"ulqini","sameAs":["http:\/\/www.visit-ulcinj.com"],"url":"https:\/\/www.visit-ulcinj.com\/blog\/author\/admin\/"}]}},"jetpack_featured_media_url":"","jetpack_sharing_enabled":true,"jetpack_shortlink":"https:\/\/wp.me\/pe6lTn-bqX","_links":{"self":[{"href":"https:\/\/www.visit-ulcinj.com\/blog\/wp-json\/wp\/v2\/posts\/43955"}],"collection":[{"href":"https:\/\/www.visit-ulcinj.com\/blog\/wp-json\/wp\/v2\/posts"}],"about":[{"href":"https:\/\/www.visit-ulcinj.com\/blog\/wp-json\/wp\/v2\/types\/post"}],"author":[{"embeddable":true,"href":"https:\/\/www.visit-ulcinj.com\/blog\/wp-json\/wp\/v2\/users\/1"}],"replies":[{"embeddable":true,"href":"https:\/\/www.visit-ulcinj.com\/blog\/wp-json\/wp\/v2\/comments?post=43955"}],"version-history":[{"count":0,"href":"https:\/\/www.visit-ulcinj.com\/blog\/wp-json\/wp\/v2\/posts\/43955\/revisions"}],"wp:attachment":[{"href":"https:\/\/www.visit-ulcinj.com\/blog\/wp-json\/wp\/v2\/media?parent=43955"}],"wp:term":[{"taxonomy":"category","embeddable":true,"href":"https:\/\/www.visit-ulcinj.com\/blog\/wp-json\/wp\/v2\/categories?post=43955"},{"taxonomy":"post_tag","embeddable":true,"href":"https:\/\/www.visit-ulcinj.com\/blog\/wp-json\/wp\/v2\/tags?post=43955"}],"curies":[{"name":"wp","href":"https:\/\/api.w.org\/{rel}","templated":true}]}}