{"id":43981,"date":"2011-02-26T18:38:23","date_gmt":"2011-02-26T17:38:23","guid":{"rendered":"http:\/\/www.visit-ulcinj.com\/blog\/?p=43981"},"modified":"2011-02-26T18:38:52","modified_gmt":"2011-02-26T17:38:52","slug":"tahiri-ministar-da-preispita-odluke","status":"publish","type":"post","link":"https:\/\/www.visit-ulcinj.com\/blog\/2011\/02\/26\/tahiri-ministar-da-preispita-odluke\/","title":{"rendered":"Tahiri: Ministar da preispita odluke"},"content":{"rendered":"<p><a href=\"http:\/\/www.visit-ulcinj.com\/blog\/wp-content\/uploads\/2011\/02\/Tahir-Tahiri.jpg\"><\/a><a href=\"http:\/\/www.visit-ulcinj.com\/blog\/wp-content\/uploads\/2011\/02\/Tahir-Tahiri.jpg\"><img loading=\"lazy\" class=\"alignleft size-full wp-image-43982\" title=\"Tahir Tahiri\" src=\"http:\/\/www.visit-ulcinj.com\/blog\/wp-content\/uploads\/2011\/02\/Tahir-Tahiri.jpg\" alt=\"\" width=\"508\" height=\"380\" \/><\/a>Imenovanje direktora u \u0161kolama je politizovano, s obzirom na to da za tri obrazovne ustanove Savjet Albanaca jo\u0161 nije od Ministarstva prosvjete dobio zahtjeve za mi\u0161ljenje, iako je i za njih va\u017eio isti rok za dono\u0161enje odluke, ocijenio je predsjednik tog Savjeta Tahir Tahiri.<\/p>\n<p>On je kazao da je Ministarstvo prvo zatra\u017eilo mi\u0161ljenje za direktore \u0161kola za koje je bio prijavljen po jedan kandidat i da je Savjet dao pozitivno mi\u0161ljenje za sve njih.<\/p>\n<p>&#8220;Nakon toga su po\u010dele manipulacije gdje se Ministarstvo opredjelilo za politi\u010dka rje\u0161enja, a ne za najkvalitetnije kandidate&#8221;, naveo je Tahiri u izjavi dostavljenoj agenciji MINA.<\/p>\n<p>Kako je saop\u0161tio, Savjet je na posljednjoj sjednici dao \u0161est pozitivnih mi\u0161ljenja za direktore obrazovnih ustanova.<\/p>\n<p>&#8220;Za Veru Kosti\u0107 &#8211; Dje\u010dji vrti\u0107 Solidarnost, uz napomenu da Ministarstvo na\u0111e rje\u0161enje da pomo\u0107nik direktora bude iz albanske nacionalnosti, Nail Dragu &#8211; O\u0160 &#8220;Bedri Elezaga&#8221;, Dul Aslani &#8211; O\u0160 &#8220;Marko Nuculovi\u0107&#8221;, Omer Radon\u010di\u0107 &#8211; O\u0160 &#8220;D\u017eafer Niko\u010devi\u0107-Gusinje, Pjetro Ivezaj &#8211; O\u0160 &#8220;Mahmut Leki\u0107&#8221; &#8211; Tuzi i Jusuf Lika \u2013 Osnovna muzi\u010dka \u0161kola \u2013 Ulcinj&#8221;, naveo je Tahiri.<\/p>\n<p>Savjet je zaklju\u010dio da se ministru prosvjete Slavoljubu Stijepovi\u0107u predlo\u017ei da poni\u0161ti Odluku o izboru direktora Osnovne \u0161kole &#8220;Bedri Elezaga&#8221;, zbog toga \u0161to je ministar, kako tvrde, donio odluku bez prethodno pribavljenog mi\u0161ljenja Savjeta.<\/p>\n<p>&#8220;Za kandidata O\u0160 &#8220;Bo\u0161ko Strugar&#8221; Savjet nije dao misljenje zbog kontradiktornosti, odnosno konstatacije da kandidat Muhamet Spu\u017ea ne ispunjava uslove. Savjetu nije jasno kako je isti kandidat mogao da bude direktor u dva prethodna mandata, pa tra\u017ei da Stijrepovi\u0107a to dodatno objasni&#8221;, kazao je Tahiri.<\/p>\n<p>Iz Savjeta Albanaca navode da rok za davanje mi\u0161ljenja nije bio odredjen niti je Ministarstvo to posebno tra\u017eilo.<\/p>\n<p>&#8220;Sada je jasno da je imenovanje direktora u \u0161kolama politizovano, s obzirom na to da za tri \u0161kole Savjet Albanaca jo\u0161 nije dobio zahtjeve od strane Ministarstva, iako je i za njih va\u017eio isti rok za dono\u0161enje odluke&#8221;, rekao je Tahiri.<\/p>\n<p>U Savjetu ne isklju\u010duju mogu\u0107nost da su pogrije\u0161ili obra\u0111iva\u010di zahtjeva, a ne ministar, pa je, kako su kazali, to jo\u0161 jedan razlog da Stijepovi\u0107 preispita odluke.<\/p>\n<p><strong>RTCG<\/strong><\/p>\n","protected":false},"excerpt":{"rendered":"<p>Imenovanje direktora u \u0161kolama je politizovano, s obzirom na to da za tri obrazovne ustanove Savjet Albanaca jo\u0161 nije od Ministarstva prosvjete dobio zahtjeve za mi\u0161ljenje, iako je i za njih va\u017eio isti rok za dono\u0161enje odluke, ocijenio je predsjednik tog Savjeta Tahir Tahiri. On je kazao da je Ministarstvo prvo zatra\u017eilo mi\u0161ljenje za direktore [&hellip;]<\/p>\n","protected":false},"author":1,"featured_media":0,"comment_status":"open","ping_status":"closed","sticky":false,"template":"","format":"standard","meta":{"spay_email":"","jetpack_publicize_message":"","jetpack_is_tweetstorm":false,"jetpack_publicize_feature_enabled":true},"categories":[8337],"tags":[17501,17500,899],"jetpack_publicize_connections":[],"yoast_head":"<!-- This site is optimized with the Yoast SEO plugin v19.1 - https:\/\/yoast.com\/wordpress\/plugins\/seo\/ -->\n<title>Tahiri: Ministar da preispita odluke - Lajme nga Ulqini<\/title>\n<meta name=\"description\" content=\"Imenovanje direktora u \u0161kolama je politizovano, s obzirom na to da za tri obrazovne ustanove Savjet Albanaca jo\u0161 nije od Ministarstva prosvjete dobio\" \/>\n<meta name=\"robots\" content=\"index, follow, max-snippet:-1, max-image-preview:large, max-video-preview:-1\" \/>\n<link rel=\"canonical\" href=\"https:\/\/www.visit-ulcinj.com\/blog\/2011\/02\/26\/tahiri-ministar-da-preispita-odluke\/\" \/>\n<meta property=\"og:locale\" content=\"en_US\" \/>\n<meta property=\"og:type\" content=\"article\" \/>\n<meta property=\"og:title\" content=\"Tahiri: Ministar da preispita odluke - Lajme nga Ulqini\" \/>\n<meta property=\"og:description\" content=\"Imenovanje direktora u \u0161kolama je politizovano, s obzirom na to da za tri obrazovne ustanove Savjet Albanaca jo\u0161 nije od Ministarstva prosvjete dobio\" \/>\n<meta property=\"og:url\" content=\"https:\/\/www.visit-ulcinj.com\/blog\/2011\/02\/26\/tahiri-ministar-da-preispita-odluke\/\" \/>\n<meta property=\"og:site_name\" content=\"Lajme nga Ulqini\" \/>\n<meta property=\"article:published_time\" content=\"2011-02-26T17:38:23+00:00\" \/>\n<meta property=\"article:modified_time\" content=\"2011-02-26T17:38:52+00:00\" \/>\n<meta property=\"og:image\" content=\"http:\/\/www.visit-ulcinj.com\/blog\/wp-content\/uploads\/2011\/02\/Tahir-Tahiri.jpg\" \/>\n<meta name=\"twitter:label1\" content=\"Written by\" \/>\n\t<meta name=\"twitter:data1\" content=\"ulqini\" \/>\n\t<meta name=\"twitter:label2\" content=\"Est. reading time\" \/>\n\t<meta name=\"twitter:data2\" content=\"2 minutes\" \/>\n<script type=\"application\/ld+json\" class=\"yoast-schema-graph\">{\"@context\":\"https:\/\/schema.org\",\"@graph\":[{\"@type\":\"WebSite\",\"@id\":\"https:\/\/www.visit-ulcinj.com\/blog\/#website\",\"url\":\"https:\/\/www.visit-ulcinj.com\/blog\/\",\"name\":\"Lajme nga Ulqini\",\"description\":\"Lajme,Vijesti,Ulqini,Ulqin,Crna Gora,Mali i Zi\",\"potentialAction\":[{\"@type\":\"SearchAction\",\"target\":{\"@type\":\"EntryPoint\",\"urlTemplate\":\"https:\/\/www.visit-ulcinj.com\/blog\/?s={search_term_string}\"},\"query-input\":\"required name=search_term_string\"}],\"inLanguage\":\"en-US\"},{\"@type\":\"ImageObject\",\"inLanguage\":\"en-US\",\"@id\":\"https:\/\/www.visit-ulcinj.com\/blog\/2011\/02\/26\/tahiri-ministar-da-preispita-odluke\/#primaryimage\",\"url\":\"https:\/\/www.visit-ulcinj.com\/blog\/wp-content\/uploads\/2011\/02\/Tahir-Tahiri.jpg\",\"contentUrl\":\"https:\/\/www.visit-ulcinj.com\/blog\/wp-content\/uploads\/2011\/02\/Tahir-Tahiri.jpg\",\"width\":\"640\",\"height\":\"428\"},{\"@type\":\"WebPage\",\"@id\":\"https:\/\/www.visit-ulcinj.com\/blog\/2011\/02\/26\/tahiri-ministar-da-preispita-odluke\/#webpage\",\"url\":\"https:\/\/www.visit-ulcinj.com\/blog\/2011\/02\/26\/tahiri-ministar-da-preispita-odluke\/\",\"name\":\"Tahiri: Ministar da preispita odluke - Lajme nga Ulqini\",\"isPartOf\":{\"@id\":\"https:\/\/www.visit-ulcinj.com\/blog\/#website\"},\"primaryImageOfPage\":{\"@id\":\"https:\/\/www.visit-ulcinj.com\/blog\/2011\/02\/26\/tahiri-ministar-da-preispita-odluke\/#primaryimage\"},\"datePublished\":\"2011-02-26T17:38:23+00:00\",\"dateModified\":\"2011-02-26T17:38:52+00:00\",\"author\":{\"@id\":\"https:\/\/www.visit-ulcinj.com\/blog\/#\/schema\/person\/dcab619c614d3038751c63bc2aadc06d\"},\"description\":\"Imenovanje direktora u \u0161kolama je politizovano, s obzirom na to da za tri obrazovne ustanove Savjet Albanaca jo\u0161 nije od Ministarstva prosvjete dobio\",\"breadcrumb\":{\"@id\":\"https:\/\/www.visit-ulcinj.com\/blog\/2011\/02\/26\/tahiri-ministar-da-preispita-odluke\/#breadcrumb\"},\"inLanguage\":\"en-US\",\"potentialAction\":[{\"@type\":\"ReadAction\",\"target\":[\"https:\/\/www.visit-ulcinj.com\/blog\/2011\/02\/26\/tahiri-ministar-da-preispita-odluke\/\"]}]},{\"@type\":\"BreadcrumbList\",\"@id\":\"https:\/\/www.visit-ulcinj.com\/blog\/2011\/02\/26\/tahiri-ministar-da-preispita-odluke\/#breadcrumb\",\"itemListElement\":[{\"@type\":\"ListItem\",\"position\":1,\"name\":\"Tahiri: Ministar da preispita odluke\"}]},{\"@type\":\"Person\",\"@id\":\"https:\/\/www.visit-ulcinj.com\/blog\/#\/schema\/person\/dcab619c614d3038751c63bc2aadc06d\",\"name\":\"ulqini\",\"sameAs\":[\"http:\/\/www.visit-ulcinj.com\"],\"url\":\"https:\/\/www.visit-ulcinj.com\/blog\/author\/admin\/\"}]}<\/script>\n<!-- \/ Yoast SEO plugin. -->","yoast_head_json":{"title":"Tahiri: Ministar da preispita odluke - Lajme nga Ulqini","description":"Imenovanje direktora u \u0161kolama je politizovano, s obzirom na to da za tri obrazovne ustanove Savjet Albanaca jo\u0161 nije od Ministarstva prosvjete dobio","robots":{"index":"index","follow":"follow","max-snippet":"max-snippet:-1","max-image-preview":"max-image-preview:large","max-video-preview":"max-video-preview:-1"},"canonical":"https:\/\/www.visit-ulcinj.com\/blog\/2011\/02\/26\/tahiri-ministar-da-preispita-odluke\/","og_locale":"en_US","og_type":"article","og_title":"Tahiri: Ministar da preispita odluke - Lajme nga Ulqini","og_description":"Imenovanje direktora u \u0161kolama je politizovano, s obzirom na to da za tri obrazovne ustanove Savjet Albanaca jo\u0161 nije od Ministarstva prosvjete dobio","og_url":"https:\/\/www.visit-ulcinj.com\/blog\/2011\/02\/26\/tahiri-ministar-da-preispita-odluke\/","og_site_name":"Lajme nga Ulqini","article_published_time":"2011-02-26T17:38:23+00:00","article_modified_time":"2011-02-26T17:38:52+00:00","og_image":[{"url":"http:\/\/www.visit-ulcinj.com\/blog\/wp-content\/uploads\/2011\/02\/Tahir-Tahiri.jpg"}],"twitter_misc":{"Written by":"ulqini","Est. reading time":"2 minutes"},"schema":{"@context":"https:\/\/schema.org","@graph":[{"@type":"WebSite","@id":"https:\/\/www.visit-ulcinj.com\/blog\/#website","url":"https:\/\/www.visit-ulcinj.com\/blog\/","name":"Lajme nga Ulqini","description":"Lajme,Vijesti,Ulqini,Ulqin,Crna Gora,Mali i Zi","potentialAction":[{"@type":"SearchAction","target":{"@type":"EntryPoint","urlTemplate":"https:\/\/www.visit-ulcinj.com\/blog\/?s={search_term_string}"},"query-input":"required name=search_term_string"}],"inLanguage":"en-US"},{"@type":"ImageObject","inLanguage":"en-US","@id":"https:\/\/www.visit-ulcinj.com\/blog\/2011\/02\/26\/tahiri-ministar-da-preispita-odluke\/#primaryimage","url":"https:\/\/www.visit-ulcinj.com\/blog\/wp-content\/uploads\/2011\/02\/Tahir-Tahiri.jpg","contentUrl":"https:\/\/www.visit-ulcinj.com\/blog\/wp-content\/uploads\/2011\/02\/Tahir-Tahiri.jpg","width":"640","height":"428"},{"@type":"WebPage","@id":"https:\/\/www.visit-ulcinj.com\/blog\/2011\/02\/26\/tahiri-ministar-da-preispita-odluke\/#webpage","url":"https:\/\/www.visit-ulcinj.com\/blog\/2011\/02\/26\/tahiri-ministar-da-preispita-odluke\/","name":"Tahiri: Ministar da preispita odluke - Lajme nga Ulqini","isPartOf":{"@id":"https:\/\/www.visit-ulcinj.com\/blog\/#website"},"primaryImageOfPage":{"@id":"https:\/\/www.visit-ulcinj.com\/blog\/2011\/02\/26\/tahiri-ministar-da-preispita-odluke\/#primaryimage"},"datePublished":"2011-02-26T17:38:23+00:00","dateModified":"2011-02-26T17:38:52+00:00","author":{"@id":"https:\/\/www.visit-ulcinj.com\/blog\/#\/schema\/person\/dcab619c614d3038751c63bc2aadc06d"},"description":"Imenovanje direktora u \u0161kolama je politizovano, s obzirom na to da za tri obrazovne ustanove Savjet Albanaca jo\u0161 nije od Ministarstva prosvjete dobio","breadcrumb":{"@id":"https:\/\/www.visit-ulcinj.com\/blog\/2011\/02\/26\/tahiri-ministar-da-preispita-odluke\/#breadcrumb"},"inLanguage":"en-US","potentialAction":[{"@type":"ReadAction","target":["https:\/\/www.visit-ulcinj.com\/blog\/2011\/02\/26\/tahiri-ministar-da-preispita-odluke\/"]}]},{"@type":"BreadcrumbList","@id":"https:\/\/www.visit-ulcinj.com\/blog\/2011\/02\/26\/tahiri-ministar-da-preispita-odluke\/#breadcrumb","itemListElement":[{"@type":"ListItem","position":1,"name":"Tahiri: Ministar da preispita odluke"}]},{"@type":"Person","@id":"https:\/\/www.visit-ulcinj.com\/blog\/#\/schema\/person\/dcab619c614d3038751c63bc2aadc06d","name":"ulqini","sameAs":["http:\/\/www.visit-ulcinj.com"],"url":"https:\/\/www.visit-ulcinj.com\/blog\/author\/admin\/"}]}},"jetpack_featured_media_url":"","jetpack_sharing_enabled":true,"jetpack_shortlink":"https:\/\/wp.me\/pe6lTn-brn","_links":{"self":[{"href":"https:\/\/www.visit-ulcinj.com\/blog\/wp-json\/wp\/v2\/posts\/43981"}],"collection":[{"href":"https:\/\/www.visit-ulcinj.com\/blog\/wp-json\/wp\/v2\/posts"}],"about":[{"href":"https:\/\/www.visit-ulcinj.com\/blog\/wp-json\/wp\/v2\/types\/post"}],"author":[{"embeddable":true,"href":"https:\/\/www.visit-ulcinj.com\/blog\/wp-json\/wp\/v2\/users\/1"}],"replies":[{"embeddable":true,"href":"https:\/\/www.visit-ulcinj.com\/blog\/wp-json\/wp\/v2\/comments?post=43981"}],"version-history":[{"count":0,"href":"https:\/\/www.visit-ulcinj.com\/blog\/wp-json\/wp\/v2\/posts\/43981\/revisions"}],"wp:attachment":[{"href":"https:\/\/www.visit-ulcinj.com\/blog\/wp-json\/wp\/v2\/media?parent=43981"}],"wp:term":[{"taxonomy":"category","embeddable":true,"href":"https:\/\/www.visit-ulcinj.com\/blog\/wp-json\/wp\/v2\/categories?post=43981"},{"taxonomy":"post_tag","embeddable":true,"href":"https:\/\/www.visit-ulcinj.com\/blog\/wp-json\/wp\/v2\/tags?post=43981"}],"curies":[{"name":"wp","href":"https:\/\/api.w.org\/{rel}","templated":true}]}}