{"id":43985,"date":"2011-02-26T19:32:35","date_gmt":"2011-02-26T18:32:35","guid":{"rendered":"http:\/\/www.visit-ulcinj.com\/blog\/?p=43985"},"modified":"2011-02-26T19:46:15","modified_gmt":"2011-02-26T18:46:15","slug":"peticija-gradana-ulcinja-za-vracanje-muhamet-spuza-mjesto-direktora-os-bosko-strugar","status":"publish","type":"post","link":"https:\/\/www.visit-ulcinj.com\/blog\/2011\/02\/26\/peticija-gradana-ulcinja-za-vracanje-muhamet-spuza-mjesto-direktora-os-bosko-strugar\/","title":{"rendered":"Peticija gra\u0111ana Ulcinja za vra\u0107anje Muhamet Spu\u017ee u mjesto direktora O\u0160-Bo\u0161ko Strugar"},"content":{"rendered":"<p><strong><a href=\"http:\/\/www.visit-ulcinj.com\/blog\/wp-content\/uploads\/2011\/02\/Peticija-gradjana-Ulcinja-za-vracanje-Muhamet-Spuze-mjesto-direktora_O.S_Bosko_Strugar.1_.jpg\"><img loading=\"lazy\" class=\"alignleft size-large wp-image-43986\" title=\"OLYMPUS DIGITAL CAMERA\" src=\"http:\/\/www.visit-ulcinj.com\/blog\/wp-content\/uploads\/2011\/02\/Peticija-gradjana-Ulcinja-za-vracanje-Muhamet-Spuze-mjesto-direktora_O.S_Bosko_Strugar.1_-1024x768.jpg\" alt=\"\" width=\"508\" height=\"380\" srcset=\"https:\/\/www.visit-ulcinj.com\/blog\/wp-content\/uploads\/2011\/02\/Peticija-gradjana-Ulcinja-za-vracanje-Muhamet-Spuze-mjesto-direktora_O.S_Bosko_Strugar.1_-1024x768.jpg 1024w, https:\/\/www.visit-ulcinj.com\/blog\/wp-content\/uploads\/2011\/02\/Peticija-gradjana-Ulcinja-za-vracanje-Muhamet-Spuze-mjesto-direktora_O.S_Bosko_Strugar.1_-300x224.jpg 300w, https:\/\/www.visit-ulcinj.com\/blog\/wp-content\/uploads\/2011\/02\/Peticija-gradjana-Ulcinja-za-vracanje-Muhamet-Spuze-mjesto-direktora_O.S_Bosko_Strugar.1_.jpg 1040w\" sizes=\"(max-width: 508px) 100vw, 508px\" \/><\/a>Spu\u017ea nema potrebnu \u0161kolsku spremu<\/strong><strong><br \/>\nPeticija gra\u0111ana Ulcinja za vra\u0107a<\/strong><strong>nje Muhamet Spu\u017ea mjesto direktora O\u0160 \u201cBo\u0161ko Strugar\u201d<\/strong><\/p>\n<p>Grupa gra\u0111ana Ulcinja, njih 41, potpisalo je peticiju kojom od Stijepovi\u0107a tra\u017ee da poni\u0161ti odluku i na mjesto direktora O\u0160 \u201cBo\u0161ko Strugar\u201d vrati Muhameda Spu\u017eu.<\/p>\n<p>U ime roditelja, Ned\u017ead Hasanagi\u0107 kazao je \u201cVijestima\u201d da je Spu\u017ea dobar direktor i pedagog i da je \u0161kola u njegovom mandatu napravila zna\u010dajne iskorake naprijed. \u201cPrije njegovog dolaska u \u0161koli je bilo i \u017eutice i meningitisa. On je zna\u010dajnim ulaganjima i pove\u0107anjem nivoa \u010disto\u0107e to iskorijenio\u201d, kazao je Hasanagi\u0107, istakav\u0161i da je za vrijeme Spu\u017einog mandata \u0161kola dospjela na zavidnu 24. poziciju u Crnoj Gori po kvalitetu rada i postignutim rezultatima u\u010denika.<\/p>\n<p>Ministarstvo prosvjete u dopisu upu\u0107enom Nacionalnom savjetu Albanaca, me\u0111utim, navodi da Spu\u017ea ne ispunjava \u201cpropisane uslove u pogledu \u0161kolske spreme\u201d za izbor direktora. Za Spu\u017eu je \u0161ira javnost saznala nakon \u0161to je u oktobru 2009. godine zaprijetio \u010dlanici \u0160kolskog odbora Ireni Rolovi\u0107 da \u0107e je fizi\u010dki likvidirati.<\/p>\n<p>Porodica Rolovi\u0107 zbog toga se iselila iz Ulcinja i nastanila u Baru, a Spu\u017eu je sud oglasio krivim zbog krivi\u010dnog djela ugro\u017eavanja sigurnosti&#8230;<\/p>\n<p><a href=\"http:\/\/www.vijesti.me\/vijesti\/trazili-misljenje-ali-ga-nijesu-dobili-clanak-7962\" target=\"_blank\"><strong>Vijesti<\/strong><\/a><br \/>\n\n\t\t<style type=\"text\/css\">\n\t\t\t#gallery-1 {\n\t\t\t\tmargin: auto;\n\t\t\t}\n\t\t\t#gallery-1 .gallery-item {\n\t\t\t\tfloat: left;\n\t\t\t\tmargin-top: 10px;\n\t\t\t\ttext-align: center;\n\t\t\t\twidth: 33%;\n\t\t\t}\n\t\t\t#gallery-1 img {\n\t\t\t\tborder: 2px solid #cfcfcf;\n\t\t\t}\n\t\t\t#gallery-1 .gallery-caption {\n\t\t\t\tmargin-left: 0;\n\t\t\t}\n\t\t\t\/* see gallery_shortcode() in wp-includes\/media.php *\/\n\t\t<\/style>\n\t\t<div id='gallery-1' class='gallery galleryid-43985 gallery-columns-3 gallery-size-thumbnail'><dl class='gallery-item'>\n\t\t\t<dt class='gallery-icon landscape'>\n\t\t\t\t<a href='https:\/\/www.visit-ulcinj.com\/blog\/wp-content\/uploads\/2011\/02\/Peticija-gradjana-Ulcinja-za-vracanje-Muhamet-Spuze-mjesto-direktora_O.S_Bosko_Strugar.1_.jpg'><img width=\"150\" height=\"150\" src=\"https:\/\/www.visit-ulcinj.com\/blog\/wp-content\/uploads\/2011\/02\/Peticija-gradjana-Ulcinja-za-vracanje-Muhamet-Spuze-mjesto-direktora_O.S_Bosko_Strugar.1_-150x150.jpg\" class=\"attachment-thumbnail size-thumbnail\" alt=\"\" loading=\"lazy\" \/><\/a>\n\t\t\t<\/dt><\/dl><dl class='gallery-item'>\n\t\t\t<dt class='gallery-icon landscape'>\n\t\t\t\t<a href='https:\/\/www.visit-ulcinj.com\/blog\/wp-content\/uploads\/2011\/02\/Peticija-gradjana-Ulcinja-za-vracanje-Muhamet-Spuze-mjesto-direktora_O.S_Bosko_Strugar.2.jpg'><img width=\"150\" height=\"150\" src=\"https:\/\/www.visit-ulcinj.com\/blog\/wp-content\/uploads\/2011\/02\/Peticija-gradjana-Ulcinja-za-vracanje-Muhamet-Spuze-mjesto-direktora_O.S_Bosko_Strugar.2-150x150.jpg\" class=\"attachment-thumbnail size-thumbnail\" alt=\"\" loading=\"lazy\" \/><\/a>\n\t\t\t<\/dt><\/dl><dl class='gallery-item'>\n\t\t\t<dt class='gallery-icon landscape'>\n\t\t\t\t<a href='https:\/\/www.visit-ulcinj.com\/blog\/wp-content\/uploads\/2011\/02\/Peticija-gradjana-Ulcinja-za-vracanje-Muhamet-Spuze-mjesto-direktora_O.S_Bosko_Strugar.3.jpg'><img width=\"150\" height=\"150\" src=\"https:\/\/www.visit-ulcinj.com\/blog\/wp-content\/uploads\/2011\/02\/Peticija-gradjana-Ulcinja-za-vracanje-Muhamet-Spuze-mjesto-direktora_O.S_Bosko_Strugar.3-150x150.jpg\" class=\"attachment-thumbnail size-thumbnail\" alt=\"\" loading=\"lazy\" \/><\/a>\n\t\t\t<\/dt><\/dl><br style=\"clear: both\" \/><dl class='gallery-item'>\n\t\t\t<dt class='gallery-icon landscape'>\n\t\t\t\t<a href='https:\/\/www.visit-ulcinj.com\/blog\/wp-content\/uploads\/2011\/02\/Peticija-gradjana-Ulcinja-za-vracanje-Muhamet-Spuze-mjesto-direktora_O.S_Bosko_Strugar.4.jpg'><img width=\"150\" height=\"150\" src=\"https:\/\/www.visit-ulcinj.com\/blog\/wp-content\/uploads\/2011\/02\/Peticija-gradjana-Ulcinja-za-vracanje-Muhamet-Spuze-mjesto-direktora_O.S_Bosko_Strugar.4-150x150.jpg\" class=\"attachment-thumbnail size-thumbnail\" alt=\"\" loading=\"lazy\" \/><\/a>\n\t\t\t<\/dt><\/dl><dl class='gallery-item'>\n\t\t\t<dt class='gallery-icon landscape'>\n\t\t\t\t<a href='https:\/\/www.visit-ulcinj.com\/blog\/wp-content\/uploads\/2011\/02\/Peticija-gradjana-Ulcinja-za-vracanje-Muhamet-Spuze-mjesto-direktora_O.S_Bosko_Strugar.5.jpg'><img width=\"150\" height=\"150\" src=\"https:\/\/www.visit-ulcinj.com\/blog\/wp-content\/uploads\/2011\/02\/Peticija-gradjana-Ulcinja-za-vracanje-Muhamet-Spuze-mjesto-direktora_O.S_Bosko_Strugar.5-150x150.jpg\" class=\"attachment-thumbnail size-thumbnail\" alt=\"\" loading=\"lazy\" \/><\/a>\n\t\t\t<\/dt><\/dl><dl class='gallery-item'>\n\t\t\t<dt class='gallery-icon landscape'>\n\t\t\t\t<a href='https:\/\/www.visit-ulcinj.com\/blog\/wp-content\/uploads\/2011\/02\/Peticija-gradjana-Ulcinja-za-vracanje-Muhamet-Spuze-mjesto-direktora_O.S_Bosko_Strugar.6.jpg'><img width=\"150\" height=\"150\" src=\"https:\/\/www.visit-ulcinj.com\/blog\/wp-content\/uploads\/2011\/02\/Peticija-gradjana-Ulcinja-za-vracanje-Muhamet-Spuze-mjesto-direktora_O.S_Bosko_Strugar.6-150x150.jpg\" class=\"attachment-thumbnail size-thumbnail\" alt=\"\" loading=\"lazy\" \/><\/a>\n\t\t\t<\/dt><\/dl><br style=\"clear: both\" \/><dl class='gallery-item'>\n\t\t\t<dt class='gallery-icon landscape'>\n\t\t\t\t<a href='https:\/\/www.visit-ulcinj.com\/blog\/wp-content\/uploads\/2011\/02\/Peticija-gradjana-Ulcinja-za-vracanje-Muhamet-Spuze-mjesto-direktora_O.S_Bosko_Strugar.7.jpg'><img width=\"150\" height=\"150\" src=\"https:\/\/www.visit-ulcinj.com\/blog\/wp-content\/uploads\/2011\/02\/Peticija-gradjana-Ulcinja-za-vracanje-Muhamet-Spuze-mjesto-direktora_O.S_Bosko_Strugar.7-150x150.jpg\" class=\"attachment-thumbnail size-thumbnail\" alt=\"\" loading=\"lazy\" \/><\/a>\n\t\t\t<\/dt><\/dl><dl class='gallery-item'>\n\t\t\t<dt class='gallery-icon landscape'>\n\t\t\t\t<a href='https:\/\/www.visit-ulcinj.com\/blog\/wp-content\/uploads\/2011\/02\/Peticija-gradjana-Ulcinja-za-vracanje-Muhamet-Spuze-mjesto-direktora_O.S_Bosko_Strugar.8.jpg'><img width=\"150\" height=\"150\" src=\"https:\/\/www.visit-ulcinj.com\/blog\/wp-content\/uploads\/2011\/02\/Peticija-gradjana-Ulcinja-za-vracanje-Muhamet-Spuze-mjesto-direktora_O.S_Bosko_Strugar.8-150x150.jpg\" class=\"attachment-thumbnail size-thumbnail\" alt=\"\" loading=\"lazy\" \/><\/a>\n\t\t\t<\/dt><\/dl><dl class='gallery-item'>\n\t\t\t<dt class='gallery-icon landscape'>\n\t\t\t\t<a href='https:\/\/www.visit-ulcinj.com\/blog\/wp-content\/uploads\/2011\/02\/Peticija-gradjana-Ulcinja-za-vracanje-Muhamet-Spuze-mjesto-direktora_O.S_Bosko_Strugar.jpg'><img width=\"150\" height=\"150\" src=\"https:\/\/www.visit-ulcinj.com\/blog\/wp-content\/uploads\/2011\/02\/Peticija-gradjana-Ulcinja-za-vracanje-Muhamet-Spuze-mjesto-direktora_O.S_Bosko_Strugar-150x150.jpg\" class=\"attachment-thumbnail size-thumbnail\" alt=\"\" loading=\"lazy\" \/><\/a>\n\t\t\t<\/dt><\/dl><br style=\"clear: both\" \/>\n\t\t<\/div>\n<br \/>\n<!--YouTube Error: bad URL entered--><\/p>\n","protected":false},"excerpt":{"rendered":"<p>Spu\u017ea nema potrebnu \u0161kolsku spremu Peticija gra\u0111ana Ulcinja za vra\u0107anje Muhamet Spu\u017ea mjesto direktora O\u0160 \u201cBo\u0161ko Strugar\u201d Grupa gra\u0111ana Ulcinja, njih 41, potpisalo je peticiju kojom od Stijepovi\u0107a tra\u017ee da poni\u0161ti odluku i na mjesto direktora O\u0160 \u201cBo\u0161ko Strugar\u201d vrati Muhameda Spu\u017eu. U ime roditelja, Ned\u017ead Hasanagi\u0107 kazao je \u201cVijestima\u201d da je Spu\u017ea dobar direktor [&hellip;]<\/p>\n","protected":false},"author":1,"featured_media":0,"comment_status":"open","ping_status":"closed","sticky":false,"template":"","format":"standard","meta":{"spay_email":"","jetpack_publicize_message":"","jetpack_is_tweetstorm":false,"jetpack_publicize_feature_enabled":true},"categories":[8337],"tags":[20,17502,17503,17504,19,2020],"jetpack_publicize_connections":[],"yoast_head":"<!-- This site is optimized with the Yoast SEO plugin v19.1 - https:\/\/yoast.com\/wordpress\/plugins\/seo\/ -->\n<title>Peticija gra\u0111ana Ulcinja za vra\u0107anje Muhamet Spu\u017ee u mjesto direktora O\u0160-Bo\u0161ko Strugar - Lajme nga Ulqini<\/title>\n<meta name=\"description\" content=\"Spu\u017ea nema potrebnu \u0161kolsku spremu Peticija gra\u0111ana Ulcinja za vra\u0107anje Muhamet Spu\u017ea mjesto direktora O\u0160 \u201cBo\u0161ko Strugar\u201d Grupa gra\u0111ana Ulcinja, njih 41,\" \/>\n<meta name=\"robots\" content=\"index, follow, max-snippet:-1, max-image-preview:large, max-video-preview:-1\" \/>\n<link rel=\"canonical\" href=\"https:\/\/www.visit-ulcinj.com\/blog\/2011\/02\/26\/peticija-gradana-ulcinja-za-vracanje-muhamet-spuza-mjesto-direktora-os-bosko-strugar\/\" \/>\n<meta property=\"og:locale\" content=\"en_US\" \/>\n<meta property=\"og:type\" content=\"article\" \/>\n<meta property=\"og:title\" content=\"Peticija gra\u0111ana Ulcinja za vra\u0107anje Muhamet Spu\u017ee u mjesto direktora O\u0160-Bo\u0161ko Strugar - Lajme nga Ulqini\" \/>\n<meta property=\"og:description\" content=\"Spu\u017ea nema potrebnu \u0161kolsku spremu Peticija gra\u0111ana Ulcinja za vra\u0107anje Muhamet Spu\u017ea mjesto direktora O\u0160 \u201cBo\u0161ko Strugar\u201d Grupa gra\u0111ana Ulcinja, njih 41,\" \/>\n<meta property=\"og:url\" content=\"https:\/\/www.visit-ulcinj.com\/blog\/2011\/02\/26\/peticija-gradana-ulcinja-za-vracanje-muhamet-spuza-mjesto-direktora-os-bosko-strugar\/\" \/>\n<meta property=\"og:site_name\" content=\"Lajme nga Ulqini\" \/>\n<meta property=\"article:published_time\" content=\"2011-02-26T18:32:35+00:00\" \/>\n<meta property=\"article:modified_time\" content=\"2011-02-26T18:46:15+00:00\" \/>\n<meta property=\"og:image\" content=\"https:\/\/www.visit-ulcinj.com\/blog\/wp-content\/uploads\/2011\/02\/Peticija-gradjana-Ulcinja-za-vracanje-Muhamet-Spuze-mjesto-direktora_O.S_Bosko_Strugar.1_-150x150.jpg\" \/>\n<meta name=\"twitter:label1\" content=\"Written by\" \/>\n\t<meta name=\"twitter:data1\" content=\"ulqini\" \/>\n\t<meta name=\"twitter:label2\" content=\"Est. reading time\" \/>\n\t<meta name=\"twitter:data2\" content=\"1 minute\" \/>\n<script type=\"application\/ld+json\" class=\"yoast-schema-graph\">{\"@context\":\"https:\/\/schema.org\",\"@graph\":[{\"@type\":\"WebSite\",\"@id\":\"https:\/\/www.visit-ulcinj.com\/blog\/#website\",\"url\":\"https:\/\/www.visit-ulcinj.com\/blog\/\",\"name\":\"Lajme nga Ulqini\",\"description\":\"Lajme,Vijesti,Ulqini,Ulqin,Crna Gora,Mali i Zi\",\"potentialAction\":[{\"@type\":\"SearchAction\",\"target\":{\"@type\":\"EntryPoint\",\"urlTemplate\":\"https:\/\/www.visit-ulcinj.com\/blog\/?s={search_term_string}\"},\"query-input\":\"required name=search_term_string\"}],\"inLanguage\":\"en-US\"},{\"@type\":\"ImageObject\",\"inLanguage\":\"en-US\",\"@id\":\"https:\/\/www.visit-ulcinj.com\/blog\/2011\/02\/26\/peticija-gradana-ulcinja-za-vracanje-muhamet-spuza-mjesto-direktora-os-bosko-strugar\/#primaryimage\",\"url\":\"https:\/\/www.visit-ulcinj.com\/blog\/wp-content\/uploads\/2011\/02\/Peticija-gradjana-Ulcinja-za-vracanje-Muhamet-Spuze-mjesto-direktora_O.S_Bosko_Strugar.1_.jpg\",\"contentUrl\":\"https:\/\/www.visit-ulcinj.com\/blog\/wp-content\/uploads\/2011\/02\/Peticija-gradjana-Ulcinja-za-vracanje-Muhamet-Spuze-mjesto-direktora_O.S_Bosko_Strugar.1_.jpg\",\"width\":\"1040\",\"height\":\"780\"},{\"@type\":\"WebPage\",\"@id\":\"https:\/\/www.visit-ulcinj.com\/blog\/2011\/02\/26\/peticija-gradana-ulcinja-za-vracanje-muhamet-spuza-mjesto-direktora-os-bosko-strugar\/#webpage\",\"url\":\"https:\/\/www.visit-ulcinj.com\/blog\/2011\/02\/26\/peticija-gradana-ulcinja-za-vracanje-muhamet-spuza-mjesto-direktora-os-bosko-strugar\/\",\"name\":\"Peticija gra\u0111ana Ulcinja za vra\u0107anje Muhamet Spu\u017ee u mjesto direktora O\u0160-Bo\u0161ko Strugar - Lajme nga Ulqini\",\"isPartOf\":{\"@id\":\"https:\/\/www.visit-ulcinj.com\/blog\/#website\"},\"primaryImageOfPage\":{\"@id\":\"https:\/\/www.visit-ulcinj.com\/blog\/2011\/02\/26\/peticija-gradana-ulcinja-za-vracanje-muhamet-spuza-mjesto-direktora-os-bosko-strugar\/#primaryimage\"},\"datePublished\":\"2011-02-26T18:32:35+00:00\",\"dateModified\":\"2011-02-26T18:46:15+00:00\",\"author\":{\"@id\":\"https:\/\/www.visit-ulcinj.com\/blog\/#\/schema\/person\/dcab619c614d3038751c63bc2aadc06d\"},\"description\":\"Spu\u017ea nema potrebnu \u0161kolsku spremu Peticija gra\u0111ana Ulcinja za vra\u0107anje Muhamet Spu\u017ea mjesto direktora O\u0160 \u201cBo\u0161ko Strugar\u201d Grupa gra\u0111ana Ulcinja, njih 41,\",\"breadcrumb\":{\"@id\":\"https:\/\/www.visit-ulcinj.com\/blog\/2011\/02\/26\/peticija-gradana-ulcinja-za-vracanje-muhamet-spuza-mjesto-direktora-os-bosko-strugar\/#breadcrumb\"},\"inLanguage\":\"en-US\",\"potentialAction\":[{\"@type\":\"ReadAction\",\"target\":[\"https:\/\/www.visit-ulcinj.com\/blog\/2011\/02\/26\/peticija-gradana-ulcinja-za-vracanje-muhamet-spuza-mjesto-direktora-os-bosko-strugar\/\"]}]},{\"@type\":\"BreadcrumbList\",\"@id\":\"https:\/\/www.visit-ulcinj.com\/blog\/2011\/02\/26\/peticija-gradana-ulcinja-za-vracanje-muhamet-spuza-mjesto-direktora-os-bosko-strugar\/#breadcrumb\",\"itemListElement\":[{\"@type\":\"ListItem\",\"position\":1,\"name\":\"Peticija gra\u0111ana Ulcinja za vra\u0107anje Muhamet Spu\u017ee u mjesto direktora O\u0160-Bo\u0161ko Strugar\"}]},{\"@type\":\"Person\",\"@id\":\"https:\/\/www.visit-ulcinj.com\/blog\/#\/schema\/person\/dcab619c614d3038751c63bc2aadc06d\",\"name\":\"ulqini\",\"sameAs\":[\"http:\/\/www.visit-ulcinj.com\"],\"url\":\"https:\/\/www.visit-ulcinj.com\/blog\/author\/admin\/\"}]}<\/script>\n<!-- \/ Yoast SEO plugin. -->","yoast_head_json":{"title":"Peticija gra\u0111ana Ulcinja za vra\u0107anje Muhamet Spu\u017ee u mjesto direktora O\u0160-Bo\u0161ko Strugar - Lajme nga Ulqini","description":"Spu\u017ea nema potrebnu \u0161kolsku spremu Peticija gra\u0111ana Ulcinja za vra\u0107anje Muhamet Spu\u017ea mjesto direktora O\u0160 \u201cBo\u0161ko Strugar\u201d Grupa gra\u0111ana Ulcinja, njih 41,","robots":{"index":"index","follow":"follow","max-snippet":"max-snippet:-1","max-image-preview":"max-image-preview:large","max-video-preview":"max-video-preview:-1"},"canonical":"https:\/\/www.visit-ulcinj.com\/blog\/2011\/02\/26\/peticija-gradana-ulcinja-za-vracanje-muhamet-spuza-mjesto-direktora-os-bosko-strugar\/","og_locale":"en_US","og_type":"article","og_title":"Peticija gra\u0111ana Ulcinja za vra\u0107anje Muhamet Spu\u017ee u mjesto direktora O\u0160-Bo\u0161ko Strugar - Lajme nga Ulqini","og_description":"Spu\u017ea nema potrebnu \u0161kolsku spremu Peticija gra\u0111ana Ulcinja za vra\u0107anje Muhamet Spu\u017ea mjesto direktora O\u0160 \u201cBo\u0161ko Strugar\u201d Grupa gra\u0111ana Ulcinja, njih 41,","og_url":"https:\/\/www.visit-ulcinj.com\/blog\/2011\/02\/26\/peticija-gradana-ulcinja-za-vracanje-muhamet-spuza-mjesto-direktora-os-bosko-strugar\/","og_site_name":"Lajme nga Ulqini","article_published_time":"2011-02-26T18:32:35+00:00","article_modified_time":"2011-02-26T18:46:15+00:00","og_image":[{"url":"https:\/\/www.visit-ulcinj.com\/blog\/wp-content\/uploads\/2011\/02\/Peticija-gradjana-Ulcinja-za-vracanje-Muhamet-Spuze-mjesto-direktora_O.S_Bosko_Strugar.1_-150x150.jpg"}],"twitter_misc":{"Written by":"ulqini","Est. reading time":"1 minute"},"schema":{"@context":"https:\/\/schema.org","@graph":[{"@type":"WebSite","@id":"https:\/\/www.visit-ulcinj.com\/blog\/#website","url":"https:\/\/www.visit-ulcinj.com\/blog\/","name":"Lajme nga Ulqini","description":"Lajme,Vijesti,Ulqini,Ulqin,Crna Gora,Mali i Zi","potentialAction":[{"@type":"SearchAction","target":{"@type":"EntryPoint","urlTemplate":"https:\/\/www.visit-ulcinj.com\/blog\/?s={search_term_string}"},"query-input":"required name=search_term_string"}],"inLanguage":"en-US"},{"@type":"ImageObject","inLanguage":"en-US","@id":"https:\/\/www.visit-ulcinj.com\/blog\/2011\/02\/26\/peticija-gradana-ulcinja-za-vracanje-muhamet-spuza-mjesto-direktora-os-bosko-strugar\/#primaryimage","url":"https:\/\/www.visit-ulcinj.com\/blog\/wp-content\/uploads\/2011\/02\/Peticija-gradjana-Ulcinja-za-vracanje-Muhamet-Spuze-mjesto-direktora_O.S_Bosko_Strugar.1_.jpg","contentUrl":"https:\/\/www.visit-ulcinj.com\/blog\/wp-content\/uploads\/2011\/02\/Peticija-gradjana-Ulcinja-za-vracanje-Muhamet-Spuze-mjesto-direktora_O.S_Bosko_Strugar.1_.jpg","width":"1040","height":"780"},{"@type":"WebPage","@id":"https:\/\/www.visit-ulcinj.com\/blog\/2011\/02\/26\/peticija-gradana-ulcinja-za-vracanje-muhamet-spuza-mjesto-direktora-os-bosko-strugar\/#webpage","url":"https:\/\/www.visit-ulcinj.com\/blog\/2011\/02\/26\/peticija-gradana-ulcinja-za-vracanje-muhamet-spuza-mjesto-direktora-os-bosko-strugar\/","name":"Peticija gra\u0111ana Ulcinja za vra\u0107anje Muhamet Spu\u017ee u mjesto direktora O\u0160-Bo\u0161ko Strugar - Lajme nga Ulqini","isPartOf":{"@id":"https:\/\/www.visit-ulcinj.com\/blog\/#website"},"primaryImageOfPage":{"@id":"https:\/\/www.visit-ulcinj.com\/blog\/2011\/02\/26\/peticija-gradana-ulcinja-za-vracanje-muhamet-spuza-mjesto-direktora-os-bosko-strugar\/#primaryimage"},"datePublished":"2011-02-26T18:32:35+00:00","dateModified":"2011-02-26T18:46:15+00:00","author":{"@id":"https:\/\/www.visit-ulcinj.com\/blog\/#\/schema\/person\/dcab619c614d3038751c63bc2aadc06d"},"description":"Spu\u017ea nema potrebnu \u0161kolsku spremu Peticija gra\u0111ana Ulcinja za vra\u0107anje Muhamet Spu\u017ea mjesto direktora O\u0160 \u201cBo\u0161ko Strugar\u201d Grupa gra\u0111ana Ulcinja, njih 41,","breadcrumb":{"@id":"https:\/\/www.visit-ulcinj.com\/blog\/2011\/02\/26\/peticija-gradana-ulcinja-za-vracanje-muhamet-spuza-mjesto-direktora-os-bosko-strugar\/#breadcrumb"},"inLanguage":"en-US","potentialAction":[{"@type":"ReadAction","target":["https:\/\/www.visit-ulcinj.com\/blog\/2011\/02\/26\/peticija-gradana-ulcinja-za-vracanje-muhamet-spuza-mjesto-direktora-os-bosko-strugar\/"]}]},{"@type":"BreadcrumbList","@id":"https:\/\/www.visit-ulcinj.com\/blog\/2011\/02\/26\/peticija-gradana-ulcinja-za-vracanje-muhamet-spuza-mjesto-direktora-os-bosko-strugar\/#breadcrumb","itemListElement":[{"@type":"ListItem","position":1,"name":"Peticija gra\u0111ana Ulcinja za vra\u0107anje Muhamet Spu\u017ee u mjesto direktora O\u0160-Bo\u0161ko Strugar"}]},{"@type":"Person","@id":"https:\/\/www.visit-ulcinj.com\/blog\/#\/schema\/person\/dcab619c614d3038751c63bc2aadc06d","name":"ulqini","sameAs":["http:\/\/www.visit-ulcinj.com"],"url":"https:\/\/www.visit-ulcinj.com\/blog\/author\/admin\/"}]}},"jetpack_featured_media_url":"","jetpack_sharing_enabled":true,"jetpack_shortlink":"https:\/\/wp.me\/pe6lTn-brr","_links":{"self":[{"href":"https:\/\/www.visit-ulcinj.com\/blog\/wp-json\/wp\/v2\/posts\/43985"}],"collection":[{"href":"https:\/\/www.visit-ulcinj.com\/blog\/wp-json\/wp\/v2\/posts"}],"about":[{"href":"https:\/\/www.visit-ulcinj.com\/blog\/wp-json\/wp\/v2\/types\/post"}],"author":[{"embeddable":true,"href":"https:\/\/www.visit-ulcinj.com\/blog\/wp-json\/wp\/v2\/users\/1"}],"replies":[{"embeddable":true,"href":"https:\/\/www.visit-ulcinj.com\/blog\/wp-json\/wp\/v2\/comments?post=43985"}],"version-history":[{"count":0,"href":"https:\/\/www.visit-ulcinj.com\/blog\/wp-json\/wp\/v2\/posts\/43985\/revisions"}],"wp:attachment":[{"href":"https:\/\/www.visit-ulcinj.com\/blog\/wp-json\/wp\/v2\/media?parent=43985"}],"wp:term":[{"taxonomy":"category","embeddable":true,"href":"https:\/\/www.visit-ulcinj.com\/blog\/wp-json\/wp\/v2\/categories?post=43985"},{"taxonomy":"post_tag","embeddable":true,"href":"https:\/\/www.visit-ulcinj.com\/blog\/wp-json\/wp\/v2\/tags?post=43985"}],"curies":[{"name":"wp","href":"https:\/\/api.w.org\/{rel}","templated":true}]}}