{"id":44006,"date":"2011-02-27T19:48:45","date_gmt":"2011-02-27T18:48:45","guid":{"rendered":"http:\/\/www.visit-ulcinj.com\/blog\/?p=44006"},"modified":"2011-08-05T21:03:54","modified_gmt":"2011-08-05T20:03:54","slug":"kafe-bar-per-shitje-pran-kufirit-sukubine-muriqan","status":"publish","type":"post","link":"https:\/\/www.visit-ulcinj.com\/blog\/2011\/02\/27\/kafe-bar-per-shitje-pran-kufirit-sukubine-muriqan\/","title":{"rendered":"Kafe &#8211; Bar per shitje pran kufirit Sukubin\u00eb &#8211; Muriqan"},"content":{"rendered":"<p><a href=\"http:\/\/www.visit-ulcinj.com\/blog\/wp-content\/uploads\/2011\/02\/Kafeneja-Sukubin-ne-shitje.1.jpg\"><img loading=\"lazy\" class=\"alignleft size-full wp-image-44007\" title=\"Kafeneja Sukubin ne shitje.1\" src=\"http:\/\/www.visit-ulcinj.com\/blog\/wp-content\/uploads\/2011\/02\/Kafeneja-Sukubin-ne-shitje.1.jpg\" alt=\"\" width=\"490\" height=\"380\" \/><\/a>Siperfaqia e ambjentit te lokalit esht\u00eb 56 m\u00b2,siperfaqia e terraces \u00ebsht\u00eb 40 m\u00b2, P\u00ebrve\u00e7 saj edhe siperfaqe e parcell\u00ebs esht\u00eb 400 m\u00b2\u00a0 ,Kafe \u2013 Bar gjindet n\u00eb afersi te disa metrash nga kufiri Sukubin \u2013 Muriqan.Objekti \u00a0eshte i paisur me krejt Certifkatat \u00a0Pronsie.Shitet per arsye ekonomike.Posedon parking privat prej shum\u00eb vendeve.<br \/>\nUji dhe elektriku jan\u00eb t\u00eb gatsh\u00ebm p\u00ebr p\u00ebrdorim.<br \/>\n\u00c7mimi i volit\u00ebsh\u00ebm.Mos pritni na kontaktoni.<br \/>\nP\u00ebr informata m\u00eb t\u00eb hollsishme, kontaktoni.<\/p>\n<p><strong>Tel:+382 69 554 800<br \/>\nTel:+382 67 525 990<br \/>\n\n\t\t<style type=\"text\/css\">\n\t\t\t#gallery-1 {\n\t\t\t\tmargin: auto;\n\t\t\t}\n\t\t\t#gallery-1 .gallery-item {\n\t\t\t\tfloat: left;\n\t\t\t\tmargin-top: 10px;\n\t\t\t\ttext-align: center;\n\t\t\t\twidth: 33%;\n\t\t\t}\n\t\t\t#gallery-1 img {\n\t\t\t\tborder: 2px solid #cfcfcf;\n\t\t\t}\n\t\t\t#gallery-1 .gallery-caption {\n\t\t\t\tmargin-left: 0;\n\t\t\t}\n\t\t\t\/* see gallery_shortcode() in wp-includes\/media.php *\/\n\t\t<\/style>\n\t\t<div id='gallery-1' class='gallery galleryid-44006 gallery-columns-3 gallery-size-thumbnail'><dl class='gallery-item'>\n\t\t\t<dt class='gallery-icon landscape'>\n\t\t\t\t<a href='https:\/\/www.visit-ulcinj.com\/blog\/wp-content\/uploads\/2011\/02\/Kafeneja-Sukubin-ne-shitje.1.jpg'><img width=\"150\" height=\"150\" src=\"https:\/\/www.visit-ulcinj.com\/blog\/wp-content\/uploads\/2011\/02\/Kafeneja-Sukubin-ne-shitje.1-150x150.jpg\" class=\"attachment-thumbnail size-thumbnail\" alt=\"\" loading=\"lazy\" \/><\/a>\n\t\t\t<\/dt><\/dl><dl class='gallery-item'>\n\t\t\t<dt class='gallery-icon landscape'>\n\t\t\t\t<a href='https:\/\/www.visit-ulcinj.com\/blog\/wp-content\/uploads\/2011\/02\/Kafeneja-Sukubin-ne-shitje.jpg'><img width=\"150\" height=\"150\" src=\"https:\/\/www.visit-ulcinj.com\/blog\/wp-content\/uploads\/2011\/02\/Kafeneja-Sukubin-ne-shitje-150x150.jpg\" class=\"attachment-thumbnail size-thumbnail\" alt=\"\" loading=\"lazy\" \/><\/a>\n\t\t\t<\/dt><\/dl><dl class='gallery-item'>\n\t\t\t<dt class='gallery-icon landscape'>\n\t\t\t\t<a href='https:\/\/www.visit-ulcinj.com\/blog\/wp-content\/uploads\/2011\/02\/Kafeneja-Sukubin-ne-shitje.3.jpg'><img width=\"150\" height=\"150\" src=\"https:\/\/www.visit-ulcinj.com\/blog\/wp-content\/uploads\/2011\/02\/Kafeneja-Sukubin-ne-shitje.3-150x150.jpg\" class=\"attachment-thumbnail size-thumbnail\" alt=\"\" loading=\"lazy\" \/><\/a>\n\t\t\t<\/dt><\/dl><br style=\"clear: both\" \/><dl class='gallery-item'>\n\t\t\t<dt class='gallery-icon landscape'>\n\t\t\t\t<a href='https:\/\/www.visit-ulcinj.com\/blog\/wp-content\/uploads\/2011\/02\/Kafeneja-Sukubin-ne-shitje.2.jpg'><img width=\"150\" height=\"150\" src=\"https:\/\/www.visit-ulcinj.com\/blog\/wp-content\/uploads\/2011\/02\/Kafeneja-Sukubin-ne-shitje.2-150x150.jpg\" class=\"attachment-thumbnail size-thumbnail\" alt=\"\" loading=\"lazy\" \/><\/a>\n\t\t\t<\/dt><\/dl><dl class='gallery-item'>\n\t\t\t<dt class='gallery-icon landscape'>\n\t\t\t\t<a href='https:\/\/www.visit-ulcinj.com\/blog\/wp-content\/uploads\/2011\/02\/Kafeneja-Sukubin-ne-shitje.4.jpg'><img width=\"150\" height=\"150\" src=\"https:\/\/www.visit-ulcinj.com\/blog\/wp-content\/uploads\/2011\/02\/Kafeneja-Sukubin-ne-shitje.4-150x150.jpg\" class=\"attachment-thumbnail size-thumbnail\" alt=\"\" loading=\"lazy\" \/><\/a>\n\t\t\t<\/dt><\/dl><dl class='gallery-item'>\n\t\t\t<dt class='gallery-icon landscape'>\n\t\t\t\t<a href='https:\/\/www.visit-ulcinj.com\/blog\/wp-content\/uploads\/2011\/02\/Kafeneja-Sukubin-ne-shitje.5.jpg'><img width=\"150\" height=\"150\" src=\"https:\/\/www.visit-ulcinj.com\/blog\/wp-content\/uploads\/2011\/02\/Kafeneja-Sukubin-ne-shitje.5-150x150.jpg\" class=\"attachment-thumbnail size-thumbnail\" alt=\"\" loading=\"lazy\" \/><\/a>\n\t\t\t<\/dt><\/dl><br style=\"clear: both\" \/><dl class='gallery-item'>\n\t\t\t<dt class='gallery-icon landscape'>\n\t\t\t\t<a href='https:\/\/www.visit-ulcinj.com\/blog\/wp-content\/uploads\/2011\/02\/Kafeneja-Sukubin-ne-shitje.7.jpg'><img width=\"150\" height=\"150\" src=\"https:\/\/www.visit-ulcinj.com\/blog\/wp-content\/uploads\/2011\/02\/Kafeneja-Sukubin-ne-shitje.7-150x150.jpg\" class=\"attachment-thumbnail size-thumbnail\" alt=\"\" loading=\"lazy\" \/><\/a>\n\t\t\t<\/dt><\/dl><dl class='gallery-item'>\n\t\t\t<dt class='gallery-icon landscape'>\n\t\t\t\t<a href='https:\/\/www.visit-ulcinj.com\/blog\/wp-content\/uploads\/2011\/02\/Kafeneja-Sukubin-ne-shitje.8.jpg'><img width=\"150\" height=\"150\" src=\"https:\/\/www.visit-ulcinj.com\/blog\/wp-content\/uploads\/2011\/02\/Kafeneja-Sukubin-ne-shitje.8-150x150.jpg\" class=\"attachment-thumbnail size-thumbnail\" alt=\"\" loading=\"lazy\" \/><\/a>\n\t\t\t<\/dt><\/dl><dl class='gallery-item'>\n\t\t\t<dt class='gallery-icon landscape'>\n\t\t\t\t<a href='https:\/\/www.visit-ulcinj.com\/blog\/wp-content\/uploads\/2011\/02\/Kafeneja-Sukubin-ne-shitje.9.jpg'><img width=\"150\" height=\"150\" src=\"https:\/\/www.visit-ulcinj.com\/blog\/wp-content\/uploads\/2011\/02\/Kafeneja-Sukubin-ne-shitje.9-150x150.jpg\" class=\"attachment-thumbnail size-thumbnail\" alt=\"\" loading=\"lazy\" \/><\/a>\n\t\t\t<\/dt><\/dl><br style=\"clear: both\" \/>\n\t\t<\/div>\n<br \/>\n<\/strong><!--YouTube Error: bad URL entered--><br \/>\n<span style=\"color: #ffffff;\">Ada Bojana, apartamente ne shitje, Banesa, banesa ne shitje, Crna Gora Nekretnine, For Sale Ulcinj, gradnja.Struja, Immobilien, katastar ulcinj, Krute, kupim zemlja, kupim zemlju, kupim.crna gora, Land and Homes for Sale, Land For Sale in MontenegroZemlja, Land For Sale in Ulcinj, Land Investments Group, lease and rent, Lokacija, Lokale Afariste, Montenegro, parcela m2, Patundshm\u00ebri, Patundshmeri Mali i Zi, placeva, plazhi, plazhi madhe ulqin, Prodaja, Prodajem zemlju, Prona, Property, Real Estate, Real Estate Montenegro, shes apartament, shes banes, shes shtepi, shes toke, shes truall, Shitblerje, sht\u00ebpi, Stanova, telefon, Tok\u00eb, Truall, ulcinj, Ulcinj Nekretnine, Ulcinj Real Estate, ulqin, Ulqin Patundshm\u00ebri, ulqini, Ulqini Patundshm\u00ebri, vladimir, voda, za gradnju, zemlja<\/span><\/p>\n","protected":false},"excerpt":{"rendered":"<p>Siperfaqia e ambjentit te lokalit esht\u00eb 56 m\u00b2,siperfaqia e terraces \u00ebsht\u00eb 40 m\u00b2, P\u00ebrve\u00e7 saj edhe siperfaqe e parcell\u00ebs esht\u00eb 400 m\u00b2\u00a0 ,Kafe \u2013 Bar gjindet n\u00eb afersi te disa metrash nga kufiri Sukubin \u2013 Muriqan.Objekti \u00a0eshte i paisur me krejt Certifkatat \u00a0Pronsie.Shitet per arsye ekonomike.Posedon parking privat prej shum\u00eb vendeve. Uji dhe elektriku jan\u00eb [&hellip;]<\/p>\n","protected":false},"author":1,"featured_media":0,"comment_status":"open","ping_status":"closed","sticky":false,"template":"","format":"standard","meta":{"spay_email":"","jetpack_publicize_message":"","jetpack_is_tweetstorm":false,"jetpack_publicize_feature_enabled":true},"categories":[8],"tags":[138,15122,3403,16148,3408,3409,4633,3398,4635,4625,17275,4631,12591,3386,17274,3389,3388,3387,12510,3401,79,12590,3396,17273,4441,17282,17276,3410,4632,3399,3385,22015,3405,17279,17277,17278,17281,17280,3397,3404,4439,3799,3400,3402,19,3407,3406,200,3394,18,3395,4636,1437,4624,1843],"jetpack_publicize_connections":[],"yoast_head":"<!-- This site is optimized with the Yoast SEO plugin v19.1 - https:\/\/yoast.com\/wordpress\/plugins\/seo\/ -->\n<title>Kafe - Bar per shitje pran kufirit Sukubin\u00eb - Muriqan - Lajme nga Ulqini<\/title>\n<meta name=\"description\" content=\"Siperfaqia e ambjentit te lokalit esht\u00eb 56 m\u00b2,siperfaqia e terraces \u00ebsht\u00eb 40 m\u00b2, P\u00ebrve\u00e7 saj edhe siperfaqe e parcell\u00ebs esht\u00eb 400 m\u00b2\u00a0 ,Kafe \u2013 Bar gjindet\" \/>\n<meta name=\"robots\" content=\"index, follow, max-snippet:-1, max-image-preview:large, max-video-preview:-1\" \/>\n<link rel=\"canonical\" href=\"https:\/\/www.visit-ulcinj.com\/blog\/2011\/02\/27\/kafe-bar-per-shitje-pran-kufirit-sukubine-muriqan\/\" \/>\n<meta property=\"og:locale\" content=\"en_US\" \/>\n<meta property=\"og:type\" content=\"article\" \/>\n<meta property=\"og:title\" content=\"Kafe - Bar per shitje pran kufirit Sukubin\u00eb - Muriqan - Lajme nga Ulqini\" \/>\n<meta property=\"og:description\" content=\"Siperfaqia e ambjentit te lokalit esht\u00eb 56 m\u00b2,siperfaqia e terraces \u00ebsht\u00eb 40 m\u00b2, P\u00ebrve\u00e7 saj edhe siperfaqe e parcell\u00ebs esht\u00eb 400 m\u00b2\u00a0 ,Kafe \u2013 Bar gjindet\" \/>\n<meta property=\"og:url\" content=\"https:\/\/www.visit-ulcinj.com\/blog\/2011\/02\/27\/kafe-bar-per-shitje-pran-kufirit-sukubine-muriqan\/\" \/>\n<meta property=\"og:site_name\" content=\"Lajme nga Ulqini\" \/>\n<meta property=\"article:published_time\" content=\"2011-02-27T18:48:45+00:00\" \/>\n<meta property=\"article:modified_time\" content=\"2011-08-05T20:03:54+00:00\" \/>\n<meta property=\"og:image\" content=\"https:\/\/www.visit-ulcinj.com\/blog\/wp-content\/uploads\/2011\/02\/Kafeneja-Sukubin-ne-shitje.1-150x150.jpg\" \/>\n<meta name=\"twitter:label1\" content=\"Written by\" \/>\n\t<meta name=\"twitter:data1\" content=\"ulqini\" \/>\n\t<meta name=\"twitter:label2\" content=\"Est. reading time\" \/>\n\t<meta name=\"twitter:data2\" content=\"1 minute\" \/>\n<script type=\"application\/ld+json\" class=\"yoast-schema-graph\">{\"@context\":\"https:\/\/schema.org\",\"@graph\":[{\"@type\":\"WebSite\",\"@id\":\"https:\/\/www.visit-ulcinj.com\/blog\/#website\",\"url\":\"https:\/\/www.visit-ulcinj.com\/blog\/\",\"name\":\"Lajme nga Ulqini\",\"description\":\"Lajme,Vijesti,Ulqini,Ulqin,Crna Gora,Mali i Zi\",\"potentialAction\":[{\"@type\":\"SearchAction\",\"target\":{\"@type\":\"EntryPoint\",\"urlTemplate\":\"https:\/\/www.visit-ulcinj.com\/blog\/?s={search_term_string}\"},\"query-input\":\"required name=search_term_string\"}],\"inLanguage\":\"en-US\"},{\"@type\":\"ImageObject\",\"inLanguage\":\"en-US\",\"@id\":\"https:\/\/www.visit-ulcinj.com\/blog\/2011\/02\/27\/kafe-bar-per-shitje-pran-kufirit-sukubine-muriqan\/#primaryimage\",\"url\":\"https:\/\/www.visit-ulcinj.com\/blog\/wp-content\/uploads\/2011\/02\/Kafeneja-Sukubin-ne-shitje.1.jpg\",\"contentUrl\":\"https:\/\/www.visit-ulcinj.com\/blog\/wp-content\/uploads\/2011\/02\/Kafeneja-Sukubin-ne-shitje.1.jpg\",\"width\":\"640\",\"height\":\"480\"},{\"@type\":\"WebPage\",\"@id\":\"https:\/\/www.visit-ulcinj.com\/blog\/2011\/02\/27\/kafe-bar-per-shitje-pran-kufirit-sukubine-muriqan\/#webpage\",\"url\":\"https:\/\/www.visit-ulcinj.com\/blog\/2011\/02\/27\/kafe-bar-per-shitje-pran-kufirit-sukubine-muriqan\/\",\"name\":\"Kafe - Bar per shitje pran kufirit Sukubin\u00eb - Muriqan - Lajme nga Ulqini\",\"isPartOf\":{\"@id\":\"https:\/\/www.visit-ulcinj.com\/blog\/#website\"},\"primaryImageOfPage\":{\"@id\":\"https:\/\/www.visit-ulcinj.com\/blog\/2011\/02\/27\/kafe-bar-per-shitje-pran-kufirit-sukubine-muriqan\/#primaryimage\"},\"datePublished\":\"2011-02-27T18:48:45+00:00\",\"dateModified\":\"2011-08-05T20:03:54+00:00\",\"author\":{\"@id\":\"https:\/\/www.visit-ulcinj.com\/blog\/#\/schema\/person\/dcab619c614d3038751c63bc2aadc06d\"},\"description\":\"Siperfaqia e ambjentit te lokalit esht\u00eb 56 m\u00b2,siperfaqia e terraces \u00ebsht\u00eb 40 m\u00b2, P\u00ebrve\u00e7 saj edhe siperfaqe e parcell\u00ebs esht\u00eb 400 m\u00b2\u00a0 ,Kafe \u2013 Bar gjindet\",\"breadcrumb\":{\"@id\":\"https:\/\/www.visit-ulcinj.com\/blog\/2011\/02\/27\/kafe-bar-per-shitje-pran-kufirit-sukubine-muriqan\/#breadcrumb\"},\"inLanguage\":\"en-US\",\"potentialAction\":[{\"@type\":\"ReadAction\",\"target\":[\"https:\/\/www.visit-ulcinj.com\/blog\/2011\/02\/27\/kafe-bar-per-shitje-pran-kufirit-sukubine-muriqan\/\"]}]},{\"@type\":\"BreadcrumbList\",\"@id\":\"https:\/\/www.visit-ulcinj.com\/blog\/2011\/02\/27\/kafe-bar-per-shitje-pran-kufirit-sukubine-muriqan\/#breadcrumb\",\"itemListElement\":[{\"@type\":\"ListItem\",\"position\":1,\"name\":\"Kafe &#8211; Bar per shitje pran kufirit Sukubin\u00eb &#8211; Muriqan\"}]},{\"@type\":\"Person\",\"@id\":\"https:\/\/www.visit-ulcinj.com\/blog\/#\/schema\/person\/dcab619c614d3038751c63bc2aadc06d\",\"name\":\"ulqini\",\"sameAs\":[\"http:\/\/www.visit-ulcinj.com\"],\"url\":\"https:\/\/www.visit-ulcinj.com\/blog\/author\/admin\/\"}]}<\/script>\n<!-- \/ Yoast SEO plugin. -->","yoast_head_json":{"title":"Kafe - Bar per shitje pran kufirit Sukubin\u00eb - Muriqan - Lajme nga Ulqini","description":"Siperfaqia e ambjentit te lokalit esht\u00eb 56 m\u00b2,siperfaqia e terraces \u00ebsht\u00eb 40 m\u00b2, P\u00ebrve\u00e7 saj edhe siperfaqe e parcell\u00ebs esht\u00eb 400 m\u00b2\u00a0 ,Kafe \u2013 Bar gjindet","robots":{"index":"index","follow":"follow","max-snippet":"max-snippet:-1","max-image-preview":"max-image-preview:large","max-video-preview":"max-video-preview:-1"},"canonical":"https:\/\/www.visit-ulcinj.com\/blog\/2011\/02\/27\/kafe-bar-per-shitje-pran-kufirit-sukubine-muriqan\/","og_locale":"en_US","og_type":"article","og_title":"Kafe - Bar per shitje pran kufirit Sukubin\u00eb - Muriqan - Lajme nga Ulqini","og_description":"Siperfaqia e ambjentit te lokalit esht\u00eb 56 m\u00b2,siperfaqia e terraces \u00ebsht\u00eb 40 m\u00b2, P\u00ebrve\u00e7 saj edhe siperfaqe e parcell\u00ebs esht\u00eb 400 m\u00b2\u00a0 ,Kafe \u2013 Bar gjindet","og_url":"https:\/\/www.visit-ulcinj.com\/blog\/2011\/02\/27\/kafe-bar-per-shitje-pran-kufirit-sukubine-muriqan\/","og_site_name":"Lajme nga Ulqini","article_published_time":"2011-02-27T18:48:45+00:00","article_modified_time":"2011-08-05T20:03:54+00:00","og_image":[{"url":"https:\/\/www.visit-ulcinj.com\/blog\/wp-content\/uploads\/2011\/02\/Kafeneja-Sukubin-ne-shitje.1-150x150.jpg"}],"twitter_misc":{"Written by":"ulqini","Est. reading time":"1 minute"},"schema":{"@context":"https:\/\/schema.org","@graph":[{"@type":"WebSite","@id":"https:\/\/www.visit-ulcinj.com\/blog\/#website","url":"https:\/\/www.visit-ulcinj.com\/blog\/","name":"Lajme nga Ulqini","description":"Lajme,Vijesti,Ulqini,Ulqin,Crna Gora,Mali i Zi","potentialAction":[{"@type":"SearchAction","target":{"@type":"EntryPoint","urlTemplate":"https:\/\/www.visit-ulcinj.com\/blog\/?s={search_term_string}"},"query-input":"required name=search_term_string"}],"inLanguage":"en-US"},{"@type":"ImageObject","inLanguage":"en-US","@id":"https:\/\/www.visit-ulcinj.com\/blog\/2011\/02\/27\/kafe-bar-per-shitje-pran-kufirit-sukubine-muriqan\/#primaryimage","url":"https:\/\/www.visit-ulcinj.com\/blog\/wp-content\/uploads\/2011\/02\/Kafeneja-Sukubin-ne-shitje.1.jpg","contentUrl":"https:\/\/www.visit-ulcinj.com\/blog\/wp-content\/uploads\/2011\/02\/Kafeneja-Sukubin-ne-shitje.1.jpg","width":"640","height":"480"},{"@type":"WebPage","@id":"https:\/\/www.visit-ulcinj.com\/blog\/2011\/02\/27\/kafe-bar-per-shitje-pran-kufirit-sukubine-muriqan\/#webpage","url":"https:\/\/www.visit-ulcinj.com\/blog\/2011\/02\/27\/kafe-bar-per-shitje-pran-kufirit-sukubine-muriqan\/","name":"Kafe - Bar per shitje pran kufirit Sukubin\u00eb - Muriqan - Lajme nga Ulqini","isPartOf":{"@id":"https:\/\/www.visit-ulcinj.com\/blog\/#website"},"primaryImageOfPage":{"@id":"https:\/\/www.visit-ulcinj.com\/blog\/2011\/02\/27\/kafe-bar-per-shitje-pran-kufirit-sukubine-muriqan\/#primaryimage"},"datePublished":"2011-02-27T18:48:45+00:00","dateModified":"2011-08-05T20:03:54+00:00","author":{"@id":"https:\/\/www.visit-ulcinj.com\/blog\/#\/schema\/person\/dcab619c614d3038751c63bc2aadc06d"},"description":"Siperfaqia e ambjentit te lokalit esht\u00eb 56 m\u00b2,siperfaqia e terraces \u00ebsht\u00eb 40 m\u00b2, P\u00ebrve\u00e7 saj edhe siperfaqe e parcell\u00ebs esht\u00eb 400 m\u00b2\u00a0 ,Kafe \u2013 Bar gjindet","breadcrumb":{"@id":"https:\/\/www.visit-ulcinj.com\/blog\/2011\/02\/27\/kafe-bar-per-shitje-pran-kufirit-sukubine-muriqan\/#breadcrumb"},"inLanguage":"en-US","potentialAction":[{"@type":"ReadAction","target":["https:\/\/www.visit-ulcinj.com\/blog\/2011\/02\/27\/kafe-bar-per-shitje-pran-kufirit-sukubine-muriqan\/"]}]},{"@type":"BreadcrumbList","@id":"https:\/\/www.visit-ulcinj.com\/blog\/2011\/02\/27\/kafe-bar-per-shitje-pran-kufirit-sukubine-muriqan\/#breadcrumb","itemListElement":[{"@type":"ListItem","position":1,"name":"Kafe &#8211; Bar per shitje pran kufirit Sukubin\u00eb &#8211; Muriqan"}]},{"@type":"Person","@id":"https:\/\/www.visit-ulcinj.com\/blog\/#\/schema\/person\/dcab619c614d3038751c63bc2aadc06d","name":"ulqini","sameAs":["http:\/\/www.visit-ulcinj.com"],"url":"https:\/\/www.visit-ulcinj.com\/blog\/author\/admin\/"}]}},"jetpack_featured_media_url":"","jetpack_sharing_enabled":true,"jetpack_shortlink":"https:\/\/wp.me\/pe6lTn-brM","_links":{"self":[{"href":"https:\/\/www.visit-ulcinj.com\/blog\/wp-json\/wp\/v2\/posts\/44006"}],"collection":[{"href":"https:\/\/www.visit-ulcinj.com\/blog\/wp-json\/wp\/v2\/posts"}],"about":[{"href":"https:\/\/www.visit-ulcinj.com\/blog\/wp-json\/wp\/v2\/types\/post"}],"author":[{"embeddable":true,"href":"https:\/\/www.visit-ulcinj.com\/blog\/wp-json\/wp\/v2\/users\/1"}],"replies":[{"embeddable":true,"href":"https:\/\/www.visit-ulcinj.com\/blog\/wp-json\/wp\/v2\/comments?post=44006"}],"version-history":[{"count":1,"href":"https:\/\/www.visit-ulcinj.com\/blog\/wp-json\/wp\/v2\/posts\/44006\/revisions"}],"predecessor-version":[{"id":49634,"href":"https:\/\/www.visit-ulcinj.com\/blog\/wp-json\/wp\/v2\/posts\/44006\/revisions\/49634"}],"wp:attachment":[{"href":"https:\/\/www.visit-ulcinj.com\/blog\/wp-json\/wp\/v2\/media?parent=44006"}],"wp:term":[{"taxonomy":"category","embeddable":true,"href":"https:\/\/www.visit-ulcinj.com\/blog\/wp-json\/wp\/v2\/categories?post=44006"},{"taxonomy":"post_tag","embeddable":true,"href":"https:\/\/www.visit-ulcinj.com\/blog\/wp-json\/wp\/v2\/tags?post=44006"}],"curies":[{"name":"wp","href":"https:\/\/api.w.org\/{rel}","templated":true}]}}