{"id":44020,"date":"2011-02-28T08:44:32","date_gmt":"2011-02-28T07:44:32","guid":{"rendered":"http:\/\/www.visit-ulcinj.com\/blog\/?p=44020"},"modified":"2011-02-28T15:34:25","modified_gmt":"2011-02-28T14:34:25","slug":"ulqin-proteste-kunder-privatizimit-te-gjirit-te-valdanosit","status":"publish","type":"post","link":"https:\/\/www.visit-ulcinj.com\/blog\/2011\/02\/28\/ulqin-proteste-kunder-privatizimit-te-gjirit-te-valdanosit\/","title":{"rendered":"Ulqin: Protest\u00eb kund\u00ebr privatizimit t\u00eb Gjirit t\u00eb Valdanosit"},"content":{"rendered":"<p><a href=\"http:\/\/www.visit-ulcinj.com\/blog\/wp-content\/uploads\/2011\/02\/Tubim-per-mbrojtjen-e-Valdanosit-me-28.02.2011_qendra-kultur-Ulqin.1.jpg\"><img loading=\"lazy\" class=\"alignleft size-full wp-image-43914\" title=\"Tubim per mbrojtjen e Valdanosit me 28.02.2011_qendra kultur Ulqin.1\" src=\"http:\/\/www.visit-ulcinj.com\/blog\/wp-content\/uploads\/2011\/02\/Tubim-per-mbrojtjen-e-Valdanosit-me-28.02.2011_qendra-kultur-Ulqin.1.jpg\" alt=\"\" width=\"508\" height=\"380\" \/><\/a>Ish-pronar\u00ebt, organizatat joqeveritare dhe intelektual\u00ebt e pavarur kund\u00ebrshtojn\u00eb privatizimin e Gjirit t\u00eb Valdanosit, i njohur p\u00ebr ullishten m\u00eb t\u00eb bukur dhe m\u00eb t\u00eb madhe n\u00eb Adriatik.<\/p>\n<p>Ata k\u00ebrkojn\u00eb nga Qeveria e Malit t\u00eb Zi q\u00eb t\u00eb respektohen ligjet dhe procedurat e tenderit dhe, konform tyre, Gjiri i Valdanosit t\u00eb shnd\u00ebrrohet n\u00eb nj\u00eb kompleks ekologjik dhe park natyror.<\/p>\n<p>N\u00eb k\u00ebt\u00eb kuad\u00ebr, kund\u00ebrshtar\u00ebt e privatizimit t\u00eb Gjirit kan\u00eb paralajm\u00ebruar p\u00ebr sot mbajtjen e nj\u00eb proteste gjith\u00ebpopullore n\u00eb Ulqin.<\/p>\n<p>Nga Ulqini njofton korrespondenti yn\u00eb, Ali Salaj.<\/p>\n<p><strong>VOA<\/strong><br \/>\n<strong><a href=\"http:\/\/www.visit-ulcinj.com\/blog\/wp-content\/uploads\/2011\/02\/Audio-Ali-Salaj.mp3\">Ndigjo Audio &#8211; Ali Salaj<\/a><\/strong><\/p>\n","protected":false},"excerpt":{"rendered":"<p>Ish-pronar\u00ebt, organizatat joqeveritare dhe intelektual\u00ebt e pavarur kund\u00ebrshtojn\u00eb privatizimin e Gjirit t\u00eb Valdanosit, i njohur p\u00ebr ullishten m\u00eb t\u00eb bukur dhe m\u00eb t\u00eb madhe n\u00eb Adriatik. Ata k\u00ebrkojn\u00eb nga Qeveria e Malit t\u00eb Zi q\u00eb t\u00eb respektohen ligjet dhe procedurat e tenderit dhe, konform tyre, Gjiri i Valdanosit t\u00eb shnd\u00ebrrohet n\u00eb nj\u00eb kompleks ekologjik dhe [&hellip;]<\/p>\n","protected":false},"author":1,"featured_media":0,"comment_status":"open","ping_status":"closed","sticky":false,"template":"","format":"standard","meta":{"spay_email":"","jetpack_publicize_message":"","jetpack_is_tweetstorm":false,"jetpack_publicize_feature_enabled":true},"categories":[8],"tags":[9675,200,18,136,561],"jetpack_publicize_connections":[],"yoast_head":"<!-- This site is optimized with the Yoast SEO plugin v19.1 - https:\/\/yoast.com\/wordpress\/plugins\/seo\/ -->\n<title>Ulqin: Protest\u00eb kund\u00ebr privatizimit t\u00eb Gjirit t\u00eb Valdanosit - Lajme nga Ulqini<\/title>\n<meta name=\"description\" content=\"Ish-pronar\u00ebt, organizatat joqeveritare dhe intelektual\u00ebt e pavarur kund\u00ebrshtojn\u00eb privatizimin e Gjirit t\u00eb Valdanosit, i njohur p\u00ebr ullishten m\u00eb t\u00eb bukur\" \/>\n<meta name=\"robots\" content=\"index, follow, max-snippet:-1, max-image-preview:large, max-video-preview:-1\" \/>\n<link rel=\"canonical\" href=\"https:\/\/www.visit-ulcinj.com\/blog\/2011\/02\/28\/ulqin-proteste-kunder-privatizimit-te-gjirit-te-valdanosit\/\" \/>\n<meta property=\"og:locale\" content=\"en_US\" \/>\n<meta property=\"og:type\" content=\"article\" \/>\n<meta property=\"og:title\" content=\"Ulqin: Protest\u00eb kund\u00ebr privatizimit t\u00eb Gjirit t\u00eb Valdanosit - Lajme nga Ulqini\" \/>\n<meta property=\"og:description\" content=\"Ish-pronar\u00ebt, organizatat joqeveritare dhe intelektual\u00ebt e pavarur kund\u00ebrshtojn\u00eb privatizimin e Gjirit t\u00eb Valdanosit, i njohur p\u00ebr ullishten m\u00eb t\u00eb bukur\" \/>\n<meta property=\"og:url\" content=\"https:\/\/www.visit-ulcinj.com\/blog\/2011\/02\/28\/ulqin-proteste-kunder-privatizimit-te-gjirit-te-valdanosit\/\" \/>\n<meta property=\"og:site_name\" content=\"Lajme nga Ulqini\" \/>\n<meta property=\"article:published_time\" content=\"2011-02-28T07:44:32+00:00\" \/>\n<meta property=\"article:modified_time\" content=\"2011-02-28T14:34:25+00:00\" \/>\n<meta property=\"og:image\" content=\"http:\/\/www.visit-ulcinj.com\/blog\/wp-content\/uploads\/2011\/02\/Tubim-per-mbrojtjen-e-Valdanosit-me-28.02.2011_qendra-kultur-Ulqin.1.jpg\" \/>\n<meta name=\"twitter:label1\" content=\"Written by\" \/>\n\t<meta name=\"twitter:data1\" content=\"ulqini\" \/>\n\t<meta name=\"twitter:label2\" content=\"Est. reading time\" \/>\n\t<meta name=\"twitter:data2\" content=\"1 minute\" \/>\n<script type=\"application\/ld+json\" class=\"yoast-schema-graph\">{\"@context\":\"https:\/\/schema.org\",\"@graph\":[{\"@type\":\"WebSite\",\"@id\":\"https:\/\/www.visit-ulcinj.com\/blog\/#website\",\"url\":\"https:\/\/www.visit-ulcinj.com\/blog\/\",\"name\":\"Lajme nga Ulqini\",\"description\":\"Lajme,Vijesti,Ulqini,Ulqin,Crna Gora,Mali i Zi\",\"potentialAction\":[{\"@type\":\"SearchAction\",\"target\":{\"@type\":\"EntryPoint\",\"urlTemplate\":\"https:\/\/www.visit-ulcinj.com\/blog\/?s={search_term_string}\"},\"query-input\":\"required name=search_term_string\"}],\"inLanguage\":\"en-US\"},{\"@type\":\"ImageObject\",\"inLanguage\":\"en-US\",\"@id\":\"https:\/\/www.visit-ulcinj.com\/blog\/2011\/02\/28\/ulqin-proteste-kunder-privatizimit-te-gjirit-te-valdanosit\/#primaryimage\",\"url\":\"https:\/\/www.visit-ulcinj.com\/blog\/wp-content\/uploads\/2011\/02\/Tubim-per-mbrojtjen-e-Valdanosit-me-28.02.2011_qendra-kultur-Ulqin.1.jpg\",\"contentUrl\":\"https:\/\/www.visit-ulcinj.com\/blog\/wp-content\/uploads\/2011\/02\/Tubim-per-mbrojtjen-e-Valdanosit-me-28.02.2011_qendra-kultur-Ulqin.1.jpg\",\"width\":\"640\",\"height\":\"577\"},{\"@type\":\"WebPage\",\"@id\":\"https:\/\/www.visit-ulcinj.com\/blog\/2011\/02\/28\/ulqin-proteste-kunder-privatizimit-te-gjirit-te-valdanosit\/#webpage\",\"url\":\"https:\/\/www.visit-ulcinj.com\/blog\/2011\/02\/28\/ulqin-proteste-kunder-privatizimit-te-gjirit-te-valdanosit\/\",\"name\":\"Ulqin: Protest\u00eb kund\u00ebr privatizimit t\u00eb Gjirit t\u00eb Valdanosit - Lajme nga Ulqini\",\"isPartOf\":{\"@id\":\"https:\/\/www.visit-ulcinj.com\/blog\/#website\"},\"primaryImageOfPage\":{\"@id\":\"https:\/\/www.visit-ulcinj.com\/blog\/2011\/02\/28\/ulqin-proteste-kunder-privatizimit-te-gjirit-te-valdanosit\/#primaryimage\"},\"datePublished\":\"2011-02-28T07:44:32+00:00\",\"dateModified\":\"2011-02-28T14:34:25+00:00\",\"author\":{\"@id\":\"https:\/\/www.visit-ulcinj.com\/blog\/#\/schema\/person\/dcab619c614d3038751c63bc2aadc06d\"},\"description\":\"Ish-pronar\u00ebt, organizatat joqeveritare dhe intelektual\u00ebt e pavarur kund\u00ebrshtojn\u00eb privatizimin e Gjirit t\u00eb Valdanosit, i njohur p\u00ebr ullishten m\u00eb t\u00eb bukur\",\"breadcrumb\":{\"@id\":\"https:\/\/www.visit-ulcinj.com\/blog\/2011\/02\/28\/ulqin-proteste-kunder-privatizimit-te-gjirit-te-valdanosit\/#breadcrumb\"},\"inLanguage\":\"en-US\",\"potentialAction\":[{\"@type\":\"ReadAction\",\"target\":[\"https:\/\/www.visit-ulcinj.com\/blog\/2011\/02\/28\/ulqin-proteste-kunder-privatizimit-te-gjirit-te-valdanosit\/\"]}]},{\"@type\":\"BreadcrumbList\",\"@id\":\"https:\/\/www.visit-ulcinj.com\/blog\/2011\/02\/28\/ulqin-proteste-kunder-privatizimit-te-gjirit-te-valdanosit\/#breadcrumb\",\"itemListElement\":[{\"@type\":\"ListItem\",\"position\":1,\"name\":\"Ulqin: Protest\u00eb kund\u00ebr privatizimit t\u00eb Gjirit t\u00eb Valdanosit\"}]},{\"@type\":\"Person\",\"@id\":\"https:\/\/www.visit-ulcinj.com\/blog\/#\/schema\/person\/dcab619c614d3038751c63bc2aadc06d\",\"name\":\"ulqini\",\"sameAs\":[\"http:\/\/www.visit-ulcinj.com\"],\"url\":\"https:\/\/www.visit-ulcinj.com\/blog\/author\/admin\/\"}]}<\/script>\n<!-- \/ Yoast SEO plugin. -->","yoast_head_json":{"title":"Ulqin: Protest\u00eb kund\u00ebr privatizimit t\u00eb Gjirit t\u00eb Valdanosit - Lajme nga Ulqini","description":"Ish-pronar\u00ebt, organizatat joqeveritare dhe intelektual\u00ebt e pavarur kund\u00ebrshtojn\u00eb privatizimin e Gjirit t\u00eb Valdanosit, i njohur p\u00ebr ullishten m\u00eb t\u00eb bukur","robots":{"index":"index","follow":"follow","max-snippet":"max-snippet:-1","max-image-preview":"max-image-preview:large","max-video-preview":"max-video-preview:-1"},"canonical":"https:\/\/www.visit-ulcinj.com\/blog\/2011\/02\/28\/ulqin-proteste-kunder-privatizimit-te-gjirit-te-valdanosit\/","og_locale":"en_US","og_type":"article","og_title":"Ulqin: Protest\u00eb kund\u00ebr privatizimit t\u00eb Gjirit t\u00eb Valdanosit - Lajme nga Ulqini","og_description":"Ish-pronar\u00ebt, organizatat joqeveritare dhe intelektual\u00ebt e pavarur kund\u00ebrshtojn\u00eb privatizimin e Gjirit t\u00eb Valdanosit, i njohur p\u00ebr ullishten m\u00eb t\u00eb bukur","og_url":"https:\/\/www.visit-ulcinj.com\/blog\/2011\/02\/28\/ulqin-proteste-kunder-privatizimit-te-gjirit-te-valdanosit\/","og_site_name":"Lajme nga Ulqini","article_published_time":"2011-02-28T07:44:32+00:00","article_modified_time":"2011-02-28T14:34:25+00:00","og_image":[{"url":"http:\/\/www.visit-ulcinj.com\/blog\/wp-content\/uploads\/2011\/02\/Tubim-per-mbrojtjen-e-Valdanosit-me-28.02.2011_qendra-kultur-Ulqin.1.jpg"}],"twitter_misc":{"Written by":"ulqini","Est. reading time":"1 minute"},"schema":{"@context":"https:\/\/schema.org","@graph":[{"@type":"WebSite","@id":"https:\/\/www.visit-ulcinj.com\/blog\/#website","url":"https:\/\/www.visit-ulcinj.com\/blog\/","name":"Lajme nga Ulqini","description":"Lajme,Vijesti,Ulqini,Ulqin,Crna Gora,Mali i Zi","potentialAction":[{"@type":"SearchAction","target":{"@type":"EntryPoint","urlTemplate":"https:\/\/www.visit-ulcinj.com\/blog\/?s={search_term_string}"},"query-input":"required name=search_term_string"}],"inLanguage":"en-US"},{"@type":"ImageObject","inLanguage":"en-US","@id":"https:\/\/www.visit-ulcinj.com\/blog\/2011\/02\/28\/ulqin-proteste-kunder-privatizimit-te-gjirit-te-valdanosit\/#primaryimage","url":"https:\/\/www.visit-ulcinj.com\/blog\/wp-content\/uploads\/2011\/02\/Tubim-per-mbrojtjen-e-Valdanosit-me-28.02.2011_qendra-kultur-Ulqin.1.jpg","contentUrl":"https:\/\/www.visit-ulcinj.com\/blog\/wp-content\/uploads\/2011\/02\/Tubim-per-mbrojtjen-e-Valdanosit-me-28.02.2011_qendra-kultur-Ulqin.1.jpg","width":"640","height":"577"},{"@type":"WebPage","@id":"https:\/\/www.visit-ulcinj.com\/blog\/2011\/02\/28\/ulqin-proteste-kunder-privatizimit-te-gjirit-te-valdanosit\/#webpage","url":"https:\/\/www.visit-ulcinj.com\/blog\/2011\/02\/28\/ulqin-proteste-kunder-privatizimit-te-gjirit-te-valdanosit\/","name":"Ulqin: Protest\u00eb kund\u00ebr privatizimit t\u00eb Gjirit t\u00eb Valdanosit - Lajme nga Ulqini","isPartOf":{"@id":"https:\/\/www.visit-ulcinj.com\/blog\/#website"},"primaryImageOfPage":{"@id":"https:\/\/www.visit-ulcinj.com\/blog\/2011\/02\/28\/ulqin-proteste-kunder-privatizimit-te-gjirit-te-valdanosit\/#primaryimage"},"datePublished":"2011-02-28T07:44:32+00:00","dateModified":"2011-02-28T14:34:25+00:00","author":{"@id":"https:\/\/www.visit-ulcinj.com\/blog\/#\/schema\/person\/dcab619c614d3038751c63bc2aadc06d"},"description":"Ish-pronar\u00ebt, organizatat joqeveritare dhe intelektual\u00ebt e pavarur kund\u00ebrshtojn\u00eb privatizimin e Gjirit t\u00eb Valdanosit, i njohur p\u00ebr ullishten m\u00eb t\u00eb bukur","breadcrumb":{"@id":"https:\/\/www.visit-ulcinj.com\/blog\/2011\/02\/28\/ulqin-proteste-kunder-privatizimit-te-gjirit-te-valdanosit\/#breadcrumb"},"inLanguage":"en-US","potentialAction":[{"@type":"ReadAction","target":["https:\/\/www.visit-ulcinj.com\/blog\/2011\/02\/28\/ulqin-proteste-kunder-privatizimit-te-gjirit-te-valdanosit\/"]}]},{"@type":"BreadcrumbList","@id":"https:\/\/www.visit-ulcinj.com\/blog\/2011\/02\/28\/ulqin-proteste-kunder-privatizimit-te-gjirit-te-valdanosit\/#breadcrumb","itemListElement":[{"@type":"ListItem","position":1,"name":"Ulqin: Protest\u00eb kund\u00ebr privatizimit t\u00eb Gjirit t\u00eb Valdanosit"}]},{"@type":"Person","@id":"https:\/\/www.visit-ulcinj.com\/blog\/#\/schema\/person\/dcab619c614d3038751c63bc2aadc06d","name":"ulqini","sameAs":["http:\/\/www.visit-ulcinj.com"],"url":"https:\/\/www.visit-ulcinj.com\/blog\/author\/admin\/"}]}},"jetpack_featured_media_url":"","jetpack_sharing_enabled":true,"jetpack_shortlink":"https:\/\/wp.me\/pe6lTn-bs0","_links":{"self":[{"href":"https:\/\/www.visit-ulcinj.com\/blog\/wp-json\/wp\/v2\/posts\/44020"}],"collection":[{"href":"https:\/\/www.visit-ulcinj.com\/blog\/wp-json\/wp\/v2\/posts"}],"about":[{"href":"https:\/\/www.visit-ulcinj.com\/blog\/wp-json\/wp\/v2\/types\/post"}],"author":[{"embeddable":true,"href":"https:\/\/www.visit-ulcinj.com\/blog\/wp-json\/wp\/v2\/users\/1"}],"replies":[{"embeddable":true,"href":"https:\/\/www.visit-ulcinj.com\/blog\/wp-json\/wp\/v2\/comments?post=44020"}],"version-history":[{"count":0,"href":"https:\/\/www.visit-ulcinj.com\/blog\/wp-json\/wp\/v2\/posts\/44020\/revisions"}],"wp:attachment":[{"href":"https:\/\/www.visit-ulcinj.com\/blog\/wp-json\/wp\/v2\/media?parent=44020"}],"wp:term":[{"taxonomy":"category","embeddable":true,"href":"https:\/\/www.visit-ulcinj.com\/blog\/wp-json\/wp\/v2\/categories?post=44020"},{"taxonomy":"post_tag","embeddable":true,"href":"https:\/\/www.visit-ulcinj.com\/blog\/wp-json\/wp\/v2\/tags?post=44020"}],"curies":[{"name":"wp","href":"https:\/\/api.w.org\/{rel}","templated":true}]}}