{"id":44049,"date":"2011-02-28T16:10:35","date_gmt":"2011-02-28T15:10:35","guid":{"rendered":"http:\/\/www.visit-ulcinj.com\/blog\/?p=44049"},"modified":"2011-02-28T18:19:55","modified_gmt":"2011-02-28T17:19:55","slug":"kengetarja-emmy-nderron-jete","status":"publish","type":"post","link":"https:\/\/www.visit-ulcinj.com\/blog\/2011\/02\/28\/kengetarja-emmy-nderron-jete\/","title":{"rendered":"K\u00ebng\u00ebtarja Emmy Nd\u00ebrron jet\u00eb &#8211; Video"},"content":{"rendered":"<p><a href=\"http:\/\/www.visit-ulcinj.com\/blog\/wp-content\/uploads\/2011\/02\/Elsina-Hidershaj_Emmy-NDRON-JET.jpg\"><img loading=\"lazy\" class=\"alignleft size-full wp-image-44050\" title=\"Elsina Hidershaj_Emmy NDRON JET\" src=\"http:\/\/www.visit-ulcinj.com\/blog\/wp-content\/uploads\/2011\/02\/Elsina-Hidershaj_Emmy-NDRON-JET.jpg\" alt=\"\" width=\"350\" height=\"516\" srcset=\"https:\/\/www.visit-ulcinj.com\/blog\/wp-content\/uploads\/2011\/02\/Elsina-Hidershaj_Emmy-NDRON-JET.jpg 350w, https:\/\/www.visit-ulcinj.com\/blog\/wp-content\/uploads\/2011\/02\/Elsina-Hidershaj_Emmy-NDRON-JET-203x300.jpg 203w\" sizes=\"(max-width: 350px) 100vw, 350px\" \/><\/a>Ka nd\u00ebrruar jet\u00eb n\u00eb Spitalin Ushtarak k\u00ebng\u00ebtarja Emmy, e cila gjendej n\u00eb gjendje kome q\u00eb prej dit\u00ebs s\u00eb djeshme, pas nj\u00eb aksidenti.<\/p>\n<p>Biznesmeni kosovar aksidenton r\u00ebnd\u00eb t\u00eb dashur\u00ebn e tij, k\u00ebng\u00ebtaren Emmy (Elsina Hidersha). Ngjarja ndodhi mbr\u00ebm\u00eb n\u00eb rrug\u00ebn &#8220;Sadik Petrela&#8221;, ku ndodhet nj\u00eb nga lokalet m\u00eb t\u00eb njohura t\u00eb nat\u00ebs n\u00eb kryeqytet, ku edhe k\u00ebndonte k\u00ebng\u00ebtarja 22-vje\u00e7are Elsina Hidersha, e njohur me emrin e saj t\u00eb artit &#8220;Emmy&#8221;.<\/p>\n<p>K\u00ebng\u00ebtarja nga fshati Rehovic\u00eb e Skraparit, me banim n\u00eb Sauk t\u00eb Tiran\u00ebs, mori plag\u00eb t\u00eb r\u00ebnda nga aksidenti dhe deri dje n\u00eb mbr\u00ebmje von\u00eb ndodhej n\u00eb gjendje t\u00eb r\u00ebnd\u00eb dhe ishte n\u00eb rrezik p\u00ebr jet\u00ebn. Nd\u00ebrkaq n\u00eb lidhje me ngjarjen, policia arrestoi si t\u00eb dyshuar p\u00ebr ngjarjen Haziz Kelmendin, 47 vje\u00e7 nga Mitrovica, biznesmen dhe tregtar i njohur n\u00eb fush\u00ebn e hoteleris\u00eb n\u00eb Kosov\u00eb.<\/p>\n<p>Sipas policis\u00eb, Kelmendi dyshohet se n\u00eb gjendje t\u00eb dehur, p\u00ebrplasi me vetur\u00ebn tij &#8220;Volkswagen&#8221; Touareg me targa t\u00eb Kosov\u00ebs 612 KS 188, ish t\u00eb dashur\u00ebn e tij Hidersha, pasi kjo tentonte ta ndalonte, Kelmendin i cili po largohej nga lokali ku ajo k\u00ebndonte, me nj\u00eb vajz\u00eb tjet\u00ebr nd\u00ebrsa kishte braktisur k\u00ebng\u00ebtaren. Incidenti ndodhi t\u00eb shtun\u00ebn duke u gdhir\u00eb dita e djeshme n\u00eb rrug\u00ebn &#8220;Sadik Petrela&#8221;, menj\u00ebher\u00eb sapo Kelmendi kishte shkuar me nj\u00eb vajz\u00eb n\u00eb lokalin e njohur, ku ish- e dashura e tij ishte k\u00ebng\u00ebtare e lokalit dhe k\u00ebndonte aty live p\u00ebr gjat\u00eb fundjavave.<\/p>\n<p>Madje n\u00eb rrjetin social facebook, k\u00ebng\u00ebtarja Emmy, ka edhe nj\u00eb profil p\u00ebr fansat e saj, nd\u00ebrsa n\u00eb t\u00eb ka jo pak foto t\u00eb nxehta dhe provokuese. N\u00eb lokalin ku Elsina Hidersha nga Skrapari, do t\u00eb k\u00ebndonte mbr\u00ebmjen e t\u00eb shtun\u00ebs, mb\u00ebrriti edhe ish- i dashuri i Hidersh\u00ebs, biznesmeni kosovar nga Mitrovica Haziz Kelmendi. Ai shoq\u00ebrohej nga nj\u00eb vajz\u00eb tjet\u00ebr shum\u00eb e hijshme, e re me t\u00eb cil\u00ebn sipas burimeve t\u00eb policis\u00eb ai tashm\u00eb kishte filluar nj\u00eb marr\u00ebdh\u00ebnie t\u00eb re, pas ndarjes me Emmy-n. P\u00ebr or\u00eb t\u00eb t\u00ebra sipas burimeve t\u00eb policis\u00eb besohet se 47-vje\u00e7ari Kelmendi, ka konsumuar nj\u00eb sasi t\u00eb konsiderueshme alkooli.<\/p>\n<p>Af\u00ebr m\u00ebngjesit rreth or\u00ebs 4:00, Kelmendi bashk\u00eb me t\u00eb dashur\u00ebn e tij t\u00eb re, lan\u00eb lokalin dhe dol\u00ebn q\u00eb andej p\u00ebr t&#8217;u larguar me vetur\u00ebn e biznesmenit, nj\u00eb &#8220;Volkswagen&#8221; Touareg me targa t\u00eb Kosov\u00ebs 612 KS 188. N\u00eb k\u00ebt\u00eb koh\u00eb edhe k\u00ebng\u00ebtarja Emmy, jasht\u00eb lokalit. N\u00eb tentativ\u00eb p\u00ebr t\u00eb ndaluar ish- t\u00eb dashurin e saj, biznesmenin kosovar q\u00eb t\u00eb largohej me vajz\u00ebn tjet\u00ebr t\u00eb re me t\u00eb cil\u00ebn ishe lidhur, Hidershaj \u00ebsht\u00eb kapur n\u00eb nj\u00eb pjes\u00eb t\u00eb xhamit t\u00eb t\u00eb fuoristrad\u00ebs. N\u00eb k\u00ebt\u00eb koh\u00eb, Kelmendi ka shtyr\u00eb me gaz vetur\u00ebn e tij p\u00ebrpara dhe m\u00eb pas ka ecur mbrapsht n\u00eb tentativ\u00eb p\u00ebr t&#8217;iu shmangur vajz\u00ebs &#8220;VIP&#8221;, me t\u00eb cil\u00ebn ai kishe pasur lidhje.<\/p>\n<p>N\u00eb k\u00ebt\u00eb koh\u00eb, Emmy, humbi ekuilibrin duke rr\u00ebshqitur dhe duke u p\u00ebrplasur nga vetura e ish-t\u00eb dashurit t\u00eb saj. Nga kjo p\u00ebrplasje Elsina Hidershaj, (Emmy), mori plag\u00eb t\u00eb r\u00ebnda dhe u d\u00ebrgua menj\u00ebher\u00eb n\u00eb Spitalin Ushtarak n\u00eb kryeqytet, p\u00ebr kurim, por gjendja e saj m\u00ebsohet se vazhdon t\u00eb jet\u00eb e r\u00ebnd\u00eb. Policia menj\u00ebher\u00eb pas ngjarjes shoq\u00ebroi dhe ndaloi biznesmenin kosovar Haziz Kelmendi me akuz\u00ebn e vrasjes me vetur\u00eb. Nd\u00ebrkaq policia pritet t\u00eb sqaroj\u00eb edhe detaje dhe rrethana t\u00eb tjera t\u00eb ngjarjes, p\u00ebr t\u00eb klasifikuar ngjarjen si vrasje aksidentale, apo si vrasje t\u00eb q\u00ebllimshme.<\/p>\n<p><strong>SHEKULLI<br \/>\n<!--YouTube Error: bad URL entered--><br \/>\n<\/strong><\/p>\n","protected":false},"excerpt":{"rendered":"<p>Ka nd\u00ebrruar jet\u00eb n\u00eb Spitalin Ushtarak k\u00ebng\u00ebtarja Emmy, e cila gjendej n\u00eb gjendje kome q\u00eb prej dit\u00ebs s\u00eb djeshme, pas nj\u00eb aksidenti. Biznesmeni kosovar aksidenton r\u00ebnd\u00eb t\u00eb dashur\u00ebn e tij, k\u00ebng\u00ebtaren Emmy (Elsina Hidersha). Ngjarja ndodhi mbr\u00ebm\u00eb n\u00eb rrug\u00ebn &#8220;Sadik Petrela&#8221;, ku ndodhet nj\u00eb nga lokalet m\u00eb t\u00eb njohura t\u00eb nat\u00ebs n\u00eb kryeqytet, ku edhe [&hellip;]<\/p>\n","protected":false},"author":1,"featured_media":0,"comment_status":"open","ping_status":"closed","sticky":false,"template":"","format":"standard","meta":{"spay_email":"","jetpack_publicize_message":"","jetpack_is_tweetstorm":false,"jetpack_publicize_feature_enabled":true},"categories":[1],"tags":[17511,17515,17512,17514,17513],"jetpack_publicize_connections":[],"yoast_head":"<!-- This site is optimized with the Yoast SEO plugin v19.1 - https:\/\/yoast.com\/wordpress\/plugins\/seo\/ -->\n<title>K\u00ebng\u00ebtarja Emmy Nd\u00ebrron jet\u00eb - Video - Lajme nga Ulqini<\/title>\n<meta name=\"description\" content=\"Ka nd\u00ebrruar jet\u00eb n\u00eb Spitalin Ushtarak k\u00ebng\u00ebtarja Emmy, e cila gjendej n\u00eb gjendje kome q\u00eb prej dit\u00ebs s\u00eb djeshme, pas nj\u00eb aksidenti. Biznesmeni kosovar\" \/>\n<meta name=\"robots\" content=\"index, follow, max-snippet:-1, max-image-preview:large, max-video-preview:-1\" \/>\n<link rel=\"canonical\" href=\"https:\/\/www.visit-ulcinj.com\/blog\/2011\/02\/28\/kengetarja-emmy-nderron-jete\/\" \/>\n<meta property=\"og:locale\" content=\"en_US\" \/>\n<meta property=\"og:type\" content=\"article\" \/>\n<meta property=\"og:title\" content=\"K\u00ebng\u00ebtarja Emmy Nd\u00ebrron jet\u00eb - Video - Lajme nga Ulqini\" \/>\n<meta property=\"og:description\" content=\"Ka nd\u00ebrruar jet\u00eb n\u00eb Spitalin Ushtarak k\u00ebng\u00ebtarja Emmy, e cila gjendej n\u00eb gjendje kome q\u00eb prej dit\u00ebs s\u00eb djeshme, pas nj\u00eb aksidenti. Biznesmeni kosovar\" \/>\n<meta property=\"og:url\" content=\"https:\/\/www.visit-ulcinj.com\/blog\/2011\/02\/28\/kengetarja-emmy-nderron-jete\/\" \/>\n<meta property=\"og:site_name\" content=\"Lajme nga Ulqini\" \/>\n<meta property=\"article:published_time\" content=\"2011-02-28T15:10:35+00:00\" \/>\n<meta property=\"article:modified_time\" content=\"2011-02-28T17:19:55+00:00\" \/>\n<meta property=\"og:image\" content=\"http:\/\/www.visit-ulcinj.com\/blog\/wp-content\/uploads\/2011\/02\/Elsina-Hidershaj_Emmy-NDRON-JET.jpg\" \/>\n<meta name=\"twitter:label1\" content=\"Written by\" \/>\n\t<meta name=\"twitter:data1\" content=\"ulqini\" \/>\n\t<meta name=\"twitter:label2\" content=\"Est. reading time\" \/>\n\t<meta name=\"twitter:data2\" content=\"3 minutes\" \/>\n<script type=\"application\/ld+json\" class=\"yoast-schema-graph\">{\"@context\":\"https:\/\/schema.org\",\"@graph\":[{\"@type\":\"WebSite\",\"@id\":\"https:\/\/www.visit-ulcinj.com\/blog\/#website\",\"url\":\"https:\/\/www.visit-ulcinj.com\/blog\/\",\"name\":\"Lajme nga Ulqini\",\"description\":\"Lajme,Vijesti,Ulqini,Ulqin,Crna Gora,Mali i Zi\",\"potentialAction\":[{\"@type\":\"SearchAction\",\"target\":{\"@type\":\"EntryPoint\",\"urlTemplate\":\"https:\/\/www.visit-ulcinj.com\/blog\/?s={search_term_string}\"},\"query-input\":\"required name=search_term_string\"}],\"inLanguage\":\"en-US\"},{\"@type\":\"ImageObject\",\"inLanguage\":\"en-US\",\"@id\":\"https:\/\/www.visit-ulcinj.com\/blog\/2011\/02\/28\/kengetarja-emmy-nderron-jete\/#primaryimage\",\"url\":\"https:\/\/www.visit-ulcinj.com\/blog\/wp-content\/uploads\/2011\/02\/Elsina-Hidershaj_Emmy-NDRON-JET.jpg\",\"contentUrl\":\"https:\/\/www.visit-ulcinj.com\/blog\/wp-content\/uploads\/2011\/02\/Elsina-Hidershaj_Emmy-NDRON-JET.jpg\",\"width\":\"350\",\"height\":\"516\"},{\"@type\":\"WebPage\",\"@id\":\"https:\/\/www.visit-ulcinj.com\/blog\/2011\/02\/28\/kengetarja-emmy-nderron-jete\/#webpage\",\"url\":\"https:\/\/www.visit-ulcinj.com\/blog\/2011\/02\/28\/kengetarja-emmy-nderron-jete\/\",\"name\":\"K\u00ebng\u00ebtarja Emmy Nd\u00ebrron jet\u00eb - Video - Lajme nga Ulqini\",\"isPartOf\":{\"@id\":\"https:\/\/www.visit-ulcinj.com\/blog\/#website\"},\"primaryImageOfPage\":{\"@id\":\"https:\/\/www.visit-ulcinj.com\/blog\/2011\/02\/28\/kengetarja-emmy-nderron-jete\/#primaryimage\"},\"datePublished\":\"2011-02-28T15:10:35+00:00\",\"dateModified\":\"2011-02-28T17:19:55+00:00\",\"author\":{\"@id\":\"https:\/\/www.visit-ulcinj.com\/blog\/#\/schema\/person\/dcab619c614d3038751c63bc2aadc06d\"},\"description\":\"Ka nd\u00ebrruar jet\u00eb n\u00eb Spitalin Ushtarak k\u00ebng\u00ebtarja Emmy, e cila gjendej n\u00eb gjendje kome q\u00eb prej dit\u00ebs s\u00eb djeshme, pas nj\u00eb aksidenti. Biznesmeni kosovar\",\"breadcrumb\":{\"@id\":\"https:\/\/www.visit-ulcinj.com\/blog\/2011\/02\/28\/kengetarja-emmy-nderron-jete\/#breadcrumb\"},\"inLanguage\":\"en-US\",\"potentialAction\":[{\"@type\":\"ReadAction\",\"target\":[\"https:\/\/www.visit-ulcinj.com\/blog\/2011\/02\/28\/kengetarja-emmy-nderron-jete\/\"]}]},{\"@type\":\"BreadcrumbList\",\"@id\":\"https:\/\/www.visit-ulcinj.com\/blog\/2011\/02\/28\/kengetarja-emmy-nderron-jete\/#breadcrumb\",\"itemListElement\":[{\"@type\":\"ListItem\",\"position\":1,\"name\":\"K\u00ebng\u00ebtarja Emmy Nd\u00ebrron jet\u00eb &#8211; Video\"}]},{\"@type\":\"Person\",\"@id\":\"https:\/\/www.visit-ulcinj.com\/blog\/#\/schema\/person\/dcab619c614d3038751c63bc2aadc06d\",\"name\":\"ulqini\",\"sameAs\":[\"http:\/\/www.visit-ulcinj.com\"],\"url\":\"https:\/\/www.visit-ulcinj.com\/blog\/author\/admin\/\"}]}<\/script>\n<!-- \/ Yoast SEO plugin. -->","yoast_head_json":{"title":"K\u00ebng\u00ebtarja Emmy Nd\u00ebrron jet\u00eb - Video - Lajme nga Ulqini","description":"Ka nd\u00ebrruar jet\u00eb n\u00eb Spitalin Ushtarak k\u00ebng\u00ebtarja Emmy, e cila gjendej n\u00eb gjendje kome q\u00eb prej dit\u00ebs s\u00eb djeshme, pas nj\u00eb aksidenti. Biznesmeni kosovar","robots":{"index":"index","follow":"follow","max-snippet":"max-snippet:-1","max-image-preview":"max-image-preview:large","max-video-preview":"max-video-preview:-1"},"canonical":"https:\/\/www.visit-ulcinj.com\/blog\/2011\/02\/28\/kengetarja-emmy-nderron-jete\/","og_locale":"en_US","og_type":"article","og_title":"K\u00ebng\u00ebtarja Emmy Nd\u00ebrron jet\u00eb - Video - Lajme nga Ulqini","og_description":"Ka nd\u00ebrruar jet\u00eb n\u00eb Spitalin Ushtarak k\u00ebng\u00ebtarja Emmy, e cila gjendej n\u00eb gjendje kome q\u00eb prej dit\u00ebs s\u00eb djeshme, pas nj\u00eb aksidenti. Biznesmeni kosovar","og_url":"https:\/\/www.visit-ulcinj.com\/blog\/2011\/02\/28\/kengetarja-emmy-nderron-jete\/","og_site_name":"Lajme nga Ulqini","article_published_time":"2011-02-28T15:10:35+00:00","article_modified_time":"2011-02-28T17:19:55+00:00","og_image":[{"url":"http:\/\/www.visit-ulcinj.com\/blog\/wp-content\/uploads\/2011\/02\/Elsina-Hidershaj_Emmy-NDRON-JET.jpg"}],"twitter_misc":{"Written by":"ulqini","Est. reading time":"3 minutes"},"schema":{"@context":"https:\/\/schema.org","@graph":[{"@type":"WebSite","@id":"https:\/\/www.visit-ulcinj.com\/blog\/#website","url":"https:\/\/www.visit-ulcinj.com\/blog\/","name":"Lajme nga Ulqini","description":"Lajme,Vijesti,Ulqini,Ulqin,Crna Gora,Mali i Zi","potentialAction":[{"@type":"SearchAction","target":{"@type":"EntryPoint","urlTemplate":"https:\/\/www.visit-ulcinj.com\/blog\/?s={search_term_string}"},"query-input":"required name=search_term_string"}],"inLanguage":"en-US"},{"@type":"ImageObject","inLanguage":"en-US","@id":"https:\/\/www.visit-ulcinj.com\/blog\/2011\/02\/28\/kengetarja-emmy-nderron-jete\/#primaryimage","url":"https:\/\/www.visit-ulcinj.com\/blog\/wp-content\/uploads\/2011\/02\/Elsina-Hidershaj_Emmy-NDRON-JET.jpg","contentUrl":"https:\/\/www.visit-ulcinj.com\/blog\/wp-content\/uploads\/2011\/02\/Elsina-Hidershaj_Emmy-NDRON-JET.jpg","width":"350","height":"516"},{"@type":"WebPage","@id":"https:\/\/www.visit-ulcinj.com\/blog\/2011\/02\/28\/kengetarja-emmy-nderron-jete\/#webpage","url":"https:\/\/www.visit-ulcinj.com\/blog\/2011\/02\/28\/kengetarja-emmy-nderron-jete\/","name":"K\u00ebng\u00ebtarja Emmy Nd\u00ebrron jet\u00eb - Video - Lajme nga Ulqini","isPartOf":{"@id":"https:\/\/www.visit-ulcinj.com\/blog\/#website"},"primaryImageOfPage":{"@id":"https:\/\/www.visit-ulcinj.com\/blog\/2011\/02\/28\/kengetarja-emmy-nderron-jete\/#primaryimage"},"datePublished":"2011-02-28T15:10:35+00:00","dateModified":"2011-02-28T17:19:55+00:00","author":{"@id":"https:\/\/www.visit-ulcinj.com\/blog\/#\/schema\/person\/dcab619c614d3038751c63bc2aadc06d"},"description":"Ka nd\u00ebrruar jet\u00eb n\u00eb Spitalin Ushtarak k\u00ebng\u00ebtarja Emmy, e cila gjendej n\u00eb gjendje kome q\u00eb prej dit\u00ebs s\u00eb djeshme, pas nj\u00eb aksidenti. Biznesmeni kosovar","breadcrumb":{"@id":"https:\/\/www.visit-ulcinj.com\/blog\/2011\/02\/28\/kengetarja-emmy-nderron-jete\/#breadcrumb"},"inLanguage":"en-US","potentialAction":[{"@type":"ReadAction","target":["https:\/\/www.visit-ulcinj.com\/blog\/2011\/02\/28\/kengetarja-emmy-nderron-jete\/"]}]},{"@type":"BreadcrumbList","@id":"https:\/\/www.visit-ulcinj.com\/blog\/2011\/02\/28\/kengetarja-emmy-nderron-jete\/#breadcrumb","itemListElement":[{"@type":"ListItem","position":1,"name":"K\u00ebng\u00ebtarja Emmy Nd\u00ebrron jet\u00eb &#8211; Video"}]},{"@type":"Person","@id":"https:\/\/www.visit-ulcinj.com\/blog\/#\/schema\/person\/dcab619c614d3038751c63bc2aadc06d","name":"ulqini","sameAs":["http:\/\/www.visit-ulcinj.com"],"url":"https:\/\/www.visit-ulcinj.com\/blog\/author\/admin\/"}]}},"jetpack_featured_media_url":"","jetpack_sharing_enabled":true,"jetpack_shortlink":"https:\/\/wp.me\/pe6lTn-bst","_links":{"self":[{"href":"https:\/\/www.visit-ulcinj.com\/blog\/wp-json\/wp\/v2\/posts\/44049"}],"collection":[{"href":"https:\/\/www.visit-ulcinj.com\/blog\/wp-json\/wp\/v2\/posts"}],"about":[{"href":"https:\/\/www.visit-ulcinj.com\/blog\/wp-json\/wp\/v2\/types\/post"}],"author":[{"embeddable":true,"href":"https:\/\/www.visit-ulcinj.com\/blog\/wp-json\/wp\/v2\/users\/1"}],"replies":[{"embeddable":true,"href":"https:\/\/www.visit-ulcinj.com\/blog\/wp-json\/wp\/v2\/comments?post=44049"}],"version-history":[{"count":0,"href":"https:\/\/www.visit-ulcinj.com\/blog\/wp-json\/wp\/v2\/posts\/44049\/revisions"}],"wp:attachment":[{"href":"https:\/\/www.visit-ulcinj.com\/blog\/wp-json\/wp\/v2\/media?parent=44049"}],"wp:term":[{"taxonomy":"category","embeddable":true,"href":"https:\/\/www.visit-ulcinj.com\/blog\/wp-json\/wp\/v2\/categories?post=44049"},{"taxonomy":"post_tag","embeddable":true,"href":"https:\/\/www.visit-ulcinj.com\/blog\/wp-json\/wp\/v2\/tags?post=44049"}],"curies":[{"name":"wp","href":"https:\/\/api.w.org\/{rel}","templated":true}]}}