{"id":44090,"date":"2011-02-28T16:44:25","date_gmt":"2011-02-28T15:44:25","guid":{"rendered":"http:\/\/www.visit-ulcinj.com\/blog\/?p=44090"},"modified":"2011-02-28T16:44:56","modified_gmt":"2011-02-28T15:44:56","slug":"mans-ne-tjeramo-investitore-nego-ukazujemo-na-zakon","status":"publish","type":"post","link":"https:\/\/www.visit-ulcinj.com\/blog\/2011\/02\/28\/mans-ne-tjeramo-investitore-nego-ukazujemo-na-zakon\/","title":{"rendered":"MANS: Ne tjeramo investitore nego ukazujemo na zakon"},"content":{"rendered":"<p><strong><a href=\"http:\/\/www.visit-ulcinj.com\/blog\/wp-content\/uploads\/2011\/02\/valdanos_ulcinj_crna-gora_.jpg\"><img loading=\"lazy\" class=\"alignleft size-full wp-image-44092\" title=\"valdanos_ulcinj_crna gora_\" src=\"http:\/\/www.visit-ulcinj.com\/blog\/wp-content\/uploads\/2011\/02\/valdanos_ulcinj_crna-gora_.jpg\" alt=\"\" width=\"508\" height=\"380\" srcset=\"https:\/\/www.visit-ulcinj.com\/blog\/wp-content\/uploads\/2011\/02\/valdanos_ulcinj_crna-gora_.jpg 1000w, https:\/\/www.visit-ulcinj.com\/blog\/wp-content\/uploads\/2011\/02\/valdanos_ulcinj_crna-gora_-300x225.jpg 300w\" sizes=\"(max-width: 508px) 100vw, 508px\" \/><\/a>Milovac tra\u017ei da neko u vladi odgovara zbog valdanosa<\/strong><br \/>\nVladin rok firmi Kjubus Luks za dostavu garancija isti\u010de danas, ali se to, po svemu sude\u0107i, ne\u0107e desiti.<br \/>\nMre\u017ea za afirmaciju nevladinog sektora (MANS) tra\u017ei da neko iz Vlade odgovara, nakon najava iz Tenderske komisije da \u0107e Vladi Crne Gore preporu\u010diti poni\u0161tenje tendera za Valdanos.<\/p>\n<p>Iz MANS-a poru\u010duju da se na taj na\u010din\u00a0 zavr\u0161iti &#8220;sramna epizoda sa Kjubus luksom&#8221;.<\/p>\n<p>&#8220;Otvara se dodatni prostor i da se kona\u010dno utvrdi odgovornost unutar Vlade za sve ono \u0161to je ura\u0111eno do sada u ovom slu\u010daju&#8221;, navodi se u saop\u0161tenju koje potpisuje Dejan Milovac, direktor MANS-ovog programa za ubranizam.<\/p>\n<p>&#8220;Najnovija opravdanja koja se sastoje u navodim neslaganjima oko &#8216;\u0161vajcarske arbitra\u017ee&#8217;, cijenimo kao poku\u0161aj Vlade da se sa \u0161to manje \u0161tete distancira od kompletnog posla. Nakon pri\u010de o garancijama, ovo je najnoviji momenat u pregovorima izme\u0111u Vlade i Kjubus Luksa oko ugovora koji su sve samo ne transparentni i zakoniti&#8221;.<\/p>\n<p><strong>Savjet dnevno ima vi\u0161e mi\u0161ljenja<\/strong><\/p>\n<div id=\"attachment_3433\" style=\"width: 232px\" class=\"wp-caption alignleft\"><a href=\"http:\/\/www.visit-ulcinj.com\/blog\/wp-content\/uploads\/2008\/09\/dejan-milovac.jpg\"><img aria-describedby=\"caption-attachment-3433\" loading=\"lazy\" class=\"size-full wp-image-3433\" title=\"dejan-milovac\" src=\"http:\/\/www.visit-ulcinj.com\/blog\/wp-content\/uploads\/2008\/09\/dejan-milovac.jpg\" alt=\"\" width=\"222\" height=\"344\" srcset=\"https:\/\/www.visit-ulcinj.com\/blog\/wp-content\/uploads\/2008\/09\/dejan-milovac.jpg 222w, https:\/\/www.visit-ulcinj.com\/blog\/wp-content\/uploads\/2008\/09\/dejan-milovac-193x300.jpg 193w\" sizes=\"(max-width: 222px) 100vw, 222px\" \/><\/a><p id=\"caption-attachment-3433\" class=\"wp-caption-text\">Dejan Milovac<\/p><\/div>\n<p>Milovac je rekao da je to \u0161to nema garancija za investicioni program bio jedan od razloga zbog kojih je odbijena ruska MCG kompanija, a sa Kjubus luksom se vi\u0161e mjeseci pregovara.<\/p>\n<p>&#8220;Pored toga, iz Vlade navode da je ugovorom predvi\u0111eno da se garancije dostave 55 dana nakon potpisivanja ugovora, u javnom pozivu na tender se navodi da su one sastavni dio ponude, dok u verziji ugovora koji je Savjet za privatizaciju objavio na svom sajtu se navodi da taj rok iznosi 5 dana prije potpisivanja Ugovora. Neshvatljivo je kako Savjet za privatizaciju mo\u017ee, gotovo na dnevnoj osnovi, da mijenja stav o tome \u0161to su kona\u010dni uslovi tendera i istovremeno izlazi u javnost sa razli\u010ditim informacijama&#8221;.<\/p>\n<p>Sve i da Kjubus luks zadovolji uslove tendera, poru\u010duju iz MANS-a, &#8220;ovakav na\u010din vo\u0111enja tenderskog postupka od strane Savjeta za privatizaciju svakako zaslu\u017euje pa\u017enju nadle\u017enog tu\u017eila\u0161tva&#8221;.<\/p>\n<p>&#8220;\u0160to se ti\u010de poku\u0161aja Vlade da odgovornost za svoje pogre\u0161ne odluke prebaci na onaj dio nevladinog sektora koji se usu\u0111uje se kritikuje njen rad, smatramo da takav odnos prema civilnom dru\u0161tvu nije produktivan, niti mo\u017ee pomo\u0107i zajedni\u010dkom pronala\u017eenju rje\u0161enja&#8221;, poru\u010dio je Milovac.<\/p>\n<p>&#8220;Iskustvo sa Kjubus luksom bi moglo da bude vrijedna lekcija za Savjet za privatizaciju i Vladu Crne Gore, dok poni\u0161tenje tendera i prekid pregovora ne\u0107e biti poruka za investitore da nisu po\u017eeljni, ve\u0107 da je Crna Gora dr\u017eava u kojoj se moraju po\u0161tovati zakoni i propisi&#8221;.<\/p>\n<p><strong>Poni\u0161tenje ugovora<\/strong><\/p>\n<p>Zahtjev britanske kompanije Kjubus luks za uvr\u0161tavanje klauzule o \u0161vajcarskoj arbitra\u017ei u ugovor o zakupu Valdanosa za crnogorsku stranu je neprihvatljiv i Tenderska komisija na dana\u0161njoj sjednici \u0107e Savjetu za privatizaciju predlo\u017eiti poni\u0161tenje tendera i raspisivanje novog za mjesec dana, saznaju \u201cVijesti\u201d.<\/p>\n<p>Iz Vlade je \u201cVijestima\u201d nezvani\u010dno saop\u0161teno da je cijela negativna kampanja protiv britanske kompanije, koja je rezultirala \u010dak i krivi\u010dnim prijavama, uticala na obeshrabrivanje Kjubus luksa.<\/p>\n<p>Njihov Odbor direktora \u0107e ponovo preispitati rizik investicije i atmosferu koja je oko njihovog imena stvorena u Crnoj Gori.<\/p>\n<p>Vlada je zbog velikog pritiska i sumnji dijela javnosti tra\u017eila da Britanci dostave bankarske garancije prije potpisivanja ugovora, iako to nije praksa. Rok za dostavu garancija isti\u010de danas, ali se to, po svemu sude\u0107i, ne\u0107e desiti.<\/p>\n<p>&#8220;Mi smo od Britanaca tra\u017eili da nam dostave bankarske garancije prije potpisivanja ugovora, iako je tim aktom predvi\u0111eno da rok za to bude 55 dana poslije potpisivanja. To smo u\u010dinili zbog velikog nepovjerenja dijela civilnog sektora, iako smo sigurni da je cijeli tenderski postupak sproveden u skladu sa zakonom. Osim toga, takav stav uticao je na samu kompaniju koja se osjetila nepo\u017eeljnim investitorom&#8221;, re\u010deno je \u201cVijestima\u201d iz Tenderske komisije.<\/p>\n<p><strong><a href=\"http:\/\/www.vijesti.me\/vijesti\/mans-ne-tjeramo-investitore-nego-ukazujemo-zakon-clanak-8580\" target=\"_blank\">Vijesti<\/a><br \/>\n<!--YouTube Error: bad URL entered--><\/strong><\/p>\n","protected":false},"excerpt":{"rendered":"<p>Milovac tra\u017ei da neko u vladi odgovara zbog valdanosa Vladin rok firmi Kjubus Luks za dostavu garancija isti\u010de danas, ali se to, po svemu sude\u0107i, ne\u0107e desiti. Mre\u017ea za afirmaciju nevladinog sektora (MANS) tra\u017ei da neko iz Vlade odgovara, nakon najava iz Tenderske komisije da \u0107e Vladi Crne Gore preporu\u010diti poni\u0161tenje tendera za Valdanos. Iz [&hellip;]<\/p>\n","protected":false},"author":1,"featured_media":0,"comment_status":"open","ping_status":"closed","sticky":false,"template":"","format":"standard","meta":{"spay_email":"","jetpack_publicize_message":"","jetpack_is_tweetstorm":false,"jetpack_publicize_feature_enabled":true},"categories":[8337],"tags":[20,17516,19,136,2020],"jetpack_publicize_connections":[],"yoast_head":"<!-- This site is optimized with the Yoast SEO plugin v19.1 - https:\/\/yoast.com\/wordpress\/plugins\/seo\/ -->\n<title>MANS: Ne tjeramo investitore nego ukazujemo na zakon - Lajme nga Ulqini<\/title>\n<meta name=\"description\" content=\"Milovac tra\u017ei da neko u vladi odgovara zbog valdanosa Vladin rok firmi Kjubus Luks za dostavu garancija isti\u010de danas, ali se to, po svemu sude\u0107i, ne\u0107e\" \/>\n<meta name=\"robots\" content=\"index, follow, max-snippet:-1, max-image-preview:large, max-video-preview:-1\" \/>\n<link rel=\"canonical\" href=\"https:\/\/www.visit-ulcinj.com\/blog\/2011\/02\/28\/mans-ne-tjeramo-investitore-nego-ukazujemo-na-zakon\/\" \/>\n<meta property=\"og:locale\" content=\"en_US\" \/>\n<meta property=\"og:type\" content=\"article\" \/>\n<meta property=\"og:title\" content=\"MANS: Ne tjeramo investitore nego ukazujemo na zakon - Lajme nga Ulqini\" \/>\n<meta property=\"og:description\" content=\"Milovac tra\u017ei da neko u vladi odgovara zbog valdanosa Vladin rok firmi Kjubus Luks za dostavu garancija isti\u010de danas, ali se to, po svemu sude\u0107i, ne\u0107e\" \/>\n<meta property=\"og:url\" content=\"https:\/\/www.visit-ulcinj.com\/blog\/2011\/02\/28\/mans-ne-tjeramo-investitore-nego-ukazujemo-na-zakon\/\" \/>\n<meta property=\"og:site_name\" content=\"Lajme nga Ulqini\" \/>\n<meta property=\"article:published_time\" content=\"2011-02-28T15:44:25+00:00\" \/>\n<meta property=\"article:modified_time\" content=\"2011-02-28T15:44:56+00:00\" \/>\n<meta property=\"og:image\" content=\"http:\/\/www.visit-ulcinj.com\/blog\/wp-content\/uploads\/2011\/02\/valdanos_ulcinj_crna-gora_.jpg\" \/>\n<meta name=\"twitter:label1\" content=\"Written by\" \/>\n\t<meta name=\"twitter:data1\" content=\"ulqini\" \/>\n\t<meta name=\"twitter:label2\" content=\"Est. reading time\" \/>\n\t<meta name=\"twitter:data2\" content=\"3 minutes\" \/>\n<script type=\"application\/ld+json\" class=\"yoast-schema-graph\">{\"@context\":\"https:\/\/schema.org\",\"@graph\":[{\"@type\":\"WebSite\",\"@id\":\"https:\/\/www.visit-ulcinj.com\/blog\/#website\",\"url\":\"https:\/\/www.visit-ulcinj.com\/blog\/\",\"name\":\"Lajme nga Ulqini\",\"description\":\"Lajme,Vijesti,Ulqini,Ulqin,Crna Gora,Mali i Zi\",\"potentialAction\":[{\"@type\":\"SearchAction\",\"target\":{\"@type\":\"EntryPoint\",\"urlTemplate\":\"https:\/\/www.visit-ulcinj.com\/blog\/?s={search_term_string}\"},\"query-input\":\"required name=search_term_string\"}],\"inLanguage\":\"en-US\"},{\"@type\":\"ImageObject\",\"inLanguage\":\"en-US\",\"@id\":\"https:\/\/www.visit-ulcinj.com\/blog\/2011\/02\/28\/mans-ne-tjeramo-investitore-nego-ukazujemo-na-zakon\/#primaryimage\",\"url\":\"https:\/\/www.visit-ulcinj.com\/blog\/wp-content\/uploads\/2011\/02\/valdanos_ulcinj_crna-gora_.jpg\",\"contentUrl\":\"https:\/\/www.visit-ulcinj.com\/blog\/wp-content\/uploads\/2011\/02\/valdanos_ulcinj_crna-gora_.jpg\",\"width\":\"1000\",\"height\":\"750\"},{\"@type\":\"WebPage\",\"@id\":\"https:\/\/www.visit-ulcinj.com\/blog\/2011\/02\/28\/mans-ne-tjeramo-investitore-nego-ukazujemo-na-zakon\/#webpage\",\"url\":\"https:\/\/www.visit-ulcinj.com\/blog\/2011\/02\/28\/mans-ne-tjeramo-investitore-nego-ukazujemo-na-zakon\/\",\"name\":\"MANS: Ne tjeramo investitore nego ukazujemo na zakon - Lajme nga Ulqini\",\"isPartOf\":{\"@id\":\"https:\/\/www.visit-ulcinj.com\/blog\/#website\"},\"primaryImageOfPage\":{\"@id\":\"https:\/\/www.visit-ulcinj.com\/blog\/2011\/02\/28\/mans-ne-tjeramo-investitore-nego-ukazujemo-na-zakon\/#primaryimage\"},\"datePublished\":\"2011-02-28T15:44:25+00:00\",\"dateModified\":\"2011-02-28T15:44:56+00:00\",\"author\":{\"@id\":\"https:\/\/www.visit-ulcinj.com\/blog\/#\/schema\/person\/dcab619c614d3038751c63bc2aadc06d\"},\"description\":\"Milovac tra\u017ei da neko u vladi odgovara zbog valdanosa Vladin rok firmi Kjubus Luks za dostavu garancija isti\u010de danas, ali se to, po svemu sude\u0107i, ne\u0107e\",\"breadcrumb\":{\"@id\":\"https:\/\/www.visit-ulcinj.com\/blog\/2011\/02\/28\/mans-ne-tjeramo-investitore-nego-ukazujemo-na-zakon\/#breadcrumb\"},\"inLanguage\":\"en-US\",\"potentialAction\":[{\"@type\":\"ReadAction\",\"target\":[\"https:\/\/www.visit-ulcinj.com\/blog\/2011\/02\/28\/mans-ne-tjeramo-investitore-nego-ukazujemo-na-zakon\/\"]}]},{\"@type\":\"BreadcrumbList\",\"@id\":\"https:\/\/www.visit-ulcinj.com\/blog\/2011\/02\/28\/mans-ne-tjeramo-investitore-nego-ukazujemo-na-zakon\/#breadcrumb\",\"itemListElement\":[{\"@type\":\"ListItem\",\"position\":1,\"name\":\"MANS: Ne tjeramo investitore nego ukazujemo na zakon\"}]},{\"@type\":\"Person\",\"@id\":\"https:\/\/www.visit-ulcinj.com\/blog\/#\/schema\/person\/dcab619c614d3038751c63bc2aadc06d\",\"name\":\"ulqini\",\"sameAs\":[\"http:\/\/www.visit-ulcinj.com\"],\"url\":\"https:\/\/www.visit-ulcinj.com\/blog\/author\/admin\/\"}]}<\/script>\n<!-- \/ Yoast SEO plugin. -->","yoast_head_json":{"title":"MANS: Ne tjeramo investitore nego ukazujemo na zakon - Lajme nga Ulqini","description":"Milovac tra\u017ei da neko u vladi odgovara zbog valdanosa Vladin rok firmi Kjubus Luks za dostavu garancija isti\u010de danas, ali se to, po svemu sude\u0107i, ne\u0107e","robots":{"index":"index","follow":"follow","max-snippet":"max-snippet:-1","max-image-preview":"max-image-preview:large","max-video-preview":"max-video-preview:-1"},"canonical":"https:\/\/www.visit-ulcinj.com\/blog\/2011\/02\/28\/mans-ne-tjeramo-investitore-nego-ukazujemo-na-zakon\/","og_locale":"en_US","og_type":"article","og_title":"MANS: Ne tjeramo investitore nego ukazujemo na zakon - Lajme nga Ulqini","og_description":"Milovac tra\u017ei da neko u vladi odgovara zbog valdanosa Vladin rok firmi Kjubus Luks za dostavu garancija isti\u010de danas, ali se to, po svemu sude\u0107i, ne\u0107e","og_url":"https:\/\/www.visit-ulcinj.com\/blog\/2011\/02\/28\/mans-ne-tjeramo-investitore-nego-ukazujemo-na-zakon\/","og_site_name":"Lajme nga Ulqini","article_published_time":"2011-02-28T15:44:25+00:00","article_modified_time":"2011-02-28T15:44:56+00:00","og_image":[{"url":"http:\/\/www.visit-ulcinj.com\/blog\/wp-content\/uploads\/2011\/02\/valdanos_ulcinj_crna-gora_.jpg"}],"twitter_misc":{"Written by":"ulqini","Est. reading time":"3 minutes"},"schema":{"@context":"https:\/\/schema.org","@graph":[{"@type":"WebSite","@id":"https:\/\/www.visit-ulcinj.com\/blog\/#website","url":"https:\/\/www.visit-ulcinj.com\/blog\/","name":"Lajme nga Ulqini","description":"Lajme,Vijesti,Ulqini,Ulqin,Crna Gora,Mali i Zi","potentialAction":[{"@type":"SearchAction","target":{"@type":"EntryPoint","urlTemplate":"https:\/\/www.visit-ulcinj.com\/blog\/?s={search_term_string}"},"query-input":"required name=search_term_string"}],"inLanguage":"en-US"},{"@type":"ImageObject","inLanguage":"en-US","@id":"https:\/\/www.visit-ulcinj.com\/blog\/2011\/02\/28\/mans-ne-tjeramo-investitore-nego-ukazujemo-na-zakon\/#primaryimage","url":"https:\/\/www.visit-ulcinj.com\/blog\/wp-content\/uploads\/2011\/02\/valdanos_ulcinj_crna-gora_.jpg","contentUrl":"https:\/\/www.visit-ulcinj.com\/blog\/wp-content\/uploads\/2011\/02\/valdanos_ulcinj_crna-gora_.jpg","width":"1000","height":"750"},{"@type":"WebPage","@id":"https:\/\/www.visit-ulcinj.com\/blog\/2011\/02\/28\/mans-ne-tjeramo-investitore-nego-ukazujemo-na-zakon\/#webpage","url":"https:\/\/www.visit-ulcinj.com\/blog\/2011\/02\/28\/mans-ne-tjeramo-investitore-nego-ukazujemo-na-zakon\/","name":"MANS: Ne tjeramo investitore nego ukazujemo na zakon - Lajme nga Ulqini","isPartOf":{"@id":"https:\/\/www.visit-ulcinj.com\/blog\/#website"},"primaryImageOfPage":{"@id":"https:\/\/www.visit-ulcinj.com\/blog\/2011\/02\/28\/mans-ne-tjeramo-investitore-nego-ukazujemo-na-zakon\/#primaryimage"},"datePublished":"2011-02-28T15:44:25+00:00","dateModified":"2011-02-28T15:44:56+00:00","author":{"@id":"https:\/\/www.visit-ulcinj.com\/blog\/#\/schema\/person\/dcab619c614d3038751c63bc2aadc06d"},"description":"Milovac tra\u017ei da neko u vladi odgovara zbog valdanosa Vladin rok firmi Kjubus Luks za dostavu garancija isti\u010de danas, ali se to, po svemu sude\u0107i, ne\u0107e","breadcrumb":{"@id":"https:\/\/www.visit-ulcinj.com\/blog\/2011\/02\/28\/mans-ne-tjeramo-investitore-nego-ukazujemo-na-zakon\/#breadcrumb"},"inLanguage":"en-US","potentialAction":[{"@type":"ReadAction","target":["https:\/\/www.visit-ulcinj.com\/blog\/2011\/02\/28\/mans-ne-tjeramo-investitore-nego-ukazujemo-na-zakon\/"]}]},{"@type":"BreadcrumbList","@id":"https:\/\/www.visit-ulcinj.com\/blog\/2011\/02\/28\/mans-ne-tjeramo-investitore-nego-ukazujemo-na-zakon\/#breadcrumb","itemListElement":[{"@type":"ListItem","position":1,"name":"MANS: Ne tjeramo investitore nego ukazujemo na zakon"}]},{"@type":"Person","@id":"https:\/\/www.visit-ulcinj.com\/blog\/#\/schema\/person\/dcab619c614d3038751c63bc2aadc06d","name":"ulqini","sameAs":["http:\/\/www.visit-ulcinj.com"],"url":"https:\/\/www.visit-ulcinj.com\/blog\/author\/admin\/"}]}},"jetpack_featured_media_url":"","jetpack_sharing_enabled":true,"jetpack_shortlink":"https:\/\/wp.me\/pe6lTn-bt8","_links":{"self":[{"href":"https:\/\/www.visit-ulcinj.com\/blog\/wp-json\/wp\/v2\/posts\/44090"}],"collection":[{"href":"https:\/\/www.visit-ulcinj.com\/blog\/wp-json\/wp\/v2\/posts"}],"about":[{"href":"https:\/\/www.visit-ulcinj.com\/blog\/wp-json\/wp\/v2\/types\/post"}],"author":[{"embeddable":true,"href":"https:\/\/www.visit-ulcinj.com\/blog\/wp-json\/wp\/v2\/users\/1"}],"replies":[{"embeddable":true,"href":"https:\/\/www.visit-ulcinj.com\/blog\/wp-json\/wp\/v2\/comments?post=44090"}],"version-history":[{"count":0,"href":"https:\/\/www.visit-ulcinj.com\/blog\/wp-json\/wp\/v2\/posts\/44090\/revisions"}],"wp:attachment":[{"href":"https:\/\/www.visit-ulcinj.com\/blog\/wp-json\/wp\/v2\/media?parent=44090"}],"wp:term":[{"taxonomy":"category","embeddable":true,"href":"https:\/\/www.visit-ulcinj.com\/blog\/wp-json\/wp\/v2\/categories?post=44090"},{"taxonomy":"post_tag","embeddable":true,"href":"https:\/\/www.visit-ulcinj.com\/blog\/wp-json\/wp\/v2\/tags?post=44090"}],"curies":[{"name":"wp","href":"https:\/\/api.w.org\/{rel}","templated":true}]}}