{"id":44095,"date":"2011-02-28T16:49:19","date_gmt":"2011-02-28T15:49:19","guid":{"rendered":"http:\/\/www.visit-ulcinj.com\/blog\/?p=44095"},"modified":"2011-02-28T22:48:00","modified_gmt":"2011-02-28T21:48:00","slug":"i-zvanicno-tender-za-valdanos-je-propao","status":"publish","type":"post","link":"https:\/\/www.visit-ulcinj.com\/blog\/2011\/02\/28\/i-zvanicno-tender-za-valdanos-je-propao\/","title":{"rendered":"I zvani\u010dno: Tender za Valdanos je propao &#8211; Video"},"content":{"rendered":"<p><a href=\"http:\/\/www.visit-ulcinj.com\/blog\/wp-content\/uploads\/2011\/02\/valdanos_ulcinj_crna-gora_1.jpg\"><img loading=\"lazy\" class=\"alignleft size-full wp-image-44096\" title=\"Valdanos Ulcinj\" src=\"http:\/\/www.visit-ulcinj.com\/blog\/wp-content\/uploads\/2011\/02\/valdanos_ulcinj_crna-gora_1.jpg\" alt=\"\" width=\"508\" height=\"380\" \/><\/a>Tenderska komisija za realizaciju projekta turisti\u010dke valorizacije Vladanosa proglasila je tender za izdavanje u dugoro\u010dni zakup vojnoturisti\u010dkog kompleksa \u201eValdanos\u201c- Ulcinj, neuspjelim i predlo\u017eila Savjetu za privatizaciju i kapitalne projekte da do kraja aprila raspi\u0161e novi tender.<\/p>\n<p>\u201cTenderska komisija je razmatrala pismo kompanije Cubus Lux u kojem su iznijeli zabrinutost i rezervu u kvalitetnu realizaciju projekta, a u vezi negativnih medijskih nastupa za nerije\u0161ena imovinska pitanja, konstantne zahtjeve za povratak imovine biv\u0161ih vlasnika, kao i jednog broja sudskih procesa, \u010dime je stvorena atmosfera koja kod investitora izaziva potrebu preispitivanja rizi\u010dnosti investicije. Posebnu rezervisanost izazvalo je insistiranje Vlade za dostavljanje bankarskih garancija prije Ugovorom definisanog roka i ne prihvatanje, od strane Komisije, me\u0111unarodne arbitra\u017ene klauzule\u201d, saop\u0161teno je iz Vlade, nakon sjednice Tenderske komisije,<\/p>\n<p>Tenderska komisija je, kako se dodaje, procijenila da su se stekli uslovi da se tender proglasi neuspjelim i da zbog va\u017enosti realizacije projekta Valdanos, kako za lokalnu samoupravu tako i za cijelu Crnu Goru, preporu\u010dila je Savjetu da raspi\u0161e novi tender do kraja aprila 2011. godine.<\/p>\n<p>\u201cNa sastanku Tenderske komisije, tako\u0111e je jo\u0161 jednom konstatovano da je cjelokupan proces transparentno sproveden i u skladu sa zakonom definisanim procedurama\u201d, tvrdi se u saop\u0161tenju.<\/p>\n<p>Konstatovano je i da je, u cilju obezbje\u0111ivanja \u0161to kvalitetnije realizacije projekta i Ugovorom definisanih aktivnosti, Vlada vi\u0161e puta insistirala na dostavljanju \u010dinidbene i garancije zakupnine i prije zaklju\u010divanja ugovora, a u suprotnosti sa evropskom praksom. Na ovaj na\u010din, Vlada je nastojala da proces valorizacije Valdanosa u\u010dini dodatno transparentnim i kvalitetnim.<\/p>\n<p><a href=\"http:\/\/www.vijesti.me\/vijesti\/i-zvanicno-tender-valdanos-je-propao-clanak-8626\" target=\"_blank\"><strong>Vijesti<\/strong><\/a><\/p>\n<!--YouTube Error: bad URL entered-->\n","protected":false},"excerpt":{"rendered":"<p>Tenderska komisija za realizaciju projekta turisti\u010dke valorizacije Vladanosa proglasila je tender za izdavanje u dugoro\u010dni zakup vojnoturisti\u010dkog kompleksa \u201eValdanos\u201c- Ulcinj, neuspjelim i predlo\u017eila Savjetu za privatizaciju i kapitalne projekte da do kraja aprila raspi\u0161e novi tender. \u201cTenderska komisija je razmatrala pismo kompanije Cubus Lux u kojem su iznijeli zabrinutost i rezervu u kvalitetnu realizaciju projekta, [&hellip;]<\/p>\n","protected":false},"author":1,"featured_media":0,"comment_status":"open","ping_status":"closed","sticky":false,"template":"","format":"standard","meta":{"spay_email":"","jetpack_publicize_message":"","jetpack_is_tweetstorm":false,"jetpack_publicize_feature_enabled":true},"categories":[8337],"tags":[20,17517,5325,19,136,2020],"jetpack_publicize_connections":[],"yoast_head":"<!-- This site is optimized with the Yoast SEO plugin v19.1 - https:\/\/yoast.com\/wordpress\/plugins\/seo\/ -->\n<title>I zvani\u010dno: Tender za Valdanos je propao - Video - Lajme nga Ulqini<\/title>\n<meta name=\"description\" content=\"Tenderska komisija za realizaciju projekta turisti\u010dke valorizacije Vladanosa proglasila je tender za izdavanje u dugoro\u010dni zakup vojnoturisti\u010dkog\" \/>\n<meta name=\"robots\" content=\"index, follow, max-snippet:-1, max-image-preview:large, max-video-preview:-1\" \/>\n<link rel=\"canonical\" href=\"https:\/\/www.visit-ulcinj.com\/blog\/2011\/02\/28\/i-zvanicno-tender-za-valdanos-je-propao\/\" \/>\n<meta property=\"og:locale\" content=\"en_US\" \/>\n<meta property=\"og:type\" content=\"article\" \/>\n<meta property=\"og:title\" content=\"I zvani\u010dno: Tender za Valdanos je propao - Video - Lajme nga Ulqini\" \/>\n<meta property=\"og:description\" content=\"Tenderska komisija za realizaciju projekta turisti\u010dke valorizacije Vladanosa proglasila je tender za izdavanje u dugoro\u010dni zakup vojnoturisti\u010dkog\" \/>\n<meta property=\"og:url\" content=\"https:\/\/www.visit-ulcinj.com\/blog\/2011\/02\/28\/i-zvanicno-tender-za-valdanos-je-propao\/\" \/>\n<meta property=\"og:site_name\" content=\"Lajme nga Ulqini\" \/>\n<meta property=\"article:published_time\" content=\"2011-02-28T15:49:19+00:00\" \/>\n<meta property=\"article:modified_time\" content=\"2011-02-28T21:48:00+00:00\" \/>\n<meta property=\"og:image\" content=\"http:\/\/www.visit-ulcinj.com\/blog\/wp-content\/uploads\/2011\/02\/valdanos_ulcinj_crna-gora_1.jpg\" \/>\n<meta name=\"twitter:label1\" content=\"Written by\" \/>\n\t<meta name=\"twitter:data1\" content=\"ulqini\" \/>\n\t<meta name=\"twitter:label2\" content=\"Est. reading time\" \/>\n\t<meta name=\"twitter:data2\" content=\"1 minute\" \/>\n<script type=\"application\/ld+json\" class=\"yoast-schema-graph\">{\"@context\":\"https:\/\/schema.org\",\"@graph\":[{\"@type\":\"WebSite\",\"@id\":\"https:\/\/www.visit-ulcinj.com\/blog\/#website\",\"url\":\"https:\/\/www.visit-ulcinj.com\/blog\/\",\"name\":\"Lajme nga Ulqini\",\"description\":\"Lajme,Vijesti,Ulqini,Ulqin,Crna Gora,Mali i Zi\",\"potentialAction\":[{\"@type\":\"SearchAction\",\"target\":{\"@type\":\"EntryPoint\",\"urlTemplate\":\"https:\/\/www.visit-ulcinj.com\/blog\/?s={search_term_string}\"},\"query-input\":\"required name=search_term_string\"}],\"inLanguage\":\"en-US\"},{\"@type\":\"ImageObject\",\"inLanguage\":\"en-US\",\"@id\":\"https:\/\/www.visit-ulcinj.com\/blog\/2011\/02\/28\/i-zvanicno-tender-za-valdanos-je-propao\/#primaryimage\",\"url\":\"https:\/\/www.visit-ulcinj.com\/blog\/wp-content\/uploads\/2011\/02\/valdanos_ulcinj_crna-gora_1.jpg\",\"contentUrl\":\"https:\/\/www.visit-ulcinj.com\/blog\/wp-content\/uploads\/2011\/02\/valdanos_ulcinj_crna-gora_1.jpg\",\"width\":\"800\",\"height\":\"586\"},{\"@type\":\"WebPage\",\"@id\":\"https:\/\/www.visit-ulcinj.com\/blog\/2011\/02\/28\/i-zvanicno-tender-za-valdanos-je-propao\/#webpage\",\"url\":\"https:\/\/www.visit-ulcinj.com\/blog\/2011\/02\/28\/i-zvanicno-tender-za-valdanos-je-propao\/\",\"name\":\"I zvani\u010dno: Tender za Valdanos je propao - Video - Lajme nga Ulqini\",\"isPartOf\":{\"@id\":\"https:\/\/www.visit-ulcinj.com\/blog\/#website\"},\"primaryImageOfPage\":{\"@id\":\"https:\/\/www.visit-ulcinj.com\/blog\/2011\/02\/28\/i-zvanicno-tender-za-valdanos-je-propao\/#primaryimage\"},\"datePublished\":\"2011-02-28T15:49:19+00:00\",\"dateModified\":\"2011-02-28T21:48:00+00:00\",\"author\":{\"@id\":\"https:\/\/www.visit-ulcinj.com\/blog\/#\/schema\/person\/dcab619c614d3038751c63bc2aadc06d\"},\"description\":\"Tenderska komisija za realizaciju projekta turisti\u010dke valorizacije Vladanosa proglasila je tender za izdavanje u dugoro\u010dni zakup vojnoturisti\u010dkog\",\"breadcrumb\":{\"@id\":\"https:\/\/www.visit-ulcinj.com\/blog\/2011\/02\/28\/i-zvanicno-tender-za-valdanos-je-propao\/#breadcrumb\"},\"inLanguage\":\"en-US\",\"potentialAction\":[{\"@type\":\"ReadAction\",\"target\":[\"https:\/\/www.visit-ulcinj.com\/blog\/2011\/02\/28\/i-zvanicno-tender-za-valdanos-je-propao\/\"]}]},{\"@type\":\"BreadcrumbList\",\"@id\":\"https:\/\/www.visit-ulcinj.com\/blog\/2011\/02\/28\/i-zvanicno-tender-za-valdanos-je-propao\/#breadcrumb\",\"itemListElement\":[{\"@type\":\"ListItem\",\"position\":1,\"name\":\"I zvani\u010dno: Tender za Valdanos je propao &#8211; Video\"}]},{\"@type\":\"Person\",\"@id\":\"https:\/\/www.visit-ulcinj.com\/blog\/#\/schema\/person\/dcab619c614d3038751c63bc2aadc06d\",\"name\":\"ulqini\",\"sameAs\":[\"http:\/\/www.visit-ulcinj.com\"],\"url\":\"https:\/\/www.visit-ulcinj.com\/blog\/author\/admin\/\"}]}<\/script>\n<!-- \/ Yoast SEO plugin. -->","yoast_head_json":{"title":"I zvani\u010dno: Tender za Valdanos je propao - Video - Lajme nga Ulqini","description":"Tenderska komisija za realizaciju projekta turisti\u010dke valorizacije Vladanosa proglasila je tender za izdavanje u dugoro\u010dni zakup vojnoturisti\u010dkog","robots":{"index":"index","follow":"follow","max-snippet":"max-snippet:-1","max-image-preview":"max-image-preview:large","max-video-preview":"max-video-preview:-1"},"canonical":"https:\/\/www.visit-ulcinj.com\/blog\/2011\/02\/28\/i-zvanicno-tender-za-valdanos-je-propao\/","og_locale":"en_US","og_type":"article","og_title":"I zvani\u010dno: Tender za Valdanos je propao - Video - Lajme nga Ulqini","og_description":"Tenderska komisija za realizaciju projekta turisti\u010dke valorizacije Vladanosa proglasila je tender za izdavanje u dugoro\u010dni zakup vojnoturisti\u010dkog","og_url":"https:\/\/www.visit-ulcinj.com\/blog\/2011\/02\/28\/i-zvanicno-tender-za-valdanos-je-propao\/","og_site_name":"Lajme nga Ulqini","article_published_time":"2011-02-28T15:49:19+00:00","article_modified_time":"2011-02-28T21:48:00+00:00","og_image":[{"url":"http:\/\/www.visit-ulcinj.com\/blog\/wp-content\/uploads\/2011\/02\/valdanos_ulcinj_crna-gora_1.jpg"}],"twitter_misc":{"Written by":"ulqini","Est. reading time":"1 minute"},"schema":{"@context":"https:\/\/schema.org","@graph":[{"@type":"WebSite","@id":"https:\/\/www.visit-ulcinj.com\/blog\/#website","url":"https:\/\/www.visit-ulcinj.com\/blog\/","name":"Lajme nga Ulqini","description":"Lajme,Vijesti,Ulqini,Ulqin,Crna Gora,Mali i Zi","potentialAction":[{"@type":"SearchAction","target":{"@type":"EntryPoint","urlTemplate":"https:\/\/www.visit-ulcinj.com\/blog\/?s={search_term_string}"},"query-input":"required name=search_term_string"}],"inLanguage":"en-US"},{"@type":"ImageObject","inLanguage":"en-US","@id":"https:\/\/www.visit-ulcinj.com\/blog\/2011\/02\/28\/i-zvanicno-tender-za-valdanos-je-propao\/#primaryimage","url":"https:\/\/www.visit-ulcinj.com\/blog\/wp-content\/uploads\/2011\/02\/valdanos_ulcinj_crna-gora_1.jpg","contentUrl":"https:\/\/www.visit-ulcinj.com\/blog\/wp-content\/uploads\/2011\/02\/valdanos_ulcinj_crna-gora_1.jpg","width":"800","height":"586"},{"@type":"WebPage","@id":"https:\/\/www.visit-ulcinj.com\/blog\/2011\/02\/28\/i-zvanicno-tender-za-valdanos-je-propao\/#webpage","url":"https:\/\/www.visit-ulcinj.com\/blog\/2011\/02\/28\/i-zvanicno-tender-za-valdanos-je-propao\/","name":"I zvani\u010dno: Tender za Valdanos je propao - Video - Lajme nga Ulqini","isPartOf":{"@id":"https:\/\/www.visit-ulcinj.com\/blog\/#website"},"primaryImageOfPage":{"@id":"https:\/\/www.visit-ulcinj.com\/blog\/2011\/02\/28\/i-zvanicno-tender-za-valdanos-je-propao\/#primaryimage"},"datePublished":"2011-02-28T15:49:19+00:00","dateModified":"2011-02-28T21:48:00+00:00","author":{"@id":"https:\/\/www.visit-ulcinj.com\/blog\/#\/schema\/person\/dcab619c614d3038751c63bc2aadc06d"},"description":"Tenderska komisija za realizaciju projekta turisti\u010dke valorizacije Vladanosa proglasila je tender za izdavanje u dugoro\u010dni zakup vojnoturisti\u010dkog","breadcrumb":{"@id":"https:\/\/www.visit-ulcinj.com\/blog\/2011\/02\/28\/i-zvanicno-tender-za-valdanos-je-propao\/#breadcrumb"},"inLanguage":"en-US","potentialAction":[{"@type":"ReadAction","target":["https:\/\/www.visit-ulcinj.com\/blog\/2011\/02\/28\/i-zvanicno-tender-za-valdanos-je-propao\/"]}]},{"@type":"BreadcrumbList","@id":"https:\/\/www.visit-ulcinj.com\/blog\/2011\/02\/28\/i-zvanicno-tender-za-valdanos-je-propao\/#breadcrumb","itemListElement":[{"@type":"ListItem","position":1,"name":"I zvani\u010dno: Tender za Valdanos je propao &#8211; Video"}]},{"@type":"Person","@id":"https:\/\/www.visit-ulcinj.com\/blog\/#\/schema\/person\/dcab619c614d3038751c63bc2aadc06d","name":"ulqini","sameAs":["http:\/\/www.visit-ulcinj.com"],"url":"https:\/\/www.visit-ulcinj.com\/blog\/author\/admin\/"}]}},"jetpack_featured_media_url":"","jetpack_sharing_enabled":true,"jetpack_shortlink":"https:\/\/wp.me\/pe6lTn-btd","_links":{"self":[{"href":"https:\/\/www.visit-ulcinj.com\/blog\/wp-json\/wp\/v2\/posts\/44095"}],"collection":[{"href":"https:\/\/www.visit-ulcinj.com\/blog\/wp-json\/wp\/v2\/posts"}],"about":[{"href":"https:\/\/www.visit-ulcinj.com\/blog\/wp-json\/wp\/v2\/types\/post"}],"author":[{"embeddable":true,"href":"https:\/\/www.visit-ulcinj.com\/blog\/wp-json\/wp\/v2\/users\/1"}],"replies":[{"embeddable":true,"href":"https:\/\/www.visit-ulcinj.com\/blog\/wp-json\/wp\/v2\/comments?post=44095"}],"version-history":[{"count":0,"href":"https:\/\/www.visit-ulcinj.com\/blog\/wp-json\/wp\/v2\/posts\/44095\/revisions"}],"wp:attachment":[{"href":"https:\/\/www.visit-ulcinj.com\/blog\/wp-json\/wp\/v2\/media?parent=44095"}],"wp:term":[{"taxonomy":"category","embeddable":true,"href":"https:\/\/www.visit-ulcinj.com\/blog\/wp-json\/wp\/v2\/categories?post=44095"},{"taxonomy":"post_tag","embeddable":true,"href":"https:\/\/www.visit-ulcinj.com\/blog\/wp-json\/wp\/v2\/tags?post=44095"}],"curies":[{"name":"wp","href":"https:\/\/api.w.org\/{rel}","templated":true}]}}