{"id":44116,"date":"2011-02-28T18:44:22","date_gmt":"2011-02-28T17:44:22","guid":{"rendered":"http:\/\/www.visit-ulcinj.com\/blog\/?p=44116"},"modified":"2011-02-28T18:45:26","modified_gmt":"2011-02-28T17:45:26","slug":"hollaj-tekst-i-mbushur-me-vrer-dhe-mllef","status":"publish","type":"post","link":"https:\/\/www.visit-ulcinj.com\/blog\/2011\/02\/28\/hollaj-tekst-i-mbushur-me-vrer-dhe-mllef\/","title":{"rendered":"Hollaj: Tekst i mbushur me vrer dhe mllef"},"content":{"rendered":"<p><strong><a href=\"http:\/\/www.visit-ulcinj.com\/blog\/wp-content\/uploads\/2011\/02\/AMIR-HOLLAJ_ULQIN.jpg\"><img loading=\"lazy\" class=\"alignleft size-full wp-image-44117\" title=\"AMIR HOLLAJ_ULQIN,\" src=\"http:\/\/www.visit-ulcinj.com\/blog\/wp-content\/uploads\/2011\/02\/AMIR-HOLLAJ_ULQIN.jpg\" alt=\"\" width=\"350\" height=\"520\" \/><\/a>Reagim ne tekstin \u201c Aleanca e Re dhe e v\u00ebrteta e saj\u201d<\/strong><\/p>\n<p>Teksti i jav\u00ebs s\u00eb kaluar kishte t\u00eb b\u00ebnte me\u00a0gjith\u00e7ka, p\u00ebrve\u00e7se jo me t\u00eb v\u00ebrtet\u00ebn e\u00a0Aleanc\u00ebs s\u00eb Re dhe t\u00eb njer\u00ebzve q\u00eb identifikohen\u00a0me t\u00eb. Ai tekst i mbushur me vrer\u00a0dhe mllef ndaj meje \u2013dhe kjo jo p\u00ebr her\u00eb t\u00eb par\u00eb, nuk vjen si rezultat i ndonj\u00eb analize\u00a0t\u00eb elektoratit, por si rezultat i inateve\u00a0personale q\u00eb njer\u00ebz t\u00eb caktuar mund t\u00eb\u00a0ken\u00eb ndaj meje. Interesant \u00ebsht\u00eb fakti se si\u00a0k\u00ebta njer\u00ebz mendojn\u00eb dhe besojn\u00eb se emri\u00a0\u201cAleanca e Re\u201d apo \u201cPerspektiva\u201d apo \u00e7far\u00ebdo\u00a0emri qoft\u00eb jan\u00eb n\u00eb interes t\u00eb dikujt?!\u00a0Ndoshta nisen nga vehtja e tyre! Interesi i\u00a0elektoratit jan\u00eb vizionet, puna si dhe besimi\u00a0n\u00eb njer\u00ebzit t\u00eb cil\u00ebt kan\u00eb mund\u00ebsi q\u00eb t\u00eb\u00a0punojn\u00eb n\u00eb realizimin e k\u00ebtyre vizioneve.\u00a0Prandaj un\u00eb sot nuk do t\u00eb flas t\u00eb nj\u00ebjt\u00ebn\u00a0gjuh\u00eb me at\u00eb t\u00eb autorit t\u00eb teksit, sepse un\u00eb\u00a0at\u00eb gjuh\u00eb nuk e di, dhe nuk \u00ebsht\u00eb e denj\u00eb\u00a0p\u00ebr lexuesin.\u00a0Ajo \u00e7far\u00eb mund t\u00eb them \u00ebsht\u00eb, se un\u00eb\u00a0si deputet i zgjedhur nga populli e kam\u00a0obligim dhe ndjej obligim t\u00eb punoj p\u00ebr ato\u00a0vizione t\u00eb cilat i kam paraqitur para elektoratit\u00a0. Moralisht jam i qet\u00eb sepse fjala e\u00a0bashk\u00ebvendasve t\u00eb mi, p\u00ebrmes meje \u00ebsht\u00eb\u00a0d\u00ebgjuar edhe ende d\u00ebgjohet n\u00eb Parlamentin\u00a0e Malit t\u00eb Zi, p\u00ebr \u00e7do \u00e7\u00ebshtje q\u00eb ka t\u00eb\u00a0b\u00ebj\u00eb p\u00ebr t\u00eb mirat e qytetar\u00ebve t\u00eb An\u00ebs s\u00eb\u00a0Malit , Ulqinit , Mal\u00ebsis\u00eb dhe p\u00ebr t\u00eb mirat\u00a0e t\u00eb gjith\u00eb atyre q\u00eb punojn\u00eb e jetojn\u00eb\u00a0n\u00eb t\u00eb gjitha trevat ku jetojn\u00eb shqiptar\u00ebt.\u00a0Obligimet dhe p\u00ebrgjegj\u00ebsit\u00eb e mia dhe\u00a0t\u00eb njer\u00ebzve q\u00eb bashk\u00ebpunojn\u00eb me mua, rrjedhin nga populli i cili ka b\u00ebr\u00eb zgjedhjen\u00a0dhe na ka dh\u00ebn\u00eb besimin. Askush\u00a0tjet\u00ebr nuk ka t\u00eb drejt\u00eb t\u00eb marr\u00eb meritat p\u00ebr\u00a0k\u00ebt\u00eb.\u00a0M\u00eb vjen keq q\u00eb jam n\u00eb pozit\u00eb t\u00eb till\u00eb t\u00eb\u00a0merrem me shkrime t\u00eb tilla, t\u00eb cilat e kan\u00eb\u00a0st\u00ebrmbushur t\u00eb p\u00ebrditshmen ton\u00eb, e kan\u00eb\u00a0lodhur popullin i cili \u00ebsht\u00eb i etur t\u00eb shoh\u00eb\u00a0rezultate e jo fjal\u00eb t\u00eb thata, inate p\u00ebrsonale,\u00a0akuza t\u00eb pabaza etj, etj.\u00a0Le t\u00eb mbesin n\u00eb nd\u00ebrgjegjen tuaj veprimet\u00a0q\u00ebllimk\u00ebqija t\u00eb p\u00ebrgaditura n\u00eb kuzhinat e\u00a0kafeneve e q\u00eb absolutisht nuk kan\u00eb t\u00eb\u00a0b\u00ebjn\u00eb me politik\u00ebn p\u00ebr bashkimin e elektoratit\u00a0n\u00eb nivel lokal e aq m\u00eb pak kombetar.\u00a0N\u00eb afekt dhe mund t\u00eb gabosh , por kur me\u00a0mendje t\u00eb sh\u00ebndosh\u00eb dhe me vet\u00ebdije t\u00eb\u00a0plot\u00eb ulesh dhe shkruan apsurditete e trillime\u00a0dhe nxjerr helm nga mendja pa argumente,\u00a0at\u00ebher\u00eb ato shkrime nuk kan\u00eb t\u00eb\u00a0b\u00ebjn\u00eb me mua por flasin p\u00ebr nivelin tuaj.\u00a0Kur \u00ebsht\u00eb fjala p\u00ebr mjetet financiare t\u00eb\u00a0Koalicionit Shqiptar Perspektiva (q\u00eb po\u00a0duket qart\u00eb q\u00eb \u00ebsht\u00eb moll\u00eb e sherrit p\u00ebr\u00a0ato t\u00eb Aleances), ato mjete ndahen sipas\u00a0marr\u00ebveshjes s\u00eb arritur me partnerin e\u00a0koalicionit. Ato mjete n\u00eb m\u00ebnyr\u00eb transparente,\u00a0ligjore, p\u00ebrdoren p\u00ebr t\u00eb realizuar\u00a0premtimet e dh\u00ebna para votuesve. Ato\u00a0mjete nuk hidhen n\u00eb konton tim personal,\u00a0si\u00e7 trilloni ju, por n\u00eb xhirollogarin\u00eb e Perspektives,\u00a0dhe ato mjete nuk mund t\u2019ju p\u00ebrkasin\u00a0juve sic pretendoni.\u00a0Ju, nuk pat\u00ebt guxim te garoni as n\u00eb dy\u00a0zgjedhjet e fundit lokale q\u00eb u zhvilluan n\u00eb\u00a0Komun\u00ebn e Ulqinit. Ju q\u00eb pretendoni se\u00a0m\u00eb keni b\u00ebr\u00eb deputet, nuk arritet t\u00eb legjetimoheni\u00a0as edhe me nj\u00eb k\u00ebshilltar n\u00eb\u00a0Kuvendin Komunal t\u00eb Ulqinit!!!!!!. T\u00eb nderuar,\u00a0keni zgjedhur rrugen e gabuar q\u00eb t\u00eb\u00a0mbesni n\u00eb sken\u00ebn politike, me ofendime,\u00a0trillime ndaj meje dhe aktivist\u00ebve t\u00eb ndersh\u00ebm\u00a0q\u00eb i mbeten besnik opcionit ton\u00eb.\u00a0\u201cRamja jon\u00eb\u201d si\u00e7 thoni ju, nuk na befasoi\u00a0aspak , sepse ne ishim t\u00eb vet\u00ebdijsh\u00ebm p\u00ebr\u00a0\u00e7do manipulim t\u00eb juajin kund\u00ebr nesh, por\u00a0megjithat\u00eb ne dolem n\u00eb votime dhe u\u00a0legjitimuam. Nuk kemi b\u00ebr\u00eb koalicione p\u00ebr\u00a0fotele apo poste t\u00eb premtuara si\u00e7 vepruat\u00a0Ju. Jemi krenar p\u00ebr k\u00ebt\u00eb dhe ndihemi t\u00eb\u00a0relaksuar se nuk u luhat\u00ebm n\u00eb q\u00ebndrimet\u00a0tona.<\/p>\n<p><strong>Por, KU ISHIT JU? dhe CILI ISHTE OPCIONI\u00a0JUAJ?<\/strong><\/p>\n<p>Prandaj \u201czot\u00ebrinj t\u00eb nderuar\u201d, do t\u00eb ishte\u00a0mir\u00eb q\u00eb t\u00eb vet\u00ebkontrolloheni nga fjal\u00ebt\u00a0fyese e q\u00ebllimk\u00ebqija q\u00eb rrjedhin nga goja e\u00a0juaj \u2013 e q\u00eb konsideroheni si intelektual dhe\u00a0edukator t\u00eb gjeneratave te reja! Vog\u00eblsija\u00a0juaj ju falet, por jo dhe vitet q\u00eb mbani mbi\u00a0supe.\u00a0Shpresoj, q\u00eb n\u00eb t\u00eb ardhmen, gazeta \u201cKoha\u00a0javore\u201d , e vetmja gazet\u00eb n\u00eb gjuh\u00ebn shqipe\u00a0n\u00eb Mal t\u00eb Zi, t\u00eb kontribuoj\u00eb p\u00ebr bashkim,\u00a0mir\u00ebq\u00ebnje, zhvillim t\u00eb kultur\u00ebs e shkenc\u00ebs\u00a0si dhe ne avancimin e mbrojtjes s\u00eb t\u00eb drejtave\u00a0t\u00eb popullit shqiptar q\u00eb jeton dhe vepron\u00a0n\u00eb trojet e veta shekullore.\u00a0<strong><\/strong><\/p>\n<p><strong>Koha Javore<br \/>\n<\/strong><!--YouTube Error: bad URL entered--><br \/>\n<span style=\"color: #ffffff;\">Amull,   Bojk\u00eb, Brajshe, Bratic\u00eb, Colchinium, Crna Gora, Darz\u00eb, Dragaj,   Dulcigno, Dulcinea, Fraskanjell, Kalimani, Katerkoll\u00eb, Klezna e ep\u00ebrme,   Klezna e poshtme, Kod\u00ebr, Kolonza, Kosiq, Kravari, Kryth\u00eb, Leskovac ,   Lisna bore, Mal i bardh\u00eb, Mali i bris\u00eb, Mali i Zi, Megjure\u00e7, Mill\u00eb,   Montenegro, Mozhur\u00eb, Njoftim, Olcinium, Ostros, Kraja,Pistull, Qurkaj,   Rastish, Re\u00e7, Sal\u00e7, Shas, Sh\u00ebngjergj, Shtodh\u00ebr, Shtoji i ep\u00ebrm, Shtoji i   posht\u00ebm, Sukobin\u00eb, Sutjell, Tivar, Ulcinj, Ulkinon, Ulqin, Ulqini,   Zogaj,<\/span><\/p>\n","protected":false},"excerpt":{"rendered":"<p>Reagim ne tekstin \u201c Aleanca e Re dhe e v\u00ebrteta e saj\u201d Teksti i jav\u00ebs s\u00eb kaluar kishte t\u00eb b\u00ebnte me\u00a0gjith\u00e7ka, p\u00ebrve\u00e7se jo me t\u00eb v\u00ebrtet\u00ebn e\u00a0Aleanc\u00ebs s\u00eb Re dhe t\u00eb njer\u00ebzve q\u00eb identifikohen\u00a0me t\u00eb. Ai tekst i mbushur me vrer\u00a0dhe mllef ndaj meje \u2013dhe kjo jo p\u00ebr her\u00eb t\u00eb par\u00eb, nuk vjen si rezultat [&hellip;]<\/p>\n","protected":false},"author":1,"featured_media":0,"comment_status":"open","ping_status":"closed","sticky":false,"template":"","format":"standard","meta":{"spay_email":"","jetpack_publicize_message":"","jetpack_is_tweetstorm":false,"jetpack_publicize_feature_enabled":true},"categories":[12],"tags":[1303,3505,14354,12340,17070,20,17071,14652,3642,13243,14358,3506,214,14360,14361,8254,14362,14363,3507,2158,3500,14364,3327,3512,17072,5116,95,15141,14366,79,17073,17079,17074,1653,14367,14663,14368,14369,14370,2083,14371,14372,17075,17076,17077,14375,1655,19,17078,200,18,14376],"jetpack_publicize_connections":[],"yoast_head":"<!-- This site is optimized with the Yoast SEO plugin v19.1 - https:\/\/yoast.com\/wordpress\/plugins\/seo\/ -->\n<title>Hollaj: Tekst i mbushur me vrer dhe mllef - Lajme nga Ulqini<\/title>\n<meta name=\"description\" content=\"Reagim ne tekstin \u201c Aleanca e Re dhe e v\u00ebrteta e saj\u201d Teksti i jav\u00ebs s\u00eb kaluar kishte t\u00eb b\u00ebnte me\u00a0gjith\u00e7ka, p\u00ebrve\u00e7se jo me t\u00eb v\u00ebrtet\u00ebn e\u00a0Aleanc\u00ebs s\u00eb Re\" \/>\n<meta name=\"robots\" content=\"index, follow, max-snippet:-1, max-image-preview:large, max-video-preview:-1\" \/>\n<link rel=\"canonical\" href=\"https:\/\/www.visit-ulcinj.com\/blog\/2011\/02\/28\/hollaj-tekst-i-mbushur-me-vrer-dhe-mllef\/\" \/>\n<meta property=\"og:locale\" content=\"en_US\" \/>\n<meta property=\"og:type\" content=\"article\" \/>\n<meta property=\"og:title\" content=\"Hollaj: Tekst i mbushur me vrer dhe mllef - Lajme nga Ulqini\" \/>\n<meta property=\"og:description\" content=\"Reagim ne tekstin \u201c Aleanca e Re dhe e v\u00ebrteta e saj\u201d Teksti i jav\u00ebs s\u00eb kaluar kishte t\u00eb b\u00ebnte me\u00a0gjith\u00e7ka, p\u00ebrve\u00e7se jo me t\u00eb v\u00ebrtet\u00ebn e\u00a0Aleanc\u00ebs s\u00eb Re\" \/>\n<meta property=\"og:url\" content=\"https:\/\/www.visit-ulcinj.com\/blog\/2011\/02\/28\/hollaj-tekst-i-mbushur-me-vrer-dhe-mllef\/\" \/>\n<meta property=\"og:site_name\" content=\"Lajme nga Ulqini\" \/>\n<meta property=\"article:published_time\" content=\"2011-02-28T17:44:22+00:00\" \/>\n<meta property=\"article:modified_time\" content=\"2011-02-28T17:45:26+00:00\" \/>\n<meta property=\"og:image\" content=\"http:\/\/www.visit-ulcinj.com\/blog\/wp-content\/uploads\/2011\/02\/AMIR-HOLLAJ_ULQIN.jpg\" \/>\n<meta name=\"twitter:label1\" content=\"Written by\" \/>\n\t<meta name=\"twitter:data1\" content=\"ulqini\" \/>\n\t<meta name=\"twitter:label2\" content=\"Est. reading time\" \/>\n\t<meta name=\"twitter:data2\" content=\"5 minutes\" \/>\n<script type=\"application\/ld+json\" class=\"yoast-schema-graph\">{\"@context\":\"https:\/\/schema.org\",\"@graph\":[{\"@type\":\"WebSite\",\"@id\":\"https:\/\/www.visit-ulcinj.com\/blog\/#website\",\"url\":\"https:\/\/www.visit-ulcinj.com\/blog\/\",\"name\":\"Lajme nga Ulqini\",\"description\":\"Lajme,Vijesti,Ulqini,Ulqin,Crna Gora,Mali i Zi\",\"potentialAction\":[{\"@type\":\"SearchAction\",\"target\":{\"@type\":\"EntryPoint\",\"urlTemplate\":\"https:\/\/www.visit-ulcinj.com\/blog\/?s={search_term_string}\"},\"query-input\":\"required name=search_term_string\"}],\"inLanguage\":\"en-US\"},{\"@type\":\"ImageObject\",\"inLanguage\":\"en-US\",\"@id\":\"https:\/\/www.visit-ulcinj.com\/blog\/2011\/02\/28\/hollaj-tekst-i-mbushur-me-vrer-dhe-mllef\/#primaryimage\",\"url\":\"https:\/\/www.visit-ulcinj.com\/blog\/wp-content\/uploads\/2011\/02\/AMIR-HOLLAJ_ULQIN.jpg\",\"contentUrl\":\"https:\/\/www.visit-ulcinj.com\/blog\/wp-content\/uploads\/2011\/02\/AMIR-HOLLAJ_ULQIN.jpg\",\"width\":\"441\",\"height\":\"720\"},{\"@type\":\"WebPage\",\"@id\":\"https:\/\/www.visit-ulcinj.com\/blog\/2011\/02\/28\/hollaj-tekst-i-mbushur-me-vrer-dhe-mllef\/#webpage\",\"url\":\"https:\/\/www.visit-ulcinj.com\/blog\/2011\/02\/28\/hollaj-tekst-i-mbushur-me-vrer-dhe-mllef\/\",\"name\":\"Hollaj: Tekst i mbushur me vrer dhe mllef - Lajme nga Ulqini\",\"isPartOf\":{\"@id\":\"https:\/\/www.visit-ulcinj.com\/blog\/#website\"},\"primaryImageOfPage\":{\"@id\":\"https:\/\/www.visit-ulcinj.com\/blog\/2011\/02\/28\/hollaj-tekst-i-mbushur-me-vrer-dhe-mllef\/#primaryimage\"},\"datePublished\":\"2011-02-28T17:44:22+00:00\",\"dateModified\":\"2011-02-28T17:45:26+00:00\",\"author\":{\"@id\":\"https:\/\/www.visit-ulcinj.com\/blog\/#\/schema\/person\/dcab619c614d3038751c63bc2aadc06d\"},\"description\":\"Reagim ne tekstin \u201c Aleanca e Re dhe e v\u00ebrteta e saj\u201d Teksti i jav\u00ebs s\u00eb kaluar kishte t\u00eb b\u00ebnte me\u00a0gjith\u00e7ka, p\u00ebrve\u00e7se jo me t\u00eb v\u00ebrtet\u00ebn e\u00a0Aleanc\u00ebs s\u00eb Re\",\"breadcrumb\":{\"@id\":\"https:\/\/www.visit-ulcinj.com\/blog\/2011\/02\/28\/hollaj-tekst-i-mbushur-me-vrer-dhe-mllef\/#breadcrumb\"},\"inLanguage\":\"en-US\",\"potentialAction\":[{\"@type\":\"ReadAction\",\"target\":[\"https:\/\/www.visit-ulcinj.com\/blog\/2011\/02\/28\/hollaj-tekst-i-mbushur-me-vrer-dhe-mllef\/\"]}]},{\"@type\":\"BreadcrumbList\",\"@id\":\"https:\/\/www.visit-ulcinj.com\/blog\/2011\/02\/28\/hollaj-tekst-i-mbushur-me-vrer-dhe-mllef\/#breadcrumb\",\"itemListElement\":[{\"@type\":\"ListItem\",\"position\":1,\"name\":\"Hollaj: Tekst i mbushur me vrer dhe mllef\"}]},{\"@type\":\"Person\",\"@id\":\"https:\/\/www.visit-ulcinj.com\/blog\/#\/schema\/person\/dcab619c614d3038751c63bc2aadc06d\",\"name\":\"ulqini\",\"sameAs\":[\"http:\/\/www.visit-ulcinj.com\"],\"url\":\"https:\/\/www.visit-ulcinj.com\/blog\/author\/admin\/\"}]}<\/script>\n<!-- \/ Yoast SEO plugin. -->","yoast_head_json":{"title":"Hollaj: Tekst i mbushur me vrer dhe mllef - Lajme nga Ulqini","description":"Reagim ne tekstin \u201c Aleanca e Re dhe e v\u00ebrteta e saj\u201d Teksti i jav\u00ebs s\u00eb kaluar kishte t\u00eb b\u00ebnte me\u00a0gjith\u00e7ka, p\u00ebrve\u00e7se jo me t\u00eb v\u00ebrtet\u00ebn e\u00a0Aleanc\u00ebs s\u00eb Re","robots":{"index":"index","follow":"follow","max-snippet":"max-snippet:-1","max-image-preview":"max-image-preview:large","max-video-preview":"max-video-preview:-1"},"canonical":"https:\/\/www.visit-ulcinj.com\/blog\/2011\/02\/28\/hollaj-tekst-i-mbushur-me-vrer-dhe-mllef\/","og_locale":"en_US","og_type":"article","og_title":"Hollaj: Tekst i mbushur me vrer dhe mllef - Lajme nga Ulqini","og_description":"Reagim ne tekstin \u201c Aleanca e Re dhe e v\u00ebrteta e saj\u201d Teksti i jav\u00ebs s\u00eb kaluar kishte t\u00eb b\u00ebnte me\u00a0gjith\u00e7ka, p\u00ebrve\u00e7se jo me t\u00eb v\u00ebrtet\u00ebn e\u00a0Aleanc\u00ebs s\u00eb Re","og_url":"https:\/\/www.visit-ulcinj.com\/blog\/2011\/02\/28\/hollaj-tekst-i-mbushur-me-vrer-dhe-mllef\/","og_site_name":"Lajme nga Ulqini","article_published_time":"2011-02-28T17:44:22+00:00","article_modified_time":"2011-02-28T17:45:26+00:00","og_image":[{"url":"http:\/\/www.visit-ulcinj.com\/blog\/wp-content\/uploads\/2011\/02\/AMIR-HOLLAJ_ULQIN.jpg"}],"twitter_misc":{"Written by":"ulqini","Est. reading time":"5 minutes"},"schema":{"@context":"https:\/\/schema.org","@graph":[{"@type":"WebSite","@id":"https:\/\/www.visit-ulcinj.com\/blog\/#website","url":"https:\/\/www.visit-ulcinj.com\/blog\/","name":"Lajme nga Ulqini","description":"Lajme,Vijesti,Ulqini,Ulqin,Crna Gora,Mali i Zi","potentialAction":[{"@type":"SearchAction","target":{"@type":"EntryPoint","urlTemplate":"https:\/\/www.visit-ulcinj.com\/blog\/?s={search_term_string}"},"query-input":"required name=search_term_string"}],"inLanguage":"en-US"},{"@type":"ImageObject","inLanguage":"en-US","@id":"https:\/\/www.visit-ulcinj.com\/blog\/2011\/02\/28\/hollaj-tekst-i-mbushur-me-vrer-dhe-mllef\/#primaryimage","url":"https:\/\/www.visit-ulcinj.com\/blog\/wp-content\/uploads\/2011\/02\/AMIR-HOLLAJ_ULQIN.jpg","contentUrl":"https:\/\/www.visit-ulcinj.com\/blog\/wp-content\/uploads\/2011\/02\/AMIR-HOLLAJ_ULQIN.jpg","width":"441","height":"720"},{"@type":"WebPage","@id":"https:\/\/www.visit-ulcinj.com\/blog\/2011\/02\/28\/hollaj-tekst-i-mbushur-me-vrer-dhe-mllef\/#webpage","url":"https:\/\/www.visit-ulcinj.com\/blog\/2011\/02\/28\/hollaj-tekst-i-mbushur-me-vrer-dhe-mllef\/","name":"Hollaj: Tekst i mbushur me vrer dhe mllef - Lajme nga Ulqini","isPartOf":{"@id":"https:\/\/www.visit-ulcinj.com\/blog\/#website"},"primaryImageOfPage":{"@id":"https:\/\/www.visit-ulcinj.com\/blog\/2011\/02\/28\/hollaj-tekst-i-mbushur-me-vrer-dhe-mllef\/#primaryimage"},"datePublished":"2011-02-28T17:44:22+00:00","dateModified":"2011-02-28T17:45:26+00:00","author":{"@id":"https:\/\/www.visit-ulcinj.com\/blog\/#\/schema\/person\/dcab619c614d3038751c63bc2aadc06d"},"description":"Reagim ne tekstin \u201c Aleanca e Re dhe e v\u00ebrteta e saj\u201d Teksti i jav\u00ebs s\u00eb kaluar kishte t\u00eb b\u00ebnte me\u00a0gjith\u00e7ka, p\u00ebrve\u00e7se jo me t\u00eb v\u00ebrtet\u00ebn e\u00a0Aleanc\u00ebs s\u00eb Re","breadcrumb":{"@id":"https:\/\/www.visit-ulcinj.com\/blog\/2011\/02\/28\/hollaj-tekst-i-mbushur-me-vrer-dhe-mllef\/#breadcrumb"},"inLanguage":"en-US","potentialAction":[{"@type":"ReadAction","target":["https:\/\/www.visit-ulcinj.com\/blog\/2011\/02\/28\/hollaj-tekst-i-mbushur-me-vrer-dhe-mllef\/"]}]},{"@type":"BreadcrumbList","@id":"https:\/\/www.visit-ulcinj.com\/blog\/2011\/02\/28\/hollaj-tekst-i-mbushur-me-vrer-dhe-mllef\/#breadcrumb","itemListElement":[{"@type":"ListItem","position":1,"name":"Hollaj: Tekst i mbushur me vrer dhe mllef"}]},{"@type":"Person","@id":"https:\/\/www.visit-ulcinj.com\/blog\/#\/schema\/person\/dcab619c614d3038751c63bc2aadc06d","name":"ulqini","sameAs":["http:\/\/www.visit-ulcinj.com"],"url":"https:\/\/www.visit-ulcinj.com\/blog\/author\/admin\/"}]}},"jetpack_featured_media_url":"","jetpack_sharing_enabled":true,"jetpack_shortlink":"https:\/\/wp.me\/pe6lTn-bty","_links":{"self":[{"href":"https:\/\/www.visit-ulcinj.com\/blog\/wp-json\/wp\/v2\/posts\/44116"}],"collection":[{"href":"https:\/\/www.visit-ulcinj.com\/blog\/wp-json\/wp\/v2\/posts"}],"about":[{"href":"https:\/\/www.visit-ulcinj.com\/blog\/wp-json\/wp\/v2\/types\/post"}],"author":[{"embeddable":true,"href":"https:\/\/www.visit-ulcinj.com\/blog\/wp-json\/wp\/v2\/users\/1"}],"replies":[{"embeddable":true,"href":"https:\/\/www.visit-ulcinj.com\/blog\/wp-json\/wp\/v2\/comments?post=44116"}],"version-history":[{"count":0,"href":"https:\/\/www.visit-ulcinj.com\/blog\/wp-json\/wp\/v2\/posts\/44116\/revisions"}],"wp:attachment":[{"href":"https:\/\/www.visit-ulcinj.com\/blog\/wp-json\/wp\/v2\/media?parent=44116"}],"wp:term":[{"taxonomy":"category","embeddable":true,"href":"https:\/\/www.visit-ulcinj.com\/blog\/wp-json\/wp\/v2\/categories?post=44116"},{"taxonomy":"post_tag","embeddable":true,"href":"https:\/\/www.visit-ulcinj.com\/blog\/wp-json\/wp\/v2\/tags?post=44116"}],"curies":[{"name":"wp","href":"https:\/\/api.w.org\/{rel}","templated":true}]}}