{"id":44139,"date":"2011-03-01T11:38:07","date_gmt":"2011-03-01T10:38:07","guid":{"rendered":"http:\/\/www.visit-ulcinj.com\/blog\/?p=44139"},"modified":"2011-03-01T11:39:25","modified_gmt":"2011-03-01T10:39:25","slug":"adelina-ismajli-ne-venedik","status":"publish","type":"post","link":"https:\/\/www.visit-ulcinj.com\/blog\/2011\/03\/01\/adelina-ismajli-ne-venedik\/","title":{"rendered":"Adelina Ismajli n\u00eb Venedik"},"content":{"rendered":"<p><strong><a href=\"http:\/\/www.visit-ulcinj.com\/blog\/wp-content\/uploads\/2011\/03\/Adelina-Ismajli_DIVA-SHQIPTARE.jpg\"><img loading=\"lazy\" class=\"alignleft size-full wp-image-44140\" title=\"Adelina Ismajli_DIVA SHQIPTARE\" src=\"http:\/\/www.visit-ulcinj.com\/blog\/wp-content\/uploads\/2011\/03\/Adelina-Ismajli_DIVA-SHQIPTARE.jpg\" alt=\"\" width=\"508\" height=\"380\" \/><\/a>K\u00ebng\u00ebtarja kosovare Adelina Ismajli, \u00ebsht\u00eb zhvendosur t\u00eb jetoj\u00eb n\u00eb Paris dhe koh\u00ebn e saj ajo ia ka kushtuar pothuajse t\u00ebr\u00ebsisht muzik\u00ebs, p\u00ebr t\u00eb realizuar k\u00ebshtu \u00ebndrr\u00ebn e saj m\u00eb t\u00eb madhe, per te hyr\u00eb n\u00eb tregun muzikor evropian dhe bot\u00ebror.<br \/>\n<\/strong>Megjithat\u00eb, ajo nuk l\u00eb anash edhe vizitat n\u00eb qytete t\u00eb ndryshme evropiane.<\/p>\n<p>Mbr\u00ebm\u00eb jan\u00eb publikuar fotografi t\u00eb k\u00ebng\u00ebtares, n\u00eb webfaqen divaadelina, realizuar gjat\u00eb vizites s\u00eb saj n\u00eb Venedik, ku k\u00ebng\u00ebtarja shfaqet mjaft e lumtur.<\/p>\n<p>Nd\u00ebrkoh\u00eb, emri i Adelines, po p\u00ebrmendet si kandidate e mundshme pjes\u00ebmarr\u00ebse n\u00eb spektaklin \u201cDancing with the stars &#8211; Albania\u201d, mir\u00ebpo akoma nuk \u00ebsht\u00eb konfirmuar asgj\u00eb.<\/p>\n<p><strong>Ekonomisti<br \/>\n<br \/>\n<\/strong><br \/>\n<!--YouTube Error: bad URL entered--><\/p>\n","protected":false},"excerpt":{"rendered":"<p>K\u00ebng\u00ebtarja kosovare Adelina Ismajli, \u00ebsht\u00eb zhvendosur t\u00eb jetoj\u00eb n\u00eb Paris dhe koh\u00ebn e saj ajo ia ka kushtuar pothuajse t\u00ebr\u00ebsisht muzik\u00ebs, p\u00ebr t\u00eb realizuar k\u00ebshtu \u00ebndrr\u00ebn e saj m\u00eb t\u00eb madhe, per te hyr\u00eb n\u00eb tregun muzikor evropian dhe bot\u00ebror. Megjithat\u00eb, ajo nuk l\u00eb anash edhe vizitat n\u00eb qytete t\u00eb ndryshme evropiane. Mbr\u00ebm\u00eb jan\u00eb publikuar [&hellip;]<\/p>\n","protected":false},"author":1,"featured_media":0,"comment_status":"open","ping_status":"closed","sticky":false,"template":"","format":"standard","meta":{"spay_email":"","jetpack_publicize_message":"","jetpack_is_tweetstorm":false,"jetpack_publicize_feature_enabled":true},"categories":[1],"tags":[5264],"jetpack_publicize_connections":[],"yoast_head":"<!-- This site is optimized with the Yoast SEO plugin v19.1 - https:\/\/yoast.com\/wordpress\/plugins\/seo\/ -->\n<title>Adelina Ismajli n\u00eb Venedik - Lajme nga Ulqini<\/title>\n<meta name=\"description\" content=\"K\u00ebng\u00ebtarja kosovare Adelina Ismajli, \u00ebsht\u00eb zhvendosur t\u00eb jetoj\u00eb n\u00eb Paris dhe koh\u00ebn e saj ajo ia ka kushtuar pothuajse t\u00ebr\u00ebsisht muzik\u00ebs, p\u00ebr t\u00eb realizuar\" \/>\n<meta name=\"robots\" content=\"index, follow, max-snippet:-1, max-image-preview:large, max-video-preview:-1\" \/>\n<link rel=\"canonical\" href=\"https:\/\/www.visit-ulcinj.com\/blog\/2011\/03\/01\/adelina-ismajli-ne-venedik\/\" \/>\n<meta property=\"og:locale\" content=\"en_US\" \/>\n<meta property=\"og:type\" content=\"article\" \/>\n<meta property=\"og:title\" content=\"Adelina Ismajli n\u00eb Venedik - Lajme nga Ulqini\" \/>\n<meta property=\"og:description\" content=\"K\u00ebng\u00ebtarja kosovare Adelina Ismajli, \u00ebsht\u00eb zhvendosur t\u00eb jetoj\u00eb n\u00eb Paris dhe koh\u00ebn e saj ajo ia ka kushtuar pothuajse t\u00ebr\u00ebsisht muzik\u00ebs, p\u00ebr t\u00eb realizuar\" \/>\n<meta property=\"og:url\" content=\"https:\/\/www.visit-ulcinj.com\/blog\/2011\/03\/01\/adelina-ismajli-ne-venedik\/\" \/>\n<meta property=\"og:site_name\" content=\"Lajme nga Ulqini\" \/>\n<meta property=\"article:published_time\" content=\"2011-03-01T10:38:07+00:00\" \/>\n<meta property=\"article:modified_time\" content=\"2011-03-01T10:39:25+00:00\" \/>\n<meta property=\"og:image\" content=\"https:\/\/www.visit-ulcinj.com\/blog\/wp-content\/uploads\/2011\/03\/Adelina-Ismajli_DIVA-SHQIPTARE-150x150.jpg\" \/>\n<meta name=\"twitter:label1\" content=\"Written by\" \/>\n\t<meta name=\"twitter:data1\" content=\"ulqini\" \/>\n\t<meta name=\"twitter:label2\" content=\"Est. reading time\" \/>\n\t<meta name=\"twitter:data2\" content=\"1 minute\" \/>\n<script type=\"application\/ld+json\" class=\"yoast-schema-graph\">{\"@context\":\"https:\/\/schema.org\",\"@graph\":[{\"@type\":\"WebSite\",\"@id\":\"https:\/\/www.visit-ulcinj.com\/blog\/#website\",\"url\":\"https:\/\/www.visit-ulcinj.com\/blog\/\",\"name\":\"Lajme nga Ulqini\",\"description\":\"Lajme,Vijesti,Ulqini,Ulqin,Crna Gora,Mali i Zi\",\"potentialAction\":[{\"@type\":\"SearchAction\",\"target\":{\"@type\":\"EntryPoint\",\"urlTemplate\":\"https:\/\/www.visit-ulcinj.com\/blog\/?s={search_term_string}\"},\"query-input\":\"required name=search_term_string\"}],\"inLanguage\":\"en-US\"},{\"@type\":\"ImageObject\",\"inLanguage\":\"en-US\",\"@id\":\"https:\/\/www.visit-ulcinj.com\/blog\/2011\/03\/01\/adelina-ismajli-ne-venedik\/#primaryimage\",\"url\":\"http:\/\/www.visit-ulcinj.com\/blog\/wp-content\/uploads\/2011\/03\/Adelina-Ismajli_DIVA-SHQIPTARE.jpg\",\"contentUrl\":\"http:\/\/www.visit-ulcinj.com\/blog\/wp-content\/uploads\/2011\/03\/Adelina-Ismajli_DIVA-SHQIPTARE.jpg\"},{\"@type\":\"WebPage\",\"@id\":\"https:\/\/www.visit-ulcinj.com\/blog\/2011\/03\/01\/adelina-ismajli-ne-venedik\/#webpage\",\"url\":\"https:\/\/www.visit-ulcinj.com\/blog\/2011\/03\/01\/adelina-ismajli-ne-venedik\/\",\"name\":\"Adelina Ismajli n\u00eb Venedik - Lajme nga Ulqini\",\"isPartOf\":{\"@id\":\"https:\/\/www.visit-ulcinj.com\/blog\/#website\"},\"primaryImageOfPage\":{\"@id\":\"https:\/\/www.visit-ulcinj.com\/blog\/2011\/03\/01\/adelina-ismajli-ne-venedik\/#primaryimage\"},\"datePublished\":\"2011-03-01T10:38:07+00:00\",\"dateModified\":\"2011-03-01T10:39:25+00:00\",\"author\":{\"@id\":\"https:\/\/www.visit-ulcinj.com\/blog\/#\/schema\/person\/dcab619c614d3038751c63bc2aadc06d\"},\"description\":\"K\u00ebng\u00ebtarja kosovare Adelina Ismajli, \u00ebsht\u00eb zhvendosur t\u00eb jetoj\u00eb n\u00eb Paris dhe koh\u00ebn e saj ajo ia ka kushtuar pothuajse t\u00ebr\u00ebsisht muzik\u00ebs, p\u00ebr t\u00eb realizuar\",\"breadcrumb\":{\"@id\":\"https:\/\/www.visit-ulcinj.com\/blog\/2011\/03\/01\/adelina-ismajli-ne-venedik\/#breadcrumb\"},\"inLanguage\":\"en-US\",\"potentialAction\":[{\"@type\":\"ReadAction\",\"target\":[\"https:\/\/www.visit-ulcinj.com\/blog\/2011\/03\/01\/adelina-ismajli-ne-venedik\/\"]}]},{\"@type\":\"BreadcrumbList\",\"@id\":\"https:\/\/www.visit-ulcinj.com\/blog\/2011\/03\/01\/adelina-ismajli-ne-venedik\/#breadcrumb\",\"itemListElement\":[{\"@type\":\"ListItem\",\"position\":1,\"name\":\"Adelina Ismajli n\u00eb Venedik\"}]},{\"@type\":\"Person\",\"@id\":\"https:\/\/www.visit-ulcinj.com\/blog\/#\/schema\/person\/dcab619c614d3038751c63bc2aadc06d\",\"name\":\"ulqini\",\"sameAs\":[\"http:\/\/www.visit-ulcinj.com\"],\"url\":\"https:\/\/www.visit-ulcinj.com\/blog\/author\/admin\/\"}]}<\/script>\n<!-- \/ Yoast SEO plugin. -->","yoast_head_json":{"title":"Adelina Ismajli n\u00eb Venedik - Lajme nga Ulqini","description":"K\u00ebng\u00ebtarja kosovare Adelina Ismajli, \u00ebsht\u00eb zhvendosur t\u00eb jetoj\u00eb n\u00eb Paris dhe koh\u00ebn e saj ajo ia ka kushtuar pothuajse t\u00ebr\u00ebsisht muzik\u00ebs, p\u00ebr t\u00eb realizuar","robots":{"index":"index","follow":"follow","max-snippet":"max-snippet:-1","max-image-preview":"max-image-preview:large","max-video-preview":"max-video-preview:-1"},"canonical":"https:\/\/www.visit-ulcinj.com\/blog\/2011\/03\/01\/adelina-ismajli-ne-venedik\/","og_locale":"en_US","og_type":"article","og_title":"Adelina Ismajli n\u00eb Venedik - Lajme nga Ulqini","og_description":"K\u00ebng\u00ebtarja kosovare Adelina Ismajli, \u00ebsht\u00eb zhvendosur t\u00eb jetoj\u00eb n\u00eb Paris dhe koh\u00ebn e saj ajo ia ka kushtuar pothuajse t\u00ebr\u00ebsisht muzik\u00ebs, p\u00ebr t\u00eb realizuar","og_url":"https:\/\/www.visit-ulcinj.com\/blog\/2011\/03\/01\/adelina-ismajli-ne-venedik\/","og_site_name":"Lajme nga Ulqini","article_published_time":"2011-03-01T10:38:07+00:00","article_modified_time":"2011-03-01T10:39:25+00:00","og_image":[{"url":"https:\/\/www.visit-ulcinj.com\/blog\/wp-content\/uploads\/2011\/03\/Adelina-Ismajli_DIVA-SHQIPTARE-150x150.jpg"}],"twitter_misc":{"Written by":"ulqini","Est. reading time":"1 minute"},"schema":{"@context":"https:\/\/schema.org","@graph":[{"@type":"WebSite","@id":"https:\/\/www.visit-ulcinj.com\/blog\/#website","url":"https:\/\/www.visit-ulcinj.com\/blog\/","name":"Lajme nga Ulqini","description":"Lajme,Vijesti,Ulqini,Ulqin,Crna Gora,Mali i Zi","potentialAction":[{"@type":"SearchAction","target":{"@type":"EntryPoint","urlTemplate":"https:\/\/www.visit-ulcinj.com\/blog\/?s={search_term_string}"},"query-input":"required name=search_term_string"}],"inLanguage":"en-US"},{"@type":"ImageObject","inLanguage":"en-US","@id":"https:\/\/www.visit-ulcinj.com\/blog\/2011\/03\/01\/adelina-ismajli-ne-venedik\/#primaryimage","url":"http:\/\/www.visit-ulcinj.com\/blog\/wp-content\/uploads\/2011\/03\/Adelina-Ismajli_DIVA-SHQIPTARE.jpg","contentUrl":"http:\/\/www.visit-ulcinj.com\/blog\/wp-content\/uploads\/2011\/03\/Adelina-Ismajli_DIVA-SHQIPTARE.jpg"},{"@type":"WebPage","@id":"https:\/\/www.visit-ulcinj.com\/blog\/2011\/03\/01\/adelina-ismajli-ne-venedik\/#webpage","url":"https:\/\/www.visit-ulcinj.com\/blog\/2011\/03\/01\/adelina-ismajli-ne-venedik\/","name":"Adelina Ismajli n\u00eb Venedik - Lajme nga Ulqini","isPartOf":{"@id":"https:\/\/www.visit-ulcinj.com\/blog\/#website"},"primaryImageOfPage":{"@id":"https:\/\/www.visit-ulcinj.com\/blog\/2011\/03\/01\/adelina-ismajli-ne-venedik\/#primaryimage"},"datePublished":"2011-03-01T10:38:07+00:00","dateModified":"2011-03-01T10:39:25+00:00","author":{"@id":"https:\/\/www.visit-ulcinj.com\/blog\/#\/schema\/person\/dcab619c614d3038751c63bc2aadc06d"},"description":"K\u00ebng\u00ebtarja kosovare Adelina Ismajli, \u00ebsht\u00eb zhvendosur t\u00eb jetoj\u00eb n\u00eb Paris dhe koh\u00ebn e saj ajo ia ka kushtuar pothuajse t\u00ebr\u00ebsisht muzik\u00ebs, p\u00ebr t\u00eb realizuar","breadcrumb":{"@id":"https:\/\/www.visit-ulcinj.com\/blog\/2011\/03\/01\/adelina-ismajli-ne-venedik\/#breadcrumb"},"inLanguage":"en-US","potentialAction":[{"@type":"ReadAction","target":["https:\/\/www.visit-ulcinj.com\/blog\/2011\/03\/01\/adelina-ismajli-ne-venedik\/"]}]},{"@type":"BreadcrumbList","@id":"https:\/\/www.visit-ulcinj.com\/blog\/2011\/03\/01\/adelina-ismajli-ne-venedik\/#breadcrumb","itemListElement":[{"@type":"ListItem","position":1,"name":"Adelina Ismajli n\u00eb Venedik"}]},{"@type":"Person","@id":"https:\/\/www.visit-ulcinj.com\/blog\/#\/schema\/person\/dcab619c614d3038751c63bc2aadc06d","name":"ulqini","sameAs":["http:\/\/www.visit-ulcinj.com"],"url":"https:\/\/www.visit-ulcinj.com\/blog\/author\/admin\/"}]}},"jetpack_featured_media_url":"","jetpack_sharing_enabled":true,"jetpack_shortlink":"https:\/\/wp.me\/pe6lTn-btV","_links":{"self":[{"href":"https:\/\/www.visit-ulcinj.com\/blog\/wp-json\/wp\/v2\/posts\/44139"}],"collection":[{"href":"https:\/\/www.visit-ulcinj.com\/blog\/wp-json\/wp\/v2\/posts"}],"about":[{"href":"https:\/\/www.visit-ulcinj.com\/blog\/wp-json\/wp\/v2\/types\/post"}],"author":[{"embeddable":true,"href":"https:\/\/www.visit-ulcinj.com\/blog\/wp-json\/wp\/v2\/users\/1"}],"replies":[{"embeddable":true,"href":"https:\/\/www.visit-ulcinj.com\/blog\/wp-json\/wp\/v2\/comments?post=44139"}],"version-history":[{"count":0,"href":"https:\/\/www.visit-ulcinj.com\/blog\/wp-json\/wp\/v2\/posts\/44139\/revisions"}],"wp:attachment":[{"href":"https:\/\/www.visit-ulcinj.com\/blog\/wp-json\/wp\/v2\/media?parent=44139"}],"wp:term":[{"taxonomy":"category","embeddable":true,"href":"https:\/\/www.visit-ulcinj.com\/blog\/wp-json\/wp\/v2\/categories?post=44139"},{"taxonomy":"post_tag","embeddable":true,"href":"https:\/\/www.visit-ulcinj.com\/blog\/wp-json\/wp\/v2\/tags?post=44139"}],"curies":[{"name":"wp","href":"https:\/\/api.w.org\/{rel}","templated":true}]}}