{"id":44149,"date":"2011-03-01T12:14:32","date_gmt":"2011-03-01T11:14:32","guid":{"rendered":"http:\/\/www.visit-ulcinj.com\/blog\/?p=44149"},"modified":"2011-03-01T12:14:52","modified_gmt":"2011-03-01T11:14:52","slug":"shpati-behet-imazhi-i-parfumerise-%e2%80%9cschatze%e2%80%9d","status":"publish","type":"post","link":"https:\/\/www.visit-ulcinj.com\/blog\/2011\/03\/01\/shpati-behet-imazhi-i-parfumerise-%e2%80%9cschatze%e2%80%9d\/","title":{"rendered":"Shpati b\u00ebhet imazhi i parfumeris\u00eb \u201cSchatze\u201d"},"content":{"rendered":"<p><strong><a href=\"http:\/\/www.visit-ulcinj.com\/blog\/wp-content\/uploads\/2011\/03\/Shpat-kasapi.jpg\"><img loading=\"lazy\" class=\"alignleft size-full wp-image-44150\" title=\"Shpat kasapi\" src=\"http:\/\/www.visit-ulcinj.com\/blog\/wp-content\/uploads\/2011\/03\/Shpat-kasapi.jpg\" alt=\"\" width=\"375\" height=\"500\" \/><\/a>K\u00ebng\u00ebtari Shpat Kasapi, t\u00eb shtun\u00ebn e kaluar ishte n\u00eb vendlindjen e tij, n\u00eb Tetov\u00eb, p\u00ebr t\u00eb promovuar albumin e tij dhe p\u00ebr t\u00eb ndar\u00eb disa disqe p\u00ebr fansat. <\/strong><\/p>\n<p><strong><br \/>\n<\/strong><\/p>\n<p>Ai \u00ebsht\u00eb zgjedhur nga parfumeria e njohur \u201cSchatze\u201d p\u00ebr t\u00eb qen\u00eb imazh publicitar i tyre p\u00ebr nj\u00eb periudh\u00eb nj\u00ebvje\u00e7are. Gjat\u00eb k\u00ebsaj kontrate, ai s\u00eb bashku me k\u00ebng\u00ebtaren Adelina Tahiri do t\u00eb reklamojn\u00eb produktet e k\u00ebsaj parfumerie.<\/p>\n<p>Gjat\u00eb q\u00ebndrimit n\u00eb Tetov\u00eb, ai u ka ndar\u00eb disa disqe fansave t\u00eb tij, kurse dit\u00ebt n\u00eb vazhdim t\u00eb gjith\u00eb konsumator\u00ebt t\u00eb cil\u00ebt do t\u00eb marrin produkte n\u00eb shum\u00ebn prej 1 mij\u00eb denar\u00ebsh, do t\u00eb ken\u00eb dhe nj\u00eb album t\u00eb Shpatit falas.<\/p>\n<p>Kan\u00eb kaluar disa vjet q\u00eb kur k\u00ebng\u00ebtari \u00ebsht\u00eb fejuar me bukuroshen Af\u00ebrdita Dreshaj dhe pak dit\u00eb m\u00eb par\u00eb festoi \u201cDit\u00ebn e t\u00eb dashuruarve\u201d, i lumtur n\u00eb krah\u00ebt e saj.<\/p>\n<p>Pik\u00ebrisht at\u00eb dit\u00eb, Shpati ka performuar p\u00ebr publikun shqiptar n\u00eb Athin\u00eb, nd\u00ebrkoh\u00eb plane t\u00eb tjera n\u00eb muzik\u00eb Shpati ka realizimin e nj\u00eb klipi q\u00eb do e realizoj\u00eb n\u00eb Shqip\u00ebri me \u201cMax production\u201d, k\u00ebng\u00eb kjo n\u00eb duet me k\u00ebng\u00ebtarin e ri Ton Voka.<\/p>\n<p>Pritet q\u00eb t\u00eb ngrohet koha dhe t\u00eb fillojn\u00eb xhirimet e klipit t\u00eb k\u00ebng\u00ebs \u201cImazhi yt\u201d, n\u00eb t\u00eb cil\u00ebn tregohet dashuria p\u00ebr nj\u00eb vajz\u00eb t\u00eb cil\u00ebn i dashuri prej koh\u00ebsh nuk e sheh n\u00eb qytet. Foto nga promovimi i tij kemi siguruar edhe ne.<\/p>\n<p><strong>Blerand Rexhepi<\/strong><\/p>\n<p><strong><\/p>\n<p><\/strong><\/p>\n<p><strong> <\/strong><br \/>\n<!--YouTube Error: bad URL entered--><\/p>\n","protected":false},"excerpt":{"rendered":"<p>K\u00ebng\u00ebtari Shpat Kasapi, t\u00eb shtun\u00ebn e kaluar ishte n\u00eb vendlindjen e tij, n\u00eb Tetov\u00eb, p\u00ebr t\u00eb promovuar albumin e tij dhe p\u00ebr t\u00eb ndar\u00eb disa disqe p\u00ebr fansat. Ai \u00ebsht\u00eb zgjedhur nga parfumeria e njohur \u201cSchatze\u201d p\u00ebr t\u00eb qen\u00eb imazh publicitar i tyre p\u00ebr nj\u00eb periudh\u00eb nj\u00ebvje\u00e7are. Gjat\u00eb k\u00ebsaj kontrate, ai s\u00eb bashku me k\u00ebng\u00ebtaren [&hellip;]<\/p>\n","protected":false},"author":1,"featured_media":0,"comment_status":"open","ping_status":"closed","sticky":false,"template":"","format":"standard","meta":{"spay_email":"","jetpack_publicize_message":"","jetpack_is_tweetstorm":false,"jetpack_publicize_feature_enabled":true},"categories":[1],"tags":[227],"jetpack_publicize_connections":[],"yoast_head":"<!-- This site is optimized with the Yoast SEO plugin v19.1 - https:\/\/yoast.com\/wordpress\/plugins\/seo\/ -->\n<title>Shpati b\u00ebhet imazhi i parfumeris\u00eb \u201cSchatze\u201d - Lajme nga Ulqini<\/title>\n<meta name=\"description\" content=\"K\u00ebng\u00ebtari Shpat Kasapi, t\u00eb shtun\u00ebn e kaluar ishte n\u00eb vendlindjen e tij, n\u00eb Tetov\u00eb, p\u00ebr t\u00eb promovuar albumin e tij dhe p\u00ebr t\u00eb ndar\u00eb disa disqe p\u00ebr fansat.\" \/>\n<meta name=\"robots\" content=\"index, follow, max-snippet:-1, max-image-preview:large, max-video-preview:-1\" \/>\n<link rel=\"canonical\" href=\"https:\/\/www.visit-ulcinj.com\/blog\/2011\/03\/01\/shpati-behet-imazhi-i-parfumerise-\u201cschatze\u201d\/\" \/>\n<meta property=\"og:locale\" content=\"en_US\" \/>\n<meta property=\"og:type\" content=\"article\" \/>\n<meta property=\"og:title\" content=\"Shpati b\u00ebhet imazhi i parfumeris\u00eb \u201cSchatze\u201d - Lajme nga Ulqini\" \/>\n<meta property=\"og:description\" content=\"K\u00ebng\u00ebtari Shpat Kasapi, t\u00eb shtun\u00ebn e kaluar ishte n\u00eb vendlindjen e tij, n\u00eb Tetov\u00eb, p\u00ebr t\u00eb promovuar albumin e tij dhe p\u00ebr t\u00eb ndar\u00eb disa disqe p\u00ebr fansat.\" \/>\n<meta property=\"og:url\" content=\"https:\/\/www.visit-ulcinj.com\/blog\/2011\/03\/01\/shpati-behet-imazhi-i-parfumerise-\u201cschatze\u201d\/\" \/>\n<meta property=\"og:site_name\" content=\"Lajme nga Ulqini\" \/>\n<meta property=\"article:published_time\" content=\"2011-03-01T11:14:32+00:00\" \/>\n<meta property=\"article:modified_time\" content=\"2011-03-01T11:14:52+00:00\" \/>\n<meta property=\"og:image\" content=\"https:\/\/www.visit-ulcinj.com\/blog\/wp-content\/uploads\/2011\/03\/Shpat-kasapi-150x150.jpg\" \/>\n<meta name=\"twitter:label1\" content=\"Written by\" \/>\n\t<meta name=\"twitter:data1\" content=\"ulqini\" \/>\n\t<meta name=\"twitter:label2\" content=\"Est. reading time\" \/>\n\t<meta name=\"twitter:data2\" content=\"1 minute\" \/>\n<script type=\"application\/ld+json\" class=\"yoast-schema-graph\">{\"@context\":\"https:\/\/schema.org\",\"@graph\":[{\"@type\":\"WebSite\",\"@id\":\"https:\/\/www.visit-ulcinj.com\/blog\/#website\",\"url\":\"https:\/\/www.visit-ulcinj.com\/blog\/\",\"name\":\"Lajme nga Ulqini\",\"description\":\"Lajme,Vijesti,Ulqini,Ulqin,Crna Gora,Mali i Zi\",\"potentialAction\":[{\"@type\":\"SearchAction\",\"target\":{\"@type\":\"EntryPoint\",\"urlTemplate\":\"https:\/\/www.visit-ulcinj.com\/blog\/?s={search_term_string}\"},\"query-input\":\"required name=search_term_string\"}],\"inLanguage\":\"en-US\"},{\"@type\":\"ImageObject\",\"inLanguage\":\"en-US\",\"@id\":\"https:\/\/www.visit-ulcinj.com\/blog\/2011\/03\/01\/shpati-behet-imazhi-i-parfumerise-%e2%80%9cschatze%e2%80%9d\/#primaryimage\",\"url\":\"http:\/\/www.visit-ulcinj.com\/blog\/wp-content\/uploads\/2011\/03\/Shpat-kasapi.jpg\",\"contentUrl\":\"http:\/\/www.visit-ulcinj.com\/blog\/wp-content\/uploads\/2011\/03\/Shpat-kasapi.jpg\"},{\"@type\":\"WebPage\",\"@id\":\"https:\/\/www.visit-ulcinj.com\/blog\/2011\/03\/01\/shpati-behet-imazhi-i-parfumerise-%e2%80%9cschatze%e2%80%9d\/#webpage\",\"url\":\"https:\/\/www.visit-ulcinj.com\/blog\/2011\/03\/01\/shpati-behet-imazhi-i-parfumerise-%e2%80%9cschatze%e2%80%9d\/\",\"name\":\"Shpati b\u00ebhet imazhi i parfumeris\u00eb \u201cSchatze\u201d - Lajme nga Ulqini\",\"isPartOf\":{\"@id\":\"https:\/\/www.visit-ulcinj.com\/blog\/#website\"},\"primaryImageOfPage\":{\"@id\":\"https:\/\/www.visit-ulcinj.com\/blog\/2011\/03\/01\/shpati-behet-imazhi-i-parfumerise-%e2%80%9cschatze%e2%80%9d\/#primaryimage\"},\"datePublished\":\"2011-03-01T11:14:32+00:00\",\"dateModified\":\"2011-03-01T11:14:52+00:00\",\"author\":{\"@id\":\"https:\/\/www.visit-ulcinj.com\/blog\/#\/schema\/person\/dcab619c614d3038751c63bc2aadc06d\"},\"description\":\"K\u00ebng\u00ebtari Shpat Kasapi, t\u00eb shtun\u00ebn e kaluar ishte n\u00eb vendlindjen e tij, n\u00eb Tetov\u00eb, p\u00ebr t\u00eb promovuar albumin e tij dhe p\u00ebr t\u00eb ndar\u00eb disa disqe p\u00ebr fansat.\",\"breadcrumb\":{\"@id\":\"https:\/\/www.visit-ulcinj.com\/blog\/2011\/03\/01\/shpati-behet-imazhi-i-parfumerise-%e2%80%9cschatze%e2%80%9d\/#breadcrumb\"},\"inLanguage\":\"en-US\",\"potentialAction\":[{\"@type\":\"ReadAction\",\"target\":[\"https:\/\/www.visit-ulcinj.com\/blog\/2011\/03\/01\/shpati-behet-imazhi-i-parfumerise-%e2%80%9cschatze%e2%80%9d\/\"]}]},{\"@type\":\"BreadcrumbList\",\"@id\":\"https:\/\/www.visit-ulcinj.com\/blog\/2011\/03\/01\/shpati-behet-imazhi-i-parfumerise-%e2%80%9cschatze%e2%80%9d\/#breadcrumb\",\"itemListElement\":[{\"@type\":\"ListItem\",\"position\":1,\"name\":\"Shpati b\u00ebhet imazhi i parfumeris\u00eb \u201cSchatze\u201d\"}]},{\"@type\":\"Person\",\"@id\":\"https:\/\/www.visit-ulcinj.com\/blog\/#\/schema\/person\/dcab619c614d3038751c63bc2aadc06d\",\"name\":\"ulqini\",\"sameAs\":[\"http:\/\/www.visit-ulcinj.com\"],\"url\":\"https:\/\/www.visit-ulcinj.com\/blog\/author\/admin\/\"}]}<\/script>\n<!-- \/ Yoast SEO plugin. -->","yoast_head_json":{"title":"Shpati b\u00ebhet imazhi i parfumeris\u00eb \u201cSchatze\u201d - Lajme nga Ulqini","description":"K\u00ebng\u00ebtari Shpat Kasapi, t\u00eb shtun\u00ebn e kaluar ishte n\u00eb vendlindjen e tij, n\u00eb Tetov\u00eb, p\u00ebr t\u00eb promovuar albumin e tij dhe p\u00ebr t\u00eb ndar\u00eb disa disqe p\u00ebr fansat.","robots":{"index":"index","follow":"follow","max-snippet":"max-snippet:-1","max-image-preview":"max-image-preview:large","max-video-preview":"max-video-preview:-1"},"canonical":"https:\/\/www.visit-ulcinj.com\/blog\/2011\/03\/01\/shpati-behet-imazhi-i-parfumerise-\u201cschatze\u201d\/","og_locale":"en_US","og_type":"article","og_title":"Shpati b\u00ebhet imazhi i parfumeris\u00eb \u201cSchatze\u201d - Lajme nga Ulqini","og_description":"K\u00ebng\u00ebtari Shpat Kasapi, t\u00eb shtun\u00ebn e kaluar ishte n\u00eb vendlindjen e tij, n\u00eb Tetov\u00eb, p\u00ebr t\u00eb promovuar albumin e tij dhe p\u00ebr t\u00eb ndar\u00eb disa disqe p\u00ebr fansat.","og_url":"https:\/\/www.visit-ulcinj.com\/blog\/2011\/03\/01\/shpati-behet-imazhi-i-parfumerise-\u201cschatze\u201d\/","og_site_name":"Lajme nga Ulqini","article_published_time":"2011-03-01T11:14:32+00:00","article_modified_time":"2011-03-01T11:14:52+00:00","og_image":[{"url":"https:\/\/www.visit-ulcinj.com\/blog\/wp-content\/uploads\/2011\/03\/Shpat-kasapi-150x150.jpg"}],"twitter_misc":{"Written by":"ulqini","Est. reading time":"1 minute"},"schema":{"@context":"https:\/\/schema.org","@graph":[{"@type":"WebSite","@id":"https:\/\/www.visit-ulcinj.com\/blog\/#website","url":"https:\/\/www.visit-ulcinj.com\/blog\/","name":"Lajme nga Ulqini","description":"Lajme,Vijesti,Ulqini,Ulqin,Crna Gora,Mali i Zi","potentialAction":[{"@type":"SearchAction","target":{"@type":"EntryPoint","urlTemplate":"https:\/\/www.visit-ulcinj.com\/blog\/?s={search_term_string}"},"query-input":"required name=search_term_string"}],"inLanguage":"en-US"},{"@type":"ImageObject","inLanguage":"en-US","@id":"https:\/\/www.visit-ulcinj.com\/blog\/2011\/03\/01\/shpati-behet-imazhi-i-parfumerise-%e2%80%9cschatze%e2%80%9d\/#primaryimage","url":"http:\/\/www.visit-ulcinj.com\/blog\/wp-content\/uploads\/2011\/03\/Shpat-kasapi.jpg","contentUrl":"http:\/\/www.visit-ulcinj.com\/blog\/wp-content\/uploads\/2011\/03\/Shpat-kasapi.jpg"},{"@type":"WebPage","@id":"https:\/\/www.visit-ulcinj.com\/blog\/2011\/03\/01\/shpati-behet-imazhi-i-parfumerise-%e2%80%9cschatze%e2%80%9d\/#webpage","url":"https:\/\/www.visit-ulcinj.com\/blog\/2011\/03\/01\/shpati-behet-imazhi-i-parfumerise-%e2%80%9cschatze%e2%80%9d\/","name":"Shpati b\u00ebhet imazhi i parfumeris\u00eb \u201cSchatze\u201d - Lajme nga Ulqini","isPartOf":{"@id":"https:\/\/www.visit-ulcinj.com\/blog\/#website"},"primaryImageOfPage":{"@id":"https:\/\/www.visit-ulcinj.com\/blog\/2011\/03\/01\/shpati-behet-imazhi-i-parfumerise-%e2%80%9cschatze%e2%80%9d\/#primaryimage"},"datePublished":"2011-03-01T11:14:32+00:00","dateModified":"2011-03-01T11:14:52+00:00","author":{"@id":"https:\/\/www.visit-ulcinj.com\/blog\/#\/schema\/person\/dcab619c614d3038751c63bc2aadc06d"},"description":"K\u00ebng\u00ebtari Shpat Kasapi, t\u00eb shtun\u00ebn e kaluar ishte n\u00eb vendlindjen e tij, n\u00eb Tetov\u00eb, p\u00ebr t\u00eb promovuar albumin e tij dhe p\u00ebr t\u00eb ndar\u00eb disa disqe p\u00ebr fansat.","breadcrumb":{"@id":"https:\/\/www.visit-ulcinj.com\/blog\/2011\/03\/01\/shpati-behet-imazhi-i-parfumerise-%e2%80%9cschatze%e2%80%9d\/#breadcrumb"},"inLanguage":"en-US","potentialAction":[{"@type":"ReadAction","target":["https:\/\/www.visit-ulcinj.com\/blog\/2011\/03\/01\/shpati-behet-imazhi-i-parfumerise-%e2%80%9cschatze%e2%80%9d\/"]}]},{"@type":"BreadcrumbList","@id":"https:\/\/www.visit-ulcinj.com\/blog\/2011\/03\/01\/shpati-behet-imazhi-i-parfumerise-%e2%80%9cschatze%e2%80%9d\/#breadcrumb","itemListElement":[{"@type":"ListItem","position":1,"name":"Shpati b\u00ebhet imazhi i parfumeris\u00eb \u201cSchatze\u201d"}]},{"@type":"Person","@id":"https:\/\/www.visit-ulcinj.com\/blog\/#\/schema\/person\/dcab619c614d3038751c63bc2aadc06d","name":"ulqini","sameAs":["http:\/\/www.visit-ulcinj.com"],"url":"https:\/\/www.visit-ulcinj.com\/blog\/author\/admin\/"}]}},"jetpack_featured_media_url":"","jetpack_sharing_enabled":true,"jetpack_shortlink":"https:\/\/wp.me\/pe6lTn-bu5","_links":{"self":[{"href":"https:\/\/www.visit-ulcinj.com\/blog\/wp-json\/wp\/v2\/posts\/44149"}],"collection":[{"href":"https:\/\/www.visit-ulcinj.com\/blog\/wp-json\/wp\/v2\/posts"}],"about":[{"href":"https:\/\/www.visit-ulcinj.com\/blog\/wp-json\/wp\/v2\/types\/post"}],"author":[{"embeddable":true,"href":"https:\/\/www.visit-ulcinj.com\/blog\/wp-json\/wp\/v2\/users\/1"}],"replies":[{"embeddable":true,"href":"https:\/\/www.visit-ulcinj.com\/blog\/wp-json\/wp\/v2\/comments?post=44149"}],"version-history":[{"count":0,"href":"https:\/\/www.visit-ulcinj.com\/blog\/wp-json\/wp\/v2\/posts\/44149\/revisions"}],"wp:attachment":[{"href":"https:\/\/www.visit-ulcinj.com\/blog\/wp-json\/wp\/v2\/media?parent=44149"}],"wp:term":[{"taxonomy":"category","embeddable":true,"href":"https:\/\/www.visit-ulcinj.com\/blog\/wp-json\/wp\/v2\/categories?post=44149"},{"taxonomy":"post_tag","embeddable":true,"href":"https:\/\/www.visit-ulcinj.com\/blog\/wp-json\/wp\/v2\/tags?post=44149"}],"curies":[{"name":"wp","href":"https:\/\/api.w.org\/{rel}","templated":true}]}}