{"id":44155,"date":"2011-03-01T12:49:38","date_gmt":"2011-03-01T11:49:38","guid":{"rendered":"http:\/\/www.visit-ulcinj.com\/blog\/?p=44155"},"modified":"2011-03-01T12:50:18","modified_gmt":"2011-03-01T11:50:18","slug":"interviste-me-aferdita-dreshaj","status":"publish","type":"post","link":"https:\/\/www.visit-ulcinj.com\/blog\/2011\/03\/01\/interviste-me-aferdita-dreshaj\/","title":{"rendered":"Intervist\u00eb me Af\u00ebrdita Dreshaj &#8211; Video"},"content":{"rendered":"<p><strong><em> <\/em><\/strong><a href=\"http:\/\/www.visit-ulcinj.com\/blog\/wp-content\/uploads\/2011\/03\/Af\u00ebrdita-Dreshaj.jpg\"><img loading=\"lazy\" class=\"alignleft size-full wp-image-44156\" title=\"Af\u00ebrdita Dreshaj\" src=\"http:\/\/www.visit-ulcinj.com\/blog\/wp-content\/uploads\/2011\/03\/Af\u00ebrdita-Dreshaj.jpg\" alt=\"\" width=\"508\" height=\"380\" \/><\/a>Af\u00ebrdita Dreshaj, Malsorja\u00a0e cila nuk ndalet duke\u00a0rreshtuar sukseseve. Pas\u00a0nj\u00eb karriere t\u00eb suksesshme\u00a0n\u00eb bot\u00ebn e muzik\u00ebs dhe t\u00eb\u00a0mod\u00ebs, ajo m\u00eb 12 shtator do\u00a0t\u00eb prezantoj\u00eb Kosov\u00ebn n\u00eb Mis\u00a0Universe 2011, n\u00eb Sao Paulo,\u00a0t\u00eb Brazilit.\u00a0Bukuroshja jon\u00eb e gjat\u00eb 1,83\u00a0m, u vler\u00ebsua si m\u00eb e bukura\u00a0n\u00eb mesin e 20 finalisteve t\u00eb\u00a0Mis Universe Kosova 2011, e\u00a0mbajtur n\u00eb Prishtin\u00eb m\u00eb 15\u00a0janar.<br \/>\nMal\u00ebsia m\u00eb mungon shum\u00eb, por Malesis\u00eb\u00a0i mungojn\u00eb shum\u00eb organizime t\u00eb\u00a0ndryshme q\u00eb t\u00eb prezantohemi dhe atje\u00a0si\u00e7 kemi mund\u00ebsi n\u00eb vende tjera. Une do\u00a0vi patjet\u00ebr t\u00eb prezantoh\u00ebm n\u00eb nj\u00eb koncert\u00a0k\u00ebt\u00eb vit, pra, shpresojm\u00eb q\u00eb shum\u00eb\u00a0shpejt do t\u00eb realizojm\u00eb nj\u00eb gj\u00eb t\u00eb till\u00eb.<\/p>\n<p><strong>Koha Javore: Ju u shpall\u00ebt mis Kosova\u00a0Universe. Na thoni kush ju shtyri q\u00eb t\u00eb\u00a0merrni pjes\u00eb n\u00eb k\u00ebt\u00eb kompeticion bukurie? <\/strong><\/p>\n<p><strong> <\/strong><a href=\"http:\/\/www.visit-ulcinj.com\/blog\/wp-content\/uploads\/2011\/03\/Aferdita-Dreshaj.1.jpg\"><img loading=\"lazy\" class=\"alignleft size-medium wp-image-44157\" title=\"Aferdita-Dreshaj.1\" src=\"http:\/\/www.visit-ulcinj.com\/blog\/wp-content\/uploads\/2011\/03\/Aferdita-Dreshaj.1-199x300.jpg\" alt=\"\" width=\"199\" height=\"300\" \/><\/a>Af\u00ebrdita Dreshaj: \u00c7doher\u00eb ka qen\u00eb \u00ebndrra\u00a0ime t\u00eb konkurroj n\u00eb Miss Universe dhe\u00a0shpeshher\u00eb m\u00eb kan\u00eb pyetur pse nuk\u00a0konkurron. Por k\u00ebt\u00eb vit fotografi i njohur\u00a0shqiptar Fadil Berisha m\u00eb shtyri t\u00eb konkurroj\u00a0dhe ja arrita q\u00ebllimit!<\/p>\n<p><strong>Koha Javore: Nj\u00eb shqiptare nga Mal\u00ebsia\u00a0shpallet m\u00eb e bukura e Kosov\u00ebs. A ndiheni\u00a0krenare p\u00ebr origjin\u00ebn Tuaj. <\/strong><\/p>\n<p>Af\u00ebrdita Dreshaj: Ndihem shum\u00eb e lumtur\u00a0q\u00eb jam Mal\u00ebsorja e par\u00eb q\u00eb do konkuroj\u00a0n\u00eb nj\u00eb konkurs kaq t\u00eb madh bot\u00ebror.\u00a0Prandaj shpresoj q\u00eb sa m\u00eb shum\u00eb vajza t\u00eb\u00a0b\u00ebhen yje nga Mal\u00ebsia jon\u00eb e bukur!<\/p>\n<p><strong>Koha Javore: Ju jeni edhe modele. A mund t\u00eb na tregoni ndonj\u00eb aktivitet\u00a0tuajin q\u00eb u ka mbetur kujtim n\u00eb fush\u00ebn e\u00a0mod\u00ebs dhe sfilatave? <\/strong><\/p>\n<p>Af\u00ebrdita Dreshaj: Oh!! Ka shum\u00eb kujtime,\u00a0normalisht m\u00eb t\u00eb bukura jan\u00eb udh\u00ebtimet e shumta n\u00ebp\u00ebr shtete t\u00eb ndryshme dhe\u00a0bukuria e tyre \u00ebsht\u00eb gj\u00eb e bukur. Sigurisht\u00a0se \u00ebsht\u00eb nj\u00eb k\u00ebnaq\u00ebsi e ve\u00e7ant\u00eb t\u00eb\u00a0jetosh me modele nga gjith\u00eb an\u00ebt e bot\u00ebs\u00a0dhe t\u00eb d\u00ebgjosh p\u00ebr kultura dhe tradita t\u00eb\u00a0ndryshme, gjith\u00ebsesi \u00ebsht\u00eb eksperienc\u00eb e\u00a0bukur.<\/p>\n<p><strong>Koha Javore: Po ashtu muzika \u00ebsht\u00eb\u00a0edhe nj\u00eb sfer\u00eb ku ju po sh\u00ebnoni suksese.\u00a0Na thuani p\u00ebr planet tuaja n\u00eb t\u00eb ardhmen,\u00a0a mund t\u00eb presim ndonj\u00eb k\u00ebng\u00eb\u00a0apo album t\u00eb ri? <\/strong><\/p>\n<p>Af\u00ebrdita Dreshaj: Albumi im ka dal\u00eb n\u00eb\u00a0ver\u00eb t\u00eb vitit 2010. Tani jam n\u00eb p\u00ebrgatitje\u00a0t\u00eb nj\u00eb k\u00ebnge t\u00eb re q\u00eb do t\u00eb shoq\u00ebrohet\u00a0me videoklip. Kurse n\u00eb plan e kam edhe\u00a0nj\u00eb duet, por kjo le t\u00eb mbetet surpriz\u00eb se\u00a0kush do e shoq\u00ebroj k\u00ebng\u00ebn.<\/p>\n<p><strong>Koha Javore: A mund t\u00eb na tregoni se si\u00a0filloi lidhja juaj me k\u00ebng\u00ebtarin e mir\u00ebnjohur\u00a0Shpat Kasapi dhe ku jeni takuar p\u00ebr\u00a0her\u00eb t\u00eb par\u00eb ? <\/strong><\/p>\n<p>Af\u00ebrdita Dreshaj: Lidhja jon\u00eb ka filluar q\u00eb\u00a04 vite, kemi qen\u00eb n\u00eb kontakt t\u00eb pandar\u00eb edhe pse larg por t\u00eb fort\u00eb n\u00eb dashuri, tani\u00a0jemi t\u00eb fejuar dhe te lumtur!!!<\/p>\n<p><strong><a href=\"http:\/\/www.visit-ulcinj.com\/blog\/wp-content\/uploads\/2011\/03\/Aferdita-Dreshaj.2.jpg\"><img loading=\"lazy\" class=\"alignleft size-medium wp-image-44158\" title=\"Aferdita-Dreshaj.2\" src=\"http:\/\/www.visit-ulcinj.com\/blog\/wp-content\/uploads\/2011\/03\/Aferdita-Dreshaj.2-199x300.jpg\" alt=\"\" width=\"199\" height=\"300\" \/><\/a>Koha Javore: Si po shkon lidhja juaj me\u00a0Shpatin tani q\u00eb e njihni nga af\u00ebr. A jeni\u00a0t\u00eb lumtur s\u00eb bashku? <\/strong><\/p>\n<p>Af\u00ebrdita Dreshaj: Fantazi!!!<\/p>\n<p><strong>Koha javore: Sipas jush lidhjet q\u00eb lindin\u00a0mes bashkombasve ton\u00eb q\u00eb nuk jan\u00eb t\u00eb\u00a0t\u00eb nj\u00ebjt\u00ebs bindje fetare a mund t\u00eb jen\u00eb t\u00eb\u00a0suksesshme? <\/strong><\/p>\n<p><strong> <\/strong>Af\u00ebrdita Dreshaj: Feja jon\u00eb \u00ebsht\u00eb Shqiptaria!<\/p>\n<p><strong>Koha Javore : Sa u mungon Mal\u00ebsia dhe\u00a0kur keni plan t\u00eb prezantoheni para publikut\u00a0Mal\u00ebsor? <\/strong><\/p>\n<p><strong> <\/strong>Af\u00ebrdita Dreshaj: Mal\u00ebsia m\u00eb mungon\u00a0shum\u00eb, por Mal\u00ebsis\u00eb i mungojn\u00eb shum\u00eb\u00a0organizime t\u00eb ndryshme q\u00eb t\u00eb prezantohemi\u00a0dhe atje i kemi mund\u00ebsit\u00eb sikurse\u00a0n\u00eb vende t\u00eb tjera. Un\u00eb do vi patjet\u00ebr t\u00eb\u00a0prezantohem n\u00eb nj\u00eb concert n\u00eb k\u00ebt\u00eb vit,\u00a0pra, shpresojm\u00eb q\u00eb shum\u00eb shpejt do t\u00eb\u00a0realizojm\u00eb nj\u00eb gj\u00eb t\u00eb till\u00eb.<\/p>\n<p><strong>Koha Javore: N\u00eb fund nj\u00eb mesazh p\u00ebr\u00a0lexuesit ton\u00eb? <\/strong><\/p>\n<p>Af\u00ebrdita Dreshaj: Dua ta shfryt\u00ebzoj rastin\u00a0t\u2019i p\u00ebrsh\u00ebndes nga zemra t\u00eb gjith\u00eb\u00a0lexuesit e gazet\u00ebs suaj dhe krejt Mal\u00ebsin\u00eb.\u00a0P\u00ebr mua ishte k\u00ebnaq\u00ebsi t\u00eb jap intervist\u00eb\u00a0p\u00ebr nj\u00eb gazet\u00eb q\u00eb lexohet n\u00eb Mal\u00ebsi edhe\u00a0nga gjith\u00eb shqiptar\u00ebt n\u00eb Mal t\u00eb Zi, Ju dua!<\/p>\n<p><strong>Bisedoi: Muhamed Gjokaj<br \/>\n<!--YouTube Error: bad URL entered--><\/strong><strong><em> <\/em><\/strong><\/p>\n","protected":false},"excerpt":{"rendered":"<p>Af\u00ebrdita Dreshaj, Malsorja\u00a0e cila nuk ndalet duke\u00a0rreshtuar sukseseve. Pas\u00a0nj\u00eb karriere t\u00eb suksesshme\u00a0n\u00eb bot\u00ebn e muzik\u00ebs dhe t\u00eb\u00a0mod\u00ebs, ajo m\u00eb 12 shtator do\u00a0t\u00eb prezantoj\u00eb Kosov\u00ebn n\u00eb Mis\u00a0Universe 2011, n\u00eb Sao Paulo,\u00a0t\u00eb Brazilit.\u00a0Bukuroshja jon\u00eb e gjat\u00eb 1,83\u00a0m, u vler\u00ebsua si m\u00eb e bukura\u00a0n\u00eb mesin e 20 finalisteve t\u00eb\u00a0Mis Universe Kosova 2011, e\u00a0mbajtur n\u00eb Prishtin\u00eb m\u00eb 15\u00a0janar. Mal\u00ebsia [&hellip;]<\/p>\n","protected":false},"author":1,"featured_media":0,"comment_status":"open","ping_status":"closed","sticky":false,"template":"","format":"standard","meta":{"spay_email":"","jetpack_publicize_message":"","jetpack_is_tweetstorm":false,"jetpack_publicize_feature_enabled":true},"categories":[1],"tags":[6121],"jetpack_publicize_connections":[],"yoast_head":"<!-- This site is optimized with the Yoast SEO plugin v19.1 - https:\/\/yoast.com\/wordpress\/plugins\/seo\/ -->\n<title>Intervist\u00eb me Af\u00ebrdita Dreshaj - Video - Lajme nga Ulqini<\/title>\n<meta name=\"description\" content=\"Af\u00ebrdita Dreshaj, Malsorja\u00a0e cila nuk ndalet duke\u00a0rreshtuar sukseseve. Pas\u00a0nj\u00eb karriere t\u00eb suksesshme\u00a0n\u00eb bot\u00ebn e muzik\u00ebs dhe t\u00eb\u00a0mod\u00ebs, ajo m\u00eb 12 shtator\" \/>\n<meta name=\"robots\" content=\"index, follow, max-snippet:-1, max-image-preview:large, max-video-preview:-1\" \/>\n<link rel=\"canonical\" href=\"https:\/\/www.visit-ulcinj.com\/blog\/2011\/03\/01\/interviste-me-aferdita-dreshaj\/\" \/>\n<meta property=\"og:locale\" content=\"en_US\" \/>\n<meta property=\"og:type\" content=\"article\" \/>\n<meta property=\"og:title\" content=\"Intervist\u00eb me Af\u00ebrdita Dreshaj - Video - Lajme nga Ulqini\" \/>\n<meta property=\"og:description\" content=\"Af\u00ebrdita Dreshaj, Malsorja\u00a0e cila nuk ndalet duke\u00a0rreshtuar sukseseve. Pas\u00a0nj\u00eb karriere t\u00eb suksesshme\u00a0n\u00eb bot\u00ebn e muzik\u00ebs dhe t\u00eb\u00a0mod\u00ebs, ajo m\u00eb 12 shtator\" \/>\n<meta property=\"og:url\" content=\"https:\/\/www.visit-ulcinj.com\/blog\/2011\/03\/01\/interviste-me-aferdita-dreshaj\/\" \/>\n<meta property=\"og:site_name\" content=\"Lajme nga Ulqini\" \/>\n<meta property=\"article:published_time\" content=\"2011-03-01T11:49:38+00:00\" \/>\n<meta property=\"article:modified_time\" content=\"2011-03-01T11:50:18+00:00\" \/>\n<meta property=\"og:image\" content=\"http:\/\/www.visit-ulcinj.com\/blog\/wp-content\/uploads\/2011\/03\/Aferdita-Dreshaj.1-199x300.jpg\" \/>\n<meta name=\"twitter:label1\" content=\"Written by\" \/>\n\t<meta name=\"twitter:data1\" content=\"ulqini\" \/>\n\t<meta name=\"twitter:label2\" content=\"Est. reading time\" \/>\n\t<meta name=\"twitter:data2\" content=\"4 minutes\" \/>\n<script type=\"application\/ld+json\" class=\"yoast-schema-graph\">{\"@context\":\"https:\/\/schema.org\",\"@graph\":[{\"@type\":\"WebSite\",\"@id\":\"https:\/\/www.visit-ulcinj.com\/blog\/#website\",\"url\":\"https:\/\/www.visit-ulcinj.com\/blog\/\",\"name\":\"Lajme nga Ulqini\",\"description\":\"Lajme,Vijesti,Ulqini,Ulqin,Crna Gora,Mali i Zi\",\"potentialAction\":[{\"@type\":\"SearchAction\",\"target\":{\"@type\":\"EntryPoint\",\"urlTemplate\":\"https:\/\/www.visit-ulcinj.com\/blog\/?s={search_term_string}\"},\"query-input\":\"required name=search_term_string\"}],\"inLanguage\":\"en-US\"},{\"@type\":\"ImageObject\",\"inLanguage\":\"en-US\",\"@id\":\"https:\/\/www.visit-ulcinj.com\/blog\/2011\/03\/01\/interviste-me-aferdita-dreshaj\/#primaryimage\",\"url\":\"http:\/\/www.visit-ulcinj.com\/blog\/wp-content\/uploads\/2011\/03\/Aferdita-Dreshaj.1-199x300.jpg\",\"contentUrl\":\"http:\/\/www.visit-ulcinj.com\/blog\/wp-content\/uploads\/2011\/03\/Aferdita-Dreshaj.1-199x300.jpg\"},{\"@type\":\"WebPage\",\"@id\":\"https:\/\/www.visit-ulcinj.com\/blog\/2011\/03\/01\/interviste-me-aferdita-dreshaj\/#webpage\",\"url\":\"https:\/\/www.visit-ulcinj.com\/blog\/2011\/03\/01\/interviste-me-aferdita-dreshaj\/\",\"name\":\"Intervist\u00eb me Af\u00ebrdita Dreshaj - Video - Lajme nga Ulqini\",\"isPartOf\":{\"@id\":\"https:\/\/www.visit-ulcinj.com\/blog\/#website\"},\"primaryImageOfPage\":{\"@id\":\"https:\/\/www.visit-ulcinj.com\/blog\/2011\/03\/01\/interviste-me-aferdita-dreshaj\/#primaryimage\"},\"datePublished\":\"2011-03-01T11:49:38+00:00\",\"dateModified\":\"2011-03-01T11:50:18+00:00\",\"author\":{\"@id\":\"https:\/\/www.visit-ulcinj.com\/blog\/#\/schema\/person\/dcab619c614d3038751c63bc2aadc06d\"},\"description\":\"Af\u00ebrdita Dreshaj, Malsorja\u00a0e cila nuk ndalet duke\u00a0rreshtuar sukseseve. Pas\u00a0nj\u00eb karriere t\u00eb suksesshme\u00a0n\u00eb bot\u00ebn e muzik\u00ebs dhe t\u00eb\u00a0mod\u00ebs, ajo m\u00eb 12 shtator\",\"breadcrumb\":{\"@id\":\"https:\/\/www.visit-ulcinj.com\/blog\/2011\/03\/01\/interviste-me-aferdita-dreshaj\/#breadcrumb\"},\"inLanguage\":\"en-US\",\"potentialAction\":[{\"@type\":\"ReadAction\",\"target\":[\"https:\/\/www.visit-ulcinj.com\/blog\/2011\/03\/01\/interviste-me-aferdita-dreshaj\/\"]}]},{\"@type\":\"BreadcrumbList\",\"@id\":\"https:\/\/www.visit-ulcinj.com\/blog\/2011\/03\/01\/interviste-me-aferdita-dreshaj\/#breadcrumb\",\"itemListElement\":[{\"@type\":\"ListItem\",\"position\":1,\"name\":\"Intervist\u00eb me Af\u00ebrdita Dreshaj &#8211; Video\"}]},{\"@type\":\"Person\",\"@id\":\"https:\/\/www.visit-ulcinj.com\/blog\/#\/schema\/person\/dcab619c614d3038751c63bc2aadc06d\",\"name\":\"ulqini\",\"sameAs\":[\"http:\/\/www.visit-ulcinj.com\"],\"url\":\"https:\/\/www.visit-ulcinj.com\/blog\/author\/admin\/\"}]}<\/script>\n<!-- \/ Yoast SEO plugin. -->","yoast_head_json":{"title":"Intervist\u00eb me Af\u00ebrdita Dreshaj - Video - Lajme nga Ulqini","description":"Af\u00ebrdita Dreshaj, Malsorja\u00a0e cila nuk ndalet duke\u00a0rreshtuar sukseseve. Pas\u00a0nj\u00eb karriere t\u00eb suksesshme\u00a0n\u00eb bot\u00ebn e muzik\u00ebs dhe t\u00eb\u00a0mod\u00ebs, ajo m\u00eb 12 shtator","robots":{"index":"index","follow":"follow","max-snippet":"max-snippet:-1","max-image-preview":"max-image-preview:large","max-video-preview":"max-video-preview:-1"},"canonical":"https:\/\/www.visit-ulcinj.com\/blog\/2011\/03\/01\/interviste-me-aferdita-dreshaj\/","og_locale":"en_US","og_type":"article","og_title":"Intervist\u00eb me Af\u00ebrdita Dreshaj - Video - Lajme nga Ulqini","og_description":"Af\u00ebrdita Dreshaj, Malsorja\u00a0e cila nuk ndalet duke\u00a0rreshtuar sukseseve. Pas\u00a0nj\u00eb karriere t\u00eb suksesshme\u00a0n\u00eb bot\u00ebn e muzik\u00ebs dhe t\u00eb\u00a0mod\u00ebs, ajo m\u00eb 12 shtator","og_url":"https:\/\/www.visit-ulcinj.com\/blog\/2011\/03\/01\/interviste-me-aferdita-dreshaj\/","og_site_name":"Lajme nga Ulqini","article_published_time":"2011-03-01T11:49:38+00:00","article_modified_time":"2011-03-01T11:50:18+00:00","og_image":[{"url":"http:\/\/www.visit-ulcinj.com\/blog\/wp-content\/uploads\/2011\/03\/Aferdita-Dreshaj.1-199x300.jpg"}],"twitter_misc":{"Written by":"ulqini","Est. reading time":"4 minutes"},"schema":{"@context":"https:\/\/schema.org","@graph":[{"@type":"WebSite","@id":"https:\/\/www.visit-ulcinj.com\/blog\/#website","url":"https:\/\/www.visit-ulcinj.com\/blog\/","name":"Lajme nga Ulqini","description":"Lajme,Vijesti,Ulqini,Ulqin,Crna Gora,Mali i Zi","potentialAction":[{"@type":"SearchAction","target":{"@type":"EntryPoint","urlTemplate":"https:\/\/www.visit-ulcinj.com\/blog\/?s={search_term_string}"},"query-input":"required name=search_term_string"}],"inLanguage":"en-US"},{"@type":"ImageObject","inLanguage":"en-US","@id":"https:\/\/www.visit-ulcinj.com\/blog\/2011\/03\/01\/interviste-me-aferdita-dreshaj\/#primaryimage","url":"http:\/\/www.visit-ulcinj.com\/blog\/wp-content\/uploads\/2011\/03\/Aferdita-Dreshaj.1-199x300.jpg","contentUrl":"http:\/\/www.visit-ulcinj.com\/blog\/wp-content\/uploads\/2011\/03\/Aferdita-Dreshaj.1-199x300.jpg"},{"@type":"WebPage","@id":"https:\/\/www.visit-ulcinj.com\/blog\/2011\/03\/01\/interviste-me-aferdita-dreshaj\/#webpage","url":"https:\/\/www.visit-ulcinj.com\/blog\/2011\/03\/01\/interviste-me-aferdita-dreshaj\/","name":"Intervist\u00eb me Af\u00ebrdita Dreshaj - Video - Lajme nga Ulqini","isPartOf":{"@id":"https:\/\/www.visit-ulcinj.com\/blog\/#website"},"primaryImageOfPage":{"@id":"https:\/\/www.visit-ulcinj.com\/blog\/2011\/03\/01\/interviste-me-aferdita-dreshaj\/#primaryimage"},"datePublished":"2011-03-01T11:49:38+00:00","dateModified":"2011-03-01T11:50:18+00:00","author":{"@id":"https:\/\/www.visit-ulcinj.com\/blog\/#\/schema\/person\/dcab619c614d3038751c63bc2aadc06d"},"description":"Af\u00ebrdita Dreshaj, Malsorja\u00a0e cila nuk ndalet duke\u00a0rreshtuar sukseseve. Pas\u00a0nj\u00eb karriere t\u00eb suksesshme\u00a0n\u00eb bot\u00ebn e muzik\u00ebs dhe t\u00eb\u00a0mod\u00ebs, ajo m\u00eb 12 shtator","breadcrumb":{"@id":"https:\/\/www.visit-ulcinj.com\/blog\/2011\/03\/01\/interviste-me-aferdita-dreshaj\/#breadcrumb"},"inLanguage":"en-US","potentialAction":[{"@type":"ReadAction","target":["https:\/\/www.visit-ulcinj.com\/blog\/2011\/03\/01\/interviste-me-aferdita-dreshaj\/"]}]},{"@type":"BreadcrumbList","@id":"https:\/\/www.visit-ulcinj.com\/blog\/2011\/03\/01\/interviste-me-aferdita-dreshaj\/#breadcrumb","itemListElement":[{"@type":"ListItem","position":1,"name":"Intervist\u00eb me Af\u00ebrdita Dreshaj &#8211; Video"}]},{"@type":"Person","@id":"https:\/\/www.visit-ulcinj.com\/blog\/#\/schema\/person\/dcab619c614d3038751c63bc2aadc06d","name":"ulqini","sameAs":["http:\/\/www.visit-ulcinj.com"],"url":"https:\/\/www.visit-ulcinj.com\/blog\/author\/admin\/"}]}},"jetpack_featured_media_url":"","jetpack_sharing_enabled":true,"jetpack_shortlink":"https:\/\/wp.me\/pe6lTn-bub","_links":{"self":[{"href":"https:\/\/www.visit-ulcinj.com\/blog\/wp-json\/wp\/v2\/posts\/44155"}],"collection":[{"href":"https:\/\/www.visit-ulcinj.com\/blog\/wp-json\/wp\/v2\/posts"}],"about":[{"href":"https:\/\/www.visit-ulcinj.com\/blog\/wp-json\/wp\/v2\/types\/post"}],"author":[{"embeddable":true,"href":"https:\/\/www.visit-ulcinj.com\/blog\/wp-json\/wp\/v2\/users\/1"}],"replies":[{"embeddable":true,"href":"https:\/\/www.visit-ulcinj.com\/blog\/wp-json\/wp\/v2\/comments?post=44155"}],"version-history":[{"count":0,"href":"https:\/\/www.visit-ulcinj.com\/blog\/wp-json\/wp\/v2\/posts\/44155\/revisions"}],"wp:attachment":[{"href":"https:\/\/www.visit-ulcinj.com\/blog\/wp-json\/wp\/v2\/media?parent=44155"}],"wp:term":[{"taxonomy":"category","embeddable":true,"href":"https:\/\/www.visit-ulcinj.com\/blog\/wp-json\/wp\/v2\/categories?post=44155"},{"taxonomy":"post_tag","embeddable":true,"href":"https:\/\/www.visit-ulcinj.com\/blog\/wp-json\/wp\/v2\/tags?post=44155"}],"curies":[{"name":"wp","href":"https:\/\/api.w.org\/{rel}","templated":true}]}}