{"id":44169,"date":"2011-03-01T19:01:54","date_gmt":"2011-03-01T18:01:54","guid":{"rendered":"http:\/\/www.visit-ulcinj.com\/blog\/?p=44169"},"modified":"2011-03-01T19:01:54","modified_gmt":"2011-03-01T18:01:54","slug":"englezi-ne-odustaju-od-valdanosa-video","status":"publish","type":"post","link":"https:\/\/www.visit-ulcinj.com\/blog\/2011\/03\/01\/englezi-ne-odustaju-od-valdanosa-video\/","title":{"rendered":"Englezi ne odustaju od Valdanosa &#8211; Video"},"content":{"rendered":"<p><strong><a href=\"http:\/\/www.visit-ulcinj.com\/blog\/wp-content\/uploads\/2011\/03\/valdanos_ulcinj_montenegro.jpg\"><img loading=\"lazy\" class=\"alignleft size-full wp-image-44170\" title=\"valdanos_ulcinj_montenegro\" src=\"http:\/\/www.visit-ulcinj.com\/blog\/wp-content\/uploads\/2011\/03\/valdanos_ulcinj_montenegro.jpg\" alt=\"\" width=\"508\" height=\"380\" srcset=\"https:\/\/www.visit-ulcinj.com\/blog\/wp-content\/uploads\/2011\/03\/valdanos_ulcinj_montenegro.jpg 1024w, https:\/\/www.visit-ulcinj.com\/blog\/wp-content\/uploads\/2011\/03\/valdanos_ulcinj_montenegro-300x225.jpg 300w\" sizes=\"(max-width: 508px) 100vw, 508px\" \/><\/a>Propao tender za Valdanos<br \/>\n<\/strong><strong>\u010carapi\u0107 da provjeri Lazovi\u0107a<br \/>\n<\/strong>Tender za valorizaciju uvale Vladanos ju\u010de je progla\u0161en neuspjelim, nakon \u0161to je prvorangirana britanska kompanija Kjubus luks u pismu navela da, pod pritiskom doma\u0107e javnosti, razmatra odustajanje od posla. Tenderska komisija preporu\u010dila je Savjetu za privatizaciju da, zbog va\u017enosti tog projekta za Ulcinj i Crnu Goru, raspi\u0161e novi tender do kraja aprila. Britanci su obavijestili tendersku komisiju da su zabrinuti za kvalitetnu realizaciju projekta zbog negativnih medijskih nastupa, nerije\u0161enih imovinskih pitanja, sudskih procesa i stalnih zahtjeva biv\u0161ih vlasnika za obe\u0161te\u0107enje.<br \/>\nU me\u0111uvremenu je MANS podnio krivi\u010dnu prijavu protiv vicepremijera Vujice Lazovi\u0107a, kojeg terete da je kao predsjednik Savjeta za privatizaciju krajem novembra pro\u0161le godine prihvatio ponudu Kjubus luksa da bude zakupac Valdanosa iako ta kompanija nije zadovoljavala uslove, potkrepljuju\u0107i to finansijskim izvje\u0161tajima kompanije.<br \/>\n&#8211; Posebnu rezervisanost izazvalo je insistiranje Vlade da bankarske garancije budu dostavljene prije ugovorom definisanog roka, kao i odluka tenderske komisije da ne prihvati me\u0111unarodne arbitra\u017ene klauzule &#8211; navodi se u saop\u0161tenju vladinog Biroa za informisanje i ponovo konstatuje da je tender sproveden transparentno, u skladu sa zakonskim procedurama.<br \/>\nTenderska komisija je ocijenila da je u cilju obezbje\u0111ivanja kvalitetne realizacije projekta Vlada vi\u0161e puta insistirala na dostavljanju \u010dinidbene garancije i garancije zakupnine prije zaklju\u010denja ugovora, \u0161to je suprotno evropskoj praksi, ali da je to \u010dinila kako bi proces bio transparentniji i kvalitetniji.<br \/>\nSavjet za privatizaciju prihvatio je u novembru pro\u0161le godine predlog ugovora o izdavanju u 30-godi\u0161nji zakup Valdanosa sa Kjubus luksom, koji je podrazumijevao obavezu izgradnje turisti\u010dkog kompleksa na nivou \u010detiri plus i pet zvjezdica i minimalnu investiciju od 222 miliona eura.<br \/>\nPremijer Igor Luk\u0161i\u0107 trebalo bi da rasformira tendersku komisiju za Valdanos i po\u010dne dijalog sa predstavnicima lokalne zajednice, ekspertima i maslinarima kako bi dobio najbolji model valorizacije lokaliteta, ocijenili su predstavnici grupe ulcinjskih NVO i nezavisnih intelektualaca.<br \/>\n&#8211; Lazovi\u0107 i \u010dlanovi komisije snose odgovornost i krivicu \u0161to su, kr\u0161e\u0107i zakone, procedure, prava vlasnika i op\u0161tine htjeli gubita\u0161u i na\u0161im Englezima da isporu\u010de spomenik prirode &#8211; navode Ulcinjani.<br \/>\nLazovi\u0107, smatraju, poku\u0161ava da prikrije svoju odgovornost zbog afere i tra\u017ei novi tender.<br \/>\n&#8211; Lazovi\u0107 je mjesecima uvjeravao javnost da \u0107e Kjubus luks mo\u0107i da dostavi garancije, te da ugovor nije potpisan samo iz tehni\u010dkih razloga &#8211; isti\u010du oni i ocjenjuju da je u pitanju &#8220;korumpirani posao&#8221; i da ima dovoljno elemenata da vrhovna dr\u017eavna tu\u017eiteljka Ranka \u010carapi\u0107 hitno ispita slu\u010daj.<\/p>\n<p><strong>L.S.<\/strong><\/p>\n<p><strong>Englezi ne odustaju<\/strong><\/p>\n<p>Ne\u0107emo odustati od Valdanosa, izjavio je finansijski direktor Kjubus luksa Stiv Meken, uz obrazlo\u017eenje da su ulo\u017eili &#8220;tri godine i veliki novac&#8221;.<br \/>\n&#8211; Glavni cilj nam je da pravnim sredstvima onemogu\u0107imo poni\u0161tenje tendera. Ako izgubimo projekat usljed bilo kakvog poni\u0161tenja, sigurno ne\u0107emo odustati od Valdanosa tek tako &#8211; rekao je Meken Radiju Antena M, obja\u0161njavaju\u0107i da je tenderom definisan rok za dostavljanje garancija &#8211; 55 dana od dana potpisivanja ugovora o zakupu.<br \/>\n&#8211; Obezbije\u0111ene su garancije, finansije su tu, ali ne\u0107emo ih dostavljati unaprijed &#8211; kazao je Meken i dodao da je klauzula o me\u0111unarodnoj arbitra\u017ei neophodna, budu\u0107i da im je partner crnogorska vlast, koja donosi zakone \u201epa bi bilo smije\u0161no&#8221; da nemaju mogu\u0107nost arbitra\u017ee van tog odnosa. Istakao je da od ambasade Ujedinjenog Kraljevstva u Podgorici i EU o\u010dekuje podr\u0161ku i najavljuje da \u0107e se obratiti britanskoj \u0161tampi ukoliko izgube tender.<\/p>\n<p><strong>L.S.<\/strong><strong><br \/>\n<\/strong><br \/>\n<strong>Vratiti imanja<\/strong><\/p>\n<p>Biv\u0161i vlasnici maslinjaka u Valdanosu poru\u010dili su sino\u0107 sa protesta u velikoj sali Centra za kulturu da nema uslova za novi tender i da ne\u0107e odustati od zahtjeva da im se vrate oduzeta imanja .<br \/>\n&#8211; Svi zakoni i me\u0111unarodne i evropske konvencije idu u prilog povra\u0107aju imovine stvarnim vlasnicima u maslinadi Valdanos. Za\u0161titom imovine u Valdnosu \u0161titi se sva imovina u Ulcinju i Crnoj Gori i mi \u0107emo raditi da se ona vrati &#8211; kazao je predsjednik Udru\u017eenja maslinara Ulcinja D\u017eaudet Cakuli.<br \/>\nPredstavnik grupe nezavisnih intelektualaca Ulcinja D\u017eemal Perovi\u0107 kazao je da je tender oboren argumentima, istinom i pravdom.<br \/>\n&#8211; Nema uslova za novi tender. Prvo mora da se uspostavi vladavina prava, po\u0161tovanje zakona, odgovornost za poku\u0161aj korupcije i otima\u010dinu, istina i pravda prema vlasnicima i gra\u0111anima &#8211; naglasio je Perovi\u0107.<br \/>\nNa skupu pred nekoliko stotina gra\u0111ana govorili su i predsjednik Udru\u017eenja za povra\u0107aj imovine Luka \u0110akonovi\u0107, advokat Mustafa \u010capuni, ulcinjski imam Red\u017eep efendija Lika, prof. dr Simo Dobreci, jedan od vlasnika u Valdanosu.<\/p>\n<p><strong>M.K.<\/strong><\/p>\n<p><strong>MANS tra\u017ei odgovornost<\/strong><br \/>\nIz MANS-a su ranije ju\u010de ocijenili da je neslaganje Vlade sa Kjubus luksom oko \u0161vajcarske arbitra\u017ee poku\u0161aj da se sa \u0161to manje \u0161tete distanciraju od kompletnog posla.<br \/>\n&#8211; Nakon pri\u010de o garancijama, to je najnoviji momenat u pregovorima, koji su sve samo ne transparentni i zakoniti &#8211; kazao je direktor MANS-a za urbanizam Dejan Milovac i dodao da \u0107e nakon poni\u0161tenja tendera sramna epizoda sa Kjubus luksom biti okon\u010dana, \u010dime se otvara prostor da se kona\u010dno utvrdi odgovornost za ovu aferu. On je podsjetio da je ponuda ruske MCG kompanije odbijena zbog nedostatka garancija, koje Kjubus luks nije dostavio ni pet mjeseci nakon pobjede na tenderu.<br \/>\n&#8211; Iz Vlade su naveli da je ugovorom predvi\u0111eno da se garancije dostavljaju 55 dana nakon potpisivanja ugovora, u tenderskom pozivu pi\u0161e da su one sastavni dio ponude, a u verziji ugovora koji je Savjet za privatizaciju objavio na svom sajtu navodi se rok od pet dana prije potpisivanja ugovora.<br \/>\nNeshvatljivo je kako Savjet gotovo dnevno mijenja uslove tendera i plasira razli\u010dite informacije. Zbog takvog vo\u0111enja tenderskog postupka zaslu\u017euje pa\u017enju nadle\u017enog tu\u017eila\u0161tva &#8211; kazao je Milovac.<\/p>\n<p><a href=\"http:\/\/www.dan.co.me\/?nivo=3&amp;rubrika=Ekonomija&amp;clanak=270206&amp;datum=2011-03-01\" target=\"_blank\"><strong>L.S.<br \/>\nDAN<\/strong><\/a><\/p>\n<p><strong>VIDEO TV IN<\/strong><br \/>\n[flv]http:\/\/www.rtvin.me\/inpuls\/inpuls_28_02_u_18I58.flv[\/flv]<\/p>\n","protected":false},"excerpt":{"rendered":"<p>Propao tender za Valdanos \u010carapi\u0107 da provjeri Lazovi\u0107a Tender za valorizaciju uvale Vladanos ju\u010de je progla\u0161en neuspjelim, nakon \u0161to je prvorangirana britanska kompanija Kjubus luks u pismu navela da, pod pritiskom doma\u0107e javnosti, razmatra odustajanje od posla. Tenderska komisija preporu\u010dila je Savjetu za privatizaciju da, zbog va\u017enosti tog projekta za Ulcinj i Crnu Goru, raspi\u0161e [&hellip;]<\/p>\n","protected":false},"author":1,"featured_media":0,"comment_status":"open","ping_status":"closed","sticky":false,"template":"","format":"standard","meta":{"spay_email":"","jetpack_publicize_message":"","jetpack_is_tweetstorm":false,"jetpack_publicize_feature_enabled":true},"categories":[8337],"tags":[17523,3898,19,136,2020],"jetpack_publicize_connections":[],"yoast_head":"<!-- This site is optimized with the Yoast SEO plugin v19.1 - https:\/\/yoast.com\/wordpress\/plugins\/seo\/ -->\n<title>Englezi ne odustaju od Valdanosa - Video - Lajme nga Ulqini<\/title>\n<meta name=\"description\" content=\"Propao tender za Valdanos \u010carapi\u0107 da provjeri Lazovi\u0107a Tender za valorizaciju uvale Vladanos ju\u010de je progla\u0161en neuspjelim, nakon \u0161to je prvorangirana\" \/>\n<meta name=\"robots\" content=\"index, follow, max-snippet:-1, max-image-preview:large, max-video-preview:-1\" \/>\n<link rel=\"canonical\" href=\"https:\/\/www.visit-ulcinj.com\/blog\/2011\/03\/01\/englezi-ne-odustaju-od-valdanosa-video\/\" \/>\n<meta property=\"og:locale\" content=\"en_US\" \/>\n<meta property=\"og:type\" content=\"article\" \/>\n<meta property=\"og:title\" content=\"Englezi ne odustaju od Valdanosa - Video - Lajme nga Ulqini\" \/>\n<meta property=\"og:description\" content=\"Propao tender za Valdanos \u010carapi\u0107 da provjeri Lazovi\u0107a Tender za valorizaciju uvale Vladanos ju\u010de je progla\u0161en neuspjelim, nakon \u0161to je prvorangirana\" \/>\n<meta property=\"og:url\" content=\"https:\/\/www.visit-ulcinj.com\/blog\/2011\/03\/01\/englezi-ne-odustaju-od-valdanosa-video\/\" \/>\n<meta property=\"og:site_name\" content=\"Lajme nga Ulqini\" \/>\n<meta property=\"article:published_time\" content=\"2011-03-01T18:01:54+00:00\" \/>\n<meta property=\"og:image\" content=\"http:\/\/www.visit-ulcinj.com\/blog\/wp-content\/uploads\/2011\/03\/valdanos_ulcinj_montenegro.jpg\" \/>\n<meta name=\"twitter:label1\" content=\"Written by\" \/>\n\t<meta name=\"twitter:data1\" content=\"ulqini\" \/>\n\t<meta name=\"twitter:label2\" content=\"Est. reading time\" \/>\n\t<meta name=\"twitter:data2\" content=\"5 minutes\" \/>\n<script type=\"application\/ld+json\" class=\"yoast-schema-graph\">{\"@context\":\"https:\/\/schema.org\",\"@graph\":[{\"@type\":\"WebSite\",\"@id\":\"https:\/\/www.visit-ulcinj.com\/blog\/#website\",\"url\":\"https:\/\/www.visit-ulcinj.com\/blog\/\",\"name\":\"Lajme nga Ulqini\",\"description\":\"Lajme,Vijesti,Ulqini,Ulqin,Crna Gora,Mali i Zi\",\"potentialAction\":[{\"@type\":\"SearchAction\",\"target\":{\"@type\":\"EntryPoint\",\"urlTemplate\":\"https:\/\/www.visit-ulcinj.com\/blog\/?s={search_term_string}\"},\"query-input\":\"required name=search_term_string\"}],\"inLanguage\":\"en-US\"},{\"@type\":\"ImageObject\",\"inLanguage\":\"en-US\",\"@id\":\"https:\/\/www.visit-ulcinj.com\/blog\/2011\/03\/01\/englezi-ne-odustaju-od-valdanosa-video\/#primaryimage\",\"url\":\"https:\/\/www.visit-ulcinj.com\/blog\/wp-content\/uploads\/2011\/03\/valdanos_ulcinj_montenegro.jpg\",\"contentUrl\":\"https:\/\/www.visit-ulcinj.com\/blog\/wp-content\/uploads\/2011\/03\/valdanos_ulcinj_montenegro.jpg\",\"width\":\"1024\",\"height\":\"768\"},{\"@type\":\"WebPage\",\"@id\":\"https:\/\/www.visit-ulcinj.com\/blog\/2011\/03\/01\/englezi-ne-odustaju-od-valdanosa-video\/#webpage\",\"url\":\"https:\/\/www.visit-ulcinj.com\/blog\/2011\/03\/01\/englezi-ne-odustaju-od-valdanosa-video\/\",\"name\":\"Englezi ne odustaju od Valdanosa - Video - Lajme nga Ulqini\",\"isPartOf\":{\"@id\":\"https:\/\/www.visit-ulcinj.com\/blog\/#website\"},\"primaryImageOfPage\":{\"@id\":\"https:\/\/www.visit-ulcinj.com\/blog\/2011\/03\/01\/englezi-ne-odustaju-od-valdanosa-video\/#primaryimage\"},\"datePublished\":\"2011-03-01T18:01:54+00:00\",\"dateModified\":\"2011-03-01T18:01:54+00:00\",\"author\":{\"@id\":\"https:\/\/www.visit-ulcinj.com\/blog\/#\/schema\/person\/dcab619c614d3038751c63bc2aadc06d\"},\"description\":\"Propao tender za Valdanos \u010carapi\u0107 da provjeri Lazovi\u0107a Tender za valorizaciju uvale Vladanos ju\u010de je progla\u0161en neuspjelim, nakon \u0161to je prvorangirana\",\"breadcrumb\":{\"@id\":\"https:\/\/www.visit-ulcinj.com\/blog\/2011\/03\/01\/englezi-ne-odustaju-od-valdanosa-video\/#breadcrumb\"},\"inLanguage\":\"en-US\",\"potentialAction\":[{\"@type\":\"ReadAction\",\"target\":[\"https:\/\/www.visit-ulcinj.com\/blog\/2011\/03\/01\/englezi-ne-odustaju-od-valdanosa-video\/\"]}]},{\"@type\":\"BreadcrumbList\",\"@id\":\"https:\/\/www.visit-ulcinj.com\/blog\/2011\/03\/01\/englezi-ne-odustaju-od-valdanosa-video\/#breadcrumb\",\"itemListElement\":[{\"@type\":\"ListItem\",\"position\":1,\"name\":\"Englezi ne odustaju od Valdanosa &#8211; Video\"}]},{\"@type\":\"Person\",\"@id\":\"https:\/\/www.visit-ulcinj.com\/blog\/#\/schema\/person\/dcab619c614d3038751c63bc2aadc06d\",\"name\":\"ulqini\",\"sameAs\":[\"http:\/\/www.visit-ulcinj.com\"],\"url\":\"https:\/\/www.visit-ulcinj.com\/blog\/author\/admin\/\"}]}<\/script>\n<!-- \/ Yoast SEO plugin. -->","yoast_head_json":{"title":"Englezi ne odustaju od Valdanosa - Video - Lajme nga Ulqini","description":"Propao tender za Valdanos \u010carapi\u0107 da provjeri Lazovi\u0107a Tender za valorizaciju uvale Vladanos ju\u010de je progla\u0161en neuspjelim, nakon \u0161to je prvorangirana","robots":{"index":"index","follow":"follow","max-snippet":"max-snippet:-1","max-image-preview":"max-image-preview:large","max-video-preview":"max-video-preview:-1"},"canonical":"https:\/\/www.visit-ulcinj.com\/blog\/2011\/03\/01\/englezi-ne-odustaju-od-valdanosa-video\/","og_locale":"en_US","og_type":"article","og_title":"Englezi ne odustaju od Valdanosa - Video - Lajme nga Ulqini","og_description":"Propao tender za Valdanos \u010carapi\u0107 da provjeri Lazovi\u0107a Tender za valorizaciju uvale Vladanos ju\u010de je progla\u0161en neuspjelim, nakon \u0161to je prvorangirana","og_url":"https:\/\/www.visit-ulcinj.com\/blog\/2011\/03\/01\/englezi-ne-odustaju-od-valdanosa-video\/","og_site_name":"Lajme nga Ulqini","article_published_time":"2011-03-01T18:01:54+00:00","og_image":[{"url":"http:\/\/www.visit-ulcinj.com\/blog\/wp-content\/uploads\/2011\/03\/valdanos_ulcinj_montenegro.jpg"}],"twitter_misc":{"Written by":"ulqini","Est. reading time":"5 minutes"},"schema":{"@context":"https:\/\/schema.org","@graph":[{"@type":"WebSite","@id":"https:\/\/www.visit-ulcinj.com\/blog\/#website","url":"https:\/\/www.visit-ulcinj.com\/blog\/","name":"Lajme nga Ulqini","description":"Lajme,Vijesti,Ulqini,Ulqin,Crna Gora,Mali i Zi","potentialAction":[{"@type":"SearchAction","target":{"@type":"EntryPoint","urlTemplate":"https:\/\/www.visit-ulcinj.com\/blog\/?s={search_term_string}"},"query-input":"required name=search_term_string"}],"inLanguage":"en-US"},{"@type":"ImageObject","inLanguage":"en-US","@id":"https:\/\/www.visit-ulcinj.com\/blog\/2011\/03\/01\/englezi-ne-odustaju-od-valdanosa-video\/#primaryimage","url":"https:\/\/www.visit-ulcinj.com\/blog\/wp-content\/uploads\/2011\/03\/valdanos_ulcinj_montenegro.jpg","contentUrl":"https:\/\/www.visit-ulcinj.com\/blog\/wp-content\/uploads\/2011\/03\/valdanos_ulcinj_montenegro.jpg","width":"1024","height":"768"},{"@type":"WebPage","@id":"https:\/\/www.visit-ulcinj.com\/blog\/2011\/03\/01\/englezi-ne-odustaju-od-valdanosa-video\/#webpage","url":"https:\/\/www.visit-ulcinj.com\/blog\/2011\/03\/01\/englezi-ne-odustaju-od-valdanosa-video\/","name":"Englezi ne odustaju od Valdanosa - Video - Lajme nga Ulqini","isPartOf":{"@id":"https:\/\/www.visit-ulcinj.com\/blog\/#website"},"primaryImageOfPage":{"@id":"https:\/\/www.visit-ulcinj.com\/blog\/2011\/03\/01\/englezi-ne-odustaju-od-valdanosa-video\/#primaryimage"},"datePublished":"2011-03-01T18:01:54+00:00","dateModified":"2011-03-01T18:01:54+00:00","author":{"@id":"https:\/\/www.visit-ulcinj.com\/blog\/#\/schema\/person\/dcab619c614d3038751c63bc2aadc06d"},"description":"Propao tender za Valdanos \u010carapi\u0107 da provjeri Lazovi\u0107a Tender za valorizaciju uvale Vladanos ju\u010de je progla\u0161en neuspjelim, nakon \u0161to je prvorangirana","breadcrumb":{"@id":"https:\/\/www.visit-ulcinj.com\/blog\/2011\/03\/01\/englezi-ne-odustaju-od-valdanosa-video\/#breadcrumb"},"inLanguage":"en-US","potentialAction":[{"@type":"ReadAction","target":["https:\/\/www.visit-ulcinj.com\/blog\/2011\/03\/01\/englezi-ne-odustaju-od-valdanosa-video\/"]}]},{"@type":"BreadcrumbList","@id":"https:\/\/www.visit-ulcinj.com\/blog\/2011\/03\/01\/englezi-ne-odustaju-od-valdanosa-video\/#breadcrumb","itemListElement":[{"@type":"ListItem","position":1,"name":"Englezi ne odustaju od Valdanosa &#8211; Video"}]},{"@type":"Person","@id":"https:\/\/www.visit-ulcinj.com\/blog\/#\/schema\/person\/dcab619c614d3038751c63bc2aadc06d","name":"ulqini","sameAs":["http:\/\/www.visit-ulcinj.com"],"url":"https:\/\/www.visit-ulcinj.com\/blog\/author\/admin\/"}]}},"jetpack_featured_media_url":"","jetpack_sharing_enabled":true,"jetpack_shortlink":"https:\/\/wp.me\/pe6lTn-bup","_links":{"self":[{"href":"https:\/\/www.visit-ulcinj.com\/blog\/wp-json\/wp\/v2\/posts\/44169"}],"collection":[{"href":"https:\/\/www.visit-ulcinj.com\/blog\/wp-json\/wp\/v2\/posts"}],"about":[{"href":"https:\/\/www.visit-ulcinj.com\/blog\/wp-json\/wp\/v2\/types\/post"}],"author":[{"embeddable":true,"href":"https:\/\/www.visit-ulcinj.com\/blog\/wp-json\/wp\/v2\/users\/1"}],"replies":[{"embeddable":true,"href":"https:\/\/www.visit-ulcinj.com\/blog\/wp-json\/wp\/v2\/comments?post=44169"}],"version-history":[{"count":0,"href":"https:\/\/www.visit-ulcinj.com\/blog\/wp-json\/wp\/v2\/posts\/44169\/revisions"}],"wp:attachment":[{"href":"https:\/\/www.visit-ulcinj.com\/blog\/wp-json\/wp\/v2\/media?parent=44169"}],"wp:term":[{"taxonomy":"category","embeddable":true,"href":"https:\/\/www.visit-ulcinj.com\/blog\/wp-json\/wp\/v2\/categories?post=44169"},{"taxonomy":"post_tag","embeddable":true,"href":"https:\/\/www.visit-ulcinj.com\/blog\/wp-json\/wp\/v2\/tags?post=44169"}],"curies":[{"name":"wp","href":"https:\/\/api.w.org\/{rel}","templated":true}]}}