{"id":44180,"date":"2011-03-01T20:48:05","date_gmt":"2011-03-01T19:48:05","guid":{"rendered":"http:\/\/www.visit-ulcinj.com\/blog\/?p=44180"},"modified":"2011-03-01T21:00:18","modified_gmt":"2011-03-01T20:00:18","slug":"kjubus-luks-trazi-podrsku-evropskih-ambasada-video","status":"publish","type":"post","link":"https:\/\/www.visit-ulcinj.com\/blog\/2011\/03\/01\/kjubus-luks-trazi-podrsku-evropskih-ambasada-video\/","title":{"rendered":"Kjubus Luks tra\u017ei podr\u0161ku evropskih ambasada &#8211; Video"},"content":{"rendered":"<p><strong><a href=\"http:\/\/www.visit-ulcinj.com\/blog\/wp-content\/uploads\/2011\/03\/Gerhard-Huber_Cubus-Lux.jpg\"><img loading=\"lazy\" class=\"alignleft size-full wp-image-44181\" title=\"Gerhard Huber_Cubus Lux\" src=\"http:\/\/www.visit-ulcinj.com\/blog\/wp-content\/uploads\/2011\/03\/Gerhard-Huber_Cubus-Lux.jpg\" alt=\"\" width=\"490\" height=\"378\" \/><\/a>Kjubus Luks je povodom polemika u vezi sa &#8220;Valdanosom&#8221; uputio pismo ambasadama zemalja EU u Podgorici. &#8220;Antena M&#8221; integralno objavljuje pismo britanske kompanije.<\/strong><\/p>\n<p><strong>Po\u0161tovani,<\/strong><\/p>\n<p>Obavije\u0161teni smo da Vam je MANS poslao pismo u kojem su izrazili zabrinutost u vezi sa realizacijom projekta \u201cValdanos\u201d. Konkretno, \u201cKjubus luks\u201d je, kao prvorangirani na tenderu, kritikovan, te okarakterisan kao kompanija koja se bavi ne\u010dim neprimjerenim, ili \u010dak nelegalnim!<\/p>\n<p>Te optu\u017ebe nemaju veze sa istinom.<\/p>\n<p>\u201cKjubus Luks\u201d\u00a0 (CBX) posluje\u00a0 i na londonskoj i na frankfurtskoj berzi. Moji poslovni partneri i ja smo smo preuzeli CBX 2005, nakon \u0161to smo pet godina radili razli\u010dite projekte u Hrvatskoj. Na\u010dinili smo veliku promjenu, naime od kompanije koja se bavi poslovanjem kazina, \u201c Kjubus luks\u201d smo pretvorili u kompaniju koja razvija i rukovodi marinama, a pritom se bavi izgradnjom i poslovanjem relativno velikih ljetovali\u0161ta du\u017e obale biv\u0161e Jugoslavije, naro\u010dito u Hrvatskoj i Crnoj Gori. Dobili smo tri tendera za razvoj rizorta, dva u Hrvatskoj i jedan u Crnoj Gori, sa ukupnim investicijama u vrijednosti od preko 500 miliona eura.<\/p>\n<p>Nakon kratkog uvida u na\u0161e poslovanje, bi\u0107e Vam jasno da mi ne realzujemo sami cijele te projekte. Ali, time se nikada i nismo bavili. Nakon 10 godina prisustva u regionu, vjerujemo da smo sposobni da prepoznamo pobjedni\u010dki projekat, a zatim i da napravimo odli\u010dan kreativni plan, te plan razvoja. Kada osiguramo pobjedu na tenderu (ili kao u slu\u010daju projekta \u201cValdanos\u201d) pronalazimo najboljeg partnera za izgradnju, rukovo\u0111enje projektom i finansije. Kada je Valdanos posrijedi, partner nam je \u201cSol Melia\u201d, najve\u0107a kompanija za upravljanje rizortima, druga najve\u0107a kompanija u Evropi koja se bavi hotelskim menad\u017ementom, te kompanija \u010dija vrijednost na tr\u017ei\u0161tu prelazi milijardu eura.\u00a0 Kada je u pitanju finansiranje, u\u0161li smo u pregovore,\u00a0 kako bi obezbijedili 182 miliona eura, sa na\u0161im \u0161vajcarskim partnerom SREC Grupom. Kao \u0161to vidite, mi kao konzorcijum lako ispunjavamo formalne zahtjeve tendera.<\/p>\n<p>\u0160to se ti\u010de ostalih optu\u017ebi, uvjeravam Vas da \u201c Kjubus luks\u201d nikada nije bio povezivan sa ne\u010dim \u0161to je iole neprimjereno, a kamoli nelegalno. CBX vjeruje da postoje pravni na\u010dini koji bi obezbijedili da sve strane budu zadovoljne, te da dr\u017eavni i lokalni politi\u010dari prevazi\u0111u otpor, koji se uvijek javlja sa nekim razvojnim projektom. To nije slu\u010daj samo u Crnoj Gori, nego i u Va\u0161im zemljama. Siguran sam da se mo\u017eete sjetiti brojnih primjera.<\/p>\n<p>Prilikom svih na\u0161ih susreta sa Vladinim zvani\u010dnicima, naro\u010dito sa prof. dr Vujicom Lazovi\u0107em, te sa predsjednikom Op\u0161tine Ulcinj, g-dinom Gzimom Hajdinagom, svjedo\u010dili smo izuzetnom profesionalizmu, i nikada nismo bili ponu\u0111eni da u\u010dinimo ne\u0161to \u0161to bi moglo biti u suprotnosti sa pravom EU. Sasvim sam siguran da gospoda Gabriel Escarrer Jaume, potpredsjednik i izvr\u0161ni direktor kompanije \u201cSol Melia\u201d i Angel Luis Rodriguez Mendizabal, potredsjednik za razvoj mogu potvrditi moje rije\u010di.<\/p>\n<p>Nakon \u0161to sam objasnio \u0161ta i kako radimo, \u017eelio bih da naglasim da smo izuzetno uznemireni aktivno\u0161\u0107u MANS-a. Ne znam na osnovu \u010dega \u017eele da osujete projekat koji \u0107e biti jedan od najboljih na crnogorskoj obali. Ne samo da \u0107e donijeti trajna zaposlenja siroma\u0161noj regiji, ,ve\u0107 \u0107e je pretvoriti u tra\u017eenu turisti\u010dku destinaciju.<\/p>\n<p>Pomenute \u010dinjenice su, same po sebi dovoljne, ali saznanje da MANS sponzori\u0161u i ambasade zemalja \u010dlanica EU, \u010dini cijelu situaciju zaista apsurdnom. Zaista se pitam kakav bi bio stav Vlade i medija u Va\u0161oj zemlji da znaju da poreski obveznik u EU sponzori\u0161e organizaciju koja sebi\u010dno kre\u0107e u samopromociju sa namjerom da poru\u0161i projekat konzorcijuma zemalja EU. Da li zaista \u017eelimo da predamo to tr\u017ei\u0161te kineskim i ruskim investitorima i da li smatramo da \u0107e projekti tada biti ura\u0111eni tako po\u0161teno i transparentno kao da smo ih mi radili, bar zbog toga \u0161to ne \u017eelim da zavr\u0161im u zatvoru?<\/p>\n<p>Pozivam Vas na evropsku solidarnost i apelujem da iskoristite sav uticaj kako biste skrenuli djelovanje MANS-a na stvarne probleme, kojih vjerujem da ima dosta u Crnoj Gori, a ne da se bave jurenjem nepostoje\u0107ih afera.<\/p>\n<p>Ako \u017eelite da vi\u0161e diskutujete o navedenom, ili Vam treba dodatnih informacija, stojim Vam na raspolaganju. Uz ovo pismo dostavljam i pismo koje smo uputili Vladi Crne Gore, kako bismo izrazili na\u0161u zabrinutost.<\/p>\n<p>Srda\u010dno,<\/p>\n<p><strong>Gerhard Huber<\/strong><\/p>\n<p><strong>Chairman and CEO<\/strong><\/p>\n<p id=\"watch-headline-title\"><strong> <a href=\"http:\/\/antenam.net\/sajt\/index.php?option=com_content&amp;view=article&amp;id=3350:kjubus-luks-trai-podrku-evropskih-ambasada&amp;catid=36:ekonomija&amp;Itemid=55\" target=\"_blank\">Antena M<br \/>\n<\/a><a href=\"http:\/\/www.youtube.com\/user\/AriadneCapital#p\/u\/31\/xx1aNoegtT8\" target=\"_blank\">Entrepreneur Country Video<\/a><\/strong><br \/>\n<strong> <!--YouTube Error: bad URL entered--><\/strong><strong><a href=\"http:\/\/www.youtube.com\/watch?v=sOXG2GlFwWM\" target=\"_blank\"><br \/>\nGerhard Huber Interview PT2 &#8211; Video 2<\/a><br \/>\n<a href=\"http:\/\/www.youtube.com\/watch?v=a_KGrrDaQEg\" target=\"_blank\"><strong>Gerhard Huber Interview PT3<\/strong> &#8211; Video 3<\/a><\/strong><\/p>\n","protected":false},"excerpt":{"rendered":"<p>Kjubus Luks je povodom polemika u vezi sa &#8220;Valdanosom&#8221; uputio pismo ambasadama zemalja EU u Podgorici. &#8220;Antena M&#8221; integralno objavljuje pismo britanske kompanije. Po\u0161tovani, Obavije\u0161teni smo da Vam je MANS poslao pismo u kojem su izrazili zabrinutost u vezi sa realizacijom projekta \u201cValdanos\u201d. Konkretno, \u201cKjubus luks\u201d je, kao prvorangirani na tenderu, kritikovan, te okarakterisan kao [&hellip;]<\/p>\n","protected":false},"author":1,"featured_media":0,"comment_status":"open","ping_status":"closed","sticky":false,"template":"","format":"standard","meta":{"spay_email":"","jetpack_publicize_message":"","jetpack_is_tweetstorm":false,"jetpack_publicize_feature_enabled":true},"categories":[8337],"tags":[10781,17526,2216,19,136,434],"jetpack_publicize_connections":[],"yoast_head":"<!-- This site is optimized with the Yoast SEO plugin v19.1 - https:\/\/yoast.com\/wordpress\/plugins\/seo\/ -->\n<title>Kjubus Luks tra\u017ei podr\u0161ku evropskih ambasada - Video - Lajme nga Ulqini<\/title>\n<meta name=\"description\" content=\"Kjubus Luks je povodom polemika u vezi sa &quot;Valdanosom&quot; uputio pismo ambasadama zemalja EU u Podgorici. &quot;Antena M&quot; integralno objavljuje pismo britanske\" \/>\n<meta name=\"robots\" content=\"index, follow, max-snippet:-1, max-image-preview:large, max-video-preview:-1\" \/>\n<link rel=\"canonical\" href=\"https:\/\/www.visit-ulcinj.com\/blog\/2011\/03\/01\/kjubus-luks-trazi-podrsku-evropskih-ambasada-video\/\" \/>\n<meta property=\"og:locale\" content=\"en_US\" \/>\n<meta property=\"og:type\" content=\"article\" \/>\n<meta property=\"og:title\" content=\"Kjubus Luks tra\u017ei podr\u0161ku evropskih ambasada - Video - Lajme nga Ulqini\" \/>\n<meta property=\"og:description\" content=\"Kjubus Luks je povodom polemika u vezi sa &quot;Valdanosom&quot; uputio pismo ambasadama zemalja EU u Podgorici. &quot;Antena M&quot; integralno objavljuje pismo britanske\" \/>\n<meta property=\"og:url\" content=\"https:\/\/www.visit-ulcinj.com\/blog\/2011\/03\/01\/kjubus-luks-trazi-podrsku-evropskih-ambasada-video\/\" \/>\n<meta property=\"og:site_name\" content=\"Lajme nga Ulqini\" \/>\n<meta property=\"article:published_time\" content=\"2011-03-01T19:48:05+00:00\" \/>\n<meta property=\"article:modified_time\" content=\"2011-03-01T20:00:18+00:00\" \/>\n<meta property=\"og:image\" content=\"http:\/\/www.visit-ulcinj.com\/blog\/wp-content\/uploads\/2011\/03\/Gerhard-Huber_Cubus-Lux.jpg\" \/>\n<meta name=\"twitter:label1\" content=\"Written by\" \/>\n\t<meta name=\"twitter:data1\" content=\"ulqini\" \/>\n\t<meta name=\"twitter:label2\" content=\"Est. reading time\" \/>\n\t<meta name=\"twitter:data2\" content=\"4 minutes\" \/>\n<script type=\"application\/ld+json\" class=\"yoast-schema-graph\">{\"@context\":\"https:\/\/schema.org\",\"@graph\":[{\"@type\":\"WebSite\",\"@id\":\"https:\/\/www.visit-ulcinj.com\/blog\/#website\",\"url\":\"https:\/\/www.visit-ulcinj.com\/blog\/\",\"name\":\"Lajme nga Ulqini\",\"description\":\"Lajme,Vijesti,Ulqini,Ulqin,Crna Gora,Mali i Zi\",\"potentialAction\":[{\"@type\":\"SearchAction\",\"target\":{\"@type\":\"EntryPoint\",\"urlTemplate\":\"https:\/\/www.visit-ulcinj.com\/blog\/?s={search_term_string}\"},\"query-input\":\"required name=search_term_string\"}],\"inLanguage\":\"en-US\"},{\"@type\":\"ImageObject\",\"inLanguage\":\"en-US\",\"@id\":\"https:\/\/www.visit-ulcinj.com\/blog\/2011\/03\/01\/kjubus-luks-trazi-podrsku-evropskih-ambasada-video\/#primaryimage\",\"url\":\"http:\/\/www.visit-ulcinj.com\/blog\/wp-content\/uploads\/2011\/03\/Gerhard-Huber_Cubus-Lux.jpg\",\"contentUrl\":\"http:\/\/www.visit-ulcinj.com\/blog\/wp-content\/uploads\/2011\/03\/Gerhard-Huber_Cubus-Lux.jpg\"},{\"@type\":\"WebPage\",\"@id\":\"https:\/\/www.visit-ulcinj.com\/blog\/2011\/03\/01\/kjubus-luks-trazi-podrsku-evropskih-ambasada-video\/#webpage\",\"url\":\"https:\/\/www.visit-ulcinj.com\/blog\/2011\/03\/01\/kjubus-luks-trazi-podrsku-evropskih-ambasada-video\/\",\"name\":\"Kjubus Luks tra\u017ei podr\u0161ku evropskih ambasada - Video - Lajme nga Ulqini\",\"isPartOf\":{\"@id\":\"https:\/\/www.visit-ulcinj.com\/blog\/#website\"},\"primaryImageOfPage\":{\"@id\":\"https:\/\/www.visit-ulcinj.com\/blog\/2011\/03\/01\/kjubus-luks-trazi-podrsku-evropskih-ambasada-video\/#primaryimage\"},\"datePublished\":\"2011-03-01T19:48:05+00:00\",\"dateModified\":\"2011-03-01T20:00:18+00:00\",\"author\":{\"@id\":\"https:\/\/www.visit-ulcinj.com\/blog\/#\/schema\/person\/dcab619c614d3038751c63bc2aadc06d\"},\"description\":\"Kjubus Luks je povodom polemika u vezi sa \\\"Valdanosom\\\" uputio pismo ambasadama zemalja EU u Podgorici. \\\"Antena M\\\" integralno objavljuje pismo britanske\",\"breadcrumb\":{\"@id\":\"https:\/\/www.visit-ulcinj.com\/blog\/2011\/03\/01\/kjubus-luks-trazi-podrsku-evropskih-ambasada-video\/#breadcrumb\"},\"inLanguage\":\"en-US\",\"potentialAction\":[{\"@type\":\"ReadAction\",\"target\":[\"https:\/\/www.visit-ulcinj.com\/blog\/2011\/03\/01\/kjubus-luks-trazi-podrsku-evropskih-ambasada-video\/\"]}]},{\"@type\":\"BreadcrumbList\",\"@id\":\"https:\/\/www.visit-ulcinj.com\/blog\/2011\/03\/01\/kjubus-luks-trazi-podrsku-evropskih-ambasada-video\/#breadcrumb\",\"itemListElement\":[{\"@type\":\"ListItem\",\"position\":1,\"name\":\"Kjubus Luks tra\u017ei podr\u0161ku evropskih ambasada &#8211; Video\"}]},{\"@type\":\"Person\",\"@id\":\"https:\/\/www.visit-ulcinj.com\/blog\/#\/schema\/person\/dcab619c614d3038751c63bc2aadc06d\",\"name\":\"ulqini\",\"sameAs\":[\"http:\/\/www.visit-ulcinj.com\"],\"url\":\"https:\/\/www.visit-ulcinj.com\/blog\/author\/admin\/\"}]}<\/script>\n<!-- \/ Yoast SEO plugin. -->","yoast_head_json":{"title":"Kjubus Luks tra\u017ei podr\u0161ku evropskih ambasada - Video - Lajme nga Ulqini","description":"Kjubus Luks je povodom polemika u vezi sa \"Valdanosom\" uputio pismo ambasadama zemalja EU u Podgorici. \"Antena M\" integralno objavljuje pismo britanske","robots":{"index":"index","follow":"follow","max-snippet":"max-snippet:-1","max-image-preview":"max-image-preview:large","max-video-preview":"max-video-preview:-1"},"canonical":"https:\/\/www.visit-ulcinj.com\/blog\/2011\/03\/01\/kjubus-luks-trazi-podrsku-evropskih-ambasada-video\/","og_locale":"en_US","og_type":"article","og_title":"Kjubus Luks tra\u017ei podr\u0161ku evropskih ambasada - Video - Lajme nga Ulqini","og_description":"Kjubus Luks je povodom polemika u vezi sa \"Valdanosom\" uputio pismo ambasadama zemalja EU u Podgorici. \"Antena M\" integralno objavljuje pismo britanske","og_url":"https:\/\/www.visit-ulcinj.com\/blog\/2011\/03\/01\/kjubus-luks-trazi-podrsku-evropskih-ambasada-video\/","og_site_name":"Lajme nga Ulqini","article_published_time":"2011-03-01T19:48:05+00:00","article_modified_time":"2011-03-01T20:00:18+00:00","og_image":[{"url":"http:\/\/www.visit-ulcinj.com\/blog\/wp-content\/uploads\/2011\/03\/Gerhard-Huber_Cubus-Lux.jpg"}],"twitter_misc":{"Written by":"ulqini","Est. reading time":"4 minutes"},"schema":{"@context":"https:\/\/schema.org","@graph":[{"@type":"WebSite","@id":"https:\/\/www.visit-ulcinj.com\/blog\/#website","url":"https:\/\/www.visit-ulcinj.com\/blog\/","name":"Lajme nga Ulqini","description":"Lajme,Vijesti,Ulqini,Ulqin,Crna Gora,Mali i Zi","potentialAction":[{"@type":"SearchAction","target":{"@type":"EntryPoint","urlTemplate":"https:\/\/www.visit-ulcinj.com\/blog\/?s={search_term_string}"},"query-input":"required name=search_term_string"}],"inLanguage":"en-US"},{"@type":"ImageObject","inLanguage":"en-US","@id":"https:\/\/www.visit-ulcinj.com\/blog\/2011\/03\/01\/kjubus-luks-trazi-podrsku-evropskih-ambasada-video\/#primaryimage","url":"http:\/\/www.visit-ulcinj.com\/blog\/wp-content\/uploads\/2011\/03\/Gerhard-Huber_Cubus-Lux.jpg","contentUrl":"http:\/\/www.visit-ulcinj.com\/blog\/wp-content\/uploads\/2011\/03\/Gerhard-Huber_Cubus-Lux.jpg"},{"@type":"WebPage","@id":"https:\/\/www.visit-ulcinj.com\/blog\/2011\/03\/01\/kjubus-luks-trazi-podrsku-evropskih-ambasada-video\/#webpage","url":"https:\/\/www.visit-ulcinj.com\/blog\/2011\/03\/01\/kjubus-luks-trazi-podrsku-evropskih-ambasada-video\/","name":"Kjubus Luks tra\u017ei podr\u0161ku evropskih ambasada - Video - Lajme nga Ulqini","isPartOf":{"@id":"https:\/\/www.visit-ulcinj.com\/blog\/#website"},"primaryImageOfPage":{"@id":"https:\/\/www.visit-ulcinj.com\/blog\/2011\/03\/01\/kjubus-luks-trazi-podrsku-evropskih-ambasada-video\/#primaryimage"},"datePublished":"2011-03-01T19:48:05+00:00","dateModified":"2011-03-01T20:00:18+00:00","author":{"@id":"https:\/\/www.visit-ulcinj.com\/blog\/#\/schema\/person\/dcab619c614d3038751c63bc2aadc06d"},"description":"Kjubus Luks je povodom polemika u vezi sa \"Valdanosom\" uputio pismo ambasadama zemalja EU u Podgorici. \"Antena M\" integralno objavljuje pismo britanske","breadcrumb":{"@id":"https:\/\/www.visit-ulcinj.com\/blog\/2011\/03\/01\/kjubus-luks-trazi-podrsku-evropskih-ambasada-video\/#breadcrumb"},"inLanguage":"en-US","potentialAction":[{"@type":"ReadAction","target":["https:\/\/www.visit-ulcinj.com\/blog\/2011\/03\/01\/kjubus-luks-trazi-podrsku-evropskih-ambasada-video\/"]}]},{"@type":"BreadcrumbList","@id":"https:\/\/www.visit-ulcinj.com\/blog\/2011\/03\/01\/kjubus-luks-trazi-podrsku-evropskih-ambasada-video\/#breadcrumb","itemListElement":[{"@type":"ListItem","position":1,"name":"Kjubus Luks tra\u017ei podr\u0161ku evropskih ambasada &#8211; Video"}]},{"@type":"Person","@id":"https:\/\/www.visit-ulcinj.com\/blog\/#\/schema\/person\/dcab619c614d3038751c63bc2aadc06d","name":"ulqini","sameAs":["http:\/\/www.visit-ulcinj.com"],"url":"https:\/\/www.visit-ulcinj.com\/blog\/author\/admin\/"}]}},"jetpack_featured_media_url":"","jetpack_sharing_enabled":true,"jetpack_shortlink":"https:\/\/wp.me\/pe6lTn-buA","_links":{"self":[{"href":"https:\/\/www.visit-ulcinj.com\/blog\/wp-json\/wp\/v2\/posts\/44180"}],"collection":[{"href":"https:\/\/www.visit-ulcinj.com\/blog\/wp-json\/wp\/v2\/posts"}],"about":[{"href":"https:\/\/www.visit-ulcinj.com\/blog\/wp-json\/wp\/v2\/types\/post"}],"author":[{"embeddable":true,"href":"https:\/\/www.visit-ulcinj.com\/blog\/wp-json\/wp\/v2\/users\/1"}],"replies":[{"embeddable":true,"href":"https:\/\/www.visit-ulcinj.com\/blog\/wp-json\/wp\/v2\/comments?post=44180"}],"version-history":[{"count":0,"href":"https:\/\/www.visit-ulcinj.com\/blog\/wp-json\/wp\/v2\/posts\/44180\/revisions"}],"wp:attachment":[{"href":"https:\/\/www.visit-ulcinj.com\/blog\/wp-json\/wp\/v2\/media?parent=44180"}],"wp:term":[{"taxonomy":"category","embeddable":true,"href":"https:\/\/www.visit-ulcinj.com\/blog\/wp-json\/wp\/v2\/categories?post=44180"},{"taxonomy":"post_tag","embeddable":true,"href":"https:\/\/www.visit-ulcinj.com\/blog\/wp-json\/wp\/v2\/tags?post=44180"}],"curies":[{"name":"wp","href":"https:\/\/api.w.org\/{rel}","templated":true}]}}