{"id":44193,"date":"2011-03-02T14:13:28","date_gmt":"2011-03-02T13:13:28","guid":{"rendered":"http:\/\/www.visit-ulcinj.com\/blog\/?p=44193"},"modified":"2011-03-03T12:05:28","modified_gmt":"2011-03-03T11:05:28","slug":"%e2%80%9clufta%e2%80%9d-e-ulqinit-dhe-podgorices-per-gjirin-e-valdanosit","status":"publish","type":"post","link":"https:\/\/www.visit-ulcinj.com\/blog\/2011\/03\/02\/%e2%80%9clufta%e2%80%9d-e-ulqinit-dhe-podgorices-per-gjirin-e-valdanosit\/","title":{"rendered":"\u201cLufta\u201d e Ulqinit dhe Podgoric\u00ebs p\u00ebr gjirin e Valdanosit"},"content":{"rendered":"<p><a href=\"http:\/\/www.visit-ulcinj.com\/blog\/wp-content\/uploads\/2011\/03\/NA-KTHENI-PRONAT-NE-VALDANOS_ULQIN.jpg\"><img loading=\"lazy\" class=\"alignleft size-full wp-image-44195\" title=\"NA KTHENI PRONAT NE VALDANOS_ULQIN\" src=\"http:\/\/www.visit-ulcinj.com\/blog\/wp-content\/uploads\/2011\/03\/NA-KTHENI-PRONAT-NE-VALDANOS_ULQIN.jpg\" alt=\"\" width=\"508\" height=\"380\" \/><\/a>Ulqin, 2 mars &#8211; Afera e gjirit t\u00eb Valdanosit dhe 20 mij\u00eb trungjet e ullinjve t\u00eb eksproprijuar tash 32 vjet, ka hyr\u00eb n\u00eb nj\u00eb faz\u00eb dramatike. K\u00ebshilli p\u00ebr privatizim tashm\u00eb \u201cka pranuar r\u00ebnien e tenderit dhe dh\u00ebnien me qira firm\u00ebs britanike \u201cCubus lus\u201d, por paralajm\u00ebron tender t\u00eb ri n\u00eb muajin prill.<\/p>\n<p>Karshi k\u00ebsaj, nga tubimi protestues t\u00eb mbr\u00ebmjes s\u00eb kaluar, i organizuar nga shoq\u00ebria civile dhe intelektual\u00ebt e pavarur t\u00eb Ulqinit, kryetari i k\u00ebshilli protestues, Lluka Gjakonoviq, si\u00e7 raporton KosovaLive, para protest\u00ebs madh\u00ebshtore, ku nuk ishin vet\u00ebm ulqinak\u00eb, por t\u00eb ardhur edhe p\u00ebrkrah\u00ebs t\u00eb tyre edhe nga qytetet tjera t\u00eb Malit t\u00eb Zi, tha se gjiri i Valdanosit dhe 20 mij\u00eb ullinjt\u00eb frutor\u00eb ulqinak\u00ebve u jan\u00eb marr\u00eb me dhun\u00eb e ligje revolucionare nga shteti i at\u00ebhersh\u00ebm p\u00ebr t\u00eb nd\u00ebrtuar, gjoja, baz\u00eb ushtarake.<\/p>\n<p>\u201cValdanosi nuk ka qen\u00eb kurr\u00eb qen\u00eb baze ushtarake, por nj\u00eb gji fisnik, atraksion unik edhe ai duhet t&#8217;u kthehet pronar\u00ebve, jo t\u00eb b\u00ebhen pazarll\u00ebqe me pronat tona\u201d,- theksoi Gjakonoviq.<\/p>\n<p>Nd\u00ebrkaq, kryeimami i Ulqinit, Rexhep Lika, i cili tha se \u00ebsht\u00eb i autorizuar edhe nga kolegu i tij ortodoks, q\u00eb t\u00eb porosis\u00eb mir\u00eb e qart\u00eb autoritetet e Ulqinit q\u00eb t\u00eb mos manipulojn\u00eb me pronat e qytetar\u00ebve dhe t\u00eb komuniteteve fetare se \u201cdo t\u00eb pendohen nes\u00ebr p\u00ebr gabimin e sot\u00ebm.\u201d<\/p>\n<p>Bashk\u00ebrenduesi i organizatave joqeveritare dhe t\u00eb intelektual\u00ebve t\u00eb pavarur, Xhemal Peroviqi, thot\u00eb se, dikush mund t\u00eb na thot\u00eb se po e lavd\u00ebroni aktivitetin tuaj, por nj\u00eb fakt \u00ebsht\u00eb shum\u00eb i qart\u00eb.<\/p>\n<p>\u201cN\u00eb mbrojtje t\u00eb Valdanosit kemi pasur shoq\u00ebrin\u00eb civile, shkrimtar\u00eb, artiste, diplomat\u00eb\u2026Argumentet tona I kemi prezantuar deri n\u00eb Bruksel q\u00eb detyroi Qeverin\u00eb e Malit t\u00eb Zi t\u00eb anuloj\u00eb tenderin p\u00ebr dh\u00ebnien me qira kompanis\u00eb britanike\u201d,- u shpreh Xhemali, por ai paralajm\u00ebroi se s\u00eb shpejti do t\u00eb hapim pantareun e Valdanosit q\u00eb ka ngritur Podgorica zyrtare. Atje, ku t\u00eb par\u00ebt tan\u00eb na kanal l\u00ebn\u00eb pronat, plazhin dhe arat e buk\u00ebs t\u00eb shkojm\u00eb n\u00eb piknik edhe p\u00ebr t&#8217;i punuar si dikur.<\/p>\n<p><strong>KOHA NET<br \/>\n<\/strong><\/p>\n","protected":false},"excerpt":{"rendered":"<p>Ulqin, 2 mars &#8211; Afera e gjirit t\u00eb Valdanosit dhe 20 mij\u00eb trungjet e ullinjve t\u00eb eksproprijuar tash 32 vjet, ka hyr\u00eb n\u00eb nj\u00eb faz\u00eb dramatike. K\u00ebshilli p\u00ebr privatizim tashm\u00eb \u201cka pranuar r\u00ebnien e tenderit dhe dh\u00ebnien me qira firm\u00ebs britanike \u201cCubus lus\u201d, por paralajm\u00ebron tender t\u00eb ri n\u00eb muajin prill. Karshi k\u00ebsaj, nga tubimi [&hellip;]<\/p>\n","protected":false},"author":1,"featured_media":0,"comment_status":"open","ping_status":"closed","sticky":false,"template":"","format":"standard","meta":{"spay_email":"","jetpack_publicize_message":"","jetpack_is_tweetstorm":false,"jetpack_publicize_feature_enabled":true},"categories":[12],"tags":[17550,564,5883,200,18,561],"jetpack_publicize_connections":[],"yoast_head":"<!-- This site is optimized with the Yoast SEO plugin v19.1 - https:\/\/yoast.com\/wordpress\/plugins\/seo\/ -->\n<title>\u201cLufta\u201d e Ulqinit dhe Podgoric\u00ebs p\u00ebr gjirin e Valdanosit - Lajme nga Ulqini<\/title>\n<meta name=\"description\" content=\"Ulqin, 2 mars - Afera e gjirit t\u00eb Valdanosit dhe 20 mij\u00eb trungjet e ullinjve t\u00eb eksproprijuar tash 32 vjet, ka hyr\u00eb n\u00eb nj\u00eb faz\u00eb dramatike. K\u00ebshilli p\u00ebr\" \/>\n<meta name=\"robots\" content=\"index, follow, max-snippet:-1, max-image-preview:large, max-video-preview:-1\" \/>\n<link rel=\"canonical\" href=\"https:\/\/www.visit-ulcinj.com\/blog\/2011\/03\/02\/\u201clufta\u201d-e-ulqinit-dhe-podgorices-per-gjirin-e-valdanosit\/\" \/>\n<meta property=\"og:locale\" content=\"en_US\" \/>\n<meta property=\"og:type\" content=\"article\" \/>\n<meta property=\"og:title\" content=\"\u201cLufta\u201d e Ulqinit dhe Podgoric\u00ebs p\u00ebr gjirin e Valdanosit - Lajme nga Ulqini\" \/>\n<meta property=\"og:description\" content=\"Ulqin, 2 mars - Afera e gjirit t\u00eb Valdanosit dhe 20 mij\u00eb trungjet e ullinjve t\u00eb eksproprijuar tash 32 vjet, ka hyr\u00eb n\u00eb nj\u00eb faz\u00eb dramatike. K\u00ebshilli p\u00ebr\" \/>\n<meta property=\"og:url\" content=\"https:\/\/www.visit-ulcinj.com\/blog\/2011\/03\/02\/\u201clufta\u201d-e-ulqinit-dhe-podgorices-per-gjirin-e-valdanosit\/\" \/>\n<meta property=\"og:site_name\" content=\"Lajme nga Ulqini\" \/>\n<meta property=\"article:published_time\" content=\"2011-03-02T13:13:28+00:00\" \/>\n<meta property=\"article:modified_time\" content=\"2011-03-03T11:05:28+00:00\" \/>\n<meta property=\"og:image\" content=\"http:\/\/www.visit-ulcinj.com\/blog\/wp-content\/uploads\/2011\/03\/NA-KTHENI-PRONAT-NE-VALDANOS_ULQIN.jpg\" \/>\n<meta name=\"twitter:label1\" content=\"Written by\" \/>\n\t<meta name=\"twitter:data1\" content=\"ulqini\" \/>\n\t<meta name=\"twitter:label2\" content=\"Est. reading time\" \/>\n\t<meta name=\"twitter:data2\" content=\"2 minutes\" \/>\n<script type=\"application\/ld+json\" class=\"yoast-schema-graph\">{\"@context\":\"https:\/\/schema.org\",\"@graph\":[{\"@type\":\"WebSite\",\"@id\":\"https:\/\/www.visit-ulcinj.com\/blog\/#website\",\"url\":\"https:\/\/www.visit-ulcinj.com\/blog\/\",\"name\":\"Lajme nga Ulqini\",\"description\":\"Lajme,Vijesti,Ulqini,Ulqin,Crna Gora,Mali i Zi\",\"potentialAction\":[{\"@type\":\"SearchAction\",\"target\":{\"@type\":\"EntryPoint\",\"urlTemplate\":\"https:\/\/www.visit-ulcinj.com\/blog\/?s={search_term_string}\"},\"query-input\":\"required name=search_term_string\"}],\"inLanguage\":\"en-US\"},{\"@type\":\"ImageObject\",\"inLanguage\":\"en-US\",\"@id\":\"https:\/\/www.visit-ulcinj.com\/blog\/2011\/03\/02\/%e2%80%9clufta%e2%80%9d-e-ulqinit-dhe-podgorices-per-gjirin-e-valdanosit\/#primaryimage\",\"url\":\"https:\/\/www.visit-ulcinj.com\/blog\/wp-content\/uploads\/2011\/03\/NA-KTHENI-PRONAT-NE-VALDANOS_ULQIN.jpg\",\"contentUrl\":\"https:\/\/www.visit-ulcinj.com\/blog\/wp-content\/uploads\/2011\/03\/NA-KTHENI-PRONAT-NE-VALDANOS_ULQIN.jpg\",\"width\":\"604\",\"height\":\"402\"},{\"@type\":\"WebPage\",\"@id\":\"https:\/\/www.visit-ulcinj.com\/blog\/2011\/03\/02\/%e2%80%9clufta%e2%80%9d-e-ulqinit-dhe-podgorices-per-gjirin-e-valdanosit\/#webpage\",\"url\":\"https:\/\/www.visit-ulcinj.com\/blog\/2011\/03\/02\/%e2%80%9clufta%e2%80%9d-e-ulqinit-dhe-podgorices-per-gjirin-e-valdanosit\/\",\"name\":\"\u201cLufta\u201d e Ulqinit dhe Podgoric\u00ebs p\u00ebr gjirin e Valdanosit - Lajme nga Ulqini\",\"isPartOf\":{\"@id\":\"https:\/\/www.visit-ulcinj.com\/blog\/#website\"},\"primaryImageOfPage\":{\"@id\":\"https:\/\/www.visit-ulcinj.com\/blog\/2011\/03\/02\/%e2%80%9clufta%e2%80%9d-e-ulqinit-dhe-podgorices-per-gjirin-e-valdanosit\/#primaryimage\"},\"datePublished\":\"2011-03-02T13:13:28+00:00\",\"dateModified\":\"2011-03-03T11:05:28+00:00\",\"author\":{\"@id\":\"https:\/\/www.visit-ulcinj.com\/blog\/#\/schema\/person\/dcab619c614d3038751c63bc2aadc06d\"},\"description\":\"Ulqin, 2 mars - Afera e gjirit t\u00eb Valdanosit dhe 20 mij\u00eb trungjet e ullinjve t\u00eb eksproprijuar tash 32 vjet, ka hyr\u00eb n\u00eb nj\u00eb faz\u00eb dramatike. K\u00ebshilli p\u00ebr\",\"breadcrumb\":{\"@id\":\"https:\/\/www.visit-ulcinj.com\/blog\/2011\/03\/02\/%e2%80%9clufta%e2%80%9d-e-ulqinit-dhe-podgorices-per-gjirin-e-valdanosit\/#breadcrumb\"},\"inLanguage\":\"en-US\",\"potentialAction\":[{\"@type\":\"ReadAction\",\"target\":[\"https:\/\/www.visit-ulcinj.com\/blog\/2011\/03\/02\/%e2%80%9clufta%e2%80%9d-e-ulqinit-dhe-podgorices-per-gjirin-e-valdanosit\/\"]}]},{\"@type\":\"BreadcrumbList\",\"@id\":\"https:\/\/www.visit-ulcinj.com\/blog\/2011\/03\/02\/%e2%80%9clufta%e2%80%9d-e-ulqinit-dhe-podgorices-per-gjirin-e-valdanosit\/#breadcrumb\",\"itemListElement\":[{\"@type\":\"ListItem\",\"position\":1,\"name\":\"\u201cLufta\u201d e Ulqinit dhe Podgoric\u00ebs p\u00ebr gjirin e Valdanosit\"}]},{\"@type\":\"Person\",\"@id\":\"https:\/\/www.visit-ulcinj.com\/blog\/#\/schema\/person\/dcab619c614d3038751c63bc2aadc06d\",\"name\":\"ulqini\",\"sameAs\":[\"http:\/\/www.visit-ulcinj.com\"],\"url\":\"https:\/\/www.visit-ulcinj.com\/blog\/author\/admin\/\"}]}<\/script>\n<!-- \/ Yoast SEO plugin. -->","yoast_head_json":{"title":"\u201cLufta\u201d e Ulqinit dhe Podgoric\u00ebs p\u00ebr gjirin e Valdanosit - Lajme nga Ulqini","description":"Ulqin, 2 mars - Afera e gjirit t\u00eb Valdanosit dhe 20 mij\u00eb trungjet e ullinjve t\u00eb eksproprijuar tash 32 vjet, ka hyr\u00eb n\u00eb nj\u00eb faz\u00eb dramatike. K\u00ebshilli p\u00ebr","robots":{"index":"index","follow":"follow","max-snippet":"max-snippet:-1","max-image-preview":"max-image-preview:large","max-video-preview":"max-video-preview:-1"},"canonical":"https:\/\/www.visit-ulcinj.com\/blog\/2011\/03\/02\/\u201clufta\u201d-e-ulqinit-dhe-podgorices-per-gjirin-e-valdanosit\/","og_locale":"en_US","og_type":"article","og_title":"\u201cLufta\u201d e Ulqinit dhe Podgoric\u00ebs p\u00ebr gjirin e Valdanosit - Lajme nga Ulqini","og_description":"Ulqin, 2 mars - Afera e gjirit t\u00eb Valdanosit dhe 20 mij\u00eb trungjet e ullinjve t\u00eb eksproprijuar tash 32 vjet, ka hyr\u00eb n\u00eb nj\u00eb faz\u00eb dramatike. K\u00ebshilli p\u00ebr","og_url":"https:\/\/www.visit-ulcinj.com\/blog\/2011\/03\/02\/\u201clufta\u201d-e-ulqinit-dhe-podgorices-per-gjirin-e-valdanosit\/","og_site_name":"Lajme nga Ulqini","article_published_time":"2011-03-02T13:13:28+00:00","article_modified_time":"2011-03-03T11:05:28+00:00","og_image":[{"url":"http:\/\/www.visit-ulcinj.com\/blog\/wp-content\/uploads\/2011\/03\/NA-KTHENI-PRONAT-NE-VALDANOS_ULQIN.jpg"}],"twitter_misc":{"Written by":"ulqini","Est. reading time":"2 minutes"},"schema":{"@context":"https:\/\/schema.org","@graph":[{"@type":"WebSite","@id":"https:\/\/www.visit-ulcinj.com\/blog\/#website","url":"https:\/\/www.visit-ulcinj.com\/blog\/","name":"Lajme nga Ulqini","description":"Lajme,Vijesti,Ulqini,Ulqin,Crna Gora,Mali i Zi","potentialAction":[{"@type":"SearchAction","target":{"@type":"EntryPoint","urlTemplate":"https:\/\/www.visit-ulcinj.com\/blog\/?s={search_term_string}"},"query-input":"required name=search_term_string"}],"inLanguage":"en-US"},{"@type":"ImageObject","inLanguage":"en-US","@id":"https:\/\/www.visit-ulcinj.com\/blog\/2011\/03\/02\/%e2%80%9clufta%e2%80%9d-e-ulqinit-dhe-podgorices-per-gjirin-e-valdanosit\/#primaryimage","url":"https:\/\/www.visit-ulcinj.com\/blog\/wp-content\/uploads\/2011\/03\/NA-KTHENI-PRONAT-NE-VALDANOS_ULQIN.jpg","contentUrl":"https:\/\/www.visit-ulcinj.com\/blog\/wp-content\/uploads\/2011\/03\/NA-KTHENI-PRONAT-NE-VALDANOS_ULQIN.jpg","width":"604","height":"402"},{"@type":"WebPage","@id":"https:\/\/www.visit-ulcinj.com\/blog\/2011\/03\/02\/%e2%80%9clufta%e2%80%9d-e-ulqinit-dhe-podgorices-per-gjirin-e-valdanosit\/#webpage","url":"https:\/\/www.visit-ulcinj.com\/blog\/2011\/03\/02\/%e2%80%9clufta%e2%80%9d-e-ulqinit-dhe-podgorices-per-gjirin-e-valdanosit\/","name":"\u201cLufta\u201d e Ulqinit dhe Podgoric\u00ebs p\u00ebr gjirin e Valdanosit - Lajme nga Ulqini","isPartOf":{"@id":"https:\/\/www.visit-ulcinj.com\/blog\/#website"},"primaryImageOfPage":{"@id":"https:\/\/www.visit-ulcinj.com\/blog\/2011\/03\/02\/%e2%80%9clufta%e2%80%9d-e-ulqinit-dhe-podgorices-per-gjirin-e-valdanosit\/#primaryimage"},"datePublished":"2011-03-02T13:13:28+00:00","dateModified":"2011-03-03T11:05:28+00:00","author":{"@id":"https:\/\/www.visit-ulcinj.com\/blog\/#\/schema\/person\/dcab619c614d3038751c63bc2aadc06d"},"description":"Ulqin, 2 mars - Afera e gjirit t\u00eb Valdanosit dhe 20 mij\u00eb trungjet e ullinjve t\u00eb eksproprijuar tash 32 vjet, ka hyr\u00eb n\u00eb nj\u00eb faz\u00eb dramatike. K\u00ebshilli p\u00ebr","breadcrumb":{"@id":"https:\/\/www.visit-ulcinj.com\/blog\/2011\/03\/02\/%e2%80%9clufta%e2%80%9d-e-ulqinit-dhe-podgorices-per-gjirin-e-valdanosit\/#breadcrumb"},"inLanguage":"en-US","potentialAction":[{"@type":"ReadAction","target":["https:\/\/www.visit-ulcinj.com\/blog\/2011\/03\/02\/%e2%80%9clufta%e2%80%9d-e-ulqinit-dhe-podgorices-per-gjirin-e-valdanosit\/"]}]},{"@type":"BreadcrumbList","@id":"https:\/\/www.visit-ulcinj.com\/blog\/2011\/03\/02\/%e2%80%9clufta%e2%80%9d-e-ulqinit-dhe-podgorices-per-gjirin-e-valdanosit\/#breadcrumb","itemListElement":[{"@type":"ListItem","position":1,"name":"\u201cLufta\u201d e Ulqinit dhe Podgoric\u00ebs p\u00ebr gjirin e Valdanosit"}]},{"@type":"Person","@id":"https:\/\/www.visit-ulcinj.com\/blog\/#\/schema\/person\/dcab619c614d3038751c63bc2aadc06d","name":"ulqini","sameAs":["http:\/\/www.visit-ulcinj.com"],"url":"https:\/\/www.visit-ulcinj.com\/blog\/author\/admin\/"}]}},"jetpack_featured_media_url":"","jetpack_sharing_enabled":true,"jetpack_shortlink":"https:\/\/wp.me\/pe6lTn-buN","_links":{"self":[{"href":"https:\/\/www.visit-ulcinj.com\/blog\/wp-json\/wp\/v2\/posts\/44193"}],"collection":[{"href":"https:\/\/www.visit-ulcinj.com\/blog\/wp-json\/wp\/v2\/posts"}],"about":[{"href":"https:\/\/www.visit-ulcinj.com\/blog\/wp-json\/wp\/v2\/types\/post"}],"author":[{"embeddable":true,"href":"https:\/\/www.visit-ulcinj.com\/blog\/wp-json\/wp\/v2\/users\/1"}],"replies":[{"embeddable":true,"href":"https:\/\/www.visit-ulcinj.com\/blog\/wp-json\/wp\/v2\/comments?post=44193"}],"version-history":[{"count":0,"href":"https:\/\/www.visit-ulcinj.com\/blog\/wp-json\/wp\/v2\/posts\/44193\/revisions"}],"wp:attachment":[{"href":"https:\/\/www.visit-ulcinj.com\/blog\/wp-json\/wp\/v2\/media?parent=44193"}],"wp:term":[{"taxonomy":"category","embeddable":true,"href":"https:\/\/www.visit-ulcinj.com\/blog\/wp-json\/wp\/v2\/categories?post=44193"},{"taxonomy":"post_tag","embeddable":true,"href":"https:\/\/www.visit-ulcinj.com\/blog\/wp-json\/wp\/v2\/tags?post=44193"}],"curies":[{"name":"wp","href":"https:\/\/api.w.org\/{rel}","templated":true}]}}