{"id":44229,"date":"2011-03-03T12:34:58","date_gmt":"2011-03-03T11:34:58","guid":{"rendered":"http:\/\/www.visit-ulcinj.com\/blog\/?p=44229"},"modified":"2011-03-03T12:35:40","modified_gmt":"2011-03-03T11:35:40","slug":"ulcinjska-rivijera-adut-crne-gore","status":"publish","type":"post","link":"https:\/\/www.visit-ulcinj.com\/blog\/2011\/03\/03\/ulcinjska-rivijera-adut-crne-gore\/","title":{"rendered":"Ulcinjska rivijera adut Crne Gore"},"content":{"rendered":"<p><strong><a href=\"http:\/\/www.visit-ulcinj.com\/blog\/wp-content\/uploads\/2011\/03\/Ulcinjska-rivijera-adut-Crne-Gore.jpg\"><img loading=\"lazy\" class=\"alignleft size-full wp-image-44230\" title=\"Ulcinjska rivijera adut Crne Gore\" src=\"http:\/\/www.visit-ulcinj.com\/blog\/wp-content\/uploads\/2011\/03\/Ulcinjska-rivijera-adut-Crne-Gore.jpg\" alt=\"\" width=\"508\" height=\"620\" \/><\/a>HTP \u201cUlcinjska rivijera\u201c najavila je u\u010de\u0161\u0107e na predstoje\u0107em sajmu turizma, koji \u0107e biti odr\u017ean u Beogradu od 24. do 27. februara.<\/strong><em><br \/>\n<\/em>Ulcinjski hotelijer, kako se navodi u saop\u0161tenju, srbijanskim turistima predstavi\u0107e se novom bro\u0161urom, osvje\u017eenom turisti\u010dkom ponudom i atraktivnim cjenovnikom prilago\u0111enim svakom d\u017eepu u kome se polupansion nudi od 20 do 36 eura po osobi.<\/p>\n<p>&#8220;&#8221;Ulcinjska rivijera&#8221; ima vi\u0161egodi\u0161nju saradnju sa vi\u0161e od 20 renomiranih turisti\u010dkih agencija iz Srbije. Beogradski sajam predstavlja idealnu priliku za direktnu komunikaciju sa stalnim gostima i potencijalnim turistima&#8221;, pi\u0161e u saop\u0161tenju.<\/p>\n<p>Navodi se da su od ukupno 80.886 no\u0107enja koliko je tokom 2010. godine ostvareno u hotelima \u201cUlcinjske rivijere\u201d, najve\u0107i broj ostvarili turisti iz Srbije.<br \/>\n<a href=\"http:\/\/www.visit-ulcinj.com\/blog\/wp-content\/uploads\/2011\/03\/Ulcinjska-rivijera-adut-Crne-Gore_Rezervacija.jpg\"><img loading=\"lazy\" class=\"alignleft size-full wp-image-44231\" title=\"Ulcinjska rivijera adut Crne Gore_Rezervacija\" src=\"http:\/\/www.visit-ulcinj.com\/blog\/wp-content\/uploads\/2011\/03\/Ulcinjska-rivijera-adut-Crne-Gore_Rezervacija.jpg\" alt=\"\" width=\"508\" height=\"380\" \/><\/a><\/p>\n<p>&#8220;Hotele &#8220;Ada Bojana&#8221;, &#8220;Olimpik&#8221; i &#8220;Belvi&#8221;, tokom pro\u0161le godine posjetilo je 2.066 srpskih turista, koji su ostvarili 14.865 ili 18,4 odsto od ukupnog broja no\u0107enja. Prema ostvarenom broju no\u0107enja u prethodnoj godini, slijede doma\u0107i turisti sa 12.620 no\u0107enja, turisti sa Kosova sa12.551, \u010cesi sa 8.375, Njemci sa 7.880 i turisti iz BiH, koji su ostvarili 3.541 no\u0107enje&#8221;, navodi se u saop\u0161tenju.<\/p>\n<p>Dodaje se &#8220;da se kao i svake godine, na beogradskom sajmu o\u010dekuje najve\u0107e interesovanje za ljetovanje na Adi Bojani&#8221;.<\/p>\n<p><strong><a href=\"http:\/\/www.b92.net\/putovanja\/vesti.php?yyyy=2011&amp;mm=02&amp;dd=21&amp;nav_id=494139\" target=\"_blank\">B92<\/a><\/strong><strong><br \/>\nIzvor\u00a0: Vijesti<\/p>\n<p><!--YouTube Error: bad URL entered--><br \/>\n<\/strong><span style=\"color: #ffffff;\">&#8211; dva terena za mali fudbal, &#8211; dva terena za odbojku (betonski i pe\u0161cani), &#8211; sauna &#8211; zatvoreni bazen (dimenzije bazena 18&#215;7), &#8211; teren za rukomet, &#8211; tri terena za ko\u0161arku, &#8211; tri trim staze, &#8211; \u0161est teniskih terena, : \u0161est fudbalskih terena, Crna Gora, HTP Ulcinjska rivijera, jahanje konja, kitesurf, Odbojka, poligon za bacanje kugle, skakali\u0161te u dalj, sportska ponuda, staza za atletsko trcanje, stolovi za stoni tenis, stoni tenis&#8230;surfing, Tenis, teretana, ulcinj, windsurf, \u0161kola tenisa Bellevue,hoteli,bazen,priroda,ribolov,riba,jahanje konja,keit surf,<\/span><\/p>\n","protected":false},"excerpt":{"rendered":"<p>HTP \u201cUlcinjska rivijera\u201c najavila je u\u010de\u0161\u0107e na predstoje\u0107em sajmu turizma, koji \u0107e biti odr\u017ean u Beogradu od 24. do 27. februara. Ulcinjski hotelijer, kako se navodi u saop\u0161tenju, srbijanskim turistima predstavi\u0107e se novom bro\u0161urom, osvje\u017eenom turisti\u010dkom ponudom i atraktivnim cjenovnikom prilago\u0111enim svakom d\u017eepu u kome se polupansion nudi od 20 do 36 eura po osobi. [&hellip;]<\/p>\n","protected":false},"author":1,"featured_media":0,"comment_status":"open","ping_status":"closed","sticky":false,"template":"","format":"standard","meta":{"spay_email":"","jetpack_publicize_message":"","jetpack_is_tweetstorm":false,"jetpack_publicize_feature_enabled":true},"categories":[8337],"tags":[14265,1860,11251,2105,20,15500,14061,15497,15496,13834,14677,10345,14263,15043,14264,15499,15498,15501,14676,11032,15602,1642,11260,11833,11261,15495,2110,3936,11034,2185,14066,7673,3696,19,4620],"jetpack_publicize_connections":[],"yoast_head":"<!-- This site is optimized with the Yoast SEO plugin v19.1 - https:\/\/yoast.com\/wordpress\/plugins\/seo\/ -->\n<title>Ulcinjska rivijera adut Crne Gore - Lajme nga Ulqini<\/title>\n<meta name=\"description\" content=\"HTP \u201cUlcinjska rivijera\u201c najavila je u\u010de\u0161\u0107e na predstoje\u0107em sajmu turizma, koji \u0107e biti odr\u017ean u Beogradu od 24. do 27. februara. Ulcinjski hotelijer,\" \/>\n<meta name=\"robots\" content=\"index, follow, max-snippet:-1, max-image-preview:large, max-video-preview:-1\" \/>\n<link rel=\"canonical\" href=\"https:\/\/www.visit-ulcinj.com\/blog\/2011\/03\/03\/ulcinjska-rivijera-adut-crne-gore\/\" \/>\n<meta property=\"og:locale\" content=\"en_US\" \/>\n<meta property=\"og:type\" content=\"article\" \/>\n<meta property=\"og:title\" content=\"Ulcinjska rivijera adut Crne Gore - Lajme nga Ulqini\" \/>\n<meta property=\"og:description\" content=\"HTP \u201cUlcinjska rivijera\u201c najavila je u\u010de\u0161\u0107e na predstoje\u0107em sajmu turizma, koji \u0107e biti odr\u017ean u Beogradu od 24. do 27. februara. Ulcinjski hotelijer,\" \/>\n<meta property=\"og:url\" content=\"https:\/\/www.visit-ulcinj.com\/blog\/2011\/03\/03\/ulcinjska-rivijera-adut-crne-gore\/\" \/>\n<meta property=\"og:site_name\" content=\"Lajme nga Ulqini\" \/>\n<meta property=\"article:published_time\" content=\"2011-03-03T11:34:58+00:00\" \/>\n<meta property=\"article:modified_time\" content=\"2011-03-03T11:35:40+00:00\" \/>\n<meta property=\"og:image\" content=\"http:\/\/www.visit-ulcinj.com\/blog\/wp-content\/uploads\/2011\/03\/Ulcinjska-rivijera-adut-Crne-Gore.jpg\" \/>\n<meta name=\"twitter:label1\" content=\"Written by\" \/>\n\t<meta name=\"twitter:data1\" content=\"ulqini\" \/>\n\t<meta name=\"twitter:label2\" content=\"Est. reading time\" \/>\n\t<meta name=\"twitter:data2\" content=\"2 minutes\" \/>\n<script type=\"application\/ld+json\" class=\"yoast-schema-graph\">{\"@context\":\"https:\/\/schema.org\",\"@graph\":[{\"@type\":\"WebSite\",\"@id\":\"https:\/\/www.visit-ulcinj.com\/blog\/#website\",\"url\":\"https:\/\/www.visit-ulcinj.com\/blog\/\",\"name\":\"Lajme nga Ulqini\",\"description\":\"Lajme,Vijesti,Ulqini,Ulqin,Crna Gora,Mali i Zi\",\"potentialAction\":[{\"@type\":\"SearchAction\",\"target\":{\"@type\":\"EntryPoint\",\"urlTemplate\":\"https:\/\/www.visit-ulcinj.com\/blog\/?s={search_term_string}\"},\"query-input\":\"required name=search_term_string\"}],\"inLanguage\":\"en-US\"},{\"@type\":\"ImageObject\",\"inLanguage\":\"en-US\",\"@id\":\"https:\/\/www.visit-ulcinj.com\/blog\/2011\/03\/03\/ulcinjska-rivijera-adut-crne-gore\/#primaryimage\",\"url\":\"https:\/\/www.visit-ulcinj.com\/blog\/wp-content\/uploads\/2011\/03\/Ulcinjska-rivijera-adut-Crne-Gore.jpg\",\"contentUrl\":\"https:\/\/www.visit-ulcinj.com\/blog\/wp-content\/uploads\/2011\/03\/Ulcinjska-rivijera-adut-Crne-Gore.jpg\",\"width\":\"720\",\"height\":\"1024\"},{\"@type\":\"WebPage\",\"@id\":\"https:\/\/www.visit-ulcinj.com\/blog\/2011\/03\/03\/ulcinjska-rivijera-adut-crne-gore\/#webpage\",\"url\":\"https:\/\/www.visit-ulcinj.com\/blog\/2011\/03\/03\/ulcinjska-rivijera-adut-crne-gore\/\",\"name\":\"Ulcinjska rivijera adut Crne Gore - Lajme nga Ulqini\",\"isPartOf\":{\"@id\":\"https:\/\/www.visit-ulcinj.com\/blog\/#website\"},\"primaryImageOfPage\":{\"@id\":\"https:\/\/www.visit-ulcinj.com\/blog\/2011\/03\/03\/ulcinjska-rivijera-adut-crne-gore\/#primaryimage\"},\"datePublished\":\"2011-03-03T11:34:58+00:00\",\"dateModified\":\"2011-03-03T11:35:40+00:00\",\"author\":{\"@id\":\"https:\/\/www.visit-ulcinj.com\/blog\/#\/schema\/person\/dcab619c614d3038751c63bc2aadc06d\"},\"description\":\"HTP \u201cUlcinjska rivijera\u201c najavila je u\u010de\u0161\u0107e na predstoje\u0107em sajmu turizma, koji \u0107e biti odr\u017ean u Beogradu od 24. do 27. februara. Ulcinjski hotelijer,\",\"breadcrumb\":{\"@id\":\"https:\/\/www.visit-ulcinj.com\/blog\/2011\/03\/03\/ulcinjska-rivijera-adut-crne-gore\/#breadcrumb\"},\"inLanguage\":\"en-US\",\"potentialAction\":[{\"@type\":\"ReadAction\",\"target\":[\"https:\/\/www.visit-ulcinj.com\/blog\/2011\/03\/03\/ulcinjska-rivijera-adut-crne-gore\/\"]}]},{\"@type\":\"BreadcrumbList\",\"@id\":\"https:\/\/www.visit-ulcinj.com\/blog\/2011\/03\/03\/ulcinjska-rivijera-adut-crne-gore\/#breadcrumb\",\"itemListElement\":[{\"@type\":\"ListItem\",\"position\":1,\"name\":\"Ulcinjska rivijera adut Crne Gore\"}]},{\"@type\":\"Person\",\"@id\":\"https:\/\/www.visit-ulcinj.com\/blog\/#\/schema\/person\/dcab619c614d3038751c63bc2aadc06d\",\"name\":\"ulqini\",\"sameAs\":[\"http:\/\/www.visit-ulcinj.com\"],\"url\":\"https:\/\/www.visit-ulcinj.com\/blog\/author\/admin\/\"}]}<\/script>\n<!-- \/ Yoast SEO plugin. -->","yoast_head_json":{"title":"Ulcinjska rivijera adut Crne Gore - Lajme nga Ulqini","description":"HTP \u201cUlcinjska rivijera\u201c najavila je u\u010de\u0161\u0107e na predstoje\u0107em sajmu turizma, koji \u0107e biti odr\u017ean u Beogradu od 24. do 27. februara. Ulcinjski hotelijer,","robots":{"index":"index","follow":"follow","max-snippet":"max-snippet:-1","max-image-preview":"max-image-preview:large","max-video-preview":"max-video-preview:-1"},"canonical":"https:\/\/www.visit-ulcinj.com\/blog\/2011\/03\/03\/ulcinjska-rivijera-adut-crne-gore\/","og_locale":"en_US","og_type":"article","og_title":"Ulcinjska rivijera adut Crne Gore - Lajme nga Ulqini","og_description":"HTP \u201cUlcinjska rivijera\u201c najavila je u\u010de\u0161\u0107e na predstoje\u0107em sajmu turizma, koji \u0107e biti odr\u017ean u Beogradu od 24. do 27. februara. Ulcinjski hotelijer,","og_url":"https:\/\/www.visit-ulcinj.com\/blog\/2011\/03\/03\/ulcinjska-rivijera-adut-crne-gore\/","og_site_name":"Lajme nga Ulqini","article_published_time":"2011-03-03T11:34:58+00:00","article_modified_time":"2011-03-03T11:35:40+00:00","og_image":[{"url":"http:\/\/www.visit-ulcinj.com\/blog\/wp-content\/uploads\/2011\/03\/Ulcinjska-rivijera-adut-Crne-Gore.jpg"}],"twitter_misc":{"Written by":"ulqini","Est. reading time":"2 minutes"},"schema":{"@context":"https:\/\/schema.org","@graph":[{"@type":"WebSite","@id":"https:\/\/www.visit-ulcinj.com\/blog\/#website","url":"https:\/\/www.visit-ulcinj.com\/blog\/","name":"Lajme nga Ulqini","description":"Lajme,Vijesti,Ulqini,Ulqin,Crna Gora,Mali i Zi","potentialAction":[{"@type":"SearchAction","target":{"@type":"EntryPoint","urlTemplate":"https:\/\/www.visit-ulcinj.com\/blog\/?s={search_term_string}"},"query-input":"required name=search_term_string"}],"inLanguage":"en-US"},{"@type":"ImageObject","inLanguage":"en-US","@id":"https:\/\/www.visit-ulcinj.com\/blog\/2011\/03\/03\/ulcinjska-rivijera-adut-crne-gore\/#primaryimage","url":"https:\/\/www.visit-ulcinj.com\/blog\/wp-content\/uploads\/2011\/03\/Ulcinjska-rivijera-adut-Crne-Gore.jpg","contentUrl":"https:\/\/www.visit-ulcinj.com\/blog\/wp-content\/uploads\/2011\/03\/Ulcinjska-rivijera-adut-Crne-Gore.jpg","width":"720","height":"1024"},{"@type":"WebPage","@id":"https:\/\/www.visit-ulcinj.com\/blog\/2011\/03\/03\/ulcinjska-rivijera-adut-crne-gore\/#webpage","url":"https:\/\/www.visit-ulcinj.com\/blog\/2011\/03\/03\/ulcinjska-rivijera-adut-crne-gore\/","name":"Ulcinjska rivijera adut Crne Gore - Lajme nga Ulqini","isPartOf":{"@id":"https:\/\/www.visit-ulcinj.com\/blog\/#website"},"primaryImageOfPage":{"@id":"https:\/\/www.visit-ulcinj.com\/blog\/2011\/03\/03\/ulcinjska-rivijera-adut-crne-gore\/#primaryimage"},"datePublished":"2011-03-03T11:34:58+00:00","dateModified":"2011-03-03T11:35:40+00:00","author":{"@id":"https:\/\/www.visit-ulcinj.com\/blog\/#\/schema\/person\/dcab619c614d3038751c63bc2aadc06d"},"description":"HTP \u201cUlcinjska rivijera\u201c najavila je u\u010de\u0161\u0107e na predstoje\u0107em sajmu turizma, koji \u0107e biti odr\u017ean u Beogradu od 24. do 27. februara. Ulcinjski hotelijer,","breadcrumb":{"@id":"https:\/\/www.visit-ulcinj.com\/blog\/2011\/03\/03\/ulcinjska-rivijera-adut-crne-gore\/#breadcrumb"},"inLanguage":"en-US","potentialAction":[{"@type":"ReadAction","target":["https:\/\/www.visit-ulcinj.com\/blog\/2011\/03\/03\/ulcinjska-rivijera-adut-crne-gore\/"]}]},{"@type":"BreadcrumbList","@id":"https:\/\/www.visit-ulcinj.com\/blog\/2011\/03\/03\/ulcinjska-rivijera-adut-crne-gore\/#breadcrumb","itemListElement":[{"@type":"ListItem","position":1,"name":"Ulcinjska rivijera adut Crne Gore"}]},{"@type":"Person","@id":"https:\/\/www.visit-ulcinj.com\/blog\/#\/schema\/person\/dcab619c614d3038751c63bc2aadc06d","name":"ulqini","sameAs":["http:\/\/www.visit-ulcinj.com"],"url":"https:\/\/www.visit-ulcinj.com\/blog\/author\/admin\/"}]}},"jetpack_featured_media_url":"","jetpack_sharing_enabled":true,"jetpack_shortlink":"https:\/\/wp.me\/pe6lTn-bvn","_links":{"self":[{"href":"https:\/\/www.visit-ulcinj.com\/blog\/wp-json\/wp\/v2\/posts\/44229"}],"collection":[{"href":"https:\/\/www.visit-ulcinj.com\/blog\/wp-json\/wp\/v2\/posts"}],"about":[{"href":"https:\/\/www.visit-ulcinj.com\/blog\/wp-json\/wp\/v2\/types\/post"}],"author":[{"embeddable":true,"href":"https:\/\/www.visit-ulcinj.com\/blog\/wp-json\/wp\/v2\/users\/1"}],"replies":[{"embeddable":true,"href":"https:\/\/www.visit-ulcinj.com\/blog\/wp-json\/wp\/v2\/comments?post=44229"}],"version-history":[{"count":0,"href":"https:\/\/www.visit-ulcinj.com\/blog\/wp-json\/wp\/v2\/posts\/44229\/revisions"}],"wp:attachment":[{"href":"https:\/\/www.visit-ulcinj.com\/blog\/wp-json\/wp\/v2\/media?parent=44229"}],"wp:term":[{"taxonomy":"category","embeddable":true,"href":"https:\/\/www.visit-ulcinj.com\/blog\/wp-json\/wp\/v2\/categories?post=44229"},{"taxonomy":"post_tag","embeddable":true,"href":"https:\/\/www.visit-ulcinj.com\/blog\/wp-json\/wp\/v2\/tags?post=44229"}],"curies":[{"name":"wp","href":"https:\/\/api.w.org\/{rel}","templated":true}]}}