{"id":44234,"date":"2011-03-03T13:23:57","date_gmt":"2011-03-03T12:23:57","guid":{"rendered":"http:\/\/www.visit-ulcinj.com\/blog\/?p=44234"},"modified":"2023-04-01T13:35:21","modified_gmt":"2023-04-01T12:35:21","slug":"zenska-plaza-ulcinja","status":"publish","type":"post","link":"https:\/\/www.visit-ulcinj.com\/blog\/2011\/03\/03\/zenska-plaza-ulcinja\/","title":{"rendered":"\u017denska pla\u017ea Ulcinja"},"content":{"rendered":"<p><a href=\"http:\/\/www.visit-ulcinj.com\/blog\/wp-content\/uploads\/2011\/03\/Zenska-plaza-Ulcinja_Crna-Gora.jpg\"><img loading=\"lazy\" class=\"alignleft size-full wp-image-44235\" title=\"Zenska plaza Ulcinja_Crna Gora\" src=\"http:\/\/www.visit-ulcinj.com\/blog\/wp-content\/uploads\/2011\/03\/Zenska-plaza-Ulcinja_Crna-Gora.jpg\" alt=\"\" width=\"508\" height=\"360\" \/><\/a><strong>Mobil: Viber + Whatsapp: +382 69 335 534\u00a0 : +382 69 335 512<\/strong><\/p>\n<p>\u201eTamo gde se reka Bojana i Jadransko more sastaju u strasnom zagrljaju, gde stari grad kao usidreni brod vi\u0161e od dva milenijuma prkosi talasima, a stoletne masline skrivaju nevinost doline mira \u2013 Valdanosa, kao i uvale Kru\u010de u kojoj je mir nalazio i Justinijan, gde je more \u010disto kao suza, sa pla\u017eama od najfinijeg peska, gde su nudisti\u010dki raj Ada i mrtvi grad \u0160as sa ostacima 365 crkava \u2013 sme\u0161ten je Ulcinj.\u201d<\/p>\n<p><a href=\"http:\/\/www.visit-ulcinj.com\/sr\/apartmani-ulcinj-crna-gora\/privatni-smestaj-holiday-house-ulcinj-crna-gora\/\" target=\"_blank\" rel=\"noopener\"><img loading=\"lazy\" class=\"alignleft size-medium wp-image-44236\" title=\"Zenska plaza Ulcinja_Crna Gora.1\" src=\"http:\/\/www.visit-ulcinj.com\/blog\/wp-content\/uploads\/2011\/03\/Zenska-plaza-Ulcinja_Crna-Gora.1-300x200.jpg\" alt=\"\" width=\"300\" height=\"200\" srcset=\"https:\/\/www.visit-ulcinj.com\/blog\/wp-content\/uploads\/2011\/03\/Zenska-plaza-Ulcinja_Crna-Gora.1-300x200.jpg 300w, https:\/\/www.visit-ulcinj.com\/blog\/wp-content\/uploads\/2011\/03\/Zenska-plaza-Ulcinja_Crna-Gora.1.jpg 580w\" sizes=\"(max-width: 300px) 100vw, 300px\" \/>Ulcinjska morska obala duga\u010dka je 33 kilometara, od \u010dega pla\u017eama pripada \u010dak 18 kilometara. Najpoznatija je Velika pla\u017ea, ali su atraktivnije male pla\u017ee du\u017e borove \u0161ume, izme\u0111u hotela \u201eAlbatros\u201d i \u201eGaleb\u201d.<\/a><\/p>\n<p><a href=\"http:\/\/www.visit-ulcinj.com\/sr\/apartmani-ulcinj-crna-gora\/privatni-smestaj-holiday-house-ulcinj-crna-gora\/\" target=\"_blank\" rel=\"noopener\">Tu je i pla\u017ea na koju godinama dolaze samo \u017eene, zbog \u010dega je nazvana \u201e\u017denska pla\u017ea\u201d. U moru pored nje izvire sumporna voda, koja poma\u017ee, ka\u017eu ginekolozi, u le\u010denju steriliteta. \u017dene dolaze iz raznih krajeva, iz okru\u017eenja, ali i iz evropskih zemalja. Nekada je najvi\u0161e bilo Njemica, a najmanje \u017eena sa muslimanskih gradova kao Kosovo i BiH, iako su one ovde najbrojniji gosti. Na \u201e\u017eenskoj pla\u017ei\u201d voda je prvi put ispitana pre vi\u0161e od osam decenija i jo\u0161 tada je ukazano na njena delotvorna dejstva.<\/a><\/p>\n<p><a href=\"http:\/\/www.visit-ulcinj.com\/sr\/apartmani-ulcinj-crna-gora\/privatni-smestaj-holiday-house-ulcinj-crna-gora\/\" target=\"_blank\" rel=\"noopener\"><img loading=\"lazy\" class=\"alignleft size-medium wp-image-44237\" title=\"Zenska plaza Ulcinja_Crna Gora.2\" src=\"http:\/\/www.visit-ulcinj.com\/blog\/wp-content\/uploads\/2011\/03\/Zenska-plaza-Ulcinja_Crna-Gora.2-300x225.jpg\" alt=\"\" width=\"300\" height=\"225\" srcset=\"https:\/\/www.visit-ulcinj.com\/blog\/wp-content\/uploads\/2011\/03\/Zenska-plaza-Ulcinja_Crna-Gora.2-300x225.jpg 300w, https:\/\/www.visit-ulcinj.com\/blog\/wp-content\/uploads\/2011\/03\/Zenska-plaza-Ulcinja_Crna-Gora.2.jpg 640w\" sizes=\"(max-width: 300px) 100vw, 300px\" \/>\u2013 Sumporna pla\u017ea nalazi se u uvali, u sredi\u0161tu borove \u0161ume \u0161to predstavlja dobar ambijent za le\u010denje bolesti steriliteta, ali i probavnog trakta i disajnih organa, prirodnim faktorima. Sumporna voda izvire u pli\u0107aku. Talasi \u010diste morske vode, u sadejstvu sa sumpornom vodom, stvaraju idealne mikromolekule i makromolekule pogodne za prirodnu aerosol terapiju, obja\u0161njava primarijus dr Gani Karamanaga i dodaje da ginekolozi \u00a0tvrde da ima napretka posle sun\u010danja i kupanja u sumpornoj vodi, naravno, uz medicinski tretman.<\/a><\/p>\n<p><a href=\"http:\/\/www.visit-ulcinj.com\/sr\/apartmani-ulcinj-crna-gora\/privatni-smestaj-holiday-house-ulcinj-crna-gora\/\" target=\"_blank\" rel=\"noopener\">Po\u017eeljno je da nerotkinja do\u0111e rano, u osvit zore, na \u201e\u017eensku pla\u017eu\u201d, sun\u010da se i kupa potpuno naga. Od maja do oktobra, pla\u017eu isklju\u010divo koriste \u017eene. Zaklonjena je borovom \u0161umom pa se ne vidi odozgo, sa \u0161etali\u0161ne staze. Pla\u017ea je ve\u0107im delom \u0161ljunkovita. Ulcinjani \u201es kolena na koleno\u201d po\u0161tuju intimu \u201e\u017eenske pla\u017ee\u201d.<\/a><\/p>\n<p><a href=\"http:\/\/www.visit-ulcinj.com\/sr\/apartmani-ulcinj-crna-gora\/privatni-smestaj-holiday-house-ulcinj-crna-gora\/\" target=\"_blank\" rel=\"noopener\">Na pla\u017eu dolaze uglavnom \u017eene zbog ginekolo\u0161kih problema, ali i druge koje vole taj slobodni \u017eenski kutak, bez znati\u017eeljnog mu\u0161kog oka.<\/a><\/p>\n<p><a href=\"http:\/\/www.visit-ulcinj.com\/sr\/apartmani-ulcinj-crna-gora\/privatni-smestaj-holiday-house-ulcinj-crna-gora\/\" target=\"_blank\" rel=\"noopener\"><strong>Politika<br \/>\n<\/strong><\/a><strong><br \/>\n<\/strong><!--YouTube Error: bad URL entered--><br \/>\n<span style=\"color: #ffffff;\">6 eura, apartmani, Bosna i Hercegovina, Copacabana, Crna Gora, dogadjanja, jahanje konja, jeftin smje\u0161taj, kuca, Last minute, Miami , odmor, Odmor u Ulcinju, pansion, pet evra dnevno, popust hoteli, posebne ponude, privatne kuce, Privatni smestaj Velika Plaza, Privatni smjestaj, programa, putovanja, putovanje, Rekreacija, restorani, rezervacija, Safari, smjestaj, sobe, Sunce, surfing, Tropikana, turizam, ulcinj, Wellness,zenska plaza,,priroda,ribolov,riba,jahanje konja,keit surf,<\/span><\/p>\n","protected":false},"excerpt":{"rendered":"<p>Mobil: Viber + Whatsapp: +382 69 335 534\u00a0 : +382 69 335 512 \u201eTamo gde se reka Bojana i Jadransko more sastaju u strasnom zagrljaju, gde stari grad kao usidreni brod vi\u0161e od dva milenijuma prkosi talasima, a stoletne masline skrivaju nevinost doline mira \u2013 Valdanosa, kao i uvale Kru\u010de u kojoj je mir nalazio [&hellip;]<\/p>\n","protected":false},"author":1,"featured_media":0,"comment_status":"open","ping_status":"closed","sticky":false,"template":"","format":"standard","meta":{"spay_email":"","jetpack_publicize_message":"","jetpack_is_tweetstorm":false,"jetpack_publicize_feature_enabled":true},"categories":[7679,13],"tags":[17561,1860,11251,2105,20,17562,14061,15497,17564,15496,13834,2108,17560,10345,14263,15043,14264,15499,15498,14802,15501,14676,11032,15602,1642,11260,11833,11261,15495,11274,17563,2110,3936,11034,2185,14066,7673,3696,19,4620,11856,5001],"jetpack_publicize_connections":[],"yoast_head":"<!-- This site is optimized with the Yoast SEO plugin v19.1 - https:\/\/yoast.com\/wordpress\/plugins\/seo\/ -->\n<title>\u017denska pla\u017ea Ulcinja - Lajme nga Ulqini<\/title>\n<meta name=\"description\" content=\"Mobil: Viber + Whatsapp: +382 69 335 534\u00a0 : +382 69 335 512 \u201eTamo gde se reka Bojana i Jadransko more sastaju u strasnom zagrljaju, gde stari grad kao\" \/>\n<meta name=\"robots\" content=\"index, follow, max-snippet:-1, max-image-preview:large, max-video-preview:-1\" \/>\n<link rel=\"canonical\" href=\"https:\/\/www.visit-ulcinj.com\/blog\/2011\/03\/03\/zenska-plaza-ulcinja\/\" \/>\n<meta property=\"og:locale\" content=\"en_US\" \/>\n<meta property=\"og:type\" content=\"article\" \/>\n<meta property=\"og:title\" content=\"\u017denska pla\u017ea Ulcinja - Lajme nga Ulqini\" \/>\n<meta property=\"og:description\" content=\"Mobil: Viber + Whatsapp: +382 69 335 534\u00a0 : +382 69 335 512 \u201eTamo gde se reka Bojana i Jadransko more sastaju u strasnom zagrljaju, gde stari grad kao\" \/>\n<meta property=\"og:url\" content=\"https:\/\/www.visit-ulcinj.com\/blog\/2011\/03\/03\/zenska-plaza-ulcinja\/\" \/>\n<meta property=\"og:site_name\" content=\"Lajme nga Ulqini\" \/>\n<meta property=\"article:published_time\" content=\"2011-03-03T12:23:57+00:00\" \/>\n<meta property=\"article:modified_time\" content=\"2023-04-01T12:35:21+00:00\" \/>\n<meta property=\"og:image\" content=\"http:\/\/www.visit-ulcinj.com\/blog\/wp-content\/uploads\/2011\/03\/Zenska-plaza-Ulcinja_Crna-Gora.jpg\" \/>\n<meta name=\"twitter:label1\" content=\"Written by\" \/>\n\t<meta name=\"twitter:data1\" content=\"ulqini\" \/>\n\t<meta name=\"twitter:label2\" content=\"Est. reading time\" \/>\n\t<meta name=\"twitter:data2\" content=\"3 minutes\" \/>\n<script type=\"application\/ld+json\" class=\"yoast-schema-graph\">{\"@context\":\"https:\/\/schema.org\",\"@graph\":[{\"@type\":\"WebSite\",\"@id\":\"https:\/\/www.visit-ulcinj.com\/blog\/#website\",\"url\":\"https:\/\/www.visit-ulcinj.com\/blog\/\",\"name\":\"Lajme nga Ulqini\",\"description\":\"Lajme,Vijesti,Ulqini,Ulqin,Crna Gora,Mali i Zi\",\"potentialAction\":[{\"@type\":\"SearchAction\",\"target\":{\"@type\":\"EntryPoint\",\"urlTemplate\":\"https:\/\/www.visit-ulcinj.com\/blog\/?s={search_term_string}\"},\"query-input\":\"required name=search_term_string\"}],\"inLanguage\":\"en-US\"},{\"@type\":\"ImageObject\",\"inLanguage\":\"en-US\",\"@id\":\"https:\/\/www.visit-ulcinj.com\/blog\/2011\/03\/03\/zenska-plaza-ulcinja\/#primaryimage\",\"url\":\"https:\/\/www.visit-ulcinj.com\/blog\/wp-content\/uploads\/2011\/03\/Zenska-plaza-Ulcinja_Crna-Gora.jpg\",\"contentUrl\":\"https:\/\/www.visit-ulcinj.com\/blog\/wp-content\/uploads\/2011\/03\/Zenska-plaza-Ulcinja_Crna-Gora.jpg\",\"width\":\"811\",\"height\":\"573\"},{\"@type\":\"WebPage\",\"@id\":\"https:\/\/www.visit-ulcinj.com\/blog\/2011\/03\/03\/zenska-plaza-ulcinja\/#webpage\",\"url\":\"https:\/\/www.visit-ulcinj.com\/blog\/2011\/03\/03\/zenska-plaza-ulcinja\/\",\"name\":\"\u017denska pla\u017ea Ulcinja - Lajme nga Ulqini\",\"isPartOf\":{\"@id\":\"https:\/\/www.visit-ulcinj.com\/blog\/#website\"},\"primaryImageOfPage\":{\"@id\":\"https:\/\/www.visit-ulcinj.com\/blog\/2011\/03\/03\/zenska-plaza-ulcinja\/#primaryimage\"},\"datePublished\":\"2011-03-03T12:23:57+00:00\",\"dateModified\":\"2023-04-01T12:35:21+00:00\",\"author\":{\"@id\":\"https:\/\/www.visit-ulcinj.com\/blog\/#\/schema\/person\/dcab619c614d3038751c63bc2aadc06d\"},\"description\":\"Mobil: Viber + Whatsapp: +382 69 335 534\u00a0 : +382 69 335 512 \u201eTamo gde se reka Bojana i Jadransko more sastaju u strasnom zagrljaju, gde stari grad kao\",\"breadcrumb\":{\"@id\":\"https:\/\/www.visit-ulcinj.com\/blog\/2011\/03\/03\/zenska-plaza-ulcinja\/#breadcrumb\"},\"inLanguage\":\"en-US\",\"potentialAction\":[{\"@type\":\"ReadAction\",\"target\":[\"https:\/\/www.visit-ulcinj.com\/blog\/2011\/03\/03\/zenska-plaza-ulcinja\/\"]}]},{\"@type\":\"BreadcrumbList\",\"@id\":\"https:\/\/www.visit-ulcinj.com\/blog\/2011\/03\/03\/zenska-plaza-ulcinja\/#breadcrumb\",\"itemListElement\":[{\"@type\":\"ListItem\",\"position\":1,\"name\":\"\u017denska pla\u017ea Ulcinja\"}]},{\"@type\":\"Person\",\"@id\":\"https:\/\/www.visit-ulcinj.com\/blog\/#\/schema\/person\/dcab619c614d3038751c63bc2aadc06d\",\"name\":\"ulqini\",\"sameAs\":[\"http:\/\/www.visit-ulcinj.com\"],\"url\":\"https:\/\/www.visit-ulcinj.com\/blog\/author\/admin\/\"}]}<\/script>\n<!-- \/ Yoast SEO plugin. -->","yoast_head_json":{"title":"\u017denska pla\u017ea Ulcinja - Lajme nga Ulqini","description":"Mobil: Viber + Whatsapp: +382 69 335 534\u00a0 : +382 69 335 512 \u201eTamo gde se reka Bojana i Jadransko more sastaju u strasnom zagrljaju, gde stari grad kao","robots":{"index":"index","follow":"follow","max-snippet":"max-snippet:-1","max-image-preview":"max-image-preview:large","max-video-preview":"max-video-preview:-1"},"canonical":"https:\/\/www.visit-ulcinj.com\/blog\/2011\/03\/03\/zenska-plaza-ulcinja\/","og_locale":"en_US","og_type":"article","og_title":"\u017denska pla\u017ea Ulcinja - Lajme nga Ulqini","og_description":"Mobil: Viber + Whatsapp: +382 69 335 534\u00a0 : +382 69 335 512 \u201eTamo gde se reka Bojana i Jadransko more sastaju u strasnom zagrljaju, gde stari grad kao","og_url":"https:\/\/www.visit-ulcinj.com\/blog\/2011\/03\/03\/zenska-plaza-ulcinja\/","og_site_name":"Lajme nga Ulqini","article_published_time":"2011-03-03T12:23:57+00:00","article_modified_time":"2023-04-01T12:35:21+00:00","og_image":[{"url":"http:\/\/www.visit-ulcinj.com\/blog\/wp-content\/uploads\/2011\/03\/Zenska-plaza-Ulcinja_Crna-Gora.jpg"}],"twitter_misc":{"Written by":"ulqini","Est. reading time":"3 minutes"},"schema":{"@context":"https:\/\/schema.org","@graph":[{"@type":"WebSite","@id":"https:\/\/www.visit-ulcinj.com\/blog\/#website","url":"https:\/\/www.visit-ulcinj.com\/blog\/","name":"Lajme nga Ulqini","description":"Lajme,Vijesti,Ulqini,Ulqin,Crna Gora,Mali i Zi","potentialAction":[{"@type":"SearchAction","target":{"@type":"EntryPoint","urlTemplate":"https:\/\/www.visit-ulcinj.com\/blog\/?s={search_term_string}"},"query-input":"required name=search_term_string"}],"inLanguage":"en-US"},{"@type":"ImageObject","inLanguage":"en-US","@id":"https:\/\/www.visit-ulcinj.com\/blog\/2011\/03\/03\/zenska-plaza-ulcinja\/#primaryimage","url":"https:\/\/www.visit-ulcinj.com\/blog\/wp-content\/uploads\/2011\/03\/Zenska-plaza-Ulcinja_Crna-Gora.jpg","contentUrl":"https:\/\/www.visit-ulcinj.com\/blog\/wp-content\/uploads\/2011\/03\/Zenska-plaza-Ulcinja_Crna-Gora.jpg","width":"811","height":"573"},{"@type":"WebPage","@id":"https:\/\/www.visit-ulcinj.com\/blog\/2011\/03\/03\/zenska-plaza-ulcinja\/#webpage","url":"https:\/\/www.visit-ulcinj.com\/blog\/2011\/03\/03\/zenska-plaza-ulcinja\/","name":"\u017denska pla\u017ea Ulcinja - Lajme nga Ulqini","isPartOf":{"@id":"https:\/\/www.visit-ulcinj.com\/blog\/#website"},"primaryImageOfPage":{"@id":"https:\/\/www.visit-ulcinj.com\/blog\/2011\/03\/03\/zenska-plaza-ulcinja\/#primaryimage"},"datePublished":"2011-03-03T12:23:57+00:00","dateModified":"2023-04-01T12:35:21+00:00","author":{"@id":"https:\/\/www.visit-ulcinj.com\/blog\/#\/schema\/person\/dcab619c614d3038751c63bc2aadc06d"},"description":"Mobil: Viber + Whatsapp: +382 69 335 534\u00a0 : +382 69 335 512 \u201eTamo gde se reka Bojana i Jadransko more sastaju u strasnom zagrljaju, gde stari grad kao","breadcrumb":{"@id":"https:\/\/www.visit-ulcinj.com\/blog\/2011\/03\/03\/zenska-plaza-ulcinja\/#breadcrumb"},"inLanguage":"en-US","potentialAction":[{"@type":"ReadAction","target":["https:\/\/www.visit-ulcinj.com\/blog\/2011\/03\/03\/zenska-plaza-ulcinja\/"]}]},{"@type":"BreadcrumbList","@id":"https:\/\/www.visit-ulcinj.com\/blog\/2011\/03\/03\/zenska-plaza-ulcinja\/#breadcrumb","itemListElement":[{"@type":"ListItem","position":1,"name":"\u017denska pla\u017ea Ulcinja"}]},{"@type":"Person","@id":"https:\/\/www.visit-ulcinj.com\/blog\/#\/schema\/person\/dcab619c614d3038751c63bc2aadc06d","name":"ulqini","sameAs":["http:\/\/www.visit-ulcinj.com"],"url":"https:\/\/www.visit-ulcinj.com\/blog\/author\/admin\/"}]}},"jetpack_featured_media_url":"","jetpack_sharing_enabled":true,"jetpack_shortlink":"https:\/\/wp.me\/pe6lTn-bvs","_links":{"self":[{"href":"https:\/\/www.visit-ulcinj.com\/blog\/wp-json\/wp\/v2\/posts\/44234"}],"collection":[{"href":"https:\/\/www.visit-ulcinj.com\/blog\/wp-json\/wp\/v2\/posts"}],"about":[{"href":"https:\/\/www.visit-ulcinj.com\/blog\/wp-json\/wp\/v2\/types\/post"}],"author":[{"embeddable":true,"href":"https:\/\/www.visit-ulcinj.com\/blog\/wp-json\/wp\/v2\/users\/1"}],"replies":[{"embeddable":true,"href":"https:\/\/www.visit-ulcinj.com\/blog\/wp-json\/wp\/v2\/comments?post=44234"}],"version-history":[{"count":8,"href":"https:\/\/www.visit-ulcinj.com\/blog\/wp-json\/wp\/v2\/posts\/44234\/revisions"}],"predecessor-version":[{"id":106906,"href":"https:\/\/www.visit-ulcinj.com\/blog\/wp-json\/wp\/v2\/posts\/44234\/revisions\/106906"}],"wp:attachment":[{"href":"https:\/\/www.visit-ulcinj.com\/blog\/wp-json\/wp\/v2\/media?parent=44234"}],"wp:term":[{"taxonomy":"category","embeddable":true,"href":"https:\/\/www.visit-ulcinj.com\/blog\/wp-json\/wp\/v2\/categories?post=44234"},{"taxonomy":"post_tag","embeddable":true,"href":"https:\/\/www.visit-ulcinj.com\/blog\/wp-json\/wp\/v2\/tags?post=44234"}],"curies":[{"name":"wp","href":"https:\/\/api.w.org\/{rel}","templated":true}]}}