{"id":44266,"date":"2011-03-03T18:41:54","date_gmt":"2011-03-03T17:41:54","guid":{"rendered":"http:\/\/www.visit-ulcinj.com\/blog\/?p=44266"},"modified":"2011-03-03T18:41:54","modified_gmt":"2011-03-03T17:41:54","slug":"bruksel-vleresohet-perparimi-i-malit-te-zi","status":"publish","type":"post","link":"https:\/\/www.visit-ulcinj.com\/blog\/2011\/03\/03\/bruksel-vleresohet-perparimi-i-malit-te-zi\/","title":{"rendered":"Bruksel: Vler\u00ebsohet p\u00ebrparimi i Malit t\u00eb Zi"},"content":{"rendered":"<p><a href=\"http:\/\/www.visit-ulcinj.com\/blog\/wp-content\/uploads\/2011\/03\/NATO-Secretary-General-Rasmusen_Prime-Minister-Igor-Luksic.jpg\"><img loading=\"lazy\" class=\"alignleft size-full wp-image-44267\" title=\"NATO Secretary General-Rasmusen_Prime Minister-Igor Luksic\" src=\"http:\/\/www.visit-ulcinj.com\/blog\/wp-content\/uploads\/2011\/03\/NATO-Secretary-General-Rasmusen_Prime-Minister-Igor-Luksic.jpg\" alt=\"\" width=\"508\" height=\"380\" \/><\/a>Mali i Zi ka b\u00ebr\u00eb p\u00ebrparim t\u00eb qart\u00eb n\u00eb integrimet euroatlantike, por ende \u00ebsht\u00eb her\u00ebt t\u00eb flitet p\u00ebr dat\u00ebn e an\u00ebtar\u00ebsimit n\u00eb Aleanc\u00eb, ka rekomanduar sot sekretari i p\u00ebrgjithsh\u00ebm i NATO-s Andres Fog Rasmusen. Ai ka biseduar sot n\u00eb Bruksel me kryeministrin e Malit t\u00eb Zi Igor Llukshiq, n\u00eb kuad\u00ebr t\u00eb vizit\u00ebs s\u00eb tij t\u00eb par\u00eb zyrtare.<\/p>\n<p>Rasmusen ka th\u00ebn\u00eb se n\u00eb aleanc\u00eb vler\u00ebsojn\u00eb p\u00ebrparimin e Malit t\u00eb Zi. Fokusohuni n\u00eb Planin aksionar p\u00ebr an\u00ebtar\u00ebsim, pastaj do t\u00eb shikojm\u00eb, ka th\u00ebn\u00eb Rasmusen n\u00eb konferenc\u00eb p\u00ebr shtyp. Ai e ka fal\u00ebnderuar Malin e Zi p\u00ebr kontributin n\u00eb misionin n\u00eb Afganistan.Besoj fuqish\u00ebm n\u00eb t\u00eb ardhmen e Malit t\u00eb Zi n\u00eb strukturat euroatlantike, Aleanc\u00eb dhe n\u00eb Bashkim Evropian, ka th\u00ebn\u00eb Rasmusen duke shtuar se nevojitet t\u00eb kuptohet se siguria \u00ebsht\u00eb p\u00ebrpjekje e p\u00ebrbashk\u00ebt.Llukshiq ka th\u00ebn\u00eb se me vizit\u00eb ka pasur p\u00ebr q\u00ebllim t\u00eb tregoj\u00eb se politika e jashtme e qeveris\u00eb mbetet e nj\u00ebjt\u00eb, e kjo \u00ebsht\u00eb ky\u00e7ja n\u00eb aleanc\u00eb dhe n\u00eb BE. Besoj se kemi d\u00ebshmuar, me p\u00ebrpjekjet e m\u00ebparshme, se q\u00ebllimet tona p\u00ebr pjes\u00ebmarrjen n\u00eb aktivitetet e r\u00ebnd\u00ebsishme t\u00eb Aleanc\u00ebs tregojn\u00eb se Mali i Zi \u00ebsht\u00eb i gatsh\u00ebm, i pjekur dhe i p\u00ebrgjegjsh\u00ebm p\u00ebr plot\u00ebsimin e t\u00eb gjitha detyrave t\u00eb domosdoshme q\u00eb priten p\u00ebr an\u00ebtar\u00ebsimin e ardhsh\u00ebm, ka theksuar Llukshiq.<\/p>\n<p>Ai ka th\u00ebn\u00eb se ndan\u00eb mendimin me vizionin e Rasmunsenit se vendi i Malit t\u00eb Zi \u00ebsht\u00eb n\u00eb NATO. Duhet t\u00eb vazhdojm\u00eb q\u00eb me p\u00ebrpjekjet e p\u00ebrbashk\u00ebta t&#8217;ia transmetojm\u00eb k\u00ebt\u00eb mesazh popullit t\u00eb Malit t\u00eb Zi, q\u00eb do t\u00eb thot\u00eb se do t\u00eb vazhdojm\u00eb me aktivitetet q\u00eb do t\u00eb tregojn\u00eb p\u00ebrpar\u00ebsit\u00eb t\u00eb cilat Mali i Zi mund t&#8217;i ket\u00eb nga k\u00ebto integrime ka theksuar Llukshiq.<\/p>\n<p><strong>RTCG<br \/>\n\n\t\t<style type=\"text\/css\">\n\t\t\t#gallery-1 {\n\t\t\t\tmargin: auto;\n\t\t\t}\n\t\t\t#gallery-1 .gallery-item {\n\t\t\t\tfloat: left;\n\t\t\t\tmargin-top: 10px;\n\t\t\t\ttext-align: center;\n\t\t\t\twidth: 33%;\n\t\t\t}\n\t\t\t#gallery-1 img {\n\t\t\t\tborder: 2px solid #cfcfcf;\n\t\t\t}\n\t\t\t#gallery-1 .gallery-caption {\n\t\t\t\tmargin-left: 0;\n\t\t\t}\n\t\t\t\/* see gallery_shortcode() in wp-includes\/media.php *\/\n\t\t<\/style>\n\t\t<div id='gallery-1' class='gallery galleryid-44266 gallery-columns-3 gallery-size-thumbnail'><dl class='gallery-item'>\n\t\t\t<dt class='gallery-icon landscape'>\n\t\t\t\t<a href='https:\/\/www.visit-ulcinj.com\/blog\/wp-content\/uploads\/2011\/03\/NATO-Secretary-General-Rasmusen_Prime-Minister-Igor-Luksic.jpg'><img width=\"150\" height=\"150\" src=\"https:\/\/www.visit-ulcinj.com\/blog\/wp-content\/uploads\/2011\/03\/NATO-Secretary-General-Rasmusen_Prime-Minister-Igor-Luksic-150x150.jpg\" class=\"attachment-thumbnail size-thumbnail\" alt=\"\" loading=\"lazy\" \/><\/a>\n\t\t\t<\/dt><\/dl><dl class='gallery-item'>\n\t\t\t<dt class='gallery-icon landscape'>\n\t\t\t\t<a href='https:\/\/www.visit-ulcinj.com\/blog\/wp-content\/uploads\/2011\/03\/NATO-Secretary-General-Rasmusen_Prime-Minister-Igor-Luksic.2.jpg'><img width=\"150\" height=\"150\" src=\"https:\/\/www.visit-ulcinj.com\/blog\/wp-content\/uploads\/2011\/03\/NATO-Secretary-General-Rasmusen_Prime-Minister-Igor-Luksic.2-150x150.jpg\" class=\"attachment-thumbnail size-thumbnail\" alt=\"\" loading=\"lazy\" \/><\/a>\n\t\t\t<\/dt><\/dl><dl class='gallery-item'>\n\t\t\t<dt class='gallery-icon landscape'>\n\t\t\t\t<a href='https:\/\/www.visit-ulcinj.com\/blog\/wp-content\/uploads\/2011\/03\/NATO-Secretary-General-Rasmusen_Prime-Minister-Igor-Luksic.1.jpg'><img width=\"150\" height=\"150\" src=\"https:\/\/www.visit-ulcinj.com\/blog\/wp-content\/uploads\/2011\/03\/NATO-Secretary-General-Rasmusen_Prime-Minister-Igor-Luksic.1-150x150.jpg\" class=\"attachment-thumbnail size-thumbnail\" alt=\"\" loading=\"lazy\" \/><\/a>\n\t\t\t<\/dt><\/dl><br style=\"clear: both\" \/>\n\t\t<\/div>\n<\/p>\n<p><\/strong><\/p>\n","protected":false},"excerpt":{"rendered":"<p>Mali i Zi ka b\u00ebr\u00eb p\u00ebrparim t\u00eb qart\u00eb n\u00eb integrimet euroatlantike, por ende \u00ebsht\u00eb her\u00ebt t\u00eb flitet p\u00ebr dat\u00ebn e an\u00ebtar\u00ebsimit n\u00eb Aleanc\u00eb, ka rekomanduar sot sekretari i p\u00ebrgjithsh\u00ebm i NATO-s Andres Fog Rasmusen. Ai ka biseduar sot n\u00eb Bruksel me kryeministrin e Malit t\u00eb Zi Igor Llukshiq, n\u00eb kuad\u00ebr t\u00eb vizit\u00ebs s\u00eb tij t\u00eb [&hellip;]<\/p>\n","protected":false},"author":1,"featured_media":0,"comment_status":"open","ping_status":"closed","sticky":false,"template":"","format":"standard","meta":{"spay_email":"","jetpack_publicize_message":"","jetpack_is_tweetstorm":false,"jetpack_publicize_feature_enabled":true},"categories":[14],"tags":[17565,147,1753],"jetpack_publicize_connections":[],"yoast_head":"<!-- This site is optimized with the Yoast SEO plugin v19.1 - https:\/\/yoast.com\/wordpress\/plugins\/seo\/ -->\n<title>Bruksel: Vler\u00ebsohet p\u00ebrparimi i Malit t\u00eb Zi - Lajme nga Ulqini<\/title>\n<meta name=\"description\" content=\"Mali i Zi ka b\u00ebr\u00eb p\u00ebrparim t\u00eb qart\u00eb n\u00eb integrimet euroatlantike, por ende \u00ebsht\u00eb her\u00ebt t\u00eb flitet p\u00ebr dat\u00ebn e an\u00ebtar\u00ebsimit n\u00eb Aleanc\u00eb, ka rekomanduar sot\" \/>\n<meta name=\"robots\" content=\"index, follow, max-snippet:-1, max-image-preview:large, max-video-preview:-1\" \/>\n<link rel=\"canonical\" href=\"https:\/\/www.visit-ulcinj.com\/blog\/2011\/03\/03\/bruksel-vleresohet-perparimi-i-malit-te-zi\/\" \/>\n<meta property=\"og:locale\" content=\"en_US\" \/>\n<meta property=\"og:type\" content=\"article\" \/>\n<meta property=\"og:title\" content=\"Bruksel: Vler\u00ebsohet p\u00ebrparimi i Malit t\u00eb Zi - Lajme nga Ulqini\" \/>\n<meta property=\"og:description\" content=\"Mali i Zi ka b\u00ebr\u00eb p\u00ebrparim t\u00eb qart\u00eb n\u00eb integrimet euroatlantike, por ende \u00ebsht\u00eb her\u00ebt t\u00eb flitet p\u00ebr dat\u00ebn e an\u00ebtar\u00ebsimit n\u00eb Aleanc\u00eb, ka rekomanduar sot\" \/>\n<meta property=\"og:url\" content=\"https:\/\/www.visit-ulcinj.com\/blog\/2011\/03\/03\/bruksel-vleresohet-perparimi-i-malit-te-zi\/\" \/>\n<meta property=\"og:site_name\" content=\"Lajme nga Ulqini\" \/>\n<meta property=\"article:published_time\" content=\"2011-03-03T17:41:54+00:00\" \/>\n<meta property=\"og:image\" content=\"https:\/\/www.visit-ulcinj.com\/blog\/wp-content\/uploads\/2011\/03\/NATO-Secretary-General-Rasmusen_Prime-Minister-Igor-Luksic-150x150.jpg\" \/>\n<meta name=\"twitter:label1\" content=\"Written by\" \/>\n\t<meta name=\"twitter:data1\" content=\"ulqini\" \/>\n\t<meta name=\"twitter:label2\" content=\"Est. reading time\" \/>\n\t<meta name=\"twitter:data2\" content=\"2 minutes\" \/>\n<script type=\"application\/ld+json\" class=\"yoast-schema-graph\">{\"@context\":\"https:\/\/schema.org\",\"@graph\":[{\"@type\":\"WebSite\",\"@id\":\"https:\/\/www.visit-ulcinj.com\/blog\/#website\",\"url\":\"https:\/\/www.visit-ulcinj.com\/blog\/\",\"name\":\"Lajme nga Ulqini\",\"description\":\"Lajme,Vijesti,Ulqini,Ulqin,Crna Gora,Mali i Zi\",\"potentialAction\":[{\"@type\":\"SearchAction\",\"target\":{\"@type\":\"EntryPoint\",\"urlTemplate\":\"https:\/\/www.visit-ulcinj.com\/blog\/?s={search_term_string}\"},\"query-input\":\"required name=search_term_string\"}],\"inLanguage\":\"en-US\"},{\"@type\":\"ImageObject\",\"inLanguage\":\"en-US\",\"@id\":\"https:\/\/www.visit-ulcinj.com\/blog\/2011\/03\/03\/bruksel-vleresohet-perparimi-i-malit-te-zi\/#primaryimage\",\"url\":\"https:\/\/www.visit-ulcinj.com\/blog\/wp-content\/uploads\/2011\/03\/NATO-Secretary-General-Rasmusen_Prime-Minister-Igor-Luksic.jpg\",\"contentUrl\":\"https:\/\/www.visit-ulcinj.com\/blog\/wp-content\/uploads\/2011\/03\/NATO-Secretary-General-Rasmusen_Prime-Minister-Igor-Luksic.jpg\",\"width\":\"720\",\"height\":\"542\"},{\"@type\":\"WebPage\",\"@id\":\"https:\/\/www.visit-ulcinj.com\/blog\/2011\/03\/03\/bruksel-vleresohet-perparimi-i-malit-te-zi\/#webpage\",\"url\":\"https:\/\/www.visit-ulcinj.com\/blog\/2011\/03\/03\/bruksel-vleresohet-perparimi-i-malit-te-zi\/\",\"name\":\"Bruksel: Vler\u00ebsohet p\u00ebrparimi i Malit t\u00eb Zi - Lajme nga Ulqini\",\"isPartOf\":{\"@id\":\"https:\/\/www.visit-ulcinj.com\/blog\/#website\"},\"primaryImageOfPage\":{\"@id\":\"https:\/\/www.visit-ulcinj.com\/blog\/2011\/03\/03\/bruksel-vleresohet-perparimi-i-malit-te-zi\/#primaryimage\"},\"datePublished\":\"2011-03-03T17:41:54+00:00\",\"dateModified\":\"2011-03-03T17:41:54+00:00\",\"author\":{\"@id\":\"https:\/\/www.visit-ulcinj.com\/blog\/#\/schema\/person\/dcab619c614d3038751c63bc2aadc06d\"},\"description\":\"Mali i Zi ka b\u00ebr\u00eb p\u00ebrparim t\u00eb qart\u00eb n\u00eb integrimet euroatlantike, por ende \u00ebsht\u00eb her\u00ebt t\u00eb flitet p\u00ebr dat\u00ebn e an\u00ebtar\u00ebsimit n\u00eb Aleanc\u00eb, ka rekomanduar sot\",\"breadcrumb\":{\"@id\":\"https:\/\/www.visit-ulcinj.com\/blog\/2011\/03\/03\/bruksel-vleresohet-perparimi-i-malit-te-zi\/#breadcrumb\"},\"inLanguage\":\"en-US\",\"potentialAction\":[{\"@type\":\"ReadAction\",\"target\":[\"https:\/\/www.visit-ulcinj.com\/blog\/2011\/03\/03\/bruksel-vleresohet-perparimi-i-malit-te-zi\/\"]}]},{\"@type\":\"BreadcrumbList\",\"@id\":\"https:\/\/www.visit-ulcinj.com\/blog\/2011\/03\/03\/bruksel-vleresohet-perparimi-i-malit-te-zi\/#breadcrumb\",\"itemListElement\":[{\"@type\":\"ListItem\",\"position\":1,\"name\":\"Bruksel: Vler\u00ebsohet p\u00ebrparimi i Malit t\u00eb Zi\"}]},{\"@type\":\"Person\",\"@id\":\"https:\/\/www.visit-ulcinj.com\/blog\/#\/schema\/person\/dcab619c614d3038751c63bc2aadc06d\",\"name\":\"ulqini\",\"sameAs\":[\"http:\/\/www.visit-ulcinj.com\"],\"url\":\"https:\/\/www.visit-ulcinj.com\/blog\/author\/admin\/\"}]}<\/script>\n<!-- \/ Yoast SEO plugin. -->","yoast_head_json":{"title":"Bruksel: Vler\u00ebsohet p\u00ebrparimi i Malit t\u00eb Zi - Lajme nga Ulqini","description":"Mali i Zi ka b\u00ebr\u00eb p\u00ebrparim t\u00eb qart\u00eb n\u00eb integrimet euroatlantike, por ende \u00ebsht\u00eb her\u00ebt t\u00eb flitet p\u00ebr dat\u00ebn e an\u00ebtar\u00ebsimit n\u00eb Aleanc\u00eb, ka rekomanduar sot","robots":{"index":"index","follow":"follow","max-snippet":"max-snippet:-1","max-image-preview":"max-image-preview:large","max-video-preview":"max-video-preview:-1"},"canonical":"https:\/\/www.visit-ulcinj.com\/blog\/2011\/03\/03\/bruksel-vleresohet-perparimi-i-malit-te-zi\/","og_locale":"en_US","og_type":"article","og_title":"Bruksel: Vler\u00ebsohet p\u00ebrparimi i Malit t\u00eb Zi - Lajme nga Ulqini","og_description":"Mali i Zi ka b\u00ebr\u00eb p\u00ebrparim t\u00eb qart\u00eb n\u00eb integrimet euroatlantike, por ende \u00ebsht\u00eb her\u00ebt t\u00eb flitet p\u00ebr dat\u00ebn e an\u00ebtar\u00ebsimit n\u00eb Aleanc\u00eb, ka rekomanduar sot","og_url":"https:\/\/www.visit-ulcinj.com\/blog\/2011\/03\/03\/bruksel-vleresohet-perparimi-i-malit-te-zi\/","og_site_name":"Lajme nga Ulqini","article_published_time":"2011-03-03T17:41:54+00:00","og_image":[{"url":"https:\/\/www.visit-ulcinj.com\/blog\/wp-content\/uploads\/2011\/03\/NATO-Secretary-General-Rasmusen_Prime-Minister-Igor-Luksic-150x150.jpg"}],"twitter_misc":{"Written by":"ulqini","Est. reading time":"2 minutes"},"schema":{"@context":"https:\/\/schema.org","@graph":[{"@type":"WebSite","@id":"https:\/\/www.visit-ulcinj.com\/blog\/#website","url":"https:\/\/www.visit-ulcinj.com\/blog\/","name":"Lajme nga Ulqini","description":"Lajme,Vijesti,Ulqini,Ulqin,Crna Gora,Mali i Zi","potentialAction":[{"@type":"SearchAction","target":{"@type":"EntryPoint","urlTemplate":"https:\/\/www.visit-ulcinj.com\/blog\/?s={search_term_string}"},"query-input":"required name=search_term_string"}],"inLanguage":"en-US"},{"@type":"ImageObject","inLanguage":"en-US","@id":"https:\/\/www.visit-ulcinj.com\/blog\/2011\/03\/03\/bruksel-vleresohet-perparimi-i-malit-te-zi\/#primaryimage","url":"https:\/\/www.visit-ulcinj.com\/blog\/wp-content\/uploads\/2011\/03\/NATO-Secretary-General-Rasmusen_Prime-Minister-Igor-Luksic.jpg","contentUrl":"https:\/\/www.visit-ulcinj.com\/blog\/wp-content\/uploads\/2011\/03\/NATO-Secretary-General-Rasmusen_Prime-Minister-Igor-Luksic.jpg","width":"720","height":"542"},{"@type":"WebPage","@id":"https:\/\/www.visit-ulcinj.com\/blog\/2011\/03\/03\/bruksel-vleresohet-perparimi-i-malit-te-zi\/#webpage","url":"https:\/\/www.visit-ulcinj.com\/blog\/2011\/03\/03\/bruksel-vleresohet-perparimi-i-malit-te-zi\/","name":"Bruksel: Vler\u00ebsohet p\u00ebrparimi i Malit t\u00eb Zi - Lajme nga Ulqini","isPartOf":{"@id":"https:\/\/www.visit-ulcinj.com\/blog\/#website"},"primaryImageOfPage":{"@id":"https:\/\/www.visit-ulcinj.com\/blog\/2011\/03\/03\/bruksel-vleresohet-perparimi-i-malit-te-zi\/#primaryimage"},"datePublished":"2011-03-03T17:41:54+00:00","dateModified":"2011-03-03T17:41:54+00:00","author":{"@id":"https:\/\/www.visit-ulcinj.com\/blog\/#\/schema\/person\/dcab619c614d3038751c63bc2aadc06d"},"description":"Mali i Zi ka b\u00ebr\u00eb p\u00ebrparim t\u00eb qart\u00eb n\u00eb integrimet euroatlantike, por ende \u00ebsht\u00eb her\u00ebt t\u00eb flitet p\u00ebr dat\u00ebn e an\u00ebtar\u00ebsimit n\u00eb Aleanc\u00eb, ka rekomanduar sot","breadcrumb":{"@id":"https:\/\/www.visit-ulcinj.com\/blog\/2011\/03\/03\/bruksel-vleresohet-perparimi-i-malit-te-zi\/#breadcrumb"},"inLanguage":"en-US","potentialAction":[{"@type":"ReadAction","target":["https:\/\/www.visit-ulcinj.com\/blog\/2011\/03\/03\/bruksel-vleresohet-perparimi-i-malit-te-zi\/"]}]},{"@type":"BreadcrumbList","@id":"https:\/\/www.visit-ulcinj.com\/blog\/2011\/03\/03\/bruksel-vleresohet-perparimi-i-malit-te-zi\/#breadcrumb","itemListElement":[{"@type":"ListItem","position":1,"name":"Bruksel: Vler\u00ebsohet p\u00ebrparimi i Malit t\u00eb Zi"}]},{"@type":"Person","@id":"https:\/\/www.visit-ulcinj.com\/blog\/#\/schema\/person\/dcab619c614d3038751c63bc2aadc06d","name":"ulqini","sameAs":["http:\/\/www.visit-ulcinj.com"],"url":"https:\/\/www.visit-ulcinj.com\/blog\/author\/admin\/"}]}},"jetpack_featured_media_url":"","jetpack_sharing_enabled":true,"jetpack_shortlink":"https:\/\/wp.me\/pe6lTn-bvY","_links":{"self":[{"href":"https:\/\/www.visit-ulcinj.com\/blog\/wp-json\/wp\/v2\/posts\/44266"}],"collection":[{"href":"https:\/\/www.visit-ulcinj.com\/blog\/wp-json\/wp\/v2\/posts"}],"about":[{"href":"https:\/\/www.visit-ulcinj.com\/blog\/wp-json\/wp\/v2\/types\/post"}],"author":[{"embeddable":true,"href":"https:\/\/www.visit-ulcinj.com\/blog\/wp-json\/wp\/v2\/users\/1"}],"replies":[{"embeddable":true,"href":"https:\/\/www.visit-ulcinj.com\/blog\/wp-json\/wp\/v2\/comments?post=44266"}],"version-history":[{"count":0,"href":"https:\/\/www.visit-ulcinj.com\/blog\/wp-json\/wp\/v2\/posts\/44266\/revisions"}],"wp:attachment":[{"href":"https:\/\/www.visit-ulcinj.com\/blog\/wp-json\/wp\/v2\/media?parent=44266"}],"wp:term":[{"taxonomy":"category","embeddable":true,"href":"https:\/\/www.visit-ulcinj.com\/blog\/wp-json\/wp\/v2\/categories?post=44266"},{"taxonomy":"post_tag","embeddable":true,"href":"https:\/\/www.visit-ulcinj.com\/blog\/wp-json\/wp\/v2\/tags?post=44266"}],"curies":[{"name":"wp","href":"https:\/\/api.w.org\/{rel}","templated":true}]}}