{"id":44288,"date":"2011-03-04T22:01:27","date_gmt":"2011-03-04T21:01:27","guid":{"rendered":"http:\/\/www.visit-ulcinj.com\/blog\/?p=44288"},"modified":"2011-03-04T22:02:17","modified_gmt":"2011-03-04T21:02:17","slug":"ld-ne-mz-kumtese-vrasja-ne-frankfurt","status":"publish","type":"post","link":"https:\/\/www.visit-ulcinj.com\/blog\/2011\/03\/04\/ld-ne-mz-kumtese-vrasja-ne-frankfurt\/","title":{"rendered":"LD n\u00eb MZ, Kumtes\u00eb &#8211; Vrasja n\u00eb Frankfurt"},"content":{"rendered":"<p style=\"text-align: center;\"><strong><a href=\"http:\/\/www.visit-ulcinj.com\/blog\/wp-content\/uploads\/2011\/03\/LMneMZ_Kumtes.jpg\"><img loading=\"lazy\" class=\"alignleft size-full wp-image-44289\" title=\"LMneMZ_Kumtes\" src=\"http:\/\/www.visit-ulcinj.com\/blog\/wp-content\/uploads\/2011\/03\/LMneMZ_Kumtes.jpg\" alt=\"\" width=\"508\" height=\"151\" srcset=\"https:\/\/www.visit-ulcinj.com\/blog\/wp-content\/uploads\/2011\/03\/LMneMZ_Kumtes.jpg 508w, https:\/\/www.visit-ulcinj.com\/blog\/wp-content\/uploads\/2011\/03\/LMneMZ_Kumtes-300x89.jpg 300w\" sizes=\"(max-width: 508px) 100vw, 508px\" \/><\/a>K u m t e s \u00eb<\/strong><\/p>\n<p><strong> <\/strong><\/p>\n<p>Ngjarja e r\u00ebnd\u00eb, tragjike dhe e sh\u00ebmtuar, q\u00eb ndodhi\u00a0 n\u00eb aeroportin e Frankfurtit, kur nj\u00eb i ri me prejardhje nga Kosova, Arid Uka, vrau dy ushtar\u00eb amerikan\u00eb dhe plagosi dy t\u00eb tjer\u00eb, t\u00eb gjith\u00eb shqiptar\u00ebt kudo q\u00eb jan\u00eb, pra edhe shqiptar\u00ebt n\u00eb Malin e Zi, i tronditi thell\u00eb. Lidhja Demokratike n\u00eb Mal t\u00eb Zi, an\u00ebtar\u00ebt dhe p\u00ebrkrah\u00ebsit e saj, shqiptar\u00ebt\u00a0 n\u00eb Malin e Zi e d\u00ebnojn\u00eb k\u00ebt\u00eb akt t\u00eb dhun\u00ebs, akt kriminal e t\u00eb papresedan n\u00eb hap\u00ebsirat tona. Shprehim indinjat\u00eb t\u00eb thell\u00eb p\u00ebr k\u00ebt\u00eb akt t\u00eb sh\u00ebmtuar q\u00eb \u00ebsht\u00eb akt antikomb\u00ebtar e antishqiptar. Jemi t\u00eb sigurt se kjo ngjarje\u00a0 e r\u00ebnd\u00eb p\u00ebrb\u00ebn nj\u00eb akt individual e t\u00eb pap\u00ebrgjegjsh\u00ebm t\u00eb nj\u00eb individi pa kontroll e pa p\u00ebrgjegj\u00ebsi. Nj\u00eb gj\u00eb t\u00eb till\u00eb nuk mund ta prisnim asnj\u00ebher\u00eb, as q\u00eb mund ta paramendonin, q\u00eb nj\u00eb shqiptar t\u00eb \u00e7oj\u00eb dor\u00eb ndaj ushtarit amerikan, ndaj popullit amerikan, kur me dekada jan\u00eb t\u00eb njohura lidhjet miq\u00ebsore e jet\u00ebsore shqiptaro-amerikane, e sidomos ndihm\u00ebn e p\u00ebrkrahjen vendimtare t\u00eb SHBA-ve n\u00eb momentet m\u00eb kritike p\u00ebr shqiptar\u00ebt, Shqip\u00ebrin\u00eb e Kosov\u00ebn.<\/p>\n<p>Me k\u00ebt\u00eb rast shprehim ngush\u00ebllimet tona t\u00eb sinqerta ndaj familjar\u00ebve t\u00eb ushtar\u00ebve t\u00eb\u00a0 vrar\u00eb e popullit dhe udh\u00ebheqjes m\u00eb t\u00eb lart\u00eb t\u00eb SHBA-ve. Nd\u00ebrsa dy t\u00eb plagosurve u urojm\u00eb sh\u00ebrim t\u00eb shpejt\u00eb.<\/p>\n<p><strong>P\u00cbR LIDHJEN DEMOKRATIKE N\u00cb MAL T\u00cb ZI<\/strong><\/p>\n<p><strong>KRYETARI,<\/strong><\/p>\n<p><strong>Mehmet BARDHI<\/strong><\/p>\n","protected":false},"excerpt":{"rendered":"<p>K u m t e s \u00eb Ngjarja e r\u00ebnd\u00eb, tragjike dhe e sh\u00ebmtuar, q\u00eb ndodhi\u00a0 n\u00eb aeroportin e Frankfurtit, kur nj\u00eb i ri me prejardhje nga Kosova, Arid Uka, vrau dy ushtar\u00eb amerikan\u00eb dhe plagosi dy t\u00eb tjer\u00eb, t\u00eb gjith\u00eb shqiptar\u00ebt kudo q\u00eb jan\u00eb, pra edhe shqiptar\u00ebt n\u00eb Malin e Zi, i tronditi thell\u00eb. [&hellip;]<\/p>\n","protected":false},"author":1,"featured_media":0,"comment_status":"open","ping_status":"closed","sticky":false,"template":"","format":"standard","meta":{"spay_email":"","jetpack_publicize_message":"","jetpack_is_tweetstorm":false,"jetpack_publicize_feature_enabled":true},"categories":[6],"tags":[687,347],"jetpack_publicize_connections":[],"yoast_head":"<!-- This site is optimized with the Yoast SEO plugin v19.1 - https:\/\/yoast.com\/wordpress\/plugins\/seo\/ -->\n<title>LD n\u00eb MZ, Kumtes\u00eb - Vrasja n\u00eb Frankfurt - Lajme nga Ulqini<\/title>\n<meta name=\"description\" content=\"K u m t e s \u00eb Ngjarja e r\u00ebnd\u00eb, tragjike dhe e sh\u00ebmtuar, q\u00eb ndodhi\u00a0 n\u00eb aeroportin e Frankfurtit, kur nj\u00eb i ri me prejardhje nga Kosova, Arid Uka, vrau dy\" \/>\n<meta name=\"robots\" content=\"index, follow, max-snippet:-1, max-image-preview:large, max-video-preview:-1\" \/>\n<link rel=\"canonical\" href=\"https:\/\/www.visit-ulcinj.com\/blog\/2011\/03\/04\/ld-ne-mz-kumtese-vrasja-ne-frankfurt\/\" \/>\n<meta property=\"og:locale\" content=\"en_US\" \/>\n<meta property=\"og:type\" content=\"article\" \/>\n<meta property=\"og:title\" content=\"LD n\u00eb MZ, Kumtes\u00eb - Vrasja n\u00eb Frankfurt - Lajme nga Ulqini\" \/>\n<meta property=\"og:description\" content=\"K u m t e s \u00eb Ngjarja e r\u00ebnd\u00eb, tragjike dhe e sh\u00ebmtuar, q\u00eb ndodhi\u00a0 n\u00eb aeroportin e Frankfurtit, kur nj\u00eb i ri me prejardhje nga Kosova, Arid Uka, vrau dy\" \/>\n<meta property=\"og:url\" content=\"https:\/\/www.visit-ulcinj.com\/blog\/2011\/03\/04\/ld-ne-mz-kumtese-vrasja-ne-frankfurt\/\" \/>\n<meta property=\"og:site_name\" content=\"Lajme nga Ulqini\" \/>\n<meta property=\"article:published_time\" content=\"2011-03-04T21:01:27+00:00\" \/>\n<meta property=\"article:modified_time\" content=\"2011-03-04T21:02:17+00:00\" \/>\n<meta property=\"og:image\" content=\"http:\/\/www.visit-ulcinj.com\/blog\/wp-content\/uploads\/2011\/03\/LMneMZ_Kumtes.jpg\" \/>\n<meta name=\"twitter:label1\" content=\"Written by\" \/>\n\t<meta name=\"twitter:data1\" content=\"ulqini\" \/>\n\t<meta name=\"twitter:label2\" content=\"Est. reading time\" \/>\n\t<meta name=\"twitter:data2\" content=\"1 minute\" \/>\n<script type=\"application\/ld+json\" class=\"yoast-schema-graph\">{\"@context\":\"https:\/\/schema.org\",\"@graph\":[{\"@type\":\"WebSite\",\"@id\":\"https:\/\/www.visit-ulcinj.com\/blog\/#website\",\"url\":\"https:\/\/www.visit-ulcinj.com\/blog\/\",\"name\":\"Lajme nga Ulqini\",\"description\":\"Lajme,Vijesti,Ulqini,Ulqin,Crna Gora,Mali i Zi\",\"potentialAction\":[{\"@type\":\"SearchAction\",\"target\":{\"@type\":\"EntryPoint\",\"urlTemplate\":\"https:\/\/www.visit-ulcinj.com\/blog\/?s={search_term_string}\"},\"query-input\":\"required name=search_term_string\"}],\"inLanguage\":\"en-US\"},{\"@type\":\"ImageObject\",\"inLanguage\":\"en-US\",\"@id\":\"https:\/\/www.visit-ulcinj.com\/blog\/2011\/03\/04\/ld-ne-mz-kumtese-vrasja-ne-frankfurt\/#primaryimage\",\"url\":\"https:\/\/www.visit-ulcinj.com\/blog\/wp-content\/uploads\/2011\/03\/LMneMZ_Kumtes.jpg\",\"contentUrl\":\"https:\/\/www.visit-ulcinj.com\/blog\/wp-content\/uploads\/2011\/03\/LMneMZ_Kumtes.jpg\",\"width\":\"508\",\"height\":\"151\"},{\"@type\":\"WebPage\",\"@id\":\"https:\/\/www.visit-ulcinj.com\/blog\/2011\/03\/04\/ld-ne-mz-kumtese-vrasja-ne-frankfurt\/#webpage\",\"url\":\"https:\/\/www.visit-ulcinj.com\/blog\/2011\/03\/04\/ld-ne-mz-kumtese-vrasja-ne-frankfurt\/\",\"name\":\"LD n\u00eb MZ, Kumtes\u00eb - Vrasja n\u00eb Frankfurt - Lajme nga Ulqini\",\"isPartOf\":{\"@id\":\"https:\/\/www.visit-ulcinj.com\/blog\/#website\"},\"primaryImageOfPage\":{\"@id\":\"https:\/\/www.visit-ulcinj.com\/blog\/2011\/03\/04\/ld-ne-mz-kumtese-vrasja-ne-frankfurt\/#primaryimage\"},\"datePublished\":\"2011-03-04T21:01:27+00:00\",\"dateModified\":\"2011-03-04T21:02:17+00:00\",\"author\":{\"@id\":\"https:\/\/www.visit-ulcinj.com\/blog\/#\/schema\/person\/dcab619c614d3038751c63bc2aadc06d\"},\"description\":\"K u m t e s \u00eb Ngjarja e r\u00ebnd\u00eb, tragjike dhe e sh\u00ebmtuar, q\u00eb ndodhi\u00a0 n\u00eb aeroportin e Frankfurtit, kur nj\u00eb i ri me prejardhje nga Kosova, Arid Uka, vrau dy\",\"breadcrumb\":{\"@id\":\"https:\/\/www.visit-ulcinj.com\/blog\/2011\/03\/04\/ld-ne-mz-kumtese-vrasja-ne-frankfurt\/#breadcrumb\"},\"inLanguage\":\"en-US\",\"potentialAction\":[{\"@type\":\"ReadAction\",\"target\":[\"https:\/\/www.visit-ulcinj.com\/blog\/2011\/03\/04\/ld-ne-mz-kumtese-vrasja-ne-frankfurt\/\"]}]},{\"@type\":\"BreadcrumbList\",\"@id\":\"https:\/\/www.visit-ulcinj.com\/blog\/2011\/03\/04\/ld-ne-mz-kumtese-vrasja-ne-frankfurt\/#breadcrumb\",\"itemListElement\":[{\"@type\":\"ListItem\",\"position\":1,\"name\":\"LD n\u00eb MZ, Kumtes\u00eb &#8211; Vrasja n\u00eb Frankfurt\"}]},{\"@type\":\"Person\",\"@id\":\"https:\/\/www.visit-ulcinj.com\/blog\/#\/schema\/person\/dcab619c614d3038751c63bc2aadc06d\",\"name\":\"ulqini\",\"sameAs\":[\"http:\/\/www.visit-ulcinj.com\"],\"url\":\"https:\/\/www.visit-ulcinj.com\/blog\/author\/admin\/\"}]}<\/script>\n<!-- \/ Yoast SEO plugin. -->","yoast_head_json":{"title":"LD n\u00eb MZ, Kumtes\u00eb - Vrasja n\u00eb Frankfurt - Lajme nga Ulqini","description":"K u m t e s \u00eb Ngjarja e r\u00ebnd\u00eb, tragjike dhe e sh\u00ebmtuar, q\u00eb ndodhi\u00a0 n\u00eb aeroportin e Frankfurtit, kur nj\u00eb i ri me prejardhje nga Kosova, Arid Uka, vrau dy","robots":{"index":"index","follow":"follow","max-snippet":"max-snippet:-1","max-image-preview":"max-image-preview:large","max-video-preview":"max-video-preview:-1"},"canonical":"https:\/\/www.visit-ulcinj.com\/blog\/2011\/03\/04\/ld-ne-mz-kumtese-vrasja-ne-frankfurt\/","og_locale":"en_US","og_type":"article","og_title":"LD n\u00eb MZ, Kumtes\u00eb - Vrasja n\u00eb Frankfurt - Lajme nga Ulqini","og_description":"K u m t e s \u00eb Ngjarja e r\u00ebnd\u00eb, tragjike dhe e sh\u00ebmtuar, q\u00eb ndodhi\u00a0 n\u00eb aeroportin e Frankfurtit, kur nj\u00eb i ri me prejardhje nga Kosova, Arid Uka, vrau dy","og_url":"https:\/\/www.visit-ulcinj.com\/blog\/2011\/03\/04\/ld-ne-mz-kumtese-vrasja-ne-frankfurt\/","og_site_name":"Lajme nga Ulqini","article_published_time":"2011-03-04T21:01:27+00:00","article_modified_time":"2011-03-04T21:02:17+00:00","og_image":[{"url":"http:\/\/www.visit-ulcinj.com\/blog\/wp-content\/uploads\/2011\/03\/LMneMZ_Kumtes.jpg"}],"twitter_misc":{"Written by":"ulqini","Est. reading time":"1 minute"},"schema":{"@context":"https:\/\/schema.org","@graph":[{"@type":"WebSite","@id":"https:\/\/www.visit-ulcinj.com\/blog\/#website","url":"https:\/\/www.visit-ulcinj.com\/blog\/","name":"Lajme nga Ulqini","description":"Lajme,Vijesti,Ulqini,Ulqin,Crna Gora,Mali i Zi","potentialAction":[{"@type":"SearchAction","target":{"@type":"EntryPoint","urlTemplate":"https:\/\/www.visit-ulcinj.com\/blog\/?s={search_term_string}"},"query-input":"required name=search_term_string"}],"inLanguage":"en-US"},{"@type":"ImageObject","inLanguage":"en-US","@id":"https:\/\/www.visit-ulcinj.com\/blog\/2011\/03\/04\/ld-ne-mz-kumtese-vrasja-ne-frankfurt\/#primaryimage","url":"https:\/\/www.visit-ulcinj.com\/blog\/wp-content\/uploads\/2011\/03\/LMneMZ_Kumtes.jpg","contentUrl":"https:\/\/www.visit-ulcinj.com\/blog\/wp-content\/uploads\/2011\/03\/LMneMZ_Kumtes.jpg","width":"508","height":"151"},{"@type":"WebPage","@id":"https:\/\/www.visit-ulcinj.com\/blog\/2011\/03\/04\/ld-ne-mz-kumtese-vrasja-ne-frankfurt\/#webpage","url":"https:\/\/www.visit-ulcinj.com\/blog\/2011\/03\/04\/ld-ne-mz-kumtese-vrasja-ne-frankfurt\/","name":"LD n\u00eb MZ, Kumtes\u00eb - Vrasja n\u00eb Frankfurt - Lajme nga Ulqini","isPartOf":{"@id":"https:\/\/www.visit-ulcinj.com\/blog\/#website"},"primaryImageOfPage":{"@id":"https:\/\/www.visit-ulcinj.com\/blog\/2011\/03\/04\/ld-ne-mz-kumtese-vrasja-ne-frankfurt\/#primaryimage"},"datePublished":"2011-03-04T21:01:27+00:00","dateModified":"2011-03-04T21:02:17+00:00","author":{"@id":"https:\/\/www.visit-ulcinj.com\/blog\/#\/schema\/person\/dcab619c614d3038751c63bc2aadc06d"},"description":"K u m t e s \u00eb Ngjarja e r\u00ebnd\u00eb, tragjike dhe e sh\u00ebmtuar, q\u00eb ndodhi\u00a0 n\u00eb aeroportin e Frankfurtit, kur nj\u00eb i ri me prejardhje nga Kosova, Arid Uka, vrau dy","breadcrumb":{"@id":"https:\/\/www.visit-ulcinj.com\/blog\/2011\/03\/04\/ld-ne-mz-kumtese-vrasja-ne-frankfurt\/#breadcrumb"},"inLanguage":"en-US","potentialAction":[{"@type":"ReadAction","target":["https:\/\/www.visit-ulcinj.com\/blog\/2011\/03\/04\/ld-ne-mz-kumtese-vrasja-ne-frankfurt\/"]}]},{"@type":"BreadcrumbList","@id":"https:\/\/www.visit-ulcinj.com\/blog\/2011\/03\/04\/ld-ne-mz-kumtese-vrasja-ne-frankfurt\/#breadcrumb","itemListElement":[{"@type":"ListItem","position":1,"name":"LD n\u00eb MZ, Kumtes\u00eb &#8211; Vrasja n\u00eb Frankfurt"}]},{"@type":"Person","@id":"https:\/\/www.visit-ulcinj.com\/blog\/#\/schema\/person\/dcab619c614d3038751c63bc2aadc06d","name":"ulqini","sameAs":["http:\/\/www.visit-ulcinj.com"],"url":"https:\/\/www.visit-ulcinj.com\/blog\/author\/admin\/"}]}},"jetpack_featured_media_url":"","jetpack_sharing_enabled":true,"jetpack_shortlink":"https:\/\/wp.me\/pe6lTn-bwk","_links":{"self":[{"href":"https:\/\/www.visit-ulcinj.com\/blog\/wp-json\/wp\/v2\/posts\/44288"}],"collection":[{"href":"https:\/\/www.visit-ulcinj.com\/blog\/wp-json\/wp\/v2\/posts"}],"about":[{"href":"https:\/\/www.visit-ulcinj.com\/blog\/wp-json\/wp\/v2\/types\/post"}],"author":[{"embeddable":true,"href":"https:\/\/www.visit-ulcinj.com\/blog\/wp-json\/wp\/v2\/users\/1"}],"replies":[{"embeddable":true,"href":"https:\/\/www.visit-ulcinj.com\/blog\/wp-json\/wp\/v2\/comments?post=44288"}],"version-history":[{"count":1,"href":"https:\/\/www.visit-ulcinj.com\/blog\/wp-json\/wp\/v2\/posts\/44288\/revisions"}],"predecessor-version":[{"id":67818,"href":"https:\/\/www.visit-ulcinj.com\/blog\/wp-json\/wp\/v2\/posts\/44288\/revisions\/67818"}],"wp:attachment":[{"href":"https:\/\/www.visit-ulcinj.com\/blog\/wp-json\/wp\/v2\/media?parent=44288"}],"wp:term":[{"taxonomy":"category","embeddable":true,"href":"https:\/\/www.visit-ulcinj.com\/blog\/wp-json\/wp\/v2\/categories?post=44288"},{"taxonomy":"post_tag","embeddable":true,"href":"https:\/\/www.visit-ulcinj.com\/blog\/wp-json\/wp\/v2\/tags?post=44288"}],"curies":[{"name":"wp","href":"https:\/\/api.w.org\/{rel}","templated":true}]}}