{"id":443,"date":"2008-02-09T02:42:45","date_gmt":"2008-02-09T07:42:45","guid":{"rendered":"http:\/\/www.visit-ulcinj.com\/blog\/2008\/02\/09\/naredne-sedmice-izlaze-iz-stecaja\/"},"modified":"2008-02-12T14:12:18","modified_gmt":"2008-02-12T19:12:18","slug":"naredne-sedmice-izlaze-iz-stecaja","status":"publish","type":"post","link":"https:\/\/www.visit-ulcinj.com\/blog\/2008\/02\/09\/naredne-sedmice-izlaze-iz-stecaja\/","title":{"rendered":"Naredne sedmice izlaze iz ste?aja"},"content":{"rendered":"<p><a href=\"http:\/\/www.visit-ulcinj.com\/blog\/2008\/01\/27\/ulcinjska-rivijera-procijenjena-na-608-miliona-eura\/ulcinjska-riviera\/\" rel=\"attachment wp-att-303\" title=\"ulcinjska riviera\"><img src=\"http:\/\/www.visit-ulcinj.com\/blog\/wp-content\/uploads\/2008\/01\/top_02.jpg\" alt=\"ulcinjska riviera\" align=\"left\" hspace=\"2\" vspace=\"2\" \/><\/a>Ulcinj &#8211; Hotelsko turisti?ko preduze?e Ulcinjska rivijera zvani?no ?e iza?i iz ste?aja vjerovatno tokom naredne sedmice &#8211; najavio je ju?e ste?ajni upravnik Miomir Jak\u0161i?.<br \/>\nOn je naglasio da je to dogovoreno na nedavnom<!--more--> sastanku u Privrednom sudu u Podgorici sa predstavnicima dr\u017eave i dr\u017eavnih fondova.<br \/>\n&#8211; Dogovoreno je da Privredni sud, vjerovatno tokom naredne sedmice, donese rje\u0161enje o izlasku iz ste?aja budu?i da su se svi uslovi za to stekli jo\u0161 davno. Nakon toga, pristupi?e se pripremama i proceduri za odr\u017eavanje skup\u0161tine akcionara i formiranju istoimenog akcionarskog dru\u0161tva &#8211; kazao je Jak\u0161i? &#8220;Vijestima&#8221; u telefonskom razgovoru.<br \/>\nOn je naglasio da bi skup\u0161tina trebalo da bude odr\u017eana u periodu od 60 do 90 dana od zvani?nog izlaska iz ste?aja &#8220;jer je tehni?ki neizvodljivo ranije&#8221;.<br \/>\nJak\u0161i? je kazao da je za vrijeme ste?aja preduze?e funkcionisalo posti\u017eu?i odli?ne poslovne rezultate i maksimalno ?uvaju?i kapital.<br \/>\n&#8211; To potvr?uje i nova procjena firme prema kojoj Ulcinjska rivijera sada vrijedi 62 miliona eura, dok su istovremeno izmirene sve obaveze prema dobavlja?ima, dr\u017eavi i radnicima &#8211; kazao je Jak\u0161i?.<br \/>\nUlcinjska rivijera od imovine sada posjeduje hotele Olimpik i Belvi, kampove Neptun i Safari, objekte na Adi, veliki magacin i jo\u0161 neke prostore.<br \/>\nJak\u0161i? je istakao da zimska sezona u Ulcinjskoj rivijeri proti?e u znaku rekorda.<br \/>\n&#8211; Danas imamo blizu 260 gostiju, mahom sportista, a zbog maksimalno iskori\u0161?enog kapaciteta u Olimpiku, fudbalere Sutjeske morali smo da smjestimo u Cer, depadansu hotela Belvi. Vjerujem da ?e biti takva popunjenost do po?etka marta i zato ve? sada mogu da ka\u017eem da ?emo ovog mjeseca zabilje\u017eiti rekord &#8211; kazao je Jak\u0161i?. On je dodao da je Ulcinjska rivijera zimski hit na Crnogorskom primorju \u0161to potvr?uju broj i imena ekipa koje su na pripremama.<\/p>\n<p>S.A<\/p>\n","protected":false},"excerpt":{"rendered":"<p><img src=\"http:\/\/www.visit-ulcinj.com\/blog\/wp-content\/uploads\/2008\/01\/top_02.jpg\" alt=\"ulcinjska riviera\"  witdh=\"140\" height=\"140\"\/> <\/p>\n","protected":false},"author":1,"featured_media":0,"comment_status":"open","ping_status":"closed","sticky":false,"template":"","format":"standard","meta":{"spay_email":"","jetpack_publicize_message":"","jetpack_is_tweetstorm":false,"jetpack_publicize_feature_enabled":true},"categories":[15],"tags":[],"jetpack_publicize_connections":[],"yoast_head":"<!-- This site is optimized with the Yoast SEO plugin v19.1 - https:\/\/yoast.com\/wordpress\/plugins\/seo\/ -->\n<title>Naredne sedmice izlaze iz ste?aja - Lajme nga Ulqini<\/title>\n<meta name=\"robots\" content=\"index, follow, max-snippet:-1, max-image-preview:large, max-video-preview:-1\" \/>\n<link rel=\"canonical\" href=\"https:\/\/www.visit-ulcinj.com\/blog\/2008\/02\/09\/naredne-sedmice-izlaze-iz-stecaja\/\" \/>\n<meta property=\"og:locale\" content=\"en_US\" \/>\n<meta property=\"og:type\" content=\"article\" \/>\n<meta property=\"og:title\" content=\"Naredne sedmice izlaze iz ste?aja - Lajme nga Ulqini\" \/>\n<meta property=\"og:url\" content=\"https:\/\/www.visit-ulcinj.com\/blog\/2008\/02\/09\/naredne-sedmice-izlaze-iz-stecaja\/\" \/>\n<meta property=\"og:site_name\" content=\"Lajme nga Ulqini\" \/>\n<meta property=\"article:published_time\" content=\"2008-02-09T07:42:45+00:00\" \/>\n<meta property=\"article:modified_time\" content=\"2008-02-12T19:12:18+00:00\" \/>\n<meta property=\"og:image\" content=\"http:\/\/www.visit-ulcinj.com\/blog\/wp-content\/uploads\/2008\/01\/top_02.jpg\" \/>\n<meta name=\"twitter:label1\" content=\"Written by\" \/>\n\t<meta name=\"twitter:data1\" content=\"ulqini\" \/>\n\t<meta name=\"twitter:label2\" content=\"Est. reading time\" \/>\n\t<meta name=\"twitter:data2\" content=\"2 minutes\" \/>\n<script type=\"application\/ld+json\" class=\"yoast-schema-graph\">{\"@context\":\"https:\/\/schema.org\",\"@graph\":[{\"@type\":\"WebSite\",\"@id\":\"https:\/\/www.visit-ulcinj.com\/blog\/#website\",\"url\":\"https:\/\/www.visit-ulcinj.com\/blog\/\",\"name\":\"Lajme nga Ulqini\",\"description\":\"Lajme,Vijesti,Ulqini,Ulqin,Crna Gora,Mali i Zi\",\"potentialAction\":[{\"@type\":\"SearchAction\",\"target\":{\"@type\":\"EntryPoint\",\"urlTemplate\":\"https:\/\/www.visit-ulcinj.com\/blog\/?s={search_term_string}\"},\"query-input\":\"required name=search_term_string\"}],\"inLanguage\":\"en-US\"},{\"@type\":\"ImageObject\",\"inLanguage\":\"en-US\",\"@id\":\"https:\/\/www.visit-ulcinj.com\/blog\/2008\/02\/09\/naredne-sedmice-izlaze-iz-stecaja\/#primaryimage\",\"url\":\"http:\/\/www.visit-ulcinj.com\/blog\/wp-content\/uploads\/2008\/01\/top_02.jpg\",\"contentUrl\":\"http:\/\/www.visit-ulcinj.com\/blog\/wp-content\/uploads\/2008\/01\/top_02.jpg\"},{\"@type\":\"WebPage\",\"@id\":\"https:\/\/www.visit-ulcinj.com\/blog\/2008\/02\/09\/naredne-sedmice-izlaze-iz-stecaja\/#webpage\",\"url\":\"https:\/\/www.visit-ulcinj.com\/blog\/2008\/02\/09\/naredne-sedmice-izlaze-iz-stecaja\/\",\"name\":\"Naredne sedmice izlaze iz ste?aja - Lajme nga Ulqini\",\"isPartOf\":{\"@id\":\"https:\/\/www.visit-ulcinj.com\/blog\/#website\"},\"primaryImageOfPage\":{\"@id\":\"https:\/\/www.visit-ulcinj.com\/blog\/2008\/02\/09\/naredne-sedmice-izlaze-iz-stecaja\/#primaryimage\"},\"datePublished\":\"2008-02-09T07:42:45+00:00\",\"dateModified\":\"2008-02-12T19:12:18+00:00\",\"author\":{\"@id\":\"https:\/\/www.visit-ulcinj.com\/blog\/#\/schema\/person\/dcab619c614d3038751c63bc2aadc06d\"},\"breadcrumb\":{\"@id\":\"https:\/\/www.visit-ulcinj.com\/blog\/2008\/02\/09\/naredne-sedmice-izlaze-iz-stecaja\/#breadcrumb\"},\"inLanguage\":\"en-US\",\"potentialAction\":[{\"@type\":\"ReadAction\",\"target\":[\"https:\/\/www.visit-ulcinj.com\/blog\/2008\/02\/09\/naredne-sedmice-izlaze-iz-stecaja\/\"]}]},{\"@type\":\"BreadcrumbList\",\"@id\":\"https:\/\/www.visit-ulcinj.com\/blog\/2008\/02\/09\/naredne-sedmice-izlaze-iz-stecaja\/#breadcrumb\",\"itemListElement\":[{\"@type\":\"ListItem\",\"position\":1,\"name\":\"Naredne sedmice izlaze iz ste?aja\"}]},{\"@type\":\"Person\",\"@id\":\"https:\/\/www.visit-ulcinj.com\/blog\/#\/schema\/person\/dcab619c614d3038751c63bc2aadc06d\",\"name\":\"ulqini\",\"sameAs\":[\"http:\/\/www.visit-ulcinj.com\"],\"url\":\"https:\/\/www.visit-ulcinj.com\/blog\/author\/admin\/\"}]}<\/script>\n<!-- \/ Yoast SEO plugin. -->","yoast_head_json":{"title":"Naredne sedmice izlaze iz ste?aja - Lajme nga Ulqini","robots":{"index":"index","follow":"follow","max-snippet":"max-snippet:-1","max-image-preview":"max-image-preview:large","max-video-preview":"max-video-preview:-1"},"canonical":"https:\/\/www.visit-ulcinj.com\/blog\/2008\/02\/09\/naredne-sedmice-izlaze-iz-stecaja\/","og_locale":"en_US","og_type":"article","og_title":"Naredne sedmice izlaze iz ste?aja - Lajme nga Ulqini","og_url":"https:\/\/www.visit-ulcinj.com\/blog\/2008\/02\/09\/naredne-sedmice-izlaze-iz-stecaja\/","og_site_name":"Lajme nga Ulqini","article_published_time":"2008-02-09T07:42:45+00:00","article_modified_time":"2008-02-12T19:12:18+00:00","og_image":[{"url":"http:\/\/www.visit-ulcinj.com\/blog\/wp-content\/uploads\/2008\/01\/top_02.jpg"}],"twitter_misc":{"Written by":"ulqini","Est. reading time":"2 minutes"},"schema":{"@context":"https:\/\/schema.org","@graph":[{"@type":"WebSite","@id":"https:\/\/www.visit-ulcinj.com\/blog\/#website","url":"https:\/\/www.visit-ulcinj.com\/blog\/","name":"Lajme nga Ulqini","description":"Lajme,Vijesti,Ulqini,Ulqin,Crna Gora,Mali i Zi","potentialAction":[{"@type":"SearchAction","target":{"@type":"EntryPoint","urlTemplate":"https:\/\/www.visit-ulcinj.com\/blog\/?s={search_term_string}"},"query-input":"required name=search_term_string"}],"inLanguage":"en-US"},{"@type":"ImageObject","inLanguage":"en-US","@id":"https:\/\/www.visit-ulcinj.com\/blog\/2008\/02\/09\/naredne-sedmice-izlaze-iz-stecaja\/#primaryimage","url":"http:\/\/www.visit-ulcinj.com\/blog\/wp-content\/uploads\/2008\/01\/top_02.jpg","contentUrl":"http:\/\/www.visit-ulcinj.com\/blog\/wp-content\/uploads\/2008\/01\/top_02.jpg"},{"@type":"WebPage","@id":"https:\/\/www.visit-ulcinj.com\/blog\/2008\/02\/09\/naredne-sedmice-izlaze-iz-stecaja\/#webpage","url":"https:\/\/www.visit-ulcinj.com\/blog\/2008\/02\/09\/naredne-sedmice-izlaze-iz-stecaja\/","name":"Naredne sedmice izlaze iz ste?aja - Lajme nga Ulqini","isPartOf":{"@id":"https:\/\/www.visit-ulcinj.com\/blog\/#website"},"primaryImageOfPage":{"@id":"https:\/\/www.visit-ulcinj.com\/blog\/2008\/02\/09\/naredne-sedmice-izlaze-iz-stecaja\/#primaryimage"},"datePublished":"2008-02-09T07:42:45+00:00","dateModified":"2008-02-12T19:12:18+00:00","author":{"@id":"https:\/\/www.visit-ulcinj.com\/blog\/#\/schema\/person\/dcab619c614d3038751c63bc2aadc06d"},"breadcrumb":{"@id":"https:\/\/www.visit-ulcinj.com\/blog\/2008\/02\/09\/naredne-sedmice-izlaze-iz-stecaja\/#breadcrumb"},"inLanguage":"en-US","potentialAction":[{"@type":"ReadAction","target":["https:\/\/www.visit-ulcinj.com\/blog\/2008\/02\/09\/naredne-sedmice-izlaze-iz-stecaja\/"]}]},{"@type":"BreadcrumbList","@id":"https:\/\/www.visit-ulcinj.com\/blog\/2008\/02\/09\/naredne-sedmice-izlaze-iz-stecaja\/#breadcrumb","itemListElement":[{"@type":"ListItem","position":1,"name":"Naredne sedmice izlaze iz ste?aja"}]},{"@type":"Person","@id":"https:\/\/www.visit-ulcinj.com\/blog\/#\/schema\/person\/dcab619c614d3038751c63bc2aadc06d","name":"ulqini","sameAs":["http:\/\/www.visit-ulcinj.com"],"url":"https:\/\/www.visit-ulcinj.com\/blog\/author\/admin\/"}]}},"jetpack_featured_media_url":"","jetpack_sharing_enabled":true,"jetpack_shortlink":"https:\/\/wp.me\/pe6lTn-79","_links":{"self":[{"href":"https:\/\/www.visit-ulcinj.com\/blog\/wp-json\/wp\/v2\/posts\/443"}],"collection":[{"href":"https:\/\/www.visit-ulcinj.com\/blog\/wp-json\/wp\/v2\/posts"}],"about":[{"href":"https:\/\/www.visit-ulcinj.com\/blog\/wp-json\/wp\/v2\/types\/post"}],"author":[{"embeddable":true,"href":"https:\/\/www.visit-ulcinj.com\/blog\/wp-json\/wp\/v2\/users\/1"}],"replies":[{"embeddable":true,"href":"https:\/\/www.visit-ulcinj.com\/blog\/wp-json\/wp\/v2\/comments?post=443"}],"version-history":[{"count":0,"href":"https:\/\/www.visit-ulcinj.com\/blog\/wp-json\/wp\/v2\/posts\/443\/revisions"}],"wp:attachment":[{"href":"https:\/\/www.visit-ulcinj.com\/blog\/wp-json\/wp\/v2\/media?parent=443"}],"wp:term":[{"taxonomy":"category","embeddable":true,"href":"https:\/\/www.visit-ulcinj.com\/blog\/wp-json\/wp\/v2\/categories?post=443"},{"taxonomy":"post_tag","embeddable":true,"href":"https:\/\/www.visit-ulcinj.com\/blog\/wp-json\/wp\/v2\/tags?post=443"}],"curies":[{"name":"wp","href":"https:\/\/api.w.org\/{rel}","templated":true}]}}