{"id":44300,"date":"2011-03-05T08:52:17","date_gmt":"2011-03-05T07:52:17","guid":{"rendered":"http:\/\/www.visit-ulcinj.com\/blog\/?p=44300"},"modified":"2011-03-05T09:04:35","modified_gmt":"2011-03-05T08:04:35","slug":"crnogorci-zovu-srpske-turiste","status":"publish","type":"post","link":"https:\/\/www.visit-ulcinj.com\/blog\/2011\/03\/05\/crnogorci-zovu-srpske-turiste\/","title":{"rendered":"Crnogorci zovu srpske turiste"},"content":{"rendered":"<p><a href=\"http:\/\/www.visit-ulcinj.com\/blog\/wp-content\/uploads\/2011\/03\/Turisticka-organizacija-Crne-Gore.jpg\"><img loading=\"lazy\" class=\"alignleft size-full wp-image-44301\" title=\"Turisticka organizacija Crne Gore\" src=\"http:\/\/www.visit-ulcinj.com\/blog\/wp-content\/uploads\/2011\/03\/Turisticka-organizacija-Crne-Gore.jpg\" alt=\"\" width=\"508\" height=\"380\" \/><\/a>Turisti\u010dka organizacija Crne Gore i hotelska grupa &#8220;Budvanska rivijera\u201c pozvali su turiste iz Srbije da i ove godine letuju na crnogorskom primorju. Ministar turizma Crne Gore Predrag Sekuli\u0107 po\u017eeleo je dobrodo\u0161licu svima koji ove godine nameravaju da se odmaraju u Crnoj Gori. Turisti\u010dka sezona Crne Gore zabele\u017eila je rekordne rezultate, uprkos ekonomskoj krizi koja je kulminirala pro\u0161le godine.<\/p>\n<p>Najbolji pokazatelj je promet iz jula i avgusta koji je prema\u0161io rezultate ostvarene u 2008, koja je do tad bila rekordna. Za jedanaest meseci 2010. Crnu Goru je posetilo vi\u0161e od 1,2 miliona turista, \u0161to je pet odsto vi\u0161e u odnosu na isti period prethodne godine. Realizovano je oko osam miliona no\u0107enja, odnosno \u0161est odsto vi\u0161e u odnosu na isti period pro\u0161le godine. Dostupni podaci za prvih 10 meseci 2010. pokazuju da je turisti\u010dka privreda Crne Gore prihodovala 627 miliona evra, \u0161to je tako\u0111e \u0161est odsto vi\u0161e nego 2009. godine u istom periodu.<\/p>\n<p>U Crnoj Gori posluje 300 hotela sa oko 40.000 le\u017eajeva koji su kategorisani i klasifikovani u skladu sa najstro\u017eijim me\u0111unarodnim standardima. Tokom prethodne godine, i pored jo\u0161 uvek postoje\u0107ih negativnih uticaja svetske krize, otvorena su 32 nova, mala hotela, sa oko 1.300 kreveta. Crna Gora je, sa oko dve milijarde vrednim projektima &#8211; Aman Sveti Stefan, Porto Montenegro i Lu\u0161tica, na prvom mestu po investicijama u turizmu po glavi stanovnika.<\/p>\n<p>Projekat valorizacije poluostrva Lu\u0161tica jedan je od najkompleksinijih i najve\u0107ih. Egipatska kompanija Oraskom \u0107e na oko sedam miliona kvadrata na ovom poluostrvu za 12 godina izgraditi veliki turisti\u010dki kompleks u kojem \u0107e biti osam hotela sa 3.300 soba, 700 vila, 600 apartmana.<\/p>\n<p>Oko 60 odsto kapaciteta \u0107e biti u hotelskom sme\u0161taju i bi\u0107e izgra\u0111eni golf tereni, marina, mali centar sa barovima, restoranima, \u0161kolom, klinikom, a prva faza projekta treba da bude okon\u010dana za \u010detiri godine.<\/p>\n<p><strong>Tanjug<br \/>\n[flv width=&#8221;508&#8243; height=&#8221;380&#8243;]http:\/\/videooglasi.net\/video-file-280.m4v[\/flv]<\/strong><br \/>\n<span style=\"color: #ffffff;\">Beograd, Valjevo ,Vranje, Zaje\u010dar, Zrenjanin ,Jagodina, Kragujevac, Kraljevo, Kru\u0161evac ,Leskovac, Loznica, Ni\u0161 ,Novi PazarNovi Sad, Pan\u010devo, Po\u017earevac, Smederevo, <span style=\"text-decoration: underline;\">Sombor,<\/span> Subotica ,U\u017eice ,\u010ca\u010dak, \u0160abac ,Bor,Apatin,Vrsac,<\/span> ,<\/p>\n","protected":false},"excerpt":{"rendered":"<p>Turisti\u010dka organizacija Crne Gore i hotelska grupa &#8220;Budvanska rivijera\u201c pozvali su turiste iz Srbije da i ove godine letuju na crnogorskom primorju. Ministar turizma Crne Gore Predrag Sekuli\u0107 po\u017eeleo je dobrodo\u0161licu svima koji ove godine nameravaju da se odmaraju u Crnoj Gori. Turisti\u010dka sezona Crne Gore zabele\u017eila je rekordne rezultate, uprkos ekonomskoj krizi koja je [&hellip;]<\/p>\n","protected":false},"author":1,"featured_media":0,"comment_status":"open","ping_status":"closed","sticky":false,"template":"","format":"standard","meta":{"spay_email":"","jetpack_publicize_message":"","jetpack_is_tweetstorm":false,"jetpack_publicize_feature_enabled":true},"categories":[8337],"tags":[4032,748,3520,10353,10349,21,10342,1789,17589,17590,3967,10351,10348,1924,2440,10350,10343,3523,79,10352,10345,17591,17588,1642,3527,11262,10347,10346,9581,1334,17587,3696,19,11049,1923,10344],"jetpack_publicize_connections":[],"yoast_head":"<!-- This site is optimized with the Yoast SEO plugin v19.1 - https:\/\/yoast.com\/wordpress\/plugins\/seo\/ -->\n<title>Crnogorci zovu srpske turiste - Lajme nga Ulqini<\/title>\n<meta name=\"description\" content=\"Turisti\u010dka organizacija Crne Gore i hotelska grupa &quot;Budvanska rivijera\u201c pozvali su turiste iz Srbije da i ove godine letuju na crnogorskom primorju.\" \/>\n<meta name=\"robots\" content=\"index, follow, max-snippet:-1, max-image-preview:large, max-video-preview:-1\" \/>\n<link rel=\"canonical\" href=\"https:\/\/www.visit-ulcinj.com\/blog\/2011\/03\/05\/crnogorci-zovu-srpske-turiste\/\" \/>\n<meta property=\"og:locale\" content=\"en_US\" \/>\n<meta property=\"og:type\" content=\"article\" \/>\n<meta property=\"og:title\" content=\"Crnogorci zovu srpske turiste - Lajme nga Ulqini\" \/>\n<meta property=\"og:description\" content=\"Turisti\u010dka organizacija Crne Gore i hotelska grupa &quot;Budvanska rivijera\u201c pozvali su turiste iz Srbije da i ove godine letuju na crnogorskom primorju.\" \/>\n<meta property=\"og:url\" content=\"https:\/\/www.visit-ulcinj.com\/blog\/2011\/03\/05\/crnogorci-zovu-srpske-turiste\/\" \/>\n<meta property=\"og:site_name\" content=\"Lajme nga Ulqini\" \/>\n<meta property=\"article:published_time\" content=\"2011-03-05T07:52:17+00:00\" \/>\n<meta property=\"article:modified_time\" content=\"2011-03-05T08:04:35+00:00\" \/>\n<meta property=\"og:image\" content=\"http:\/\/www.visit-ulcinj.com\/blog\/wp-content\/uploads\/2011\/03\/Turisticka-organizacija-Crne-Gore.jpg\" \/>\n<meta name=\"twitter:label1\" content=\"Written by\" \/>\n\t<meta name=\"twitter:data1\" content=\"ulqini\" \/>\n\t<meta name=\"twitter:label2\" content=\"Est. reading time\" \/>\n\t<meta name=\"twitter:data2\" content=\"2 minutes\" \/>\n<script type=\"application\/ld+json\" class=\"yoast-schema-graph\">{\"@context\":\"https:\/\/schema.org\",\"@graph\":[{\"@type\":\"WebSite\",\"@id\":\"https:\/\/www.visit-ulcinj.com\/blog\/#website\",\"url\":\"https:\/\/www.visit-ulcinj.com\/blog\/\",\"name\":\"Lajme nga Ulqini\",\"description\":\"Lajme,Vijesti,Ulqini,Ulqin,Crna Gora,Mali i Zi\",\"potentialAction\":[{\"@type\":\"SearchAction\",\"target\":{\"@type\":\"EntryPoint\",\"urlTemplate\":\"https:\/\/www.visit-ulcinj.com\/blog\/?s={search_term_string}\"},\"query-input\":\"required name=search_term_string\"}],\"inLanguage\":\"en-US\"},{\"@type\":\"ImageObject\",\"inLanguage\":\"en-US\",\"@id\":\"https:\/\/www.visit-ulcinj.com\/blog\/2011\/03\/05\/crnogorci-zovu-srpske-turiste\/#primaryimage\",\"url\":\"https:\/\/www.visit-ulcinj.com\/blog\/wp-content\/uploads\/2011\/03\/Turisticka-organizacija-Crne-Gore.jpg\",\"contentUrl\":\"https:\/\/www.visit-ulcinj.com\/blog\/wp-content\/uploads\/2011\/03\/Turisticka-organizacija-Crne-Gore.jpg\",\"width\":\"640\",\"height\":\"396\"},{\"@type\":\"WebPage\",\"@id\":\"https:\/\/www.visit-ulcinj.com\/blog\/2011\/03\/05\/crnogorci-zovu-srpske-turiste\/#webpage\",\"url\":\"https:\/\/www.visit-ulcinj.com\/blog\/2011\/03\/05\/crnogorci-zovu-srpske-turiste\/\",\"name\":\"Crnogorci zovu srpske turiste - Lajme nga Ulqini\",\"isPartOf\":{\"@id\":\"https:\/\/www.visit-ulcinj.com\/blog\/#website\"},\"primaryImageOfPage\":{\"@id\":\"https:\/\/www.visit-ulcinj.com\/blog\/2011\/03\/05\/crnogorci-zovu-srpske-turiste\/#primaryimage\"},\"datePublished\":\"2011-03-05T07:52:17+00:00\",\"dateModified\":\"2011-03-05T08:04:35+00:00\",\"author\":{\"@id\":\"https:\/\/www.visit-ulcinj.com\/blog\/#\/schema\/person\/dcab619c614d3038751c63bc2aadc06d\"},\"description\":\"Turisti\u010dka organizacija Crne Gore i hotelska grupa \\\"Budvanska rivijera\u201c pozvali su turiste iz Srbije da i ove godine letuju na crnogorskom primorju.\",\"breadcrumb\":{\"@id\":\"https:\/\/www.visit-ulcinj.com\/blog\/2011\/03\/05\/crnogorci-zovu-srpske-turiste\/#breadcrumb\"},\"inLanguage\":\"en-US\",\"potentialAction\":[{\"@type\":\"ReadAction\",\"target\":[\"https:\/\/www.visit-ulcinj.com\/blog\/2011\/03\/05\/crnogorci-zovu-srpske-turiste\/\"]}]},{\"@type\":\"BreadcrumbList\",\"@id\":\"https:\/\/www.visit-ulcinj.com\/blog\/2011\/03\/05\/crnogorci-zovu-srpske-turiste\/#breadcrumb\",\"itemListElement\":[{\"@type\":\"ListItem\",\"position\":1,\"name\":\"Crnogorci zovu srpske turiste\"}]},{\"@type\":\"Person\",\"@id\":\"https:\/\/www.visit-ulcinj.com\/blog\/#\/schema\/person\/dcab619c614d3038751c63bc2aadc06d\",\"name\":\"ulqini\",\"sameAs\":[\"http:\/\/www.visit-ulcinj.com\"],\"url\":\"https:\/\/www.visit-ulcinj.com\/blog\/author\/admin\/\"}]}<\/script>\n<!-- \/ Yoast SEO plugin. -->","yoast_head_json":{"title":"Crnogorci zovu srpske turiste - Lajme nga Ulqini","description":"Turisti\u010dka organizacija Crne Gore i hotelska grupa \"Budvanska rivijera\u201c pozvali su turiste iz Srbije da i ove godine letuju na crnogorskom primorju.","robots":{"index":"index","follow":"follow","max-snippet":"max-snippet:-1","max-image-preview":"max-image-preview:large","max-video-preview":"max-video-preview:-1"},"canonical":"https:\/\/www.visit-ulcinj.com\/blog\/2011\/03\/05\/crnogorci-zovu-srpske-turiste\/","og_locale":"en_US","og_type":"article","og_title":"Crnogorci zovu srpske turiste - Lajme nga Ulqini","og_description":"Turisti\u010dka organizacija Crne Gore i hotelska grupa \"Budvanska rivijera\u201c pozvali su turiste iz Srbije da i ove godine letuju na crnogorskom primorju.","og_url":"https:\/\/www.visit-ulcinj.com\/blog\/2011\/03\/05\/crnogorci-zovu-srpske-turiste\/","og_site_name":"Lajme nga Ulqini","article_published_time":"2011-03-05T07:52:17+00:00","article_modified_time":"2011-03-05T08:04:35+00:00","og_image":[{"url":"http:\/\/www.visit-ulcinj.com\/blog\/wp-content\/uploads\/2011\/03\/Turisticka-organizacija-Crne-Gore.jpg"}],"twitter_misc":{"Written by":"ulqini","Est. reading time":"2 minutes"},"schema":{"@context":"https:\/\/schema.org","@graph":[{"@type":"WebSite","@id":"https:\/\/www.visit-ulcinj.com\/blog\/#website","url":"https:\/\/www.visit-ulcinj.com\/blog\/","name":"Lajme nga Ulqini","description":"Lajme,Vijesti,Ulqini,Ulqin,Crna Gora,Mali i Zi","potentialAction":[{"@type":"SearchAction","target":{"@type":"EntryPoint","urlTemplate":"https:\/\/www.visit-ulcinj.com\/blog\/?s={search_term_string}"},"query-input":"required name=search_term_string"}],"inLanguage":"en-US"},{"@type":"ImageObject","inLanguage":"en-US","@id":"https:\/\/www.visit-ulcinj.com\/blog\/2011\/03\/05\/crnogorci-zovu-srpske-turiste\/#primaryimage","url":"https:\/\/www.visit-ulcinj.com\/blog\/wp-content\/uploads\/2011\/03\/Turisticka-organizacija-Crne-Gore.jpg","contentUrl":"https:\/\/www.visit-ulcinj.com\/blog\/wp-content\/uploads\/2011\/03\/Turisticka-organizacija-Crne-Gore.jpg","width":"640","height":"396"},{"@type":"WebPage","@id":"https:\/\/www.visit-ulcinj.com\/blog\/2011\/03\/05\/crnogorci-zovu-srpske-turiste\/#webpage","url":"https:\/\/www.visit-ulcinj.com\/blog\/2011\/03\/05\/crnogorci-zovu-srpske-turiste\/","name":"Crnogorci zovu srpske turiste - Lajme nga Ulqini","isPartOf":{"@id":"https:\/\/www.visit-ulcinj.com\/blog\/#website"},"primaryImageOfPage":{"@id":"https:\/\/www.visit-ulcinj.com\/blog\/2011\/03\/05\/crnogorci-zovu-srpske-turiste\/#primaryimage"},"datePublished":"2011-03-05T07:52:17+00:00","dateModified":"2011-03-05T08:04:35+00:00","author":{"@id":"https:\/\/www.visit-ulcinj.com\/blog\/#\/schema\/person\/dcab619c614d3038751c63bc2aadc06d"},"description":"Turisti\u010dka organizacija Crne Gore i hotelska grupa \"Budvanska rivijera\u201c pozvali su turiste iz Srbije da i ove godine letuju na crnogorskom primorju.","breadcrumb":{"@id":"https:\/\/www.visit-ulcinj.com\/blog\/2011\/03\/05\/crnogorci-zovu-srpske-turiste\/#breadcrumb"},"inLanguage":"en-US","potentialAction":[{"@type":"ReadAction","target":["https:\/\/www.visit-ulcinj.com\/blog\/2011\/03\/05\/crnogorci-zovu-srpske-turiste\/"]}]},{"@type":"BreadcrumbList","@id":"https:\/\/www.visit-ulcinj.com\/blog\/2011\/03\/05\/crnogorci-zovu-srpske-turiste\/#breadcrumb","itemListElement":[{"@type":"ListItem","position":1,"name":"Crnogorci zovu srpske turiste"}]},{"@type":"Person","@id":"https:\/\/www.visit-ulcinj.com\/blog\/#\/schema\/person\/dcab619c614d3038751c63bc2aadc06d","name":"ulqini","sameAs":["http:\/\/www.visit-ulcinj.com"],"url":"https:\/\/www.visit-ulcinj.com\/blog\/author\/admin\/"}]}},"jetpack_featured_media_url":"","jetpack_sharing_enabled":true,"jetpack_shortlink":"https:\/\/wp.me\/pe6lTn-bww","_links":{"self":[{"href":"https:\/\/www.visit-ulcinj.com\/blog\/wp-json\/wp\/v2\/posts\/44300"}],"collection":[{"href":"https:\/\/www.visit-ulcinj.com\/blog\/wp-json\/wp\/v2\/posts"}],"about":[{"href":"https:\/\/www.visit-ulcinj.com\/blog\/wp-json\/wp\/v2\/types\/post"}],"author":[{"embeddable":true,"href":"https:\/\/www.visit-ulcinj.com\/blog\/wp-json\/wp\/v2\/users\/1"}],"replies":[{"embeddable":true,"href":"https:\/\/www.visit-ulcinj.com\/blog\/wp-json\/wp\/v2\/comments?post=44300"}],"version-history":[{"count":0,"href":"https:\/\/www.visit-ulcinj.com\/blog\/wp-json\/wp\/v2\/posts\/44300\/revisions"}],"wp:attachment":[{"href":"https:\/\/www.visit-ulcinj.com\/blog\/wp-json\/wp\/v2\/media?parent=44300"}],"wp:term":[{"taxonomy":"category","embeddable":true,"href":"https:\/\/www.visit-ulcinj.com\/blog\/wp-json\/wp\/v2\/categories?post=44300"},{"taxonomy":"post_tag","embeddable":true,"href":"https:\/\/www.visit-ulcinj.com\/blog\/wp-json\/wp\/v2\/tags?post=44300"}],"curies":[{"name":"wp","href":"https:\/\/api.w.org\/{rel}","templated":true}]}}