{"id":44335,"date":"2011-03-05T21:02:59","date_gmt":"2011-03-05T20:02:59","guid":{"rendered":"http:\/\/www.visit-ulcinj.com\/blog\/?p=44335"},"modified":"2011-03-08T23:10:42","modified_gmt":"2011-03-08T22:10:42","slug":"kajak-regata-na-bojani","status":"publish","type":"post","link":"https:\/\/www.visit-ulcinj.com\/blog\/2011\/03\/05\/kajak-regata-na-bojani\/","title":{"rendered":"Kajak regata na Bojani"},"content":{"rendered":"<p><a href=\"http:\/\/www.visit-ulcinj.com\/blog\/wp-content\/uploads\/2011\/03\/Ekoloska-regata-na-rijeku-Bojanu..jpg\"><img loading=\"lazy\" class=\"alignleft size-full wp-image-44336\" title=\"Ekoloska-regata-na-rijeku-Bojanu.\" src=\"http:\/\/www.visit-ulcinj.com\/blog\/wp-content\/uploads\/2011\/03\/Ekoloska-regata-na-rijeku-Bojanu..jpg\" alt=\"\" width=\"508\" height=\"380\" \/><\/a>U cilju promocije prirodnih, ekolo\u0161kih, kulturnih, turisti\u010dkih i sportsko-rekreativnih potencijala rijeke Bojane, NVO \u201eZeleni korak&#8221;, zajedno sa Turisti\u010dkom organizacijom Ulcinja i kajaka\u0161kim klubom \u201eMora\u010da&#8221; iz Podgorice, planira da, povodom 19 godina od progla\u0161enja Crne Gore ekolo\u0161kom dr\u017eavom, organizuje kajak regatu od mjesta Sveti \u0110or\u0111e, pa do u\u0161\u0107a rijeke Bojane. Prema rije\u010dima predsjednika NVO \u201eZeleni korak&#8221; D\u017eeljala Hod\u017ei\u0107a, regata je planirana za 18. septembar, a o\u010dekuje se da \u0107e na dionici du\u017eine desetak nauti\u010dkih milja u\u010destvovati oko 60 kajaka\u0161a iz Podgorice, Bara i Skadra.<br \/>\n&#8211; Obratili smo nadle\u017enim ministrastvima, JP za upravljanje morskim dobrom, HTP \u201eUlcinjska rivijera&#8221; i lokalnim preduzetnicima da finansiraju, odnosno pomognu realizaciju ove manifestacije. Vjerujem da \u0107e se odazvati na\u0161em pozivu i da \u0107emo uspjeti da sakupimo sredstva za njeno odr\u017eavanje &#8211; kazao je Hod\u017ei\u0107.<br \/>\nOn je dodao to bi bio uvod da se dogodine, kada se bude obilje\u017eavala dvadesetogodi\u0161njica postojanja ekolo\u0161ke dr\u017eave, organizuje me\u0111unarodna regata, od Skadarskog jezera.<br \/>\n&#8211; Pozvali bismo u\u010desnike iz Makedonije, Albanije, BiH, Kosova i Srbije, da u\u010destvuju na tom doga\u0111aju. Predlo\u017ei\u0107emo i novoj vlasti u Ulcinju, \u010dim se bude formirala, da po\u010dne pripreme i lobiranje, da se pomenta dvadesetogodi\u0161njica sve\u010dano obilje\u017ei upravo na krajnjem jugu, u Ulcinju na Adi Bojani, s obzirom da je desetogodi\u0161njica obilje\u017eena na sjeveru Crne Gore odnosno na \u017dabljaku. To bi bila promocija vrijednosti i upoznavanje \u0161ire javnosti sa potencijalom op\u0161tine Ulcinj i ekonomskim razvojem, nadamo se na odr\u017eivim principima, zaklju\u010dio je Hod\u017ei\u0107.<\/p>\n<p><a href=\"http:\/\/www.dan.co.me\/?nivo=3&amp;rubrika=Povodi&amp;datum=2010-08-20&amp;clanak=243529\" target=\"_blank\"><br \/>\n<strong>M.K.<br \/>\nDAN<\/strong><\/a><br \/>\n<!--YouTube Error: bad URL entered--><\/p>\n","protected":false},"excerpt":{"rendered":"<p>U cilju promocije prirodnih, ekolo\u0161kih, kulturnih, turisti\u010dkih i sportsko-rekreativnih potencijala rijeke Bojane, NVO \u201eZeleni korak&#8221;, zajedno sa Turisti\u010dkom organizacijom Ulcinja i kajaka\u0161kim klubom \u201eMora\u010da&#8221; iz Podgorice, planira da, povodom 19 godina od progla\u0161enja Crne Gore ekolo\u0161kom dr\u017eavom, organizuje kajak regatu od mjesta Sveti \u0110or\u0111e, pa do u\u0161\u0107a rijeke Bojane. Prema rije\u010dima predsjednika NVO \u201eZeleni korak&#8221; [&hellip;]<\/p>\n","protected":false},"author":1,"featured_media":0,"comment_status":"open","ping_status":"closed","sticky":false,"template":"","format":"standard","meta":{"spay_email":"","jetpack_publicize_message":"","jetpack_is_tweetstorm":false,"jetpack_publicize_feature_enabled":true},"categories":[8337],"tags":[138,17599,17601,17600,19],"jetpack_publicize_connections":[],"yoast_head":"<!-- This site is optimized with the Yoast SEO plugin v19.1 - https:\/\/yoast.com\/wordpress\/plugins\/seo\/ -->\n<title>Kajak regata na Bojani - Lajme nga Ulqini<\/title>\n<meta name=\"description\" content=\"U cilju promocije prirodnih, ekolo\u0161kih, kulturnih, turisti\u010dkih i sportsko-rekreativnih potencijala rijeke Bojane, NVO \u201eZeleni korak&quot;, zajedno sa\" \/>\n<meta name=\"robots\" content=\"index, follow, max-snippet:-1, max-image-preview:large, max-video-preview:-1\" \/>\n<link rel=\"canonical\" href=\"https:\/\/www.visit-ulcinj.com\/blog\/2011\/03\/05\/kajak-regata-na-bojani\/\" \/>\n<meta property=\"og:locale\" content=\"en_US\" \/>\n<meta property=\"og:type\" content=\"article\" \/>\n<meta property=\"og:title\" content=\"Kajak regata na Bojani - Lajme nga Ulqini\" \/>\n<meta property=\"og:description\" content=\"U cilju promocije prirodnih, ekolo\u0161kih, kulturnih, turisti\u010dkih i sportsko-rekreativnih potencijala rijeke Bojane, NVO \u201eZeleni korak&quot;, zajedno sa\" \/>\n<meta property=\"og:url\" content=\"https:\/\/www.visit-ulcinj.com\/blog\/2011\/03\/05\/kajak-regata-na-bojani\/\" \/>\n<meta property=\"og:site_name\" content=\"Lajme nga Ulqini\" \/>\n<meta property=\"article:published_time\" content=\"2011-03-05T20:02:59+00:00\" \/>\n<meta property=\"article:modified_time\" content=\"2011-03-08T22:10:42+00:00\" \/>\n<meta property=\"og:image\" content=\"http:\/\/www.visit-ulcinj.com\/blog\/wp-content\/uploads\/2011\/03\/Ekoloska-regata-na-rijeku-Bojanu..jpg\" \/>\n<meta name=\"twitter:label1\" content=\"Written by\" \/>\n\t<meta name=\"twitter:data1\" content=\"ulqini\" \/>\n\t<meta name=\"twitter:label2\" content=\"Est. reading time\" \/>\n\t<meta name=\"twitter:data2\" content=\"1 minute\" \/>\n<script type=\"application\/ld+json\" class=\"yoast-schema-graph\">{\"@context\":\"https:\/\/schema.org\",\"@graph\":[{\"@type\":\"WebSite\",\"@id\":\"https:\/\/www.visit-ulcinj.com\/blog\/#website\",\"url\":\"https:\/\/www.visit-ulcinj.com\/blog\/\",\"name\":\"Lajme nga Ulqini\",\"description\":\"Lajme,Vijesti,Ulqini,Ulqin,Crna Gora,Mali i Zi\",\"potentialAction\":[{\"@type\":\"SearchAction\",\"target\":{\"@type\":\"EntryPoint\",\"urlTemplate\":\"https:\/\/www.visit-ulcinj.com\/blog\/?s={search_term_string}\"},\"query-input\":\"required name=search_term_string\"}],\"inLanguage\":\"en-US\"},{\"@type\":\"ImageObject\",\"inLanguage\":\"en-US\",\"@id\":\"https:\/\/www.visit-ulcinj.com\/blog\/2011\/03\/05\/kajak-regata-na-bojani\/#primaryimage\",\"url\":\"https:\/\/www.visit-ulcinj.com\/blog\/wp-content\/uploads\/2011\/03\/Ekoloska-regata-na-rijeku-Bojanu..jpg\",\"contentUrl\":\"https:\/\/www.visit-ulcinj.com\/blog\/wp-content\/uploads\/2011\/03\/Ekoloska-regata-na-rijeku-Bojanu..jpg\",\"width\":\"926\",\"height\":\"630\"},{\"@type\":\"WebPage\",\"@id\":\"https:\/\/www.visit-ulcinj.com\/blog\/2011\/03\/05\/kajak-regata-na-bojani\/#webpage\",\"url\":\"https:\/\/www.visit-ulcinj.com\/blog\/2011\/03\/05\/kajak-regata-na-bojani\/\",\"name\":\"Kajak regata na Bojani - Lajme nga Ulqini\",\"isPartOf\":{\"@id\":\"https:\/\/www.visit-ulcinj.com\/blog\/#website\"},\"primaryImageOfPage\":{\"@id\":\"https:\/\/www.visit-ulcinj.com\/blog\/2011\/03\/05\/kajak-regata-na-bojani\/#primaryimage\"},\"datePublished\":\"2011-03-05T20:02:59+00:00\",\"dateModified\":\"2011-03-08T22:10:42+00:00\",\"author\":{\"@id\":\"https:\/\/www.visit-ulcinj.com\/blog\/#\/schema\/person\/dcab619c614d3038751c63bc2aadc06d\"},\"description\":\"U cilju promocije prirodnih, ekolo\u0161kih, kulturnih, turisti\u010dkih i sportsko-rekreativnih potencijala rijeke Bojane, NVO \u201eZeleni korak\\\", zajedno sa\",\"breadcrumb\":{\"@id\":\"https:\/\/www.visit-ulcinj.com\/blog\/2011\/03\/05\/kajak-regata-na-bojani\/#breadcrumb\"},\"inLanguage\":\"en-US\",\"potentialAction\":[{\"@type\":\"ReadAction\",\"target\":[\"https:\/\/www.visit-ulcinj.com\/blog\/2011\/03\/05\/kajak-regata-na-bojani\/\"]}]},{\"@type\":\"BreadcrumbList\",\"@id\":\"https:\/\/www.visit-ulcinj.com\/blog\/2011\/03\/05\/kajak-regata-na-bojani\/#breadcrumb\",\"itemListElement\":[{\"@type\":\"ListItem\",\"position\":1,\"name\":\"Kajak regata na Bojani\"}]},{\"@type\":\"Person\",\"@id\":\"https:\/\/www.visit-ulcinj.com\/blog\/#\/schema\/person\/dcab619c614d3038751c63bc2aadc06d\",\"name\":\"ulqini\",\"sameAs\":[\"http:\/\/www.visit-ulcinj.com\"],\"url\":\"https:\/\/www.visit-ulcinj.com\/blog\/author\/admin\/\"}]}<\/script>\n<!-- \/ Yoast SEO plugin. -->","yoast_head_json":{"title":"Kajak regata na Bojani - Lajme nga Ulqini","description":"U cilju promocije prirodnih, ekolo\u0161kih, kulturnih, turisti\u010dkih i sportsko-rekreativnih potencijala rijeke Bojane, NVO \u201eZeleni korak\", zajedno sa","robots":{"index":"index","follow":"follow","max-snippet":"max-snippet:-1","max-image-preview":"max-image-preview:large","max-video-preview":"max-video-preview:-1"},"canonical":"https:\/\/www.visit-ulcinj.com\/blog\/2011\/03\/05\/kajak-regata-na-bojani\/","og_locale":"en_US","og_type":"article","og_title":"Kajak regata na Bojani - Lajme nga Ulqini","og_description":"U cilju promocije prirodnih, ekolo\u0161kih, kulturnih, turisti\u010dkih i sportsko-rekreativnih potencijala rijeke Bojane, NVO \u201eZeleni korak\", zajedno sa","og_url":"https:\/\/www.visit-ulcinj.com\/blog\/2011\/03\/05\/kajak-regata-na-bojani\/","og_site_name":"Lajme nga Ulqini","article_published_time":"2011-03-05T20:02:59+00:00","article_modified_time":"2011-03-08T22:10:42+00:00","og_image":[{"url":"http:\/\/www.visit-ulcinj.com\/blog\/wp-content\/uploads\/2011\/03\/Ekoloska-regata-na-rijeku-Bojanu..jpg"}],"twitter_misc":{"Written by":"ulqini","Est. reading time":"1 minute"},"schema":{"@context":"https:\/\/schema.org","@graph":[{"@type":"WebSite","@id":"https:\/\/www.visit-ulcinj.com\/blog\/#website","url":"https:\/\/www.visit-ulcinj.com\/blog\/","name":"Lajme nga Ulqini","description":"Lajme,Vijesti,Ulqini,Ulqin,Crna Gora,Mali i Zi","potentialAction":[{"@type":"SearchAction","target":{"@type":"EntryPoint","urlTemplate":"https:\/\/www.visit-ulcinj.com\/blog\/?s={search_term_string}"},"query-input":"required name=search_term_string"}],"inLanguage":"en-US"},{"@type":"ImageObject","inLanguage":"en-US","@id":"https:\/\/www.visit-ulcinj.com\/blog\/2011\/03\/05\/kajak-regata-na-bojani\/#primaryimage","url":"https:\/\/www.visit-ulcinj.com\/blog\/wp-content\/uploads\/2011\/03\/Ekoloska-regata-na-rijeku-Bojanu..jpg","contentUrl":"https:\/\/www.visit-ulcinj.com\/blog\/wp-content\/uploads\/2011\/03\/Ekoloska-regata-na-rijeku-Bojanu..jpg","width":"926","height":"630"},{"@type":"WebPage","@id":"https:\/\/www.visit-ulcinj.com\/blog\/2011\/03\/05\/kajak-regata-na-bojani\/#webpage","url":"https:\/\/www.visit-ulcinj.com\/blog\/2011\/03\/05\/kajak-regata-na-bojani\/","name":"Kajak regata na Bojani - Lajme nga Ulqini","isPartOf":{"@id":"https:\/\/www.visit-ulcinj.com\/blog\/#website"},"primaryImageOfPage":{"@id":"https:\/\/www.visit-ulcinj.com\/blog\/2011\/03\/05\/kajak-regata-na-bojani\/#primaryimage"},"datePublished":"2011-03-05T20:02:59+00:00","dateModified":"2011-03-08T22:10:42+00:00","author":{"@id":"https:\/\/www.visit-ulcinj.com\/blog\/#\/schema\/person\/dcab619c614d3038751c63bc2aadc06d"},"description":"U cilju promocije prirodnih, ekolo\u0161kih, kulturnih, turisti\u010dkih i sportsko-rekreativnih potencijala rijeke Bojane, NVO \u201eZeleni korak\", zajedno sa","breadcrumb":{"@id":"https:\/\/www.visit-ulcinj.com\/blog\/2011\/03\/05\/kajak-regata-na-bojani\/#breadcrumb"},"inLanguage":"en-US","potentialAction":[{"@type":"ReadAction","target":["https:\/\/www.visit-ulcinj.com\/blog\/2011\/03\/05\/kajak-regata-na-bojani\/"]}]},{"@type":"BreadcrumbList","@id":"https:\/\/www.visit-ulcinj.com\/blog\/2011\/03\/05\/kajak-regata-na-bojani\/#breadcrumb","itemListElement":[{"@type":"ListItem","position":1,"name":"Kajak regata na Bojani"}]},{"@type":"Person","@id":"https:\/\/www.visit-ulcinj.com\/blog\/#\/schema\/person\/dcab619c614d3038751c63bc2aadc06d","name":"ulqini","sameAs":["http:\/\/www.visit-ulcinj.com"],"url":"https:\/\/www.visit-ulcinj.com\/blog\/author\/admin\/"}]}},"jetpack_featured_media_url":"","jetpack_sharing_enabled":true,"jetpack_shortlink":"https:\/\/wp.me\/pe6lTn-bx5","_links":{"self":[{"href":"https:\/\/www.visit-ulcinj.com\/blog\/wp-json\/wp\/v2\/posts\/44335"}],"collection":[{"href":"https:\/\/www.visit-ulcinj.com\/blog\/wp-json\/wp\/v2\/posts"}],"about":[{"href":"https:\/\/www.visit-ulcinj.com\/blog\/wp-json\/wp\/v2\/types\/post"}],"author":[{"embeddable":true,"href":"https:\/\/www.visit-ulcinj.com\/blog\/wp-json\/wp\/v2\/users\/1"}],"replies":[{"embeddable":true,"href":"https:\/\/www.visit-ulcinj.com\/blog\/wp-json\/wp\/v2\/comments?post=44335"}],"version-history":[{"count":0,"href":"https:\/\/www.visit-ulcinj.com\/blog\/wp-json\/wp\/v2\/posts\/44335\/revisions"}],"wp:attachment":[{"href":"https:\/\/www.visit-ulcinj.com\/blog\/wp-json\/wp\/v2\/media?parent=44335"}],"wp:term":[{"taxonomy":"category","embeddable":true,"href":"https:\/\/www.visit-ulcinj.com\/blog\/wp-json\/wp\/v2\/categories?post=44335"},{"taxonomy":"post_tag","embeddable":true,"href":"https:\/\/www.visit-ulcinj.com\/blog\/wp-json\/wp\/v2\/tags?post=44335"}],"curies":[{"name":"wp","href":"https:\/\/api.w.org\/{rel}","templated":true}]}}