{"id":44376,"date":"2011-03-07T08:45:46","date_gmt":"2011-03-07T07:45:46","guid":{"rendered":"http:\/\/www.visit-ulcinj.com\/blog\/?p=44376"},"modified":"2011-03-11T08:47:00","modified_gmt":"2011-03-11T07:47:00","slug":"urimi-juaj-per-7-marsin-%e2%80%93-diten-e-mesuesit","status":"publish","type":"post","link":"https:\/\/www.visit-ulcinj.com\/blog\/2011\/03\/07\/urimi-juaj-per-7-marsin-%e2%80%93-diten-e-mesuesit\/","title":{"rendered":"Urimi juaj p\u00ebr 7 Marsin \u2013 Dit\u00ebn e M\u00ebsuesit"},"content":{"rendered":"<p><a rel=\"attachment wp-att-44377\" href=\"http:\/\/www.visit-ulcinj.com\/blog\/2011\/03\/07\/urimi-juaj-per-7-marsin-%e2%80%93-diten-e-mesuesit\/urime-7-marsin-%e2%80%93-diten-e-mesuesit-_ulqin_ana-malit_ostros_ulqini\/\"><img loading=\"lazy\" class=\"alignleft size-full wp-image-44377\" title=\"Urime 7 Marsin \u2013 Diten e Mesuesit _Ulqin_Ana Malit_Ostros_Ulqini\" src=\"http:\/\/www.visit-ulcinj.com\/blog\/wp-content\/uploads\/2011\/03\/Urime-7-Marsin-\u2013-Diten-e-Mesuesit-_Ulqin_Ana-Malit_Ostros_Ulqini.jpg\" alt=\"\" width=\"508\" height=\"370\" \/><\/a>Dita e M\u00ebsuesit \u00ebsht\u00eb simbolika e p\u00ebrpjekjeve t\u00eb vazhdueshme plot sakrifica p\u00ebr ta pasur at\u00eb q\u00eb na takon dhe p\u00ebr ta ruajtur p\u00ebrjet\u00ebsisht shkoll\u00ebn shqipe n\u00eb Ulqin dhe rethin\u00eb, e cila pati nj\u00eb rrug\u00ebtim t\u00eb v\u00ebshtir\u00eb dhe t\u00eb gjat\u00eb.<br \/>\n\u201cKjo dat\u00eb sh\u00ebnon nj\u00eb dit\u00eb t\u00eb ve\u00e7ant\u00eb dhe t\u00eb r\u00ebnd\u00ebsishme p\u00ebr popullin ton\u00eb e q\u00eb na b\u00ebn t\u00eb kujtojm\u00eb shum\u00eb viktima dhe t\u00eb na sh\u00ebrbej\u00eb p\u00ebr t\u00eb na nxitur e motivuar p\u00ebr pun\u00eb gjithnj\u00eb m\u00eb t\u00eb mir\u00eb e p\u00ebr p\u00ebrgjegj\u00ebsi m\u00eb t\u00eb m\u00ebdha ndaj atyre me t\u00eb cil\u00ebt punojm\u00eb \u2013 nx\u00ebn\u00ebsve, n\u00eb m\u00ebnyr\u00eb q\u00eb mos t`i m\u00ebsojm\u00eb mbrapsht e t\u00eb vuajn\u00eb nga gabimet tona\u201d<\/p>\n<p><strong>Si posedoni ndonji fotografi t\u00eb m\u00ebsuesit t\u00eb juaj t\u00eb asaj kohe ose fotografi nga dita e sotme na dergoni <a href=\"http:\/\/www.facebook.com\/pages\/Lajme-Nga-Ulqini\/143844329234#!\/\" target=\"_blank\">Lajme nga Ulqini Facebook<\/a> dhe ne do i  publikom.<br \/>\nFaliminderit<\/strong><\/p>\n<p><strong>D\u00ebrgoni edhe ju urimin tuaj p\u00ebr m\u00ebsusin&#8230;&#8230;.?!<br \/>\n<a href=\"http:\/\/www.visit-ulcinj.com\/blog\/wp-content\/uploads\/2011\/03\/Urime-7-Marsin-\u2013-Bahri-Milla_Diten-e-Mesuesit-_Ulqin_Ana-Malit_Ostros_Ulqini.jpg\"><img loading=\"lazy\" class=\"alignleft size-full wp-image-44432\" title=\"Urime 7 Marsin \u2013 Bahri Milla_Diten e Mesuesit _Ulqin_Ana Malit_Ostros_Ulqini\" src=\"http:\/\/www.visit-ulcinj.com\/blog\/wp-content\/uploads\/2011\/03\/Urime-7-Marsin-\u2013-Bahri-Milla_Diten-e-Mesuesit-_Ulqin_Ana-Malit_Ostros_Ulqini.jpg\" alt=\"\" width=\"508\" height=\"600\" \/><\/a><\/strong><\/p>\n<p><strong>Bajram Rexha &#8211; personalitet i dalluar i kombit<\/strong><\/p>\n<p>Bajrami u lind n\u00eb fshatin Kllez\u00ebn t\u00eb Sip\u00ebrme t\u00eb An\u00ebs s\u00eb Malit. Jetoi f\u00ebmij\u00ebrin\u00eb n\u00eb nj\u00eb familje t\u00eb nderuar q\u00eb kishte b\u00ebr\u00eb em\u00ebr t\u00eb mir\u00eb dhe g\u00ebzonte respekt nga t\u00eb gjith\u00eb.<\/p>\n<p>Bajrami me shok\u00eb mori rrug\u00ebn e shkollimit, me d\u00ebshir\u00ebn n\u00eb zem\u00ebr p\u00ebr t\u00eb plot\u00ebsuar nevoj\u00ebn e madhe t\u00eb asaj kohe p\u00ebr kuad\u00ebr t\u00eb shkolluar. Shkoll\u00ebn fillore e kreu n\u00eb Kat\u00ebrkoll\u00eb (Vlladimir) nd\u00ebrsa n\u00eb Prishtin\u00eb kreu shkoll\u00ebn e mesme (normalen) dhe Fakultetin filozofik-dega gjuh\u00eb dhe let\u00ebrsi shqipe. Bajrami me shok\u00eb, duke pasur vullnet t\u00eb fort\u00eb p\u00ebr pun\u00eb, disiplin\u00eb dhe vizion p\u00ebr jet\u00ebn, u b\u00ebn\u00eb shembull i kap\u00ebrcimit t\u00eb v\u00ebshtir\u00ebsive ekonomike n\u00eb shkollim. Rrug\u00ebn e tyre e ndoq\u00ebn edhe t\u00eb tjer\u00ebt , duke e arsyetuar sakrific\u00ebn e prind\u00ebrve dhe ndihm\u00ebn e shoq\u00ebris\u00eb. T\u00ebr\u00eb jet\u00ebn, pun\u00ebn dhe aktivitetin e tij, Bajrami e orientoi n\u00eb tri fusha t\u00eb pandara: n\u00eb fush\u00ebn e arsimit, kultur\u00ebs dhe atdhetarizmit.<\/p>\n<p>Personalitet i arsimit-Pun\u00ebn edukativo-arsimore e filloi n\u00eb vitin shkollor 1955\\56 n\u00eb shkoll\u00ebn fillore n\u00eb Kat\u00ebrkoll\u00eb si m\u00ebsues i gjuh\u00ebs dhe let\u00ebrsis\u00eb shqipe. Posedonte aft\u00ebsi t\u00eb jasht\u00ebzakonshme p\u00ebr zbatimin e an\u00ebs ideore t\u00eb procesit m\u00ebsimor. Punonte shum\u00eb me nx\u00ebn\u00ebs. K\u00ebrkonte nga shoq\u00ebria, por edhe vet\u00eb d\u00ebshironte t i ndihmonte asaj. P\u00ebr pun\u00ebn edukativo-arsimore, Bajrami shpesh thoshte: \u201e Profesionin e m\u00ebsimdh\u00ebn\u00ebsit e dua sa jet\u00ebn. N\u00ebse profesioni dashurohet me gjith\u00eb zem\u00ebr, s ka se si t\u00eb mos zot\u00ebrohet mir\u00eb e me themel. Ky profesion \u00ebsht\u00eb disi i ve\u00e7ant\u00eb, i shenjt\u00eb. Ai q\u00eb p\u00ebrcaktohet p\u00ebr t\u00eb, duhet t\u00eb jet\u00eb p\u00ebrher\u00eb i p\u00ebrgatitur p\u00ebr t\u00eb ndihmuar nx\u00ebn\u00ebsin q\u00eb t\u00eb p\u00ebrparoj\u00eb. S ka pun\u00eb m\u00eb t\u00eb bukur dhe m\u00eb t\u00eb ndershme se puna e p\u00ebrgatitjes s\u00eb njeriut p\u00ebr jet\u00eb. M\u00ebsimdh\u00ebn\u00ebsi t\u00eb riut ia zgjeron horizontin e dituris\u00eb dhe e aft\u00ebson at\u00eb t\u00eb b\u00ebj\u00eb mrekulli\u2019\u2019. Brezin e ri e ka dshur me zem\u00ebr. E ka \u00e7muar dhe e ka udh\u00ebzuar p\u00ebr jet\u00eb. Duke u nisur nga parimet e sh\u00ebndosha pedagogjike, p\u00ebr t\u00eb u b\u00eb moto e pun\u00ebs\u00a0 dashuria e kujdesi i thell\u00eb p\u00ebr nx\u00ebn\u00ebs dhe k\u00ebrkesa e madhe p\u00ebr rregull, disiplin\u00eb e pun\u00eb sistematike me ta. Ai k\u00ebrkonte q\u00eb nx\u00ebn\u00ebsit t\u00eb ishin shembull n\u00eb m\u00ebsime dhe edukat\u00eb. K\u00ebt\u00eb k\u00ebrkes\u00eb e shprehu gjat\u00eb t\u00ebr\u00eb karrier\u00ebs n\u00eb arsim, i prirur nga kujdesi dhe dashuria at\u00ebrore p\u00ebr brezin e ri.<\/p>\n<p>P\u00ebr pun\u00ebn q\u00eb b\u00ebri n\u00eb drejtimin e femr\u00ebs s\u00eb par\u00eb nga Ana e Malit, Rukie Lika n\u00eb Normalen e Prishtin\u00ebs, Bajrami u shprehte: \u201e Do t\u00eb kemi nes\u00ebr m\u00ebsuese t\u00eb mir\u00eb, t\u00eb aft\u00eb, t\u00eb nd\u00ebrgjegjshme dhe me plot ideal\u00a0 komb\u00ebtar. Do t\u00eb kemi femr\u00ebn shqiptare t\u00eb qytet\u00ebruar, p\u00ebrparimtare, pun\u00ebtore e fisnike.\u2019\u2019 Kjo vajz\u00eb e arsyetoi pun\u00ebn e b\u00ebr\u00eb nga kolektivi i m\u00ebsimdh\u00ebn\u00ebsve. Ajo jo vet\u00ebm q\u00eb ishte e shk\u00eblqyeshme n\u00eb m\u00ebsime dhe n\u00eb sjellje, por njohurit\u00eb e p\u00ebrvet\u00ebsuara i zbatoi me p\u00ebrpik\u00ebri m\u00eb von\u00eb si m\u00ebsuese.<\/p>\n<p>Personalitet i kultur\u00ebs- Gjat\u00eb periudh\u00ebs dhjet\u00ebvje\u00e7are t\u00eb m\u00ebsimdh\u00ebnies n\u00eb Gjimnazin \u2018\u2019V\u00ebllz\u00ebrim &#8211; bashkim\u2019\u2019 n\u00eb Ulqin, \u00ebsht\u00eb e madhe puna e Bajramit n\u00eb aktivitetet e lira me nx\u00ebn\u00ebs dhe t\u00eb rinj. Me t\u00eb mbahej gjall\u00eb jeta kulturore e shkoll\u00ebs dhe e qytetit.Puna e tij motivohej nga dashuria p\u00ebr l\u00ebnd\u00ebn e gjuh\u00ebs dhe let\u00ebrsis\u00eb shqipe, p\u00ebrmes s\u00eb cil\u00ebs ngulitej te nx\u00ebn\u00ebsit dashuria p\u00ebr kombin. Aktivitete n\u00eb kultur\u00eb n\u00eb k\u00ebt\u00eb koh\u00eb n\u00eb Ulqin kishte shum\u00eb pak. K\u00ebt\u00eb zbraz\u00ebti duhej ta plot\u00ebsonte gjimnazi n\u00eb qytet, i cili at\u00ebher\u00eb ishte i vetmi institucion shkollor i mes\u00ebm n\u00eb Mal t\u00eb Zi me m\u00ebsim n\u00eb gjuh\u00ebn shqipe. Punoi me nx\u00ebn\u00ebs t\u00eb talentuar n\u00eb grupin letrar \u2018\u2019Shpresa\u2019\u2019. N\u00eb revist\u00ebn \u2018\u2019Fillimet\u2019\u2019 botoi punimet m\u00eb t\u00eb mira t\u00eb nx\u00ebn\u00ebsve. Me grupin recitues, p\u00ebrgatiste her\u00ebpashere shfaqje me recitime.. Me grupin e dram\u00ebs shfaqi recitalin bashk\u00eb me k\u00ebng\u00eb korale \u2018\u2019Me k\u00ebng\u00eb deri n\u00eb fitore\u2019\u2019, p\u00ebr t\u00eb vazhduar me pjes\u00ebt skenike \u2018\u2019Burri burr\u00eb, \u2018\u2019Sikur t\u00eb isha djal\u00eb\u2019\u2019, Halili e Hajria\u2019\u2019, \u2018\u2019Toka jon\u00eb\u2019\u2019, \u2018\u2019Familja e peshkatarit\u2019\u2019, \u2018\u2019Shpartallimi\u2019\u2019, \u2018\u2019 P\u00ebrmbajtja e madhe\u2019\u2019 dhe me komedin\u00eb nj\u00ebakt\u00ebshe \u2018\u2019Letra e humbur\u2019\u2019. Me tri nga k\u00ebto mori pjes\u00eb ne Festivalin n\u00eb Bijello Pole. Zgjedhja e repertorit ishte b\u00ebr\u00eb me q\u00ebllim dhe kritere t\u00eb caktuara. Qyteti i Ulqinit u begatue me k\u00ebt\u00eb lloj arti. Kur shfaqeshin k\u00ebto drama salla mbushej me shikues. K\u00ebtij suksesi nuk i g\u00ebzohej \u00e7dokush. Kishte edhe t\u00eb atill\u00eb q\u00eb hartonin plane dhe kurtha p\u00ebr t\u00eb penguar k\u00ebt\u00eb aktivitet. P\u00ebr sukseset e arritura, Bajrami thoshte: \u2018\u2019S ka k\u00ebnaq\u00ebsi m\u00eb t\u00eb madhe se kur njeriu mbledh frutet nga pema e mbjell\u00eb me dor\u00ebn e tij\u2019\u2019. Me pun\u00ebn e tyre, nx\u00ebn\u00ebsit e p\u00ebrt\u00ebrinin at\u00eb, ia shtonin fuqin\u00eb, guximin dhe d\u00ebshir\u00ebn p\u00ebr jet\u00eb.<\/p>\n<p>Personalitet i atdhetarizmit- Vullneti i jasht\u00ebzakonsh\u00ebm p\u00ebr pun\u00eb dhe rezultatet e arritura me nx\u00ebn\u00ebs n\u00eb shkoll\u00eb, e b\u00ebn\u00eb at\u00eb personalitet t\u00eb dalluar edhe t\u00eb atdhetarizmit. Ai e donte shum\u00eb atdheun dhe shkoll\u00ebn shqipe. Ky ideal e b\u00ebri t\u00eb ndiqet dhe t\u00eb persekutohet. G\u00ebzohej q\u00eb shkolla shqipe po hapte syt\u00eb e popullit dhe po e ushqente at\u00eb me ndjenj\u00ebn komb\u00ebtare. Pa shkoll\u00eb s ka dituri, pa dituri s ka komb. Ai theksonte se \u2018\u2019shpirti i shqiptarit nuk u lig\u00ebshtua n\u00ebp\u00ebr koh\u00eb t\u00eb k\u00ebqija, por u mbajt gjall\u00eb dhe me sakrifica q\u00ebndroi. Ne t\u00eb gjith\u00eb jemi\u00a0 bijt e k\u00ebtij populli t\u00eb lasht\u00eb e fisnik. Sa m\u00eb t\u00eb ngritur q\u00eb t\u00eb jemi, aq m\u00eb t\u00eb fort\u00eb e m\u00eb t\u00eb pasur do ta kemi kombin dhe ne vet\u00eb do t\u00eb jemi t\u00eb lumtur\u2019\u2019. Apelonte q\u00eb shqiptar\u00ebt t\u00eb shkojn\u00eb mir\u00eb nj\u00ebri me tj\u00ebtrin. T\u00eb mos e shfaqin para t\u00eb huajve edhe ndonj\u00eb inat t\u00eb vog\u00ebl q\u00eb mund ta ken\u00eb. T\u00eb tregohen se jan\u00eb t\u00eb lidhur dhe t\u00eb bashkuar. S ka m\u00eb nder e fisnik\u00ebri\u00a0 se sa ta begatosh kombin, t ia ushqesh shpirtin e t ia kthjellosh mendjen, t i jap\u00ebsh dor\u00eb e krah, theksonte Bajrami.<\/p>\n<p>Vepra q\u00eb krijoi ai n\u00eb fush\u00ebn e arsimit, n\u00eb fush\u00ebn e kultur\u00ebs, n\u00eb fush\u00ebn e atdhetarizmit \u00ebsht\u00eb aq e past\u00ebr, aq e ndershme, si\u00e7 \u00ebsht\u00eb vet\u00eb jeta e tij me plot respekt e dinjitet.<\/p>\n<p>Jeta dhe veprimtaria e Bajram Rexh\u00ebs \u00ebsht\u00eb shembull i p\u00ebrkushtimit t\u00eb intelektualit p\u00ebr q\u00ebllimin e lart\u00eb t\u00eb zhvillimit e t\u00eb p\u00ebrparimit t\u00eb kombit. Me veprimtarin\u00eb q\u00eb ushtroi, me karakterin e fort\u00eb, moralin, shpirtin e q\u00ebndres\u00ebs dhe atdhetarizmit, u b\u00eb personalitet i respektuar. Mbeti simbol i optimizmit p\u00ebr jet\u00ebn.<\/p>\n<p><strong>Mr. Riza Rexha<br \/>\nBuzukupress<br \/>\n<\/strong><\/p>\n<p><!--YouTube Error: bad URL entered--><br \/>\n1.<\/p>\n<div id=\"attachment_44380\" style=\"width: 518px\" class=\"wp-caption alignleft\"><a rel=\"attachment wp-att-44380\" href=\"http:\/\/www.visit-ulcinj.com\/blog\/2011\/03\/07\/urimi-juaj-per-7-marsin-%e2%80%93-diten-e-mesuesit\/urime-7-marsin-%e2%80%93-diten-e-mesuesit-_ulqin_ana-malit_ostros_ulqini-1\/\"><img aria-describedby=\"caption-attachment-44380\" loading=\"lazy\" class=\"size-full wp-image-44380\" title=\"Urime 7 Marsin \u2013 Diten e Mesuesit _Ulqin_Ana Malit_Ostros_Ulqini.1\" src=\"http:\/\/www.visit-ulcinj.com\/blog\/wp-content\/uploads\/2011\/03\/Urime-7-Marsin-\u2013-Diten-e-Mesuesit-_Ulqin_Ana-Malit_Ostros_Ulqini.1.jpg\" alt=\"\" width=\"508\" height=\"370\" \/><\/a><p id=\"caption-attachment-44380\" class=\"wp-caption-text\">Shaqir Duraku, Naim Duraku , Haxhi Taipi<\/p><\/div>\n<p>2.<a href=\"http:\/\/www.visit-ulcinj.com\/blog\/wp-content\/uploads\/2011\/03\/Urime-7-Marsin-\u2013-Diten-e-Mesuesit-_Ulqin_Ana-Malit_Ostros_Ulqini.2.jpg\"><img loading=\"lazy\" class=\"alignleft size-full wp-image-44390\" title=\"Urime 7 Marsin \u2013 Diten e Mesuesit _Ulqin_Ana Malit_Ostros_Ulqini.2\" src=\"http:\/\/www.visit-ulcinj.com\/blog\/wp-content\/uploads\/2011\/03\/Urime-7-Marsin-\u2013-Diten-e-Mesuesit-_Ulqin_Ana-Malit_Ostros_Ulqini.2.jpg\" alt=\"\" width=\"508\" height=\"360\" \/><\/a><br \/>\n3.<a href=\"http:\/\/www.visit-ulcinj.com\/blog\/wp-content\/uploads\/2011\/03\/Urime-7-Marsin-\u2013-Diten-e-Mesuesit-_Ulqin_Ana-Malit_Ostros_Ulqini.3.jpg\"><img loading=\"lazy\" class=\"alignleft size-full wp-image-44393\" title=\"Urime 7 Marsin \u2013 Diten e Mesuesit _Ulqin_Ana Malit_Ostros_Ulqini.3\" src=\"http:\/\/www.visit-ulcinj.com\/blog\/wp-content\/uploads\/2011\/03\/Urime-7-Marsin-\u2013-Diten-e-Mesuesit-_Ulqin_Ana-Malit_Ostros_Ulqini.3.jpg\" alt=\"\" width=\"508\" height=\"360\" \/><\/a><br \/>\nEmocionet q\u00eb sjellin raste t\u00eb tilla jan\u00eb t\u00eb pap\u00ebrshkrueshme.T\u00eb ndash me m\u00ebsuesit tan\u00eb veteran p\u00ebrvojat e tyre si m\u00ebsues \u00ebsht\u00eb nj\u00eb k\u00ebnaq\u00ebsi e pamas\u00eb.T&#8217;i shoh\u00ebsh ato se me sa shum\u00eb dashuri shikojn\u00eb brezat e rinj \u00ebsht\u00eb me t\u00eb v\u00ebrtet\u00eb p\u00ebr t&#8217;u p\u00ebrmalluar.<br \/>\nAto sot dhan\u00eb nj\u00eb porosi p\u00ebr gjeneratat e reja, dhe porosia ishte;<br \/>\nJu jeni ardhm\u00ebria dhe&#8230; nga ju mvaret e ardhmja, pik\u00ebrisht nga ju.<br \/>\nFalenderim i ve\u00e7ant\u00eb p\u00ebr m\u00ebsuesin Xhemal Hoxha dhe m\u00ebsuesen e par\u00eb Rrukije Lika Shaba p\u00ebr mesazhet e bukura q\u00eb p\u00ebrcollen sot dhe falenderime shum\u00eb e shum\u00eb q\u00eb ju p\u00ebrgjigjen fteses sime.<br \/>\nFaleminderit!!!!!!!!!<\/p>\n<p><strong><a href=\"http:\/\/www.facebook.com\/profile.php?id=100000604003955\">Flower Avdiu Facebook<\/a><\/strong><br \/>\n4.<a href=\"http:\/\/www.visit-ulcinj.com\/blog\/wp-content\/uploads\/2011\/03\/Paulin-Pepgjonaj_Mesuese-nga-Ulqini.jpg\"><img loading=\"lazy\" class=\"alignleft size-full wp-image-44406\" title=\"Paulin Pepgjonaj_Mesuese nga Ulqini\" src=\"http:\/\/www.visit-ulcinj.com\/blog\/wp-content\/uploads\/2011\/03\/Paulin-Pepgjonaj_Mesuese-nga-Ulqini.jpg\" alt=\"\" width=\"508\" height=\"360\" \/><\/a><br \/>\n<strong>M\u00ebsuesja Shestanesh\u00eb n\u00eb pension Paulin\u00eb Pepgjonaj<\/strong><\/p>\n<p>Ka mbushur 82 vjet\u00ebt e jet\u00ebs s\u00eb saj m\u00ebsuesja e dashur Paulin\u00eb Pepgjonaj, nd\u00ebr t\u00eb parat shqiptare n\u00eb Malin e Zi e cila p\u00ebr 40 vjet radhazi ua \u00e7eli nx\u00ebn\u00ebsve shqiptar\u00eb rrug\u00ebn e drit\u00ebs dhe t\u00eb dituris\u00eb. E vetmuar pa asnj\u00eb njeri n\u00eb sht\u00ebpi, larg zhurm\u00ebs s\u00eb qytetit, n\u00eb fshatin e lindjes n\u00eb Bratic\u00eb t\u00eb Ulqinit ajo vazhdon t\u00eb jetoj\u00eb jet\u00ebn e saj fisnike. Ajo ka kontribuar aq shum\u00eb n\u00eb shkollimin dhe edukimin e shqiptar\u00ebve n\u00eb Ulqin, An\u00eb t\u00eb Malit, Kraj\u00eb e Mal\u00ebsi saq\u00eb meriton p\u00ebrkujdesje dhe respekt shum\u00eb m\u00eb t\u00eb madh nga shoq\u00ebria. Sepse kjo m\u00ebsuese \u00ebsht\u00eb em\u00ebr i njohur n\u00eb fush\u00ebn e arsimit shqip n\u00eb trevat etnike shqiptare n\u00eb Malin e Zi. Edhe pse n\u00eb koh\u00ebn e m\u00ebsimdh\u00ebnies s\u00eb saj dhe pun\u00ebs t\u00eb palodhshme me nx\u00ebn\u00ebs g\u00ebzonte autoritet, ajo sot \u00ebsht\u00eb e harruar, si\u00e7 jan\u00eb harruar shpesh edhe shum\u00eb njer\u00ebz t\u00eb kultur\u00ebs e arsimit n\u00eb k\u00ebto treva. N\u00eb bised\u00eb me t\u00eb, m\u00eb 15 qershor 2009, m\u00ebsojm\u00eb se misionin e m\u00ebsueses e kreu me dashurin\u00eb dhe p\u00ebrkushtimin m\u00eb t\u00eb madh t\u00eb mundsh\u00ebm. Ajo edhe kur udh\u00ebtonte k\u00ebmb\u00eb kat\u00ebr or\u00eb n\u00eb dit\u00eb, n\u00eb acarin e dimrit t\u00eb atyre maleve t\u00eb egra p\u00ebr t\u00eb arritur n\u00eb shkoll\u00ebn e Kraj\u00ebs, rrezatonte t\u00eb nj\u00ebjt\u00ebn krenari e dinjitet. N\u00eb t\u00eb par\u00eb, as pas tragjedis\u00eb s\u00eb madhe familjare, kur i vdiq Vinkoja, djali i saj i vet\u00ebm, n\u00eb mosh\u00eb t\u00eb re, nuk u lig\u00ebshtua kurr\u00eb, duke e mposhtur me dinjitet hidh\u00ebrimin e saj, q\u00eb ia ka l\u00ebnduar r\u00ebnd\u00eb zemr\u00ebn dhe shpirtin e saj. Prandaj t\u00eb gjith\u00eb nx\u00ebn\u00ebsit dhe koleg\u00ebt e saj sot nuk kan\u00eb sesi t\u00eb mos thon\u00eb: \u201cNderim dhe respekt p\u00ebr detyr\u00ebn e shenjt\u00eb t\u00eb m\u00ebsueses. Nderim vuajtjeve t\u00eb tua, o m\u00ebsuesja jon\u00eb e dashur. Ti hape horizonte t\u00eb reja n\u00eb arsimin komb\u00ebtar\u201d. T\u00eb gjith\u00eb ata q\u00eb e njohin m\u00ebsuesen Paulin\u00eb thon\u00eb se kishte nj\u00eb p\u00ebrgatitje profesionale, se ishte e pajisur me nj\u00eb kultur\u00eb t\u00eb sh\u00ebndosh\u00eb, se ishte e palodhshme n\u00eb pun\u00eb, e dashur me nx\u00ebn\u00ebs, koleg\u00eb e prind\u00ebr, entuziaste dhe pedagoge e mir\u00eb. Dhe pik\u00ebrisht ky mision i r\u00ebnd\u00ebsish\u00ebm, u \u00ebsht\u00eb ngarkuar m\u00ebsuesve, pra edhe Paulin\u00ebs. \u201cPo, po un\u00eb dhe koleg\u00ebt e mi b\u00ebm\u00eb \u00e7&#8217;ishte e mundur jo vet\u00ebm p\u00ebr t\u00eb m\u00ebsuar, por edhe p\u00ebr t\u00eb edukuar rinin\u00eb ton\u00eb shqiptare, sepse ishim t\u00eb bindur se ajo \u00ebsht\u00eb shpresa e t\u00eb ardhmes ton\u00eb\u201d thot\u00eb Paulina.<br \/>\nKjo shestanesh\u00eb lindi m\u00eb 1927 n\u00eb fsahatin Bratic\u00eb. Prin\u00ebdrit e saj n\u00ebna Dil\u00eb dhe babai Pjet\u00ebr q\u00ebndruan nj\u00eb koh\u00eb n\u00eb Tiran\u00eb, ku , si\u00e7 thot\u00eb ajo, kreu shkoll\u00ebn fillore dhe t\u00eb mesme n\u00eb gjuh\u00ebn italiane, nd\u00ebrsa Shkoll\u00ebn Normale n\u00eb Shkup n\u00eb gjuh\u00ebn shqipe n\u00eb vitin 1948. Sapo u diplomua p\u00ebr m\u00ebsuese, thot\u00eb Paulina, kthehet n\u00eb vendlindje dhe fillon pun\u00ebn me nx\u00ebn\u00ebs n\u00eb shkoll\u00ebn e sotme fillore \u201cBoshko Strugar\u201d n\u00eb Ulqin. \u201cN\u00eb k\u00ebt\u00eb shkoll\u00eb kam punuar 10 vjet. Prej m\u00ebsueseve femra para meje k\u00ebtu ka punuar kroatja Antonie Markoviq, e cila i m\u00ebsonte shqiptar\u00ebt n\u00eb gjuh\u00ebn e tyre amtare.<br \/>\n<a href=\"http:\/\/www.visit-ulcinj.com\/blog\/wp-content\/uploads\/2011\/03\/Palina-me-nxenes-ne-Ulqin.jpg\"><img loading=\"lazy\" class=\"alignleft size-full wp-image-44413\" title=\"Palina me nxenes ne Ulqin\" src=\"http:\/\/www.visit-ulcinj.com\/blog\/wp-content\/uploads\/2011\/03\/Palina-me-nxenes-ne-Ulqin.jpg\" alt=\"\" width=\"508\" height=\"360\" \/><\/a><\/p>\n<p>Ulqinit kam punuar n\u00eb Ostros t\u00eb Kraj\u00ebs 5 vjet, prej nga kaloj n\u00eb Shkoll\u00ebn Fillore \u201cMahmut Lekiq\u201d n\u00eb Tuz, ku kam punuar deri n\u00eb pension. Fillimet e mia si m\u00ebsuese kan\u00eb qen\u00eb t\u00eb k\u00ebnaqshme. Nx\u00ebn\u00ebsit e mi kan\u00eb qen\u00eb t\u00eb rritsh\u00ebm dhe t\u00eb mrekulluesh\u00ebm. Disa nga ata kan\u00eb qen\u00eb dy vjet m\u00eb t\u00eb moshuar sesa un\u00eb. Vitin e par\u00eb t\u00eb pun\u00ebs sime nd\u00ebr nx\u00ebn\u00ebs n\u00eb Ulqin nuk kishte asnj\u00eb fem\u00ebr, kurse viteve tjera filluan t\u00eb ndjekin shkollimin edhe femrat, por n\u00eb num\u00ebr t\u00eb vog\u00ebl. Nx\u00ebn\u00ebsit e klasave t\u00eb ul\u00ebta m\u00ebsonin l\u00ebnd\u00ebn e matematik\u00ebs, gjuh\u00ebn shqipe, historin\u00eb, gjeografin\u00eb e t\u00eb tjera, por jo si sot. K\u00ebto l\u00ebnd\u00eb m\u00ebsoheshin sip\u00ebrfaq\u00ebsisht, krejt pak. Tekstet shkollore ishin t\u00eb vjetra dhe ato i kishin f\u00ebmij\u00ebt. Mungonin mjetet didaktike dhe m\u00ebsimore. Nuk kishim planprogram. Or\u00ebn e organizonim vet\u00eb. R\u00ebnd\u00ebsi m\u00eb t\u00eb madhe i kushtonim bukurshkrimit, dhe pun\u00ebs me dor\u00eb, si p\u00ebr shembull rrobaqep\u00ebsis\u00eb. Puna jon\u00eb kontrollohej nga inspektor\u00ebt e arsimit\u201d, tregon Paulina. Ajo n\u00eb vazhdim t\u00eb bised\u00ebs shpalos p\u00ebrshtypjet, mbresat dhe kujtimet e saj gjat\u00eb pun\u00ebs n\u00eb Ostros dhe n\u00eb Tuz. Ajo q\u00eb duhet ve\u00e7uar nga kujtimet e saj gjithsesi \u00ebsht\u00eb pasioni dhe dashuria q\u00eb kishte p\u00ebr nx\u00ebn\u00ebs dhe prind\u00ebr. \u201cP\u00ebr me qen\u00eb m\u00ebsues i mir\u00eb duhet me i dasht\u00eb jo vet\u00ebm nx\u00ebn\u00ebsit, por edhe prind\u00ebrit. N\u00eb rast se nuk vendos raporte t\u00eb mira me prind\u00ebr nuk mundesh t\u00eb kesh sukses me nx\u00ebn\u00ebs. Nx\u00ebn\u00ebsi m\u00ebson m\u00eb mir\u00eb dhe \u00ebsht\u00eb m\u00eb i sjellsh\u00ebm kur e di se ke raporte t\u00eb mira ne prind\u00ebrit e tij. E prishe pun\u00ebn me prind\u00ebr e ke prish edhe me nx\u00ebn\u00ebs\u201d, pohon Paulina, duke shtuar se kurr\u00eb nuk ka ndier lodhje me nx\u00ebn\u00ebs, por me padurim priste t\u00eb kaloj\u00eb vikendi p\u00ebr tu takuar s\u00ebrish me ta. Gjat\u00eb pun\u00ebs n\u00eb Mal\u00ebsi, respektivisht n\u00eb Tuz shprehet: \u201cMal\u00ebsor\u00ebt jan\u00eb njer\u00ebz aq t\u00eb mir\u00eb sa q\u00eb nuk mund ta besosh. Fjala e tyre ka qen\u00eb e besueshme. Ajo p\u00ebr ta ka qen\u00eb ligj, e shenjt\u00eb dhe kurr\u00eb s&#8217;ka mund t\u00eb ndryshoj\u00eb. Karakteristik\u00eb tjet\u00ebr e mal\u00ebsor\u00ebve ka qen\u00eb edhe burrnia\u201d.<\/p>\n<p>Nd\u00ebrkoh\u00eb edhe nx\u00ebn\u00ebsit e kujtojn\u00eb me dashamir\u00ebsi m\u00ebsuesen e tyre t\u00eb dashur. \u201cP\u00ebrpara nesh fuqish\u00ebm na t\u00ebrhiqte fytyra e m\u00ebsueses Paulin\u00eb Pepgjonaj p\u00ebrher\u00eb e buz\u00ebqeshur, fjala e saj gjithmon\u00eb e ngroht\u00eb. Ajo na m\u00ebsoi me aq shum\u00eb fuqi e dashuri sa q\u00eb nuk pati m\u00eb forc\u00eb sado e err\u00ebt q\u00eb ta ndal\u00eb rrug\u00ebtimin ton\u00eb atyre shtigjeve t\u00eb drit\u00ebs, sepse fytyra saj e njom\u00eb, e bukur, fjala e saj e fuqishme e plot dashuri ndaj vlerave morale t\u00eb njeriut na t\u00ebrhiqte me shk\u00eblqimin e vet rrezatues, si\u00e7 i t\u00ebrhiqte dikur ai fanari i Aleksandris\u00eb s\u00eb lasht\u00eb anijet e shtegtar\u00ebve q\u00eb p\u00ebrplaseshin mbi val\u00ebt e detit t\u00eb trazuar\u201d, shprehen ish nx\u00ebn\u00ebsit e saj.<br \/>\nE them me bindje se Shestani duhet t\u00eb mburret me k\u00ebt\u00eb bij\u00eb t\u00eb vet\u00ebn, sepse ajo gjithmon\u00eb, madje edhe sot e vetmuar pa ask\u00ebnd n\u00eb sht\u00ebpi, p\u00ebrjashto vizit\u00ebn e her\u00ebpashershme t\u00eb vajz\u00ebs Vera nga Gjermania dhe mbes\u00ebs Daniella nga Tuzi, nuk u p\u00ebrkul kurr\u00eb, por q\u00ebndroi gjithnj\u00eb e pal\u00ebkundur n\u00eb misionin e saj t\u00eb shenjt\u00eb dhe shk\u00eblqeu p\u00ebrher\u00eb si nj\u00eb meteor<\/p>\n<p><strong>Gjek\u00eb Gjonaj<br \/>\nBuzukupress<\/strong><br \/>\n5.<a href=\"http:\/\/www.visit-ulcinj.com\/blog\/wp-content\/uploads\/2011\/03\/Urime-7-Marsin-\u2013-Diten-e-Mesuesit-_Ulqin_Ana-Malit_Ostros_Ulqini.4.jpg\"><img loading=\"lazy\" class=\"alignleft size-full wp-image-44425\" title=\"Urime 7 Marsin \u2013 Diten e Mesuesit _Ulqin_Ana Malit_Ostros_Ulqini.4\" src=\"http:\/\/www.visit-ulcinj.com\/blog\/wp-content\/uploads\/2011\/03\/Urime-7-Marsin-\u2013-Diten-e-Mesuesit-_Ulqin_Ana-Malit_Ostros_Ulqini.4.jpg\" alt=\"\" width=\"508\" height=\"360\" \/><\/a><br \/>\n<strong>Anamalasit jan\u00eb njer\u00ebz m\u00ebsimdash\u00ebs<\/strong><\/p>\n<p>Nga kjo trev\u00eb n\u00eb rrjedh\u00eb t\u00eb moteve kan\u00eb dal\u00eb edhe klerik\u00eb t\u00eb dalluar me em\u00ebr t\u00eb mir\u00eb si: dom Simon Filipaj, p\u00ebrkthyes i Bibl\u00ebs integrale n\u00eb shqipen standarde, shk\u00eblqesia e tij imzot Rrok Mir\u00ebdita, kryetar i Konferenc\u00ebs Ipeshk\u00ebvnore t\u00eb Kish\u00ebs Katolike t\u00eb Shqip\u00ebris\u00eb, ipeshk\u00ebv i Tiran\u00ebs dhe i Durr\u00ebsit, Idriz Demiraj, ishkryetar i Bashk\u00ebsis\u00eb islame t\u00eb Malit t\u00eb Zi dhe, Rasim Llolla. sheh bektashian. Kryeimami i Bashk\u00ebsis\u00eb Islame t\u00eb Ulqinit, Rexhep efendi Lika, thot\u00eb se n\u00eb 16 xhamit\u00eb e An\u00ebs s\u00eb Malit, q\u00eb nga shekulli XVII kan\u00eb sh\u00ebrbyer nj\u00eb num\u00ebr i madh imam\u00ebsh nga kjo trev\u00eb. Sipas tij n\u00eb fillim t\u00eb shekullit XX n\u00eb An\u00eb t\u00eb Malit kan\u00eb sh\u00ebrbyer k\u00ebta imam\u00eb:<br \/>\n1.Shaban efendi Shaptafi nga Kravari.<br \/>\n2.Osman efendi Spahia nga Pelinku,<br \/>\n3.Smajl efindi Mu\u00e7a nga Shasi,<br \/>\n4.Fazli efendi \u00c7obi nga Krytha,<br \/>\n5.Jakup efendi Luca nga Sukubina,<br \/>\n6.Mustaf\u00eb efendi Holli nga Kat\u00ebrkolla,<br \/>\n7.Hafiz Sait efendi Bojku nga Bojku,<br \/>\n8.Sulejman efendi Hoxha nga Rashtisha,<br \/>\n9.Hasan efendi Islami nga Milla. Historiku i arsimit<br \/>\nAnamalasit jan\u00eb njer\u00ebz m\u00ebsimdash\u00ebs. Interesimin p\u00ebr t\u2019u arsimuar e kan\u00eb shprehur kaher\u00eb. D\u00ebshmi p\u00ebr k\u00ebt\u00eb \u00ebsht\u00eb hapja e shkollave t\u00eb para n\u00eb k\u00ebt\u00eb trev\u00eb, para 81 vjet\u00ebsh, sakt\u00ebsisht n\u00eb vitin 1929, n\u00eb fshatin Selit\u00eb, p\u00ebr t\u00eb vijuar m\u00eb pas n\u00eb Kosiq, Sukubin\u00eb, Kat\u00ebrkoll\u00eb dhe Kryth\u00eb. M\u00ebsimi n\u00eb k\u00ebto shkolla zhvillohej n\u00eb gjuh\u00ebn joamtare deri n\u00eb vitin 1945, kur edhe hapen p\u00ebr her\u00eb t\u00eb par\u00eb shkollat me m\u00ebsim n\u00eb gjuh\u00ebn shqipe. Drejtori aktual i SHF \u201c Bedri Elezaga\u201d n\u00eb Kat\u00ebrkoll\u00eb, dr. Nail Draga, na jep k\u00ebt\u00eb kronologji t\u00eb arsimit n\u00eb An\u00eb t\u00eb Malit: Shkolla e par\u00eb n\u00eb An\u00eb t\u00eb Malit ka filluar pun\u00ebn n\u00eb vitin 1929, n\u00eb nd\u00ebrtes\u00ebn e mejtepit n\u00eb Selit\u00eb, komuna e Kat\u00ebrkoll\u00ebs. N\u00eb t\u00eb nj\u00ebjtin vit jan\u00eb \u00e7elur shkollat edhe n\u00eb Kosiq dhe Sukubin\u00eb.<br \/>\n<a href=\"http:\/\/www.visit-ulcinj.com\/blog\/wp-content\/uploads\/2011\/03\/Urime-7-Marsin-\u2013-Diten-e-Mesuesit-_Ulqin_Ana-Malit_Ostros_Ulqini.5.jpg\"><img loading=\"lazy\" class=\"alignleft size-full wp-image-44426\" title=\"Urime 7 Marsin \u2013 Diten e Mesuesit _Ulqin_Ana Malit_Ostros_Ulqini.5\" src=\"http:\/\/www.visit-ulcinj.com\/blog\/wp-content\/uploads\/2011\/03\/Urime-7-Marsin-\u2013-Diten-e-Mesuesit-_Ulqin_Ana-Malit_Ostros_Ulqini.5.jpg\" alt=\"\" width=\"508\" height=\"360\" \/><\/a><br \/>\nNuk ka t\u00eb dh\u00ebna p\u00ebr numrin e nx\u00ebn\u00ebsve, nd\u00ebrsa m\u00ebsuesit e par\u00eb kan\u00eb qen\u00eb: n\u00eb Selit\u00eb Jozica Mariniq, n\u00eb Kosiq Milenko Guberiniq dhe n\u00eb Sukubin\u00eb Vllado Miniq, t\u00eb cil\u00ebt m\u00ebsimin e kan\u00eb mbajtur n\u00eb gjuh\u00ebn joamtare- serbe. Nga viti 1932, prej objekteve private kalohet n\u00eb ato shtet\u00ebrore, sepse jan\u00eb nd\u00ebrtuar objektet e reja shkollore n\u00eb Kat\u00ebrkoll\u00eb, Kryth\u00eb dhe Sukubin\u00eb n\u00eb t\u00eb cilat \u00ebsht\u00eb zhvilluar m\u00ebsimi nga klasa I \u2013 IV. Me k\u00ebto programe m\u00ebsimore dhe n\u00eb gjuh\u00ebn joamtare t\u00eb nx\u00ebn\u00ebsve shkollat kan\u00eb punuar deri n\u00eb vitin 1941, kur ka kapitulluar Mbret\u00ebria Jugosllave.<br \/>\nNdon\u00ebse n\u00ebn okupimin italian, gjat\u00eb Luft\u00ebs s\u00eb Dyt\u00eb Bot\u00ebrore nga viti 1941- 1944 n\u00eb An\u00eb t\u00eb Malit, Ulqin dhe n\u00eb viset e tjera shqiptare n\u00eb Mal t\u00eb Zi u hap\u00ebn p\u00ebr t\u00eb par\u00ebn her\u00eb shkollat me m\u00ebsim n\u00eb gjuh\u00ebn shqipe. M\u00ebsuesit e par\u00eb kan\u00eb qen\u00eb nga Shqip\u00ebria. N\u00eb Kat\u00ebrkoll\u00eb m\u00ebsues ishin: Viktor Ki\u00e7i, Prenk\u00eb Jakova dhe Prel\u00eb Shiroka; n\u00eb Sukubin\u00eb Shuk Shllaku dhe Zef Berisha, nd\u00ebrsa n\u00eb Kryth\u00eb Ramadan Milla. Programi m\u00ebsimor ishte i nj\u00ebjt\u00eb p\u00ebr t\u00eb gjith\u00eb shqiptar\u00ebt, hartuar nga Ministria e Arsimit t\u00eb Mbret\u00ebris\u00eb Shqiptare. Pas Luft\u00ebs s\u00eb Dyt\u00eb Bot\u00ebrore n\u00eb shkurt t\u00eb vitit 1945 shkolla n\u00eb Kat\u00ebrkoll\u00eb ka vazhduar pun\u00ebn ku m\u00ebsues dhe drejtor i par\u00eb ka qen\u00eb Minja Nikollaidis nga Ulqini.<br \/>\nN\u00eb klas\u00ebt e I \u2013 IV kan\u00eb qen\u00eb t\u00eb regjistruar 45 nx\u00ebn\u00ebs. M\u00ebsimi \u00ebsht\u00eb zhvilluar n\u00eb gjuh\u00ebn amtare\u2013shqipe. At\u00eb vit u formua K\u00ebshilli i par\u00eb i shkoll\u00ebs, kryetar i t\u00eb cilit ka qen\u00eb Musa Llolla. N\u00eb vitin shkollor 1945\/46 u hap\u00ebn shkollat e p\u00ebrkohshme n\u00eb t\u00eb cilat m\u00ebsuesit punuan pa pages\u00eb.<\/p>\n<p><a href=\"http:\/\/www.visit-ulcinj.com\/blog\/wp-content\/uploads\/2011\/03\/Urime-7-Marsin-\u2013Mark-K-Shkreli_Diten-e-Mesuesit-_Ulqin_Ana-Malit_Ostros_Ulqini.jpg\"><img loading=\"lazy\" class=\"alignleft size-full wp-image-44429\" title=\"Urime 7 Marsin \u2013Mark K Shkreli_Diten e Mesuesit _Ulqin_Ana Malit_Ostros_Ulqini\" src=\"http:\/\/www.visit-ulcinj.com\/blog\/wp-content\/uploads\/2011\/03\/Urime-7-Marsin-\u2013Mark-K-Shkreli_Diten-e-Mesuesit-_Ulqin_Ana-Malit_Ostros_Ulqini.jpg\" alt=\"\" width=\"508\" height=\"604\" \/><\/a><br \/>\nN\u00eb Kryth\u00eb Ramazan Jahja, n\u00eb Sukubin\u00eb Jullka Nikoliqi, n\u00eb Kllez\u00ebn Nalt Daut Hoxhiqi dhe Nikolla Nrekiqi, n\u00eb Kllez\u00ebn Posht\u00eb Prena Jankoviqi, n\u00eb Amull Mark Shkreli. N\u00eb vitin shkollor 1946\/47, pas kryerjes s\u00eb kursit pedagogjik, p\u00ebr pun\u00eb n\u00eb shkoll\u00eb caktohen m\u00ebsuesit e p\u00ebrkohsh\u00ebm nga vendi \u2013 rajoni i shkoll\u00ebs: n\u00eb Kat\u00ebrkoll\u00eb, 4 klas\u00eb, 195 nx\u00ebn\u00ebs, m\u00ebsuesit: Ramazan H.Sella, Shaqir Duraku, Selim Llunja, Daut Hoxha pastaj Llucija Qetkoviq, Mehmed Cuca dhe Vata Elezaj. N\u00eb Kryth\u00eb, 2 klas\u00eb, 146 nx\u00ebn\u00ebs, m\u00ebsuesit: Sal\u00eb Kurmemi, Nikolla<br \/>\nNrekiqi dhe Elez Alaj. N\u00eb Sukubin\u00eb, 4 klas\u00eb, 165 nx\u00ebn\u00ebs, m\u00ebsuesit: Daut Mehmedi dhe Faik Avdiqi. N\u00eb Amull, 86 nx\u00ebn\u00ebs, m\u00ebsues: Manush Kasneci dhe Prena Nikiqi. N\u00eb vitin shkollor 1947\/48 shkolla n\u00eb Kat\u00ebrkoll\u00eb, rritet n\u00eb Shkoll\u00eb fillore shtat\u00eb klas\u00ebshe. P\u00ebr drejtor nga 12 shtatori i vitit 1947 em\u00ebrohet Junuz Divanoviqi, m\u00ebsues nga Tivari. N\u00eb k\u00ebt\u00eb vit \u00ebsht\u00eb hapur shkolla n\u00eb Kravar: 1 klas\u00eb, 76 nx\u00ebn\u00ebs, m\u00ebsuesi Met\u00eb Cuca, nd\u00ebrsa n\u00eb vitin 1948\/49 \u00ebsht\u00eb \u00e7elur shkolla n\u00eb Kllez\u00ebn Posht\u00eb. N\u00eb vitin shkollor 1949\/50 shkolla cakton sekretarin e shkoll\u00ebs e, q\u00eb nga viti 1951, kryen shkoll\u00ebn fillore e shtat\u00ebvje\u00e7are brezi i par\u00eb i nx\u00ebn\u00ebsve: Elez Mustafaj, Haxhi dhe Fadil Taipi, Sabri dhe Xhevdet Hollaj, Shaban Hoxha dhe Vata Elezaj. N\u00eb vitin shkollor 1951\/52 shkolla rritet n\u00eb Shkoll\u00eb fillore tet\u00ebvje\u00e7are. N\u00eb vitin shkollor 1953\/54 \u00ebsht\u00eb \u00e7elur shkolla fillore n\u00eb Mill\u00eb, me 4 klas\u00eb,73 nx\u00ebn\u00ebs. N\u00eb vitin shkollor 1956\/57 n\u00eb shkoll\u00eb m\u00ebsohet gjuh\u00eb e huaj frengjishtja, e cila m\u00ebsohet deri n\u00eb vitin 1961. Nd\u00ebrsa n\u00eb vitin shkollor 1961\/62 n\u00eb shkoll\u00eb vihet gjuh\u00eb e huaj rusishtja, e cila m\u00ebsohet deri n\u00eb vitin 1992.<\/p>\n<p><strong>Gjek\u00eb Gjonaj<br \/>\nKoha Javore<\/strong><strong> <\/strong><\/p>\n","protected":false},"excerpt":{"rendered":"<p>Dita e M\u00ebsuesit \u00ebsht\u00eb simbolika e p\u00ebrpjekjeve t\u00eb vazhdueshme plot sakrifica p\u00ebr ta pasur at\u00eb q\u00eb na takon dhe p\u00ebr ta ruajtur p\u00ebrjet\u00ebsisht shkoll\u00ebn shqipe n\u00eb Ulqin dhe rethin\u00eb, e cila pati nj\u00eb rrug\u00ebtim t\u00eb v\u00ebshtir\u00eb dhe t\u00eb gjat\u00eb. \u201cKjo dat\u00eb sh\u00ebnon nj\u00eb dit\u00eb t\u00eb ve\u00e7ant\u00eb dhe t\u00eb r\u00ebnd\u00ebsishme p\u00ebr popullin ton\u00eb e q\u00eb na [&hellip;]<\/p>\n","protected":false},"author":1,"featured_media":0,"comment_status":"open","ping_status":"closed","sticky":false,"template":"","format":"standard","meta":{"spay_email":"","jetpack_publicize_message":"","jetpack_is_tweetstorm":false,"jetpack_publicize_feature_enabled":true},"categories":[4,14249],"tags":[17633,14351,14353,14354,12340,17070,17071,17632,14652,3642,13243,14358,3506,214,14360,14361,14362,14363,3507,2158,3500,14364,3327,3512,17072,5116,95,15141,14366,79,17073,17079,17074,1653,14367,14663,14368,14369,14370,2083,14371,14372,17075,17076,17077,14375,1655,19,17078,200,18,14376],"jetpack_publicize_connections":[],"yoast_head":"<!-- This site is optimized with the Yoast SEO plugin v19.1 - https:\/\/yoast.com\/wordpress\/plugins\/seo\/ -->\n<title>Urimi juaj p\u00ebr 7 Marsin \u2013 Dit\u00ebn e M\u00ebsuesit - Lajme nga Ulqini<\/title>\n<meta name=\"description\" content=\"Dita e M\u00ebsuesit \u00ebsht\u00eb simbolika e p\u00ebrpjekjeve t\u00eb vazhdueshme plot sakrifica p\u00ebr ta pasur at\u00eb q\u00eb na takon dhe p\u00ebr ta ruajtur p\u00ebrjet\u00ebsisht shkoll\u00ebn shqipe\" \/>\n<meta name=\"robots\" content=\"index, follow, max-snippet:-1, max-image-preview:large, max-video-preview:-1\" \/>\n<link rel=\"canonical\" href=\"https:\/\/www.visit-ulcinj.com\/blog\/2011\/03\/07\/urimi-juaj-per-7-marsin-\u2013-diten-e-mesuesit\/\" \/>\n<meta property=\"og:locale\" content=\"en_US\" \/>\n<meta property=\"og:type\" content=\"article\" \/>\n<meta property=\"og:title\" content=\"Urimi juaj p\u00ebr 7 Marsin \u2013 Dit\u00ebn e M\u00ebsuesit - Lajme nga Ulqini\" \/>\n<meta property=\"og:description\" content=\"Dita e M\u00ebsuesit \u00ebsht\u00eb simbolika e p\u00ebrpjekjeve t\u00eb vazhdueshme plot sakrifica p\u00ebr ta pasur at\u00eb q\u00eb na takon dhe p\u00ebr ta ruajtur p\u00ebrjet\u00ebsisht shkoll\u00ebn shqipe\" \/>\n<meta property=\"og:url\" content=\"https:\/\/www.visit-ulcinj.com\/blog\/2011\/03\/07\/urimi-juaj-per-7-marsin-\u2013-diten-e-mesuesit\/\" \/>\n<meta property=\"og:site_name\" content=\"Lajme nga Ulqini\" \/>\n<meta property=\"article:published_time\" content=\"2011-03-07T07:45:46+00:00\" \/>\n<meta property=\"article:modified_time\" content=\"2011-03-11T07:47:00+00:00\" \/>\n<meta property=\"og:image\" content=\"http:\/\/www.visit-ulcinj.com\/blog\/wp-content\/uploads\/2011\/03\/Paulin-Pepgjonaj_Mesuese-nga-Ulqini.jpg\" \/>\n<meta name=\"twitter:label1\" content=\"Written by\" \/>\n\t<meta name=\"twitter:data1\" content=\"ulqini\" \/>\n\t<meta name=\"twitter:label2\" content=\"Est. reading time\" \/>\n\t<meta name=\"twitter:data2\" content=\"18 minutes\" \/>\n<script type=\"application\/ld+json\" class=\"yoast-schema-graph\">{\"@context\":\"https:\/\/schema.org\",\"@graph\":[{\"@type\":\"WebSite\",\"@id\":\"https:\/\/www.visit-ulcinj.com\/blog\/#website\",\"url\":\"https:\/\/www.visit-ulcinj.com\/blog\/\",\"name\":\"Lajme nga Ulqini\",\"description\":\"Lajme,Vijesti,Ulqini,Ulqin,Crna Gora,Mali i Zi\",\"potentialAction\":[{\"@type\":\"SearchAction\",\"target\":{\"@type\":\"EntryPoint\",\"urlTemplate\":\"https:\/\/www.visit-ulcinj.com\/blog\/?s={search_term_string}\"},\"query-input\":\"required name=search_term_string\"}],\"inLanguage\":\"en-US\"},{\"@type\":\"ImageObject\",\"inLanguage\":\"en-US\",\"@id\":\"https:\/\/www.visit-ulcinj.com\/blog\/2011\/03\/07\/urimi-juaj-per-7-marsin-%e2%80%93-diten-e-mesuesit\/#primaryimage\",\"url\":\"https:\/\/www.visit-ulcinj.com\/blog\/wp-content\/uploads\/2011\/03\/Paulin-Pepgjonaj_Mesuese-nga-Ulqini.jpg\",\"contentUrl\":\"https:\/\/www.visit-ulcinj.com\/blog\/wp-content\/uploads\/2011\/03\/Paulin-Pepgjonaj_Mesuese-nga-Ulqini.jpg\",\"width\":\"508\",\"height\":\"403\"},{\"@type\":\"WebPage\",\"@id\":\"https:\/\/www.visit-ulcinj.com\/blog\/2011\/03\/07\/urimi-juaj-per-7-marsin-%e2%80%93-diten-e-mesuesit\/#webpage\",\"url\":\"https:\/\/www.visit-ulcinj.com\/blog\/2011\/03\/07\/urimi-juaj-per-7-marsin-%e2%80%93-diten-e-mesuesit\/\",\"name\":\"Urimi juaj p\u00ebr 7 Marsin \u2013 Dit\u00ebn e M\u00ebsuesit - Lajme nga Ulqini\",\"isPartOf\":{\"@id\":\"https:\/\/www.visit-ulcinj.com\/blog\/#website\"},\"primaryImageOfPage\":{\"@id\":\"https:\/\/www.visit-ulcinj.com\/blog\/2011\/03\/07\/urimi-juaj-per-7-marsin-%e2%80%93-diten-e-mesuesit\/#primaryimage\"},\"datePublished\":\"2011-03-07T07:45:46+00:00\",\"dateModified\":\"2011-03-11T07:47:00+00:00\",\"author\":{\"@id\":\"https:\/\/www.visit-ulcinj.com\/blog\/#\/schema\/person\/dcab619c614d3038751c63bc2aadc06d\"},\"description\":\"Dita e M\u00ebsuesit \u00ebsht\u00eb simbolika e p\u00ebrpjekjeve t\u00eb vazhdueshme plot sakrifica p\u00ebr ta pasur at\u00eb q\u00eb na takon dhe p\u00ebr ta ruajtur p\u00ebrjet\u00ebsisht shkoll\u00ebn shqipe\",\"breadcrumb\":{\"@id\":\"https:\/\/www.visit-ulcinj.com\/blog\/2011\/03\/07\/urimi-juaj-per-7-marsin-%e2%80%93-diten-e-mesuesit\/#breadcrumb\"},\"inLanguage\":\"en-US\",\"potentialAction\":[{\"@type\":\"ReadAction\",\"target\":[\"https:\/\/www.visit-ulcinj.com\/blog\/2011\/03\/07\/urimi-juaj-per-7-marsin-%e2%80%93-diten-e-mesuesit\/\"]}]},{\"@type\":\"BreadcrumbList\",\"@id\":\"https:\/\/www.visit-ulcinj.com\/blog\/2011\/03\/07\/urimi-juaj-per-7-marsin-%e2%80%93-diten-e-mesuesit\/#breadcrumb\",\"itemListElement\":[{\"@type\":\"ListItem\",\"position\":1,\"name\":\"Urimi juaj p\u00ebr 7 Marsin \u2013 Dit\u00ebn e M\u00ebsuesit\"}]},{\"@type\":\"Person\",\"@id\":\"https:\/\/www.visit-ulcinj.com\/blog\/#\/schema\/person\/dcab619c614d3038751c63bc2aadc06d\",\"name\":\"ulqini\",\"sameAs\":[\"http:\/\/www.visit-ulcinj.com\"],\"url\":\"https:\/\/www.visit-ulcinj.com\/blog\/author\/admin\/\"}]}<\/script>\n<!-- \/ Yoast SEO plugin. -->","yoast_head_json":{"title":"Urimi juaj p\u00ebr 7 Marsin \u2013 Dit\u00ebn e M\u00ebsuesit - Lajme nga Ulqini","description":"Dita e M\u00ebsuesit \u00ebsht\u00eb simbolika e p\u00ebrpjekjeve t\u00eb vazhdueshme plot sakrifica p\u00ebr ta pasur at\u00eb q\u00eb na takon dhe p\u00ebr ta ruajtur p\u00ebrjet\u00ebsisht shkoll\u00ebn shqipe","robots":{"index":"index","follow":"follow","max-snippet":"max-snippet:-1","max-image-preview":"max-image-preview:large","max-video-preview":"max-video-preview:-1"},"canonical":"https:\/\/www.visit-ulcinj.com\/blog\/2011\/03\/07\/urimi-juaj-per-7-marsin-\u2013-diten-e-mesuesit\/","og_locale":"en_US","og_type":"article","og_title":"Urimi juaj p\u00ebr 7 Marsin \u2013 Dit\u00ebn e M\u00ebsuesit - Lajme nga Ulqini","og_description":"Dita e M\u00ebsuesit \u00ebsht\u00eb simbolika e p\u00ebrpjekjeve t\u00eb vazhdueshme plot sakrifica p\u00ebr ta pasur at\u00eb q\u00eb na takon dhe p\u00ebr ta ruajtur p\u00ebrjet\u00ebsisht shkoll\u00ebn shqipe","og_url":"https:\/\/www.visit-ulcinj.com\/blog\/2011\/03\/07\/urimi-juaj-per-7-marsin-\u2013-diten-e-mesuesit\/","og_site_name":"Lajme nga Ulqini","article_published_time":"2011-03-07T07:45:46+00:00","article_modified_time":"2011-03-11T07:47:00+00:00","og_image":[{"url":"http:\/\/www.visit-ulcinj.com\/blog\/wp-content\/uploads\/2011\/03\/Paulin-Pepgjonaj_Mesuese-nga-Ulqini.jpg"}],"twitter_misc":{"Written by":"ulqini","Est. reading time":"18 minutes"},"schema":{"@context":"https:\/\/schema.org","@graph":[{"@type":"WebSite","@id":"https:\/\/www.visit-ulcinj.com\/blog\/#website","url":"https:\/\/www.visit-ulcinj.com\/blog\/","name":"Lajme nga Ulqini","description":"Lajme,Vijesti,Ulqini,Ulqin,Crna Gora,Mali i Zi","potentialAction":[{"@type":"SearchAction","target":{"@type":"EntryPoint","urlTemplate":"https:\/\/www.visit-ulcinj.com\/blog\/?s={search_term_string}"},"query-input":"required name=search_term_string"}],"inLanguage":"en-US"},{"@type":"ImageObject","inLanguage":"en-US","@id":"https:\/\/www.visit-ulcinj.com\/blog\/2011\/03\/07\/urimi-juaj-per-7-marsin-%e2%80%93-diten-e-mesuesit\/#primaryimage","url":"https:\/\/www.visit-ulcinj.com\/blog\/wp-content\/uploads\/2011\/03\/Paulin-Pepgjonaj_Mesuese-nga-Ulqini.jpg","contentUrl":"https:\/\/www.visit-ulcinj.com\/blog\/wp-content\/uploads\/2011\/03\/Paulin-Pepgjonaj_Mesuese-nga-Ulqini.jpg","width":"508","height":"403"},{"@type":"WebPage","@id":"https:\/\/www.visit-ulcinj.com\/blog\/2011\/03\/07\/urimi-juaj-per-7-marsin-%e2%80%93-diten-e-mesuesit\/#webpage","url":"https:\/\/www.visit-ulcinj.com\/blog\/2011\/03\/07\/urimi-juaj-per-7-marsin-%e2%80%93-diten-e-mesuesit\/","name":"Urimi juaj p\u00ebr 7 Marsin \u2013 Dit\u00ebn e M\u00ebsuesit - Lajme nga Ulqini","isPartOf":{"@id":"https:\/\/www.visit-ulcinj.com\/blog\/#website"},"primaryImageOfPage":{"@id":"https:\/\/www.visit-ulcinj.com\/blog\/2011\/03\/07\/urimi-juaj-per-7-marsin-%e2%80%93-diten-e-mesuesit\/#primaryimage"},"datePublished":"2011-03-07T07:45:46+00:00","dateModified":"2011-03-11T07:47:00+00:00","author":{"@id":"https:\/\/www.visit-ulcinj.com\/blog\/#\/schema\/person\/dcab619c614d3038751c63bc2aadc06d"},"description":"Dita e M\u00ebsuesit \u00ebsht\u00eb simbolika e p\u00ebrpjekjeve t\u00eb vazhdueshme plot sakrifica p\u00ebr ta pasur at\u00eb q\u00eb na takon dhe p\u00ebr ta ruajtur p\u00ebrjet\u00ebsisht shkoll\u00ebn shqipe","breadcrumb":{"@id":"https:\/\/www.visit-ulcinj.com\/blog\/2011\/03\/07\/urimi-juaj-per-7-marsin-%e2%80%93-diten-e-mesuesit\/#breadcrumb"},"inLanguage":"en-US","potentialAction":[{"@type":"ReadAction","target":["https:\/\/www.visit-ulcinj.com\/blog\/2011\/03\/07\/urimi-juaj-per-7-marsin-%e2%80%93-diten-e-mesuesit\/"]}]},{"@type":"BreadcrumbList","@id":"https:\/\/www.visit-ulcinj.com\/blog\/2011\/03\/07\/urimi-juaj-per-7-marsin-%e2%80%93-diten-e-mesuesit\/#breadcrumb","itemListElement":[{"@type":"ListItem","position":1,"name":"Urimi juaj p\u00ebr 7 Marsin \u2013 Dit\u00ebn e M\u00ebsuesit"}]},{"@type":"Person","@id":"https:\/\/www.visit-ulcinj.com\/blog\/#\/schema\/person\/dcab619c614d3038751c63bc2aadc06d","name":"ulqini","sameAs":["http:\/\/www.visit-ulcinj.com"],"url":"https:\/\/www.visit-ulcinj.com\/blog\/author\/admin\/"}]}},"jetpack_featured_media_url":"","jetpack_sharing_enabled":true,"jetpack_shortlink":"https:\/\/wp.me\/pe6lTn-bxK","_links":{"self":[{"href":"https:\/\/www.visit-ulcinj.com\/blog\/wp-json\/wp\/v2\/posts\/44376"}],"collection":[{"href":"https:\/\/www.visit-ulcinj.com\/blog\/wp-json\/wp\/v2\/posts"}],"about":[{"href":"https:\/\/www.visit-ulcinj.com\/blog\/wp-json\/wp\/v2\/types\/post"}],"author":[{"embeddable":true,"href":"https:\/\/www.visit-ulcinj.com\/blog\/wp-json\/wp\/v2\/users\/1"}],"replies":[{"embeddable":true,"href":"https:\/\/www.visit-ulcinj.com\/blog\/wp-json\/wp\/v2\/comments?post=44376"}],"version-history":[{"count":0,"href":"https:\/\/www.visit-ulcinj.com\/blog\/wp-json\/wp\/v2\/posts\/44376\/revisions"}],"wp:attachment":[{"href":"https:\/\/www.visit-ulcinj.com\/blog\/wp-json\/wp\/v2\/media?parent=44376"}],"wp:term":[{"taxonomy":"category","embeddable":true,"href":"https:\/\/www.visit-ulcinj.com\/blog\/wp-json\/wp\/v2\/categories?post=44376"},{"taxonomy":"post_tag","embeddable":true,"href":"https:\/\/www.visit-ulcinj.com\/blog\/wp-json\/wp\/v2\/tags?post=44376"}],"curies":[{"name":"wp","href":"https:\/\/api.w.org\/{rel}","templated":true}]}}