{"id":44440,"date":"2011-03-08T09:55:48","date_gmt":"2011-03-08T08:55:48","guid":{"rendered":"http:\/\/www.visit-ulcinj.com\/blog\/?p=44440"},"modified":"2011-03-15T02:17:50","modified_gmt":"2011-03-15T01:17:50","slug":"emisioni-mbi-valdanosin-tv-teuta","status":"publish","type":"post","link":"https:\/\/www.visit-ulcinj.com\/blog\/2011\/03\/08\/emisioni-mbi-valdanosin-tv-teuta\/","title":{"rendered":"Emisioni mbi Valdanosin TV TEUTA"},"content":{"rendered":"<p><a href=\"http:\/\/www.visit-ulcinj.com\/blog\/wp-content\/uploads\/2011\/03\/Emisioni-mbi-Valdanosin-TV-TEUTA_Ulqin_Ulqini.jpg\"><img loading=\"lazy\" class=\"alignleft size-full wp-image-44441\" title=\"Emisioni mbi Valdanosin TV TEUTA_Ulqin_Ulqini\" src=\"http:\/\/www.visit-ulcinj.com\/blog\/wp-content\/uploads\/2011\/03\/Emisioni-mbi-Valdanosin-TV-TEUTA_Ulqin_Ulqini.jpg\" alt=\"\" width=\"361\" height=\"280\" srcset=\"https:\/\/www.visit-ulcinj.com\/blog\/wp-content\/uploads\/2011\/03\/Emisioni-mbi-Valdanosin-TV-TEUTA_Ulqin_Ulqini.jpg 361w, https:\/\/www.visit-ulcinj.com\/blog\/wp-content\/uploads\/2011\/03\/Emisioni-mbi-Valdanosin-TV-TEUTA_Ulqin_Ulqini-300x232.jpg 300w\" sizes=\"(max-width: 361px) 100vw, 361px\" \/><\/a>Emisioni mbi Valdanosin TV Teuta u majt\u00eb me 18.02.2011,prandaj vt\u00ebm desht\u00ebm t\u00eb shikom argumentet.<br \/>\nGjiri i Valdanosit  \u00ebsht\u00eb  pasuri  nacionale. Ne Vitin 1968. \u00ebsht\u00eb  shpallur  P\u00ebrmendore e natyr\u00ebs, kurse me Ligjin p\u00ebr ullirin kjo  ullisht\u00eb, me 18 mij\u00eb rr\u00ebnj\u00eb ulliri, me lasht\u00ebsi mesatare rreth 800  vitesh, \u00ebsht\u00eb n\u00ebn mbrojtjen e ve\u00e7ant\u00eb te shtetit.  Uj\u00ebrat e gjirit t\u00eb  Valdanosit jan\u00eb  zon\u00eb arkeologjike e pa hulumtuar.<\/p>\n<p>Ju d\u00ebshirojm shikim t\u00eb k\u00ebnshem.<\/p>\n<p>[flv width=&#8221;508&#8243; height=&#8221;390&#8243;]http:\/\/valdanos.me\/plugins\/content\/jw_allvideos\/includes\/download.php?file=images\/stories\/video\/tv_teuta_valdanos.flv[\/flv]<\/p>\n","protected":false},"excerpt":{"rendered":"<p>Emisioni mbi Valdanosin TV Teuta u majt\u00eb me 18.02.2011,prandaj vt\u00ebm desht\u00ebm t\u00eb shikom argumentet. Gjiri i Valdanosit \u00ebsht\u00eb pasuri nacionale. Ne Vitin 1968. \u00ebsht\u00eb shpallur P\u00ebrmendore e natyr\u00ebs, kurse me Ligjin p\u00ebr ullirin kjo ullisht\u00eb, me 18 mij\u00eb rr\u00ebnj\u00eb ulliri, me lasht\u00ebsi mesatare rreth 800 vitesh, \u00ebsht\u00eb n\u00ebn mbrojtjen e ve\u00e7ant\u00eb te shtetit. Uj\u00ebrat e [&hellip;]<\/p>\n","protected":false},"author":1,"featured_media":0,"comment_status":"open","ping_status":"closed","sticky":false,"template":"","format":"standard","meta":{"spay_email":"","jetpack_publicize_message":"","jetpack_is_tweetstorm":false,"jetpack_publicize_feature_enabled":true},"categories":[1],"tags":[14351,212,14353,14354,12340,17070,17071,17632,14652,3642,13243,17637,17356,14358,3506,214,14360,14361,14362,14363,3507,2158,3500,14364,3327,3512,17072,5116,95,17636,15141,14366,79,17073,17079,17074,1653,17638,14367,14663,14368,14369,14370,2083,14371,14372,17075,17076,17077,14375,1655,19,17078,200,18,561,14376],"jetpack_publicize_connections":[],"yoast_head":"<!-- This site is optimized with the Yoast SEO plugin v19.1 - https:\/\/yoast.com\/wordpress\/plugins\/seo\/ -->\n<title>Emisioni mbi Valdanosin TV TEUTA - Lajme nga Ulqini<\/title>\n<meta name=\"description\" content=\"Emisioni mbi Valdanosin TV Teuta u majt\u00eb me 18.02.2011,prandaj vt\u00ebm desht\u00ebm t\u00eb shikom argumentet. Gjiri i Valdanosit \u00ebsht\u00eb pasuri nacionale. Ne Vitin\" \/>\n<meta name=\"robots\" content=\"index, follow, max-snippet:-1, max-image-preview:large, max-video-preview:-1\" \/>\n<link rel=\"canonical\" href=\"https:\/\/www.visit-ulcinj.com\/blog\/2011\/03\/08\/emisioni-mbi-valdanosin-tv-teuta\/\" \/>\n<meta property=\"og:locale\" content=\"en_US\" \/>\n<meta property=\"og:type\" content=\"article\" \/>\n<meta property=\"og:title\" content=\"Emisioni mbi Valdanosin TV TEUTA - Lajme nga Ulqini\" \/>\n<meta property=\"og:description\" content=\"Emisioni mbi Valdanosin TV Teuta u majt\u00eb me 18.02.2011,prandaj vt\u00ebm desht\u00ebm t\u00eb shikom argumentet. Gjiri i Valdanosit \u00ebsht\u00eb pasuri nacionale. Ne Vitin\" \/>\n<meta property=\"og:url\" content=\"https:\/\/www.visit-ulcinj.com\/blog\/2011\/03\/08\/emisioni-mbi-valdanosin-tv-teuta\/\" \/>\n<meta property=\"og:site_name\" content=\"Lajme nga Ulqini\" \/>\n<meta property=\"article:published_time\" content=\"2011-03-08T08:55:48+00:00\" \/>\n<meta property=\"article:modified_time\" content=\"2011-03-15T01:17:50+00:00\" \/>\n<meta property=\"og:image\" content=\"http:\/\/www.visit-ulcinj.com\/blog\/wp-content\/uploads\/2011\/03\/Emisioni-mbi-Valdanosin-TV-TEUTA_Ulqin_Ulqini.jpg\" \/>\n<meta name=\"twitter:label1\" content=\"Written by\" \/>\n\t<meta name=\"twitter:data1\" content=\"ulqini\" \/>\n\t<meta name=\"twitter:label2\" content=\"Est. reading time\" \/>\n\t<meta name=\"twitter:data2\" content=\"1 minute\" \/>\n<script type=\"application\/ld+json\" class=\"yoast-schema-graph\">{\"@context\":\"https:\/\/schema.org\",\"@graph\":[{\"@type\":\"WebSite\",\"@id\":\"https:\/\/www.visit-ulcinj.com\/blog\/#website\",\"url\":\"https:\/\/www.visit-ulcinj.com\/blog\/\",\"name\":\"Lajme nga Ulqini\",\"description\":\"Lajme,Vijesti,Ulqini,Ulqin,Crna Gora,Mali i Zi\",\"potentialAction\":[{\"@type\":\"SearchAction\",\"target\":{\"@type\":\"EntryPoint\",\"urlTemplate\":\"https:\/\/www.visit-ulcinj.com\/blog\/?s={search_term_string}\"},\"query-input\":\"required name=search_term_string\"}],\"inLanguage\":\"en-US\"},{\"@type\":\"ImageObject\",\"inLanguage\":\"en-US\",\"@id\":\"https:\/\/www.visit-ulcinj.com\/blog\/2011\/03\/08\/emisioni-mbi-valdanosin-tv-teuta\/#primaryimage\",\"url\":\"https:\/\/www.visit-ulcinj.com\/blog\/wp-content\/uploads\/2011\/03\/Emisioni-mbi-Valdanosin-TV-TEUTA_Ulqin_Ulqini.jpg\",\"contentUrl\":\"https:\/\/www.visit-ulcinj.com\/blog\/wp-content\/uploads\/2011\/03\/Emisioni-mbi-Valdanosin-TV-TEUTA_Ulqin_Ulqini.jpg\",\"width\":\"361\",\"height\":\"280\"},{\"@type\":\"WebPage\",\"@id\":\"https:\/\/www.visit-ulcinj.com\/blog\/2011\/03\/08\/emisioni-mbi-valdanosin-tv-teuta\/#webpage\",\"url\":\"https:\/\/www.visit-ulcinj.com\/blog\/2011\/03\/08\/emisioni-mbi-valdanosin-tv-teuta\/\",\"name\":\"Emisioni mbi Valdanosin TV TEUTA - Lajme nga Ulqini\",\"isPartOf\":{\"@id\":\"https:\/\/www.visit-ulcinj.com\/blog\/#website\"},\"primaryImageOfPage\":{\"@id\":\"https:\/\/www.visit-ulcinj.com\/blog\/2011\/03\/08\/emisioni-mbi-valdanosin-tv-teuta\/#primaryimage\"},\"datePublished\":\"2011-03-08T08:55:48+00:00\",\"dateModified\":\"2011-03-15T01:17:50+00:00\",\"author\":{\"@id\":\"https:\/\/www.visit-ulcinj.com\/blog\/#\/schema\/person\/dcab619c614d3038751c63bc2aadc06d\"},\"description\":\"Emisioni mbi Valdanosin TV Teuta u majt\u00eb me 18.02.2011,prandaj vt\u00ebm desht\u00ebm t\u00eb shikom argumentet. Gjiri i Valdanosit \u00ebsht\u00eb pasuri nacionale. Ne Vitin\",\"breadcrumb\":{\"@id\":\"https:\/\/www.visit-ulcinj.com\/blog\/2011\/03\/08\/emisioni-mbi-valdanosin-tv-teuta\/#breadcrumb\"},\"inLanguage\":\"en-US\",\"potentialAction\":[{\"@type\":\"ReadAction\",\"target\":[\"https:\/\/www.visit-ulcinj.com\/blog\/2011\/03\/08\/emisioni-mbi-valdanosin-tv-teuta\/\"]}]},{\"@type\":\"BreadcrumbList\",\"@id\":\"https:\/\/www.visit-ulcinj.com\/blog\/2011\/03\/08\/emisioni-mbi-valdanosin-tv-teuta\/#breadcrumb\",\"itemListElement\":[{\"@type\":\"ListItem\",\"position\":1,\"name\":\"Emisioni mbi Valdanosin TV TEUTA\"}]},{\"@type\":\"Person\",\"@id\":\"https:\/\/www.visit-ulcinj.com\/blog\/#\/schema\/person\/dcab619c614d3038751c63bc2aadc06d\",\"name\":\"ulqini\",\"sameAs\":[\"http:\/\/www.visit-ulcinj.com\"],\"url\":\"https:\/\/www.visit-ulcinj.com\/blog\/author\/admin\/\"}]}<\/script>\n<!-- \/ Yoast SEO plugin. -->","yoast_head_json":{"title":"Emisioni mbi Valdanosin TV TEUTA - Lajme nga Ulqini","description":"Emisioni mbi Valdanosin TV Teuta u majt\u00eb me 18.02.2011,prandaj vt\u00ebm desht\u00ebm t\u00eb shikom argumentet. Gjiri i Valdanosit \u00ebsht\u00eb pasuri nacionale. Ne Vitin","robots":{"index":"index","follow":"follow","max-snippet":"max-snippet:-1","max-image-preview":"max-image-preview:large","max-video-preview":"max-video-preview:-1"},"canonical":"https:\/\/www.visit-ulcinj.com\/blog\/2011\/03\/08\/emisioni-mbi-valdanosin-tv-teuta\/","og_locale":"en_US","og_type":"article","og_title":"Emisioni mbi Valdanosin TV TEUTA - Lajme nga Ulqini","og_description":"Emisioni mbi Valdanosin TV Teuta u majt\u00eb me 18.02.2011,prandaj vt\u00ebm desht\u00ebm t\u00eb shikom argumentet. Gjiri i Valdanosit \u00ebsht\u00eb pasuri nacionale. Ne Vitin","og_url":"https:\/\/www.visit-ulcinj.com\/blog\/2011\/03\/08\/emisioni-mbi-valdanosin-tv-teuta\/","og_site_name":"Lajme nga Ulqini","article_published_time":"2011-03-08T08:55:48+00:00","article_modified_time":"2011-03-15T01:17:50+00:00","og_image":[{"url":"http:\/\/www.visit-ulcinj.com\/blog\/wp-content\/uploads\/2011\/03\/Emisioni-mbi-Valdanosin-TV-TEUTA_Ulqin_Ulqini.jpg"}],"twitter_misc":{"Written by":"ulqini","Est. reading time":"1 minute"},"schema":{"@context":"https:\/\/schema.org","@graph":[{"@type":"WebSite","@id":"https:\/\/www.visit-ulcinj.com\/blog\/#website","url":"https:\/\/www.visit-ulcinj.com\/blog\/","name":"Lajme nga Ulqini","description":"Lajme,Vijesti,Ulqini,Ulqin,Crna Gora,Mali i Zi","potentialAction":[{"@type":"SearchAction","target":{"@type":"EntryPoint","urlTemplate":"https:\/\/www.visit-ulcinj.com\/blog\/?s={search_term_string}"},"query-input":"required name=search_term_string"}],"inLanguage":"en-US"},{"@type":"ImageObject","inLanguage":"en-US","@id":"https:\/\/www.visit-ulcinj.com\/blog\/2011\/03\/08\/emisioni-mbi-valdanosin-tv-teuta\/#primaryimage","url":"https:\/\/www.visit-ulcinj.com\/blog\/wp-content\/uploads\/2011\/03\/Emisioni-mbi-Valdanosin-TV-TEUTA_Ulqin_Ulqini.jpg","contentUrl":"https:\/\/www.visit-ulcinj.com\/blog\/wp-content\/uploads\/2011\/03\/Emisioni-mbi-Valdanosin-TV-TEUTA_Ulqin_Ulqini.jpg","width":"361","height":"280"},{"@type":"WebPage","@id":"https:\/\/www.visit-ulcinj.com\/blog\/2011\/03\/08\/emisioni-mbi-valdanosin-tv-teuta\/#webpage","url":"https:\/\/www.visit-ulcinj.com\/blog\/2011\/03\/08\/emisioni-mbi-valdanosin-tv-teuta\/","name":"Emisioni mbi Valdanosin TV TEUTA - Lajme nga Ulqini","isPartOf":{"@id":"https:\/\/www.visit-ulcinj.com\/blog\/#website"},"primaryImageOfPage":{"@id":"https:\/\/www.visit-ulcinj.com\/blog\/2011\/03\/08\/emisioni-mbi-valdanosin-tv-teuta\/#primaryimage"},"datePublished":"2011-03-08T08:55:48+00:00","dateModified":"2011-03-15T01:17:50+00:00","author":{"@id":"https:\/\/www.visit-ulcinj.com\/blog\/#\/schema\/person\/dcab619c614d3038751c63bc2aadc06d"},"description":"Emisioni mbi Valdanosin TV Teuta u majt\u00eb me 18.02.2011,prandaj vt\u00ebm desht\u00ebm t\u00eb shikom argumentet. Gjiri i Valdanosit \u00ebsht\u00eb pasuri nacionale. Ne Vitin","breadcrumb":{"@id":"https:\/\/www.visit-ulcinj.com\/blog\/2011\/03\/08\/emisioni-mbi-valdanosin-tv-teuta\/#breadcrumb"},"inLanguage":"en-US","potentialAction":[{"@type":"ReadAction","target":["https:\/\/www.visit-ulcinj.com\/blog\/2011\/03\/08\/emisioni-mbi-valdanosin-tv-teuta\/"]}]},{"@type":"BreadcrumbList","@id":"https:\/\/www.visit-ulcinj.com\/blog\/2011\/03\/08\/emisioni-mbi-valdanosin-tv-teuta\/#breadcrumb","itemListElement":[{"@type":"ListItem","position":1,"name":"Emisioni mbi Valdanosin TV TEUTA"}]},{"@type":"Person","@id":"https:\/\/www.visit-ulcinj.com\/blog\/#\/schema\/person\/dcab619c614d3038751c63bc2aadc06d","name":"ulqini","sameAs":["http:\/\/www.visit-ulcinj.com"],"url":"https:\/\/www.visit-ulcinj.com\/blog\/author\/admin\/"}]}},"jetpack_featured_media_url":"","jetpack_sharing_enabled":true,"jetpack_shortlink":"https:\/\/wp.me\/pe6lTn-byM","_links":{"self":[{"href":"https:\/\/www.visit-ulcinj.com\/blog\/wp-json\/wp\/v2\/posts\/44440"}],"collection":[{"href":"https:\/\/www.visit-ulcinj.com\/blog\/wp-json\/wp\/v2\/posts"}],"about":[{"href":"https:\/\/www.visit-ulcinj.com\/blog\/wp-json\/wp\/v2\/types\/post"}],"author":[{"embeddable":true,"href":"https:\/\/www.visit-ulcinj.com\/blog\/wp-json\/wp\/v2\/users\/1"}],"replies":[{"embeddable":true,"href":"https:\/\/www.visit-ulcinj.com\/blog\/wp-json\/wp\/v2\/comments?post=44440"}],"version-history":[{"count":0,"href":"https:\/\/www.visit-ulcinj.com\/blog\/wp-json\/wp\/v2\/posts\/44440\/revisions"}],"wp:attachment":[{"href":"https:\/\/www.visit-ulcinj.com\/blog\/wp-json\/wp\/v2\/media?parent=44440"}],"wp:term":[{"taxonomy":"category","embeddable":true,"href":"https:\/\/www.visit-ulcinj.com\/blog\/wp-json\/wp\/v2\/categories?post=44440"},{"taxonomy":"post_tag","embeddable":true,"href":"https:\/\/www.visit-ulcinj.com\/blog\/wp-json\/wp\/v2\/tags?post=44440"}],"curies":[{"name":"wp","href":"https:\/\/api.w.org\/{rel}","templated":true}]}}