{"id":44458,"date":"2011-03-08T10:47:39","date_gmt":"2011-03-08T09:47:39","guid":{"rendered":"http:\/\/www.visit-ulcinj.com\/blog\/?p=44458"},"modified":"2011-03-08T10:48:01","modified_gmt":"2011-03-08T09:48:01","slug":"capital-t-vjen-me-kengen-make-a-wish","status":"publish","type":"post","link":"https:\/\/www.visit-ulcinj.com\/blog\/2011\/03\/08\/capital-t-vjen-me-kengen-make-a-wish\/","title":{"rendered":"Capital T vjen me k\u00ebng\u00ebn Make a wish"},"content":{"rendered":"<p><strong><a href=\"http:\/\/www.visit-ulcinj.com\/blog\/wp-content\/uploads\/2011\/03\/Capital-T.jpg\"><img loading=\"lazy\" class=\"alignleft size-full wp-image-44459\" title=\"Capital T\" src=\"http:\/\/www.visit-ulcinj.com\/blog\/wp-content\/uploads\/2011\/03\/Capital-T.jpg\" alt=\"\" width=\"370\" height=\"277\" \/><\/a>Reperi kosovar Capital T ka hedhur n\u00eb treg k\u00ebng\u00ebn e tij m\u00eb t\u00eb re t\u00eb titulluar \u201cMake a wish\u201d.<\/strong><\/p>\n<p>Trim Ademi, i njohur si Capital T, ka b\u00ebr\u00eb t\u00eb ditur p\u00ebr Telegrafi.com se p\u00ebr dit\u00eblindjen e tij (dje) si dhurat\u00eb p\u00ebr fansat e tij ka lansuar k\u00ebng\u00ebn dhe video-klipin m\u00eb t\u00eb ri.<\/p>\n<p>\u201cDje kam festuar dit\u00eblindjen dhe po k\u00ebt\u00eb dit\u00eb kam lansuar k\u00ebng\u00ebn m\u00eb t\u00eb re \u2018Make a wish\u2019 i realizuar nga produksioni \u2018Imagine\u2019 me tekst t\u00eb shkruar nga un\u00eb\u201d, ka pohuar Capital T p\u00ebr Telegrafi.com.<\/p>\n<p>I pyetur se cila ka qen\u00eb dhurata m\u00eb e mir\u00eb p\u00ebr dit\u00eblindjen e tij, ai ka pohuar se jan\u00eb urimet e fansave, shoq\u00ebris\u00eb dhe njer\u00ebzve t\u00eb tij m\u00eb t\u00eb dashur, ato q\u00eb e kan\u00eb b\u00ebr\u00eb at\u00eb t\u00eb ndihet njeriu m\u00eb i lumtur n\u00eb k\u00ebt\u00eb dit\u00eb.<\/p>\n<p>\u201cI fal\u00ebnderoj familjar\u00ebt, miqt\u00eb, fansat, koleg\u00ebt, p\u00ebr t\u00eb gjitha ato urime t\u00eb ngrohta qe m\u00eb kan\u00eb b\u00ebr\u00eb t\u00eb ndihem tep\u00ebr i g\u00ebzuar. Kjo ka qen\u00eb dhurata ma e mir\u00eb p\u00ebr mua\u201d, ka p\u00ebrfunduar Capital T, duke shtuar q\u00eb s\u00eb shpejti pritet t\u00eb ket\u00eb bashk\u00ebpunime t\u00eb pabesueshme.<\/p>\n<p><strong>Telegrafi.com<br \/>\n<a href=\"http:\/\/kosovachat.com\/web\/sq\/video.html?task=play&amp;id=49&amp;sl=latest&amp;layout=listview\">SHIKO KLIPIN<\/a><\/strong><br \/>\n<!--YouTube Error: bad URL entered--><\/p>\n","protected":false},"excerpt":{"rendered":"<p>Reperi kosovar Capital T ka hedhur n\u00eb treg k\u00ebng\u00ebn e tij m\u00eb t\u00eb re t\u00eb titulluar \u201cMake a wish\u201d. Trim Ademi, i njohur si Capital T, ka b\u00ebr\u00eb t\u00eb ditur p\u00ebr Telegrafi.com se p\u00ebr dit\u00eblindjen e tij (dje) si dhurat\u00eb p\u00ebr fansat e tij ka lansuar k\u00ebng\u00ebn dhe video-klipin m\u00eb t\u00eb ri. \u201cDje kam festuar [&hellip;]<\/p>\n","protected":false},"author":1,"featured_media":0,"comment_status":"open","ping_status":"closed","sticky":false,"template":"","format":"standard","meta":{"spay_email":"","jetpack_publicize_message":"","jetpack_is_tweetstorm":false,"jetpack_publicize_feature_enabled":true},"categories":[1],"tags":[16132],"jetpack_publicize_connections":[],"yoast_head":"<!-- This site is optimized with the Yoast SEO plugin v19.1 - https:\/\/yoast.com\/wordpress\/plugins\/seo\/ -->\n<title>Capital T vjen me k\u00ebng\u00ebn Make a wish - Lajme nga Ulqini<\/title>\n<meta name=\"description\" content=\"Reperi kosovar Capital T ka hedhur n\u00eb treg k\u00ebng\u00ebn e tij m\u00eb t\u00eb re t\u00eb titulluar \u201cMake a wish\u201d. Trim Ademi, i njohur si Capital T, ka b\u00ebr\u00eb t\u00eb ditur p\u00ebr\" \/>\n<meta name=\"robots\" content=\"index, follow, max-snippet:-1, max-image-preview:large, max-video-preview:-1\" \/>\n<link rel=\"canonical\" href=\"https:\/\/www.visit-ulcinj.com\/blog\/2011\/03\/08\/capital-t-vjen-me-kengen-make-a-wish\/\" \/>\n<meta property=\"og:locale\" content=\"en_US\" \/>\n<meta property=\"og:type\" content=\"article\" \/>\n<meta property=\"og:title\" content=\"Capital T vjen me k\u00ebng\u00ebn Make a wish - Lajme nga Ulqini\" \/>\n<meta property=\"og:description\" content=\"Reperi kosovar Capital T ka hedhur n\u00eb treg k\u00ebng\u00ebn e tij m\u00eb t\u00eb re t\u00eb titulluar \u201cMake a wish\u201d. Trim Ademi, i njohur si Capital T, ka b\u00ebr\u00eb t\u00eb ditur p\u00ebr\" \/>\n<meta property=\"og:url\" content=\"https:\/\/www.visit-ulcinj.com\/blog\/2011\/03\/08\/capital-t-vjen-me-kengen-make-a-wish\/\" \/>\n<meta property=\"og:site_name\" content=\"Lajme nga Ulqini\" \/>\n<meta property=\"article:published_time\" content=\"2011-03-08T09:47:39+00:00\" \/>\n<meta property=\"article:modified_time\" content=\"2011-03-08T09:48:01+00:00\" \/>\n<meta property=\"og:image\" content=\"http:\/\/www.visit-ulcinj.com\/blog\/wp-content\/uploads\/2011\/03\/Capital-T.jpg\" \/>\n<meta name=\"twitter:label1\" content=\"Written by\" \/>\n\t<meta name=\"twitter:data1\" content=\"ulqini\" \/>\n\t<meta name=\"twitter:label2\" content=\"Est. reading time\" \/>\n\t<meta name=\"twitter:data2\" content=\"1 minute\" \/>\n<script type=\"application\/ld+json\" class=\"yoast-schema-graph\">{\"@context\":\"https:\/\/schema.org\",\"@graph\":[{\"@type\":\"WebSite\",\"@id\":\"https:\/\/www.visit-ulcinj.com\/blog\/#website\",\"url\":\"https:\/\/www.visit-ulcinj.com\/blog\/\",\"name\":\"Lajme nga Ulqini\",\"description\":\"Lajme,Vijesti,Ulqini,Ulqin,Crna Gora,Mali i Zi\",\"potentialAction\":[{\"@type\":\"SearchAction\",\"target\":{\"@type\":\"EntryPoint\",\"urlTemplate\":\"https:\/\/www.visit-ulcinj.com\/blog\/?s={search_term_string}\"},\"query-input\":\"required name=search_term_string\"}],\"inLanguage\":\"en-US\"},{\"@type\":\"ImageObject\",\"inLanguage\":\"en-US\",\"@id\":\"https:\/\/www.visit-ulcinj.com\/blog\/2011\/03\/08\/capital-t-vjen-me-kengen-make-a-wish\/#primaryimage\",\"url\":\"http:\/\/www.visit-ulcinj.com\/blog\/wp-content\/uploads\/2011\/03\/Capital-T.jpg\",\"contentUrl\":\"http:\/\/www.visit-ulcinj.com\/blog\/wp-content\/uploads\/2011\/03\/Capital-T.jpg\"},{\"@type\":\"WebPage\",\"@id\":\"https:\/\/www.visit-ulcinj.com\/blog\/2011\/03\/08\/capital-t-vjen-me-kengen-make-a-wish\/#webpage\",\"url\":\"https:\/\/www.visit-ulcinj.com\/blog\/2011\/03\/08\/capital-t-vjen-me-kengen-make-a-wish\/\",\"name\":\"Capital T vjen me k\u00ebng\u00ebn Make a wish - Lajme nga Ulqini\",\"isPartOf\":{\"@id\":\"https:\/\/www.visit-ulcinj.com\/blog\/#website\"},\"primaryImageOfPage\":{\"@id\":\"https:\/\/www.visit-ulcinj.com\/blog\/2011\/03\/08\/capital-t-vjen-me-kengen-make-a-wish\/#primaryimage\"},\"datePublished\":\"2011-03-08T09:47:39+00:00\",\"dateModified\":\"2011-03-08T09:48:01+00:00\",\"author\":{\"@id\":\"https:\/\/www.visit-ulcinj.com\/blog\/#\/schema\/person\/dcab619c614d3038751c63bc2aadc06d\"},\"description\":\"Reperi kosovar Capital T ka hedhur n\u00eb treg k\u00ebng\u00ebn e tij m\u00eb t\u00eb re t\u00eb titulluar \u201cMake a wish\u201d. Trim Ademi, i njohur si Capital T, ka b\u00ebr\u00eb t\u00eb ditur p\u00ebr\",\"breadcrumb\":{\"@id\":\"https:\/\/www.visit-ulcinj.com\/blog\/2011\/03\/08\/capital-t-vjen-me-kengen-make-a-wish\/#breadcrumb\"},\"inLanguage\":\"en-US\",\"potentialAction\":[{\"@type\":\"ReadAction\",\"target\":[\"https:\/\/www.visit-ulcinj.com\/blog\/2011\/03\/08\/capital-t-vjen-me-kengen-make-a-wish\/\"]}]},{\"@type\":\"BreadcrumbList\",\"@id\":\"https:\/\/www.visit-ulcinj.com\/blog\/2011\/03\/08\/capital-t-vjen-me-kengen-make-a-wish\/#breadcrumb\",\"itemListElement\":[{\"@type\":\"ListItem\",\"position\":1,\"name\":\"Capital T vjen me k\u00ebng\u00ebn Make a wish\"}]},{\"@type\":\"Person\",\"@id\":\"https:\/\/www.visit-ulcinj.com\/blog\/#\/schema\/person\/dcab619c614d3038751c63bc2aadc06d\",\"name\":\"ulqini\",\"sameAs\":[\"http:\/\/www.visit-ulcinj.com\"],\"url\":\"https:\/\/www.visit-ulcinj.com\/blog\/author\/admin\/\"}]}<\/script>\n<!-- \/ Yoast SEO plugin. -->","yoast_head_json":{"title":"Capital T vjen me k\u00ebng\u00ebn Make a wish - Lajme nga Ulqini","description":"Reperi kosovar Capital T ka hedhur n\u00eb treg k\u00ebng\u00ebn e tij m\u00eb t\u00eb re t\u00eb titulluar \u201cMake a wish\u201d. Trim Ademi, i njohur si Capital T, ka b\u00ebr\u00eb t\u00eb ditur p\u00ebr","robots":{"index":"index","follow":"follow","max-snippet":"max-snippet:-1","max-image-preview":"max-image-preview:large","max-video-preview":"max-video-preview:-1"},"canonical":"https:\/\/www.visit-ulcinj.com\/blog\/2011\/03\/08\/capital-t-vjen-me-kengen-make-a-wish\/","og_locale":"en_US","og_type":"article","og_title":"Capital T vjen me k\u00ebng\u00ebn Make a wish - Lajme nga Ulqini","og_description":"Reperi kosovar Capital T ka hedhur n\u00eb treg k\u00ebng\u00ebn e tij m\u00eb t\u00eb re t\u00eb titulluar \u201cMake a wish\u201d. Trim Ademi, i njohur si Capital T, ka b\u00ebr\u00eb t\u00eb ditur p\u00ebr","og_url":"https:\/\/www.visit-ulcinj.com\/blog\/2011\/03\/08\/capital-t-vjen-me-kengen-make-a-wish\/","og_site_name":"Lajme nga Ulqini","article_published_time":"2011-03-08T09:47:39+00:00","article_modified_time":"2011-03-08T09:48:01+00:00","og_image":[{"url":"http:\/\/www.visit-ulcinj.com\/blog\/wp-content\/uploads\/2011\/03\/Capital-T.jpg"}],"twitter_misc":{"Written by":"ulqini","Est. reading time":"1 minute"},"schema":{"@context":"https:\/\/schema.org","@graph":[{"@type":"WebSite","@id":"https:\/\/www.visit-ulcinj.com\/blog\/#website","url":"https:\/\/www.visit-ulcinj.com\/blog\/","name":"Lajme nga Ulqini","description":"Lajme,Vijesti,Ulqini,Ulqin,Crna Gora,Mali i Zi","potentialAction":[{"@type":"SearchAction","target":{"@type":"EntryPoint","urlTemplate":"https:\/\/www.visit-ulcinj.com\/blog\/?s={search_term_string}"},"query-input":"required name=search_term_string"}],"inLanguage":"en-US"},{"@type":"ImageObject","inLanguage":"en-US","@id":"https:\/\/www.visit-ulcinj.com\/blog\/2011\/03\/08\/capital-t-vjen-me-kengen-make-a-wish\/#primaryimage","url":"http:\/\/www.visit-ulcinj.com\/blog\/wp-content\/uploads\/2011\/03\/Capital-T.jpg","contentUrl":"http:\/\/www.visit-ulcinj.com\/blog\/wp-content\/uploads\/2011\/03\/Capital-T.jpg"},{"@type":"WebPage","@id":"https:\/\/www.visit-ulcinj.com\/blog\/2011\/03\/08\/capital-t-vjen-me-kengen-make-a-wish\/#webpage","url":"https:\/\/www.visit-ulcinj.com\/blog\/2011\/03\/08\/capital-t-vjen-me-kengen-make-a-wish\/","name":"Capital T vjen me k\u00ebng\u00ebn Make a wish - Lajme nga Ulqini","isPartOf":{"@id":"https:\/\/www.visit-ulcinj.com\/blog\/#website"},"primaryImageOfPage":{"@id":"https:\/\/www.visit-ulcinj.com\/blog\/2011\/03\/08\/capital-t-vjen-me-kengen-make-a-wish\/#primaryimage"},"datePublished":"2011-03-08T09:47:39+00:00","dateModified":"2011-03-08T09:48:01+00:00","author":{"@id":"https:\/\/www.visit-ulcinj.com\/blog\/#\/schema\/person\/dcab619c614d3038751c63bc2aadc06d"},"description":"Reperi kosovar Capital T ka hedhur n\u00eb treg k\u00ebng\u00ebn e tij m\u00eb t\u00eb re t\u00eb titulluar \u201cMake a wish\u201d. Trim Ademi, i njohur si Capital T, ka b\u00ebr\u00eb t\u00eb ditur p\u00ebr","breadcrumb":{"@id":"https:\/\/www.visit-ulcinj.com\/blog\/2011\/03\/08\/capital-t-vjen-me-kengen-make-a-wish\/#breadcrumb"},"inLanguage":"en-US","potentialAction":[{"@type":"ReadAction","target":["https:\/\/www.visit-ulcinj.com\/blog\/2011\/03\/08\/capital-t-vjen-me-kengen-make-a-wish\/"]}]},{"@type":"BreadcrumbList","@id":"https:\/\/www.visit-ulcinj.com\/blog\/2011\/03\/08\/capital-t-vjen-me-kengen-make-a-wish\/#breadcrumb","itemListElement":[{"@type":"ListItem","position":1,"name":"Capital T vjen me k\u00ebng\u00ebn Make a wish"}]},{"@type":"Person","@id":"https:\/\/www.visit-ulcinj.com\/blog\/#\/schema\/person\/dcab619c614d3038751c63bc2aadc06d","name":"ulqini","sameAs":["http:\/\/www.visit-ulcinj.com"],"url":"https:\/\/www.visit-ulcinj.com\/blog\/author\/admin\/"}]}},"jetpack_featured_media_url":"","jetpack_sharing_enabled":true,"jetpack_shortlink":"https:\/\/wp.me\/pe6lTn-bz4","_links":{"self":[{"href":"https:\/\/www.visit-ulcinj.com\/blog\/wp-json\/wp\/v2\/posts\/44458"}],"collection":[{"href":"https:\/\/www.visit-ulcinj.com\/blog\/wp-json\/wp\/v2\/posts"}],"about":[{"href":"https:\/\/www.visit-ulcinj.com\/blog\/wp-json\/wp\/v2\/types\/post"}],"author":[{"embeddable":true,"href":"https:\/\/www.visit-ulcinj.com\/blog\/wp-json\/wp\/v2\/users\/1"}],"replies":[{"embeddable":true,"href":"https:\/\/www.visit-ulcinj.com\/blog\/wp-json\/wp\/v2\/comments?post=44458"}],"version-history":[{"count":0,"href":"https:\/\/www.visit-ulcinj.com\/blog\/wp-json\/wp\/v2\/posts\/44458\/revisions"}],"wp:attachment":[{"href":"https:\/\/www.visit-ulcinj.com\/blog\/wp-json\/wp\/v2\/media?parent=44458"}],"wp:term":[{"taxonomy":"category","embeddable":true,"href":"https:\/\/www.visit-ulcinj.com\/blog\/wp-json\/wp\/v2\/categories?post=44458"},{"taxonomy":"post_tag","embeddable":true,"href":"https:\/\/www.visit-ulcinj.com\/blog\/wp-json\/wp\/v2\/tags?post=44458"}],"curies":[{"name":"wp","href":"https:\/\/api.w.org\/{rel}","templated":true}]}}