{"id":44462,"date":"2011-03-08T11:00:49","date_gmt":"2011-03-08T10:00:49","guid":{"rendered":"http:\/\/www.visit-ulcinj.com\/blog\/?p=44462"},"modified":"2011-03-08T11:01:22","modified_gmt":"2011-03-08T10:01:22","slug":"elsa-drejt-te-lumturise-se-te-qenit-nene","status":"publish","type":"post","link":"https:\/\/www.visit-ulcinj.com\/blog\/2011\/03\/08\/elsa-drejt-te-lumturise-se-te-qenit-nene\/","title":{"rendered":"Elsa drejt t\u00eb lumturis\u00eb s\u00eb t\u00eb q\u00ebnit, N\u00ebn\u00eb"},"content":{"rendered":"<p><strong><a href=\"http:\/\/www.visit-ulcinj.com\/blog\/wp-content\/uploads\/2011\/03\/Elsa-Lila.jpg\"><img loading=\"lazy\" class=\"alignleft size-medium wp-image-44463\" title=\"Elsa Lila\" src=\"http:\/\/www.visit-ulcinj.com\/blog\/wp-content\/uploads\/2011\/03\/Elsa-Lila-141x300.jpg\" alt=\"\" width=\"226\" height=\"300\" \/><\/a>Elsa Lila \u00ebsht\u00eb nga ato k\u00ebng\u00ebtare p\u00ebr t\u00eb cilat shqiptar\u00ebt kan\u00eb nj\u00eb dashuri t\u00eb ve\u00e7ant\u00eb. <\/strong><\/p>\n<p>Ne nje interviste te botuar sot ne Gazeta Shqiptare, Elsa rrefen ndjesin\u00eb q\u00eb po p\u00ebrjeton n\u00eb shtatzani dhe t\u00eb rejat q\u00eb e presin pas lindjes s\u00eb bebit t\u00eb saj, Evita.<\/p>\n<p>Elsa rr\u00ebfen se karriera e saj do t\u00eb vazhdoj\u00eb nd\u00ebrsa kujton prezantimin e festivalit t\u00eb RTSH q\u00eb sic tregon ajo, nuk I ka l\u00ebn\u00eb shije aq t\u00eb mri\u00eb. \u201cIshte dhjetori i vitit 2008 dhe sapo kisha mbaruar prezantimin e festivalit t\u00eb k\u00ebng\u00ebs n\u00eb Shqip\u00ebri.<\/p>\n<p>Isha shum\u00eb e lodhur dhe e stresuar (m\u00eb shum\u00eb nga prapaskenat e pak\u00ebndshme q\u00eb pata gjat\u00eb pun\u00ebs sesa nga puna n\u00eb vetvete)\u201d. K\u00ebng\u00ebtarja shpreson s\u00eb lindja e vajz\u00ebs do gjall\u00ebroj\u00eb dhe jet\u00ebn e saj artistike.<\/p>\n<p>Besoj se kur t\u00eb shoh syt\u00eb dhe buz\u00ebqeshjen e saj, poezit\u00eb e tingujt do t\u00eb lindin vetvetiu. Bota dhe realiteti i v\u00ebshtir\u00eb q\u00eb na rrethon p\u00ebrdit\u00eb duke na ngurt\u00ebsuar fantazin\u00eb dhe ndjenj\u00ebn, do t\u00eb marrin drit\u00eb t\u00eb re, ngjyra t\u00eb reja.<\/p>\n<p>Elsa shprehet se dhe Evita e vog\u00ebl sapo t\u00eb forocohet pak do t\u00eb ndjek\u00eb prind\u00ebrit e saj drejt Madagaskarit, n\u00eb Afrik\u00eb. \u201cKur Evita t\u00eb b\u00ebhet tre-kat\u00ebr muajshe, do t\u00eb udh\u00ebtojm\u00eb s\u00eb bashku drejt ishullit magjik ku nisi gjith\u00e7ka\u201d.<\/p>\n<p><strong>Gazeta Shqiptare<br \/>\n<!--YouTube Error: bad URL entered--><\/strong><\/p>\n","protected":false},"excerpt":{"rendered":"<p>Elsa Lila \u00ebsht\u00eb nga ato k\u00ebng\u00ebtare p\u00ebr t\u00eb cilat shqiptar\u00ebt kan\u00eb nj\u00eb dashuri t\u00eb ve\u00e7ant\u00eb. Ne nje interviste te botuar sot ne Gazeta Shqiptare, Elsa rrefen ndjesin\u00eb q\u00eb po p\u00ebrjeton n\u00eb shtatzani dhe t\u00eb rejat q\u00eb e presin pas lindjes s\u00eb bebit t\u00eb saj, Evita. Elsa rr\u00ebfen se karriera e saj do t\u00eb vazhdoj\u00eb nd\u00ebrsa [&hellip;]<\/p>\n","protected":false},"author":1,"featured_media":0,"comment_status":"open","ping_status":"closed","sticky":false,"template":"","format":"standard","meta":{"spay_email":"","jetpack_publicize_message":"","jetpack_is_tweetstorm":false,"jetpack_publicize_feature_enabled":true},"categories":[1],"tags":[7714],"jetpack_publicize_connections":[],"yoast_head":"<!-- This site is optimized with the Yoast SEO plugin v19.1 - https:\/\/yoast.com\/wordpress\/plugins\/seo\/ -->\n<title>Elsa drejt t\u00eb lumturis\u00eb s\u00eb t\u00eb q\u00ebnit, N\u00ebn\u00eb - Lajme nga Ulqini<\/title>\n<meta name=\"description\" content=\"Elsa Lila \u00ebsht\u00eb nga ato k\u00ebng\u00ebtare p\u00ebr t\u00eb cilat shqiptar\u00ebt kan\u00eb nj\u00eb dashuri t\u00eb ve\u00e7ant\u00eb. Ne nje interviste te botuar sot ne Gazeta Shqiptare, Elsa rrefen\" \/>\n<meta name=\"robots\" content=\"index, follow, max-snippet:-1, max-image-preview:large, max-video-preview:-1\" \/>\n<link rel=\"canonical\" href=\"https:\/\/www.visit-ulcinj.com\/blog\/2011\/03\/08\/elsa-drejt-te-lumturise-se-te-qenit-nene\/\" \/>\n<meta property=\"og:locale\" content=\"en_US\" \/>\n<meta property=\"og:type\" content=\"article\" \/>\n<meta property=\"og:title\" content=\"Elsa drejt t\u00eb lumturis\u00eb s\u00eb t\u00eb q\u00ebnit, N\u00ebn\u00eb - Lajme nga Ulqini\" \/>\n<meta property=\"og:description\" content=\"Elsa Lila \u00ebsht\u00eb nga ato k\u00ebng\u00ebtare p\u00ebr t\u00eb cilat shqiptar\u00ebt kan\u00eb nj\u00eb dashuri t\u00eb ve\u00e7ant\u00eb. Ne nje interviste te botuar sot ne Gazeta Shqiptare, Elsa rrefen\" \/>\n<meta property=\"og:url\" content=\"https:\/\/www.visit-ulcinj.com\/blog\/2011\/03\/08\/elsa-drejt-te-lumturise-se-te-qenit-nene\/\" \/>\n<meta property=\"og:site_name\" content=\"Lajme nga Ulqini\" \/>\n<meta property=\"article:published_time\" content=\"2011-03-08T10:00:49+00:00\" \/>\n<meta property=\"article:modified_time\" content=\"2011-03-08T10:01:22+00:00\" \/>\n<meta property=\"og:image\" content=\"http:\/\/www.visit-ulcinj.com\/blog\/wp-content\/uploads\/2011\/03\/Elsa-Lila-141x300.jpg\" \/>\n<meta name=\"twitter:label1\" content=\"Written by\" \/>\n\t<meta name=\"twitter:data1\" content=\"ulqini\" \/>\n\t<meta name=\"twitter:label2\" content=\"Est. reading time\" \/>\n\t<meta name=\"twitter:data2\" content=\"1 minute\" \/>\n<script type=\"application\/ld+json\" class=\"yoast-schema-graph\">{\"@context\":\"https:\/\/schema.org\",\"@graph\":[{\"@type\":\"WebSite\",\"@id\":\"https:\/\/www.visit-ulcinj.com\/blog\/#website\",\"url\":\"https:\/\/www.visit-ulcinj.com\/blog\/\",\"name\":\"Lajme nga Ulqini\",\"description\":\"Lajme,Vijesti,Ulqini,Ulqin,Crna Gora,Mali i Zi\",\"potentialAction\":[{\"@type\":\"SearchAction\",\"target\":{\"@type\":\"EntryPoint\",\"urlTemplate\":\"https:\/\/www.visit-ulcinj.com\/blog\/?s={search_term_string}\"},\"query-input\":\"required name=search_term_string\"}],\"inLanguage\":\"en-US\"},{\"@type\":\"ImageObject\",\"inLanguage\":\"en-US\",\"@id\":\"https:\/\/www.visit-ulcinj.com\/blog\/2011\/03\/08\/elsa-drejt-te-lumturise-se-te-qenit-nene\/#primaryimage\",\"url\":\"http:\/\/www.visit-ulcinj.com\/blog\/wp-content\/uploads\/2011\/03\/Elsa-Lila-141x300.jpg\",\"contentUrl\":\"http:\/\/www.visit-ulcinj.com\/blog\/wp-content\/uploads\/2011\/03\/Elsa-Lila-141x300.jpg\"},{\"@type\":\"WebPage\",\"@id\":\"https:\/\/www.visit-ulcinj.com\/blog\/2011\/03\/08\/elsa-drejt-te-lumturise-se-te-qenit-nene\/#webpage\",\"url\":\"https:\/\/www.visit-ulcinj.com\/blog\/2011\/03\/08\/elsa-drejt-te-lumturise-se-te-qenit-nene\/\",\"name\":\"Elsa drejt t\u00eb lumturis\u00eb s\u00eb t\u00eb q\u00ebnit, N\u00ebn\u00eb - Lajme nga Ulqini\",\"isPartOf\":{\"@id\":\"https:\/\/www.visit-ulcinj.com\/blog\/#website\"},\"primaryImageOfPage\":{\"@id\":\"https:\/\/www.visit-ulcinj.com\/blog\/2011\/03\/08\/elsa-drejt-te-lumturise-se-te-qenit-nene\/#primaryimage\"},\"datePublished\":\"2011-03-08T10:00:49+00:00\",\"dateModified\":\"2011-03-08T10:01:22+00:00\",\"author\":{\"@id\":\"https:\/\/www.visit-ulcinj.com\/blog\/#\/schema\/person\/dcab619c614d3038751c63bc2aadc06d\"},\"description\":\"Elsa Lila \u00ebsht\u00eb nga ato k\u00ebng\u00ebtare p\u00ebr t\u00eb cilat shqiptar\u00ebt kan\u00eb nj\u00eb dashuri t\u00eb ve\u00e7ant\u00eb. Ne nje interviste te botuar sot ne Gazeta Shqiptare, Elsa rrefen\",\"breadcrumb\":{\"@id\":\"https:\/\/www.visit-ulcinj.com\/blog\/2011\/03\/08\/elsa-drejt-te-lumturise-se-te-qenit-nene\/#breadcrumb\"},\"inLanguage\":\"en-US\",\"potentialAction\":[{\"@type\":\"ReadAction\",\"target\":[\"https:\/\/www.visit-ulcinj.com\/blog\/2011\/03\/08\/elsa-drejt-te-lumturise-se-te-qenit-nene\/\"]}]},{\"@type\":\"BreadcrumbList\",\"@id\":\"https:\/\/www.visit-ulcinj.com\/blog\/2011\/03\/08\/elsa-drejt-te-lumturise-se-te-qenit-nene\/#breadcrumb\",\"itemListElement\":[{\"@type\":\"ListItem\",\"position\":1,\"name\":\"Elsa drejt t\u00eb lumturis\u00eb s\u00eb t\u00eb q\u00ebnit, N\u00ebn\u00eb\"}]},{\"@type\":\"Person\",\"@id\":\"https:\/\/www.visit-ulcinj.com\/blog\/#\/schema\/person\/dcab619c614d3038751c63bc2aadc06d\",\"name\":\"ulqini\",\"sameAs\":[\"http:\/\/www.visit-ulcinj.com\"],\"url\":\"https:\/\/www.visit-ulcinj.com\/blog\/author\/admin\/\"}]}<\/script>\n<!-- \/ Yoast SEO plugin. -->","yoast_head_json":{"title":"Elsa drejt t\u00eb lumturis\u00eb s\u00eb t\u00eb q\u00ebnit, N\u00ebn\u00eb - Lajme nga Ulqini","description":"Elsa Lila \u00ebsht\u00eb nga ato k\u00ebng\u00ebtare p\u00ebr t\u00eb cilat shqiptar\u00ebt kan\u00eb nj\u00eb dashuri t\u00eb ve\u00e7ant\u00eb. Ne nje interviste te botuar sot ne Gazeta Shqiptare, Elsa rrefen","robots":{"index":"index","follow":"follow","max-snippet":"max-snippet:-1","max-image-preview":"max-image-preview:large","max-video-preview":"max-video-preview:-1"},"canonical":"https:\/\/www.visit-ulcinj.com\/blog\/2011\/03\/08\/elsa-drejt-te-lumturise-se-te-qenit-nene\/","og_locale":"en_US","og_type":"article","og_title":"Elsa drejt t\u00eb lumturis\u00eb s\u00eb t\u00eb q\u00ebnit, N\u00ebn\u00eb - Lajme nga Ulqini","og_description":"Elsa Lila \u00ebsht\u00eb nga ato k\u00ebng\u00ebtare p\u00ebr t\u00eb cilat shqiptar\u00ebt kan\u00eb nj\u00eb dashuri t\u00eb ve\u00e7ant\u00eb. Ne nje interviste te botuar sot ne Gazeta Shqiptare, Elsa rrefen","og_url":"https:\/\/www.visit-ulcinj.com\/blog\/2011\/03\/08\/elsa-drejt-te-lumturise-se-te-qenit-nene\/","og_site_name":"Lajme nga Ulqini","article_published_time":"2011-03-08T10:00:49+00:00","article_modified_time":"2011-03-08T10:01:22+00:00","og_image":[{"url":"http:\/\/www.visit-ulcinj.com\/blog\/wp-content\/uploads\/2011\/03\/Elsa-Lila-141x300.jpg"}],"twitter_misc":{"Written by":"ulqini","Est. reading time":"1 minute"},"schema":{"@context":"https:\/\/schema.org","@graph":[{"@type":"WebSite","@id":"https:\/\/www.visit-ulcinj.com\/blog\/#website","url":"https:\/\/www.visit-ulcinj.com\/blog\/","name":"Lajme nga Ulqini","description":"Lajme,Vijesti,Ulqini,Ulqin,Crna Gora,Mali i Zi","potentialAction":[{"@type":"SearchAction","target":{"@type":"EntryPoint","urlTemplate":"https:\/\/www.visit-ulcinj.com\/blog\/?s={search_term_string}"},"query-input":"required name=search_term_string"}],"inLanguage":"en-US"},{"@type":"ImageObject","inLanguage":"en-US","@id":"https:\/\/www.visit-ulcinj.com\/blog\/2011\/03\/08\/elsa-drejt-te-lumturise-se-te-qenit-nene\/#primaryimage","url":"http:\/\/www.visit-ulcinj.com\/blog\/wp-content\/uploads\/2011\/03\/Elsa-Lila-141x300.jpg","contentUrl":"http:\/\/www.visit-ulcinj.com\/blog\/wp-content\/uploads\/2011\/03\/Elsa-Lila-141x300.jpg"},{"@type":"WebPage","@id":"https:\/\/www.visit-ulcinj.com\/blog\/2011\/03\/08\/elsa-drejt-te-lumturise-se-te-qenit-nene\/#webpage","url":"https:\/\/www.visit-ulcinj.com\/blog\/2011\/03\/08\/elsa-drejt-te-lumturise-se-te-qenit-nene\/","name":"Elsa drejt t\u00eb lumturis\u00eb s\u00eb t\u00eb q\u00ebnit, N\u00ebn\u00eb - Lajme nga Ulqini","isPartOf":{"@id":"https:\/\/www.visit-ulcinj.com\/blog\/#website"},"primaryImageOfPage":{"@id":"https:\/\/www.visit-ulcinj.com\/blog\/2011\/03\/08\/elsa-drejt-te-lumturise-se-te-qenit-nene\/#primaryimage"},"datePublished":"2011-03-08T10:00:49+00:00","dateModified":"2011-03-08T10:01:22+00:00","author":{"@id":"https:\/\/www.visit-ulcinj.com\/blog\/#\/schema\/person\/dcab619c614d3038751c63bc2aadc06d"},"description":"Elsa Lila \u00ebsht\u00eb nga ato k\u00ebng\u00ebtare p\u00ebr t\u00eb cilat shqiptar\u00ebt kan\u00eb nj\u00eb dashuri t\u00eb ve\u00e7ant\u00eb. Ne nje interviste te botuar sot ne Gazeta Shqiptare, Elsa rrefen","breadcrumb":{"@id":"https:\/\/www.visit-ulcinj.com\/blog\/2011\/03\/08\/elsa-drejt-te-lumturise-se-te-qenit-nene\/#breadcrumb"},"inLanguage":"en-US","potentialAction":[{"@type":"ReadAction","target":["https:\/\/www.visit-ulcinj.com\/blog\/2011\/03\/08\/elsa-drejt-te-lumturise-se-te-qenit-nene\/"]}]},{"@type":"BreadcrumbList","@id":"https:\/\/www.visit-ulcinj.com\/blog\/2011\/03\/08\/elsa-drejt-te-lumturise-se-te-qenit-nene\/#breadcrumb","itemListElement":[{"@type":"ListItem","position":1,"name":"Elsa drejt t\u00eb lumturis\u00eb s\u00eb t\u00eb q\u00ebnit, N\u00ebn\u00eb"}]},{"@type":"Person","@id":"https:\/\/www.visit-ulcinj.com\/blog\/#\/schema\/person\/dcab619c614d3038751c63bc2aadc06d","name":"ulqini","sameAs":["http:\/\/www.visit-ulcinj.com"],"url":"https:\/\/www.visit-ulcinj.com\/blog\/author\/admin\/"}]}},"jetpack_featured_media_url":"","jetpack_sharing_enabled":true,"jetpack_shortlink":"https:\/\/wp.me\/pe6lTn-bz8","_links":{"self":[{"href":"https:\/\/www.visit-ulcinj.com\/blog\/wp-json\/wp\/v2\/posts\/44462"}],"collection":[{"href":"https:\/\/www.visit-ulcinj.com\/blog\/wp-json\/wp\/v2\/posts"}],"about":[{"href":"https:\/\/www.visit-ulcinj.com\/blog\/wp-json\/wp\/v2\/types\/post"}],"author":[{"embeddable":true,"href":"https:\/\/www.visit-ulcinj.com\/blog\/wp-json\/wp\/v2\/users\/1"}],"replies":[{"embeddable":true,"href":"https:\/\/www.visit-ulcinj.com\/blog\/wp-json\/wp\/v2\/comments?post=44462"}],"version-history":[{"count":0,"href":"https:\/\/www.visit-ulcinj.com\/blog\/wp-json\/wp\/v2\/posts\/44462\/revisions"}],"wp:attachment":[{"href":"https:\/\/www.visit-ulcinj.com\/blog\/wp-json\/wp\/v2\/media?parent=44462"}],"wp:term":[{"taxonomy":"category","embeddable":true,"href":"https:\/\/www.visit-ulcinj.com\/blog\/wp-json\/wp\/v2\/categories?post=44462"},{"taxonomy":"post_tag","embeddable":true,"href":"https:\/\/www.visit-ulcinj.com\/blog\/wp-json\/wp\/v2\/tags?post=44462"}],"curies":[{"name":"wp","href":"https:\/\/api.w.org\/{rel}","templated":true}]}}