{"id":445,"date":"2008-02-09T02:46:43","date_gmt":"2008-02-09T07:46:43","guid":{"rendered":"http:\/\/www.visit-ulcinj.com\/blog\/2008\/02\/09\/tacijev-dan-d-17-februar\/"},"modified":"2008-02-12T14:11:29","modified_gmt":"2008-02-12T19:11:29","slug":"tacijev-dan-d-17-februar","status":"publish","type":"post","link":"https:\/\/www.visit-ulcinj.com\/blog\/2008\/02\/09\/tacijev-dan-d-17-februar\/","title":{"rendered":"Ta?ijev dan D 17. Februar"},"content":{"rendered":"<p><a href=\"http:\/\/www.visit-ulcinj.com\/blog\/2008\/02\/09\/tacijev-dan-d-17-februar\/hashim-thaci-2\/\" rel=\"attachment wp-att-444\" title=\"hashim tha\u00e7i\"><img src=\"http:\/\/www.visit-ulcinj.com\/blog\/wp-content\/uploads\/2008\/02\/hashim-thaci.jpg\" alt=\"hashim tha\u00e7i\" align=\"left\" hspace=\"2\" vspace=\"2\" \/><\/a><strong>Ta?i od sto zemalja o?ekuje brzo priznanje<\/strong><\/p>\n<p>Pri\u0161tina (Rojters\/Beta\/FoNet) &#8211; Kosovski premijer Ha\u0161im Ta?i izjavio je ju?e da Pri\u0161tina ima potvrdu da je oko stotinu zemalja spremno da prizna nezavisnost Kosova odmah nakon progla\u0161enja.<br \/>\n&#8220;Imamo potvrdu oko stotinu zemalja \u0161irom svijeta da su spremne da priznaju nezavisnost odmah nakon njenog progla\u0161avanja. Bi?e to sna\u017ena podr\u0161ka na\u0161oj nezavisnosti&#8221;, rekao je Ta?i poslije redovnog nedjeljnog sastanka sa \u0161efom UNMIK-a Joahimom Rikerom.<!--more--><br \/>\nTa?i nije naveo imena zemalja koje ?e priznati Kosovo, niti je precizirao kada planiraju da proglase nezavisnost.<br \/>\nPremijer je rekao da o?ekuje da ?e odmah nakon progla\u0161enja nezavisnosti na Kosovo do?i misija EU.<br \/>\nU Beogradu, srpski ministar za Kosovo i Metohiju Slobodan Samard\u017ei? izjavio je ju?e da Vlada Srbije dobija sve vi\u0161e relevantnih informacija da ?e kosovski premijer Ha\u0161im Ta?i u nedjelju, 17. februara protivzakonito proglasiti jednostranu nezavisnost Kosova.<br \/>\nSamard\u017ei? je u razgovoru sa savjetnikom visokog predstavnika EU za spoljnu politiku Havijera Solane, \u0160tefanom Leneom, naglasio da EU ne mo\u017ee o?ekivati da Srbija, neposredno prije progla\u0161enja jednostrane nezavisnosti Kosova, sama potpi\u0161e nezavisnost Kosova, navodi se u saop\u0161tenju Ministarstva za Kosovo i Metohiju.<br \/>\nSrbija bi u ovom trenutku potpisivanjem bilo kojeg sporazuma sa EU dala saglasnost i opravdanje za pravljenje la\u017ene dr\u017eave na njenoj teritoriji, kazao je Samard\u017ei? i dodao da premijer Vojislav Ko\u0161tunica &#8220;ne?e dati ovakav potpis Srbije&#8221;.<br \/>\nEU po svaku cijenu poku\u0161ava da prije 17. februara sa Srbijom potpi\u0161e bilo kakav sporazum, jer bi na taj na?in potpis Srbije zapravo bio potpis za nezavisnost Kosova, istakao je Samard\u017ei? i dodao da bi Srbija takvim potpisom opravdala otimanje 15 odsto teritorije i nasilno kr\u0161enje Povelje UN i Rezolucije 1244.<br \/>\nEvropska unija, koja planira da preuzme kontrolu nad Kosovom od Ujedinjenih nacija, 18. februara ?e odr\u017eati sastanak \u0161efova diplomatija i o?ekuje se da ?e na tom sastanku formalno odobriti slanje misije na Kosovo.<br \/>\nSavjet Evropske unije, imenova?e diplomatu Pitera Fejta za specijalnog predstavnika EU na Kosovu, saznaje FoNet.<br \/>\nOn bi trebalo da ima vode?u ulogu u ja?anju regiona i primijeni re\u0161enja za budu?i status Kosova.<br \/>\nFejtov zadatak bi?e stvaranje stabilnog, odr\u017eivog, mirnog, demokratskog i multietni?kog dru\u0161tva, koje ?e doprinositi regionalnoj saradnji i stabilnosti, navodi se u dokumentu predlo\u017eenom za usvajanje na zasijedanju Savjeta EU.<br \/>\nSpecijalni predstavnik Misije EU na Kosovu bi trebalo da ponudi savjete i podr\u0161ku Unije politi?kim procesima na Kosovu, promovi\u0161e sveobuhvatnu politi?ku koordinaciju EU na Kosovu, da osigura konzistentnost i koherentnost akcija Unije prema javnosti.<br \/>\nU dokumentu se ne navodi kada bi Fejt trebalo da stupi na du\u017enost, ali se precizira da ?e je obavljati do 28. februara 2009. godine.<br \/>\nMisiju Unije na Kosovu, i Beograd i Pri\u0161tina, sa razli?itih pozicija, vide kao arhitektu nezavisnosti Pokrajine.<br \/>\nU svega nekoliko dana, pred zvani?nicima Unije na\u0161la su se dva va\u017ena dokumenta, ?ijim bi usvajanjem misija Evropske unije, nazvana EULEKS, dobila zeleno svjetlo da krene put Kosova.<br \/>\n&#8220;Ne postoji pravni osnov za misiju EU,&#8221; kazao je ove nedjelje predsjednik Srbije Boris Tadi?. &#8220;Takvu misiju jedino mo\u017ee da odobri Savjet bezbjednosti UN.&#8221;<\/p>\n<p>RAZRJE\u0160ENJE KRIZE SLJEDE?E NEDjELJE?<\/p>\n<p>Beograd (B92\/Beta) &#8211; Kriza u funkcionisanju srpskih istitucija mogla bi biti razrije\u0161ena tokom sljede?e nedjelje.<br \/>\nPredsjednik Srbije Boris Tadi? najavio je da ?e, po?etkom naredne nedjelje, pozvati premijera Vojislava Ko\u0161tunicu i predsjednika parlamenta Olivera Duli?a kako bi prona\u0161li rje\u0161enje za novonastalu situaciju u zemlji.<br \/>\nPredsjednik Srbije smatra da je neophodno da svi preuzmu svoj dio odgovornosti i da sistem u ovoj zemlji profunkcioni\u0161e na najbolji mogu?i na?in.<br \/>\nIz Ko\u0161tuni?inog kabineta, agenciji Beta je re?eno da ?e se premijer sastati sa Borisom Tadi?em po njegovom povratku u zemlju. Kako ka\u017eu u kabinetu premijera, u trenutku kada se najavljuje protivpravno slanje Misije EU na Kosovo i Metohiju, i u trenutku kada se najavljuje da ?e predsjednik privremene pokrajinske vlade Ha\u0161im Ta?i 17. februara proglasiti jednostranu nezavisnost Pokrajine, podrazumijeva se i neophodan je sastanak nosilaca najva\u017enijih dr\u017eavnih institucija.<br \/>\nTadi? najavljuje da ?e, najvjerovatnije, u utorak sazvati sjednicu Savjeta za nacionalnu bezbjednost u \u017eelji da obavijesti gra?ane da je situacija sasvim stabilna.<br \/>\n&#8220;Ne smije biti paralize u radu ni jedne jedine institucije, ni Vlade ni Skup\u0161tine. Ali, istovremeno, jo\u0161 jednom da potvrdim, svaka institucija od Vlade, Skup\u0161tine, Savjeta za nacionalnu bezbjednost i drugih institucija u zemlji moraju da rade svoj posao u skladu sa Ustavom i zakonima&#8221;, zaklju?io je Tadi?.<br \/>\nOliver Duli? se sla\u017ee sa predsjednikom Srbije da ne smije biti paralize u radu dr\u017eavnih organa, zbog ?ega, kako ka\u017ee, je i prihvatio Tadi?ev poziv za sastanak.<\/p>\n","protected":false},"excerpt":{"rendered":"<p><img src=\"http:\/\/www.visit-ulcinj.com\/blog\/wp-content\/uploads\/2008\/02\/hashim-thaci.jpg\" alt=\"hashim tha\u00e7i\" witdh=\"140\" height=\"140\"\/> <\/p>\n","protected":false},"author":1,"featured_media":0,"comment_status":"open","ping_status":"closed","sticky":false,"template":"","format":"standard","meta":{"spay_email":"","jetpack_publicize_message":"","jetpack_is_tweetstorm":false,"jetpack_publicize_feature_enabled":true},"categories":[14],"tags":[],"jetpack_publicize_connections":[],"yoast_head":"<!-- This site is optimized with the Yoast SEO plugin v19.1 - https:\/\/yoast.com\/wordpress\/plugins\/seo\/ -->\n<title>Ta?ijev dan D 17. Februar - Lajme nga Ulqini<\/title>\n<meta name=\"robots\" content=\"index, follow, max-snippet:-1, max-image-preview:large, max-video-preview:-1\" \/>\n<link rel=\"canonical\" href=\"https:\/\/www.visit-ulcinj.com\/blog\/2008\/02\/09\/tacijev-dan-d-17-februar\/\" \/>\n<meta property=\"og:locale\" content=\"en_US\" \/>\n<meta property=\"og:type\" content=\"article\" \/>\n<meta property=\"og:title\" content=\"Ta?ijev dan D 17. Februar - Lajme nga Ulqini\" \/>\n<meta property=\"og:url\" content=\"https:\/\/www.visit-ulcinj.com\/blog\/2008\/02\/09\/tacijev-dan-d-17-februar\/\" \/>\n<meta property=\"og:site_name\" content=\"Lajme nga Ulqini\" \/>\n<meta property=\"article:published_time\" content=\"2008-02-09T07:46:43+00:00\" \/>\n<meta property=\"article:modified_time\" content=\"2008-02-12T19:11:29+00:00\" \/>\n<meta property=\"og:image\" content=\"http:\/\/www.visit-ulcinj.com\/blog\/wp-content\/uploads\/2008\/02\/hashim-thaci.jpg\" \/>\n<meta name=\"twitter:label1\" content=\"Written by\" \/>\n\t<meta name=\"twitter:data1\" content=\"ulqini\" \/>\n\t<meta name=\"twitter:label2\" content=\"Est. reading time\" \/>\n\t<meta name=\"twitter:data2\" content=\"4 minutes\" \/>\n<script type=\"application\/ld+json\" class=\"yoast-schema-graph\">{\"@context\":\"https:\/\/schema.org\",\"@graph\":[{\"@type\":\"WebSite\",\"@id\":\"https:\/\/www.visit-ulcinj.com\/blog\/#website\",\"url\":\"https:\/\/www.visit-ulcinj.com\/blog\/\",\"name\":\"Lajme nga Ulqini\",\"description\":\"Lajme,Vijesti,Ulqini,Ulqin,Crna Gora,Mali i Zi\",\"potentialAction\":[{\"@type\":\"SearchAction\",\"target\":{\"@type\":\"EntryPoint\",\"urlTemplate\":\"https:\/\/www.visit-ulcinj.com\/blog\/?s={search_term_string}\"},\"query-input\":\"required name=search_term_string\"}],\"inLanguage\":\"en-US\"},{\"@type\":\"ImageObject\",\"inLanguage\":\"en-US\",\"@id\":\"https:\/\/www.visit-ulcinj.com\/blog\/2008\/02\/09\/tacijev-dan-d-17-februar\/#primaryimage\",\"url\":\"http:\/\/www.visit-ulcinj.com\/blog\/wp-content\/uploads\/2008\/02\/hashim-thaci.jpg\",\"contentUrl\":\"http:\/\/www.visit-ulcinj.com\/blog\/wp-content\/uploads\/2008\/02\/hashim-thaci.jpg\"},{\"@type\":\"WebPage\",\"@id\":\"https:\/\/www.visit-ulcinj.com\/blog\/2008\/02\/09\/tacijev-dan-d-17-februar\/#webpage\",\"url\":\"https:\/\/www.visit-ulcinj.com\/blog\/2008\/02\/09\/tacijev-dan-d-17-februar\/\",\"name\":\"Ta?ijev dan D 17. Februar - Lajme nga Ulqini\",\"isPartOf\":{\"@id\":\"https:\/\/www.visit-ulcinj.com\/blog\/#website\"},\"primaryImageOfPage\":{\"@id\":\"https:\/\/www.visit-ulcinj.com\/blog\/2008\/02\/09\/tacijev-dan-d-17-februar\/#primaryimage\"},\"datePublished\":\"2008-02-09T07:46:43+00:00\",\"dateModified\":\"2008-02-12T19:11:29+00:00\",\"author\":{\"@id\":\"https:\/\/www.visit-ulcinj.com\/blog\/#\/schema\/person\/dcab619c614d3038751c63bc2aadc06d\"},\"breadcrumb\":{\"@id\":\"https:\/\/www.visit-ulcinj.com\/blog\/2008\/02\/09\/tacijev-dan-d-17-februar\/#breadcrumb\"},\"inLanguage\":\"en-US\",\"potentialAction\":[{\"@type\":\"ReadAction\",\"target\":[\"https:\/\/www.visit-ulcinj.com\/blog\/2008\/02\/09\/tacijev-dan-d-17-februar\/\"]}]},{\"@type\":\"BreadcrumbList\",\"@id\":\"https:\/\/www.visit-ulcinj.com\/blog\/2008\/02\/09\/tacijev-dan-d-17-februar\/#breadcrumb\",\"itemListElement\":[{\"@type\":\"ListItem\",\"position\":1,\"name\":\"Ta?ijev dan D 17. Februar\"}]},{\"@type\":\"Person\",\"@id\":\"https:\/\/www.visit-ulcinj.com\/blog\/#\/schema\/person\/dcab619c614d3038751c63bc2aadc06d\",\"name\":\"ulqini\",\"sameAs\":[\"http:\/\/www.visit-ulcinj.com\"],\"url\":\"https:\/\/www.visit-ulcinj.com\/blog\/author\/admin\/\"}]}<\/script>\n<!-- \/ Yoast SEO plugin. -->","yoast_head_json":{"title":"Ta?ijev dan D 17. Februar - Lajme nga Ulqini","robots":{"index":"index","follow":"follow","max-snippet":"max-snippet:-1","max-image-preview":"max-image-preview:large","max-video-preview":"max-video-preview:-1"},"canonical":"https:\/\/www.visit-ulcinj.com\/blog\/2008\/02\/09\/tacijev-dan-d-17-februar\/","og_locale":"en_US","og_type":"article","og_title":"Ta?ijev dan D 17. Februar - Lajme nga Ulqini","og_url":"https:\/\/www.visit-ulcinj.com\/blog\/2008\/02\/09\/tacijev-dan-d-17-februar\/","og_site_name":"Lajme nga Ulqini","article_published_time":"2008-02-09T07:46:43+00:00","article_modified_time":"2008-02-12T19:11:29+00:00","og_image":[{"url":"http:\/\/www.visit-ulcinj.com\/blog\/wp-content\/uploads\/2008\/02\/hashim-thaci.jpg"}],"twitter_misc":{"Written by":"ulqini","Est. reading time":"4 minutes"},"schema":{"@context":"https:\/\/schema.org","@graph":[{"@type":"WebSite","@id":"https:\/\/www.visit-ulcinj.com\/blog\/#website","url":"https:\/\/www.visit-ulcinj.com\/blog\/","name":"Lajme nga Ulqini","description":"Lajme,Vijesti,Ulqini,Ulqin,Crna Gora,Mali i Zi","potentialAction":[{"@type":"SearchAction","target":{"@type":"EntryPoint","urlTemplate":"https:\/\/www.visit-ulcinj.com\/blog\/?s={search_term_string}"},"query-input":"required name=search_term_string"}],"inLanguage":"en-US"},{"@type":"ImageObject","inLanguage":"en-US","@id":"https:\/\/www.visit-ulcinj.com\/blog\/2008\/02\/09\/tacijev-dan-d-17-februar\/#primaryimage","url":"http:\/\/www.visit-ulcinj.com\/blog\/wp-content\/uploads\/2008\/02\/hashim-thaci.jpg","contentUrl":"http:\/\/www.visit-ulcinj.com\/blog\/wp-content\/uploads\/2008\/02\/hashim-thaci.jpg"},{"@type":"WebPage","@id":"https:\/\/www.visit-ulcinj.com\/blog\/2008\/02\/09\/tacijev-dan-d-17-februar\/#webpage","url":"https:\/\/www.visit-ulcinj.com\/blog\/2008\/02\/09\/tacijev-dan-d-17-februar\/","name":"Ta?ijev dan D 17. Februar - Lajme nga Ulqini","isPartOf":{"@id":"https:\/\/www.visit-ulcinj.com\/blog\/#website"},"primaryImageOfPage":{"@id":"https:\/\/www.visit-ulcinj.com\/blog\/2008\/02\/09\/tacijev-dan-d-17-februar\/#primaryimage"},"datePublished":"2008-02-09T07:46:43+00:00","dateModified":"2008-02-12T19:11:29+00:00","author":{"@id":"https:\/\/www.visit-ulcinj.com\/blog\/#\/schema\/person\/dcab619c614d3038751c63bc2aadc06d"},"breadcrumb":{"@id":"https:\/\/www.visit-ulcinj.com\/blog\/2008\/02\/09\/tacijev-dan-d-17-februar\/#breadcrumb"},"inLanguage":"en-US","potentialAction":[{"@type":"ReadAction","target":["https:\/\/www.visit-ulcinj.com\/blog\/2008\/02\/09\/tacijev-dan-d-17-februar\/"]}]},{"@type":"BreadcrumbList","@id":"https:\/\/www.visit-ulcinj.com\/blog\/2008\/02\/09\/tacijev-dan-d-17-februar\/#breadcrumb","itemListElement":[{"@type":"ListItem","position":1,"name":"Ta?ijev dan D 17. Februar"}]},{"@type":"Person","@id":"https:\/\/www.visit-ulcinj.com\/blog\/#\/schema\/person\/dcab619c614d3038751c63bc2aadc06d","name":"ulqini","sameAs":["http:\/\/www.visit-ulcinj.com"],"url":"https:\/\/www.visit-ulcinj.com\/blog\/author\/admin\/"}]}},"jetpack_featured_media_url":"","jetpack_sharing_enabled":true,"jetpack_shortlink":"https:\/\/wp.me\/pe6lTn-7b","_links":{"self":[{"href":"https:\/\/www.visit-ulcinj.com\/blog\/wp-json\/wp\/v2\/posts\/445"}],"collection":[{"href":"https:\/\/www.visit-ulcinj.com\/blog\/wp-json\/wp\/v2\/posts"}],"about":[{"href":"https:\/\/www.visit-ulcinj.com\/blog\/wp-json\/wp\/v2\/types\/post"}],"author":[{"embeddable":true,"href":"https:\/\/www.visit-ulcinj.com\/blog\/wp-json\/wp\/v2\/users\/1"}],"replies":[{"embeddable":true,"href":"https:\/\/www.visit-ulcinj.com\/blog\/wp-json\/wp\/v2\/comments?post=445"}],"version-history":[{"count":0,"href":"https:\/\/www.visit-ulcinj.com\/blog\/wp-json\/wp\/v2\/posts\/445\/revisions"}],"wp:attachment":[{"href":"https:\/\/www.visit-ulcinj.com\/blog\/wp-json\/wp\/v2\/media?parent=445"}],"wp:term":[{"taxonomy":"category","embeddable":true,"href":"https:\/\/www.visit-ulcinj.com\/blog\/wp-json\/wp\/v2\/categories?post=445"},{"taxonomy":"post_tag","embeddable":true,"href":"https:\/\/www.visit-ulcinj.com\/blog\/wp-json\/wp\/v2\/tags?post=445"}],"curies":[{"name":"wp","href":"https:\/\/api.w.org\/{rel}","templated":true}]}}