{"id":44500,"date":"2011-03-08T23:48:00","date_gmt":"2011-03-08T22:48:00","guid":{"rendered":"http:\/\/www.visit-ulcinj.com\/blog\/?p=44500"},"modified":"2011-03-08T23:48:00","modified_gmt":"2011-03-08T22:48:00","slug":"predsjednik-montenegro-biznis-alijanse-slobodan-radovic-o-propalom-tenderu-za-valdanos-video","status":"publish","type":"post","link":"https:\/\/www.visit-ulcinj.com\/blog\/2011\/03\/08\/predsjednik-montenegro-biznis-alijanse-slobodan-radovic-o-propalom-tenderu-za-valdanos-video\/","title":{"rendered":"Predsjednik Montenegro biznis alijanse Slobodan Radovi\u0107 o propalom tenderu za Valdanos &#8211; Video"},"content":{"rendered":"<p><a href=\"http:\/\/www.visit-ulcinj.com\/blog\/wp-content\/uploads\/2011\/03\/montenegro_biznis_alijansa.jpg\"><img loading=\"lazy\" class=\"alignleft size-full wp-image-44501\" title=\"montenegro_biznis_alijansa\" src=\"http:\/\/www.visit-ulcinj.com\/blog\/wp-content\/uploads\/2011\/03\/montenegro_biznis_alijansa.jpg\" alt=\"\" width=\"253\" height=\"276\" \/><\/a>PODGORICA &#8211; Slanje negativnih poruka investitorima nije u interesu dr\u017eave &#8211; upozorio je ju\u010de predsjednik Montenegro biznis alijanse Slobodan Radovi\u0107.<\/p>\n<p>Komentari\u0161u\u0107i ono \u0161to se ovih dana doga\u0111alo u vezi sa Valdanosom, Radovi\u0107 je ocijenio da u dr\u017eavnom interesu nije tjeranje investitora pod uticajem nevladinog sektora i medija.<\/p>\n<p><strong>Vlada da se odredi<\/strong><\/p>\n<p>&#8211; Dr\u017eava treba da obezbijedi jednake uslove za sve, otvorenost i transparentnost &#8211; kazao je Radovi\u0107, podr\u017eavaju\u0107i napore Agencije za promociju stranih investicija, i svih crnogorskih institucija koji doprinose stabilnosti i sigurnosti.<\/p>\n<p>On smatra da slu\u010daj Valdanosa treba da bude nauk za Crnu Goru.<\/p>\n<p>-Vlada i njene institucije treba da defini\u0161u kako \u0107e se pona\u0161ati u budu\u0107nosti. Da li \u0107emo zaustaviti otvaranje na\u0161e ekonomije i stvoriti situaciju u kojoj nas ne interesuju strani investitori ili \u0107emo da radimo i da se otvaramo jo\u0161 vi\u0161e, kako bismo iskoristili neiskori\u0161\u0107ene kapacitete i imali koristi &#8211; ka\u017ee predsjednik MBA.<\/p>\n<p>On smatra da je kampanja koja se vodila za valorizaciju biv\u0161eg vojnog kompleksa Valdanos, bila mnogo vi\u0161e politi\u010dka i populisti\u010dka, nego zasnovana na ekonomskim \u010dinjenicama.<\/p>\n<p>&#8211; Kampanja je dovela do propadanja tendera i potencijalnom investitoru, koji je predlo\u017eio odli\u010dan projekat, vrata su pritvorena. Investicija se zavr\u0161ila prije nego \u0161to je i po\u010dela. S obzirom da se bavim turizmom, prepoznajem va\u017enost razvoja hotelske privrede i gradnje hotela sa 4 i 5 zvjezdica koji nedostaju Crnoj Gori &#8211; ka\u017ee Radovi\u0107, podsje\u0107aju\u0107i da je projektom bilo predvi\u0111eno zapo\u0161ljavanje 600 do 700 ljudi.<\/p>\n<p><strong>Velika konkurencija <\/strong><\/p>\n<p>Ako, ka\u017ee on, pogledamo broj nezaposlenih na podru\u010dju Ulcinja, mo\u017eemo razumjeti efekte koje bi ova investicija imala za tu op\u0161tinu i Crnu Goru.<\/p>\n<p>&#8211; MBA, kao organizacija koja, izme\u0111u ostalog, okuplja i strane investitore, zalaga\u0107e se da se ovakve stvari ne doga\u0111aju. Da Crna Gora bude po\u017eeljna a ne odbojna investiciona destinacija, \u0161to je u op\u0161tem interesu &#8211; ka\u017ee Radovi\u0107.<\/p>\n<p>On podsje\u0107a da je konkurencija u na\u0161em regionu u dobijanju poslova i iznala\u017eenju novih partnera i investitora sve ve\u0107a.<\/p>\n<p>&#8211; Jo\u0161 se osje\u0107aju efekti svjetske ekonomske krize, koju mo\u017eda zaboravljaju nevladine organizacije u Crnoj Gori. Investitori su oprezniji u dono\u0161enju odluka gdje i koliko da investiraju. Potrebno je zato ulo\u017eiti mnogo napora da se ozbiljni investitori privuku &#8211; isti\u010de Rasovi\u0107.<br \/>\n<a href=\"http:\/\/www.pobjeda.co.me\/citanje.php?datum=2011-03-08&amp;id=203047\" target=\"_blank\"><strong>Mr.M.<br \/>\nIzvor: Pobjeda<\/strong><\/a><\/p>\n<p><a href=\"http:\/\/www.rtcg.me\/arhiva\/audio-video-arhiva.html\" target=\"_blank\"><strong>RTVCG &#8211; EMISIJA OTVORENO<\/strong><\/a><br \/>\n[flv width=&#8221;508&#8243; height=&#8221;390&#8243;]http:\/\/www.rtcg.me\/images\/biblioteka\/audio_video_arhiva\/otvoreno_07032011.flv[\/flv]<\/p>\n","protected":false},"excerpt":{"rendered":"<p>PODGORICA &#8211; Slanje negativnih poruka investitorima nije u interesu dr\u017eave &#8211; upozorio je ju\u010de predsjednik Montenegro biznis alijanse Slobodan Radovi\u0107. Komentari\u0161u\u0107i ono \u0161to se ovih dana doga\u0111alo u vezi sa Valdanosom, Radovi\u0107 je ocijenio da u dr\u017eavnom interesu nije tjeranje investitora pod uticajem nevladinog sektora i medija. Vlada da se odredi &#8211; Dr\u017eava treba da [&hellip;]<\/p>\n","protected":false},"author":1,"featured_media":0,"comment_status":"open","ping_status":"closed","sticky":false,"template":"","format":"standard","meta":{"spay_email":"","jetpack_publicize_message":"","jetpack_is_tweetstorm":false,"jetpack_publicize_feature_enabled":true},"categories":[8337],"tags":[4224,19,136],"jetpack_publicize_connections":[],"yoast_head":"<!-- This site is optimized with the Yoast SEO plugin v19.1 - https:\/\/yoast.com\/wordpress\/plugins\/seo\/ -->\n<title>Predsjednik Montenegro biznis alijanse Slobodan Radovi\u0107 o propalom tenderu za Valdanos - Video - Lajme nga Ulqini<\/title>\n<meta name=\"description\" content=\"PODGORICA - Slanje negativnih poruka investitorima nije u interesu dr\u017eave - upozorio je ju\u010de predsjednik Montenegro biznis alijanse Slobodan Radovi\u0107.\" \/>\n<meta name=\"robots\" content=\"index, follow, max-snippet:-1, max-image-preview:large, max-video-preview:-1\" \/>\n<link rel=\"canonical\" href=\"https:\/\/www.visit-ulcinj.com\/blog\/2011\/03\/08\/predsjednik-montenegro-biznis-alijanse-slobodan-radovic-o-propalom-tenderu-za-valdanos-video\/\" \/>\n<meta property=\"og:locale\" content=\"en_US\" \/>\n<meta property=\"og:type\" content=\"article\" \/>\n<meta property=\"og:title\" content=\"Predsjednik Montenegro biznis alijanse Slobodan Radovi\u0107 o propalom tenderu za Valdanos - Video - Lajme nga Ulqini\" \/>\n<meta property=\"og:description\" content=\"PODGORICA - Slanje negativnih poruka investitorima nije u interesu dr\u017eave - upozorio je ju\u010de predsjednik Montenegro biznis alijanse Slobodan Radovi\u0107.\" \/>\n<meta property=\"og:url\" content=\"https:\/\/www.visit-ulcinj.com\/blog\/2011\/03\/08\/predsjednik-montenegro-biznis-alijanse-slobodan-radovic-o-propalom-tenderu-za-valdanos-video\/\" \/>\n<meta property=\"og:site_name\" content=\"Lajme nga Ulqini\" \/>\n<meta property=\"article:published_time\" content=\"2011-03-08T22:48:00+00:00\" \/>\n<meta property=\"og:image\" content=\"http:\/\/www.visit-ulcinj.com\/blog\/wp-content\/uploads\/2011\/03\/montenegro_biznis_alijansa.jpg\" \/>\n<meta name=\"twitter:label1\" content=\"Written by\" \/>\n\t<meta name=\"twitter:data1\" content=\"ulqini\" \/>\n\t<meta name=\"twitter:label2\" content=\"Est. reading time\" \/>\n\t<meta name=\"twitter:data2\" content=\"2 minutes\" \/>\n<script type=\"application\/ld+json\" class=\"yoast-schema-graph\">{\"@context\":\"https:\/\/schema.org\",\"@graph\":[{\"@type\":\"WebSite\",\"@id\":\"https:\/\/www.visit-ulcinj.com\/blog\/#website\",\"url\":\"https:\/\/www.visit-ulcinj.com\/blog\/\",\"name\":\"Lajme nga Ulqini\",\"description\":\"Lajme,Vijesti,Ulqini,Ulqin,Crna Gora,Mali i Zi\",\"potentialAction\":[{\"@type\":\"SearchAction\",\"target\":{\"@type\":\"EntryPoint\",\"urlTemplate\":\"https:\/\/www.visit-ulcinj.com\/blog\/?s={search_term_string}\"},\"query-input\":\"required name=search_term_string\"}],\"inLanguage\":\"en-US\"},{\"@type\":\"ImageObject\",\"inLanguage\":\"en-US\",\"@id\":\"https:\/\/www.visit-ulcinj.com\/blog\/2011\/03\/08\/predsjednik-montenegro-biznis-alijanse-slobodan-radovic-o-propalom-tenderu-za-valdanos-video\/#primaryimage\",\"url\":\"https:\/\/www.visit-ulcinj.com\/blog\/wp-content\/uploads\/2011\/03\/montenegro_biznis_alijansa.jpg\",\"contentUrl\":\"https:\/\/www.visit-ulcinj.com\/blog\/wp-content\/uploads\/2011\/03\/montenegro_biznis_alijansa.jpg\",\"width\":\"160\",\"height\":\"206\"},{\"@type\":\"WebPage\",\"@id\":\"https:\/\/www.visit-ulcinj.com\/blog\/2011\/03\/08\/predsjednik-montenegro-biznis-alijanse-slobodan-radovic-o-propalom-tenderu-za-valdanos-video\/#webpage\",\"url\":\"https:\/\/www.visit-ulcinj.com\/blog\/2011\/03\/08\/predsjednik-montenegro-biznis-alijanse-slobodan-radovic-o-propalom-tenderu-za-valdanos-video\/\",\"name\":\"Predsjednik Montenegro biznis alijanse Slobodan Radovi\u0107 o propalom tenderu za Valdanos - Video - Lajme nga Ulqini\",\"isPartOf\":{\"@id\":\"https:\/\/www.visit-ulcinj.com\/blog\/#website\"},\"primaryImageOfPage\":{\"@id\":\"https:\/\/www.visit-ulcinj.com\/blog\/2011\/03\/08\/predsjednik-montenegro-biznis-alijanse-slobodan-radovic-o-propalom-tenderu-za-valdanos-video\/#primaryimage\"},\"datePublished\":\"2011-03-08T22:48:00+00:00\",\"dateModified\":\"2011-03-08T22:48:00+00:00\",\"author\":{\"@id\":\"https:\/\/www.visit-ulcinj.com\/blog\/#\/schema\/person\/dcab619c614d3038751c63bc2aadc06d\"},\"description\":\"PODGORICA - Slanje negativnih poruka investitorima nije u interesu dr\u017eave - upozorio je ju\u010de predsjednik Montenegro biznis alijanse Slobodan Radovi\u0107.\",\"breadcrumb\":{\"@id\":\"https:\/\/www.visit-ulcinj.com\/blog\/2011\/03\/08\/predsjednik-montenegro-biznis-alijanse-slobodan-radovic-o-propalom-tenderu-za-valdanos-video\/#breadcrumb\"},\"inLanguage\":\"en-US\",\"potentialAction\":[{\"@type\":\"ReadAction\",\"target\":[\"https:\/\/www.visit-ulcinj.com\/blog\/2011\/03\/08\/predsjednik-montenegro-biznis-alijanse-slobodan-radovic-o-propalom-tenderu-za-valdanos-video\/\"]}]},{\"@type\":\"BreadcrumbList\",\"@id\":\"https:\/\/www.visit-ulcinj.com\/blog\/2011\/03\/08\/predsjednik-montenegro-biznis-alijanse-slobodan-radovic-o-propalom-tenderu-za-valdanos-video\/#breadcrumb\",\"itemListElement\":[{\"@type\":\"ListItem\",\"position\":1,\"name\":\"Predsjednik Montenegro biznis alijanse Slobodan Radovi\u0107 o propalom tenderu za Valdanos &#8211; Video\"}]},{\"@type\":\"Person\",\"@id\":\"https:\/\/www.visit-ulcinj.com\/blog\/#\/schema\/person\/dcab619c614d3038751c63bc2aadc06d\",\"name\":\"ulqini\",\"sameAs\":[\"http:\/\/www.visit-ulcinj.com\"],\"url\":\"https:\/\/www.visit-ulcinj.com\/blog\/author\/admin\/\"}]}<\/script>\n<!-- \/ Yoast SEO plugin. -->","yoast_head_json":{"title":"Predsjednik Montenegro biznis alijanse Slobodan Radovi\u0107 o propalom tenderu za Valdanos - Video - Lajme nga Ulqini","description":"PODGORICA - Slanje negativnih poruka investitorima nije u interesu dr\u017eave - upozorio je ju\u010de predsjednik Montenegro biznis alijanse Slobodan Radovi\u0107.","robots":{"index":"index","follow":"follow","max-snippet":"max-snippet:-1","max-image-preview":"max-image-preview:large","max-video-preview":"max-video-preview:-1"},"canonical":"https:\/\/www.visit-ulcinj.com\/blog\/2011\/03\/08\/predsjednik-montenegro-biznis-alijanse-slobodan-radovic-o-propalom-tenderu-za-valdanos-video\/","og_locale":"en_US","og_type":"article","og_title":"Predsjednik Montenegro biznis alijanse Slobodan Radovi\u0107 o propalom tenderu za Valdanos - Video - Lajme nga Ulqini","og_description":"PODGORICA - Slanje negativnih poruka investitorima nije u interesu dr\u017eave - upozorio je ju\u010de predsjednik Montenegro biznis alijanse Slobodan Radovi\u0107.","og_url":"https:\/\/www.visit-ulcinj.com\/blog\/2011\/03\/08\/predsjednik-montenegro-biznis-alijanse-slobodan-radovic-o-propalom-tenderu-za-valdanos-video\/","og_site_name":"Lajme nga Ulqini","article_published_time":"2011-03-08T22:48:00+00:00","og_image":[{"url":"http:\/\/www.visit-ulcinj.com\/blog\/wp-content\/uploads\/2011\/03\/montenegro_biznis_alijansa.jpg"}],"twitter_misc":{"Written by":"ulqini","Est. reading time":"2 minutes"},"schema":{"@context":"https:\/\/schema.org","@graph":[{"@type":"WebSite","@id":"https:\/\/www.visit-ulcinj.com\/blog\/#website","url":"https:\/\/www.visit-ulcinj.com\/blog\/","name":"Lajme nga Ulqini","description":"Lajme,Vijesti,Ulqini,Ulqin,Crna Gora,Mali i Zi","potentialAction":[{"@type":"SearchAction","target":{"@type":"EntryPoint","urlTemplate":"https:\/\/www.visit-ulcinj.com\/blog\/?s={search_term_string}"},"query-input":"required name=search_term_string"}],"inLanguage":"en-US"},{"@type":"ImageObject","inLanguage":"en-US","@id":"https:\/\/www.visit-ulcinj.com\/blog\/2011\/03\/08\/predsjednik-montenegro-biznis-alijanse-slobodan-radovic-o-propalom-tenderu-za-valdanos-video\/#primaryimage","url":"https:\/\/www.visit-ulcinj.com\/blog\/wp-content\/uploads\/2011\/03\/montenegro_biznis_alijansa.jpg","contentUrl":"https:\/\/www.visit-ulcinj.com\/blog\/wp-content\/uploads\/2011\/03\/montenegro_biznis_alijansa.jpg","width":"160","height":"206"},{"@type":"WebPage","@id":"https:\/\/www.visit-ulcinj.com\/blog\/2011\/03\/08\/predsjednik-montenegro-biznis-alijanse-slobodan-radovic-o-propalom-tenderu-za-valdanos-video\/#webpage","url":"https:\/\/www.visit-ulcinj.com\/blog\/2011\/03\/08\/predsjednik-montenegro-biznis-alijanse-slobodan-radovic-o-propalom-tenderu-za-valdanos-video\/","name":"Predsjednik Montenegro biznis alijanse Slobodan Radovi\u0107 o propalom tenderu za Valdanos - Video - Lajme nga Ulqini","isPartOf":{"@id":"https:\/\/www.visit-ulcinj.com\/blog\/#website"},"primaryImageOfPage":{"@id":"https:\/\/www.visit-ulcinj.com\/blog\/2011\/03\/08\/predsjednik-montenegro-biznis-alijanse-slobodan-radovic-o-propalom-tenderu-za-valdanos-video\/#primaryimage"},"datePublished":"2011-03-08T22:48:00+00:00","dateModified":"2011-03-08T22:48:00+00:00","author":{"@id":"https:\/\/www.visit-ulcinj.com\/blog\/#\/schema\/person\/dcab619c614d3038751c63bc2aadc06d"},"description":"PODGORICA - Slanje negativnih poruka investitorima nije u interesu dr\u017eave - upozorio je ju\u010de predsjednik Montenegro biznis alijanse Slobodan Radovi\u0107.","breadcrumb":{"@id":"https:\/\/www.visit-ulcinj.com\/blog\/2011\/03\/08\/predsjednik-montenegro-biznis-alijanse-slobodan-radovic-o-propalom-tenderu-za-valdanos-video\/#breadcrumb"},"inLanguage":"en-US","potentialAction":[{"@type":"ReadAction","target":["https:\/\/www.visit-ulcinj.com\/blog\/2011\/03\/08\/predsjednik-montenegro-biznis-alijanse-slobodan-radovic-o-propalom-tenderu-za-valdanos-video\/"]}]},{"@type":"BreadcrumbList","@id":"https:\/\/www.visit-ulcinj.com\/blog\/2011\/03\/08\/predsjednik-montenegro-biznis-alijanse-slobodan-radovic-o-propalom-tenderu-za-valdanos-video\/#breadcrumb","itemListElement":[{"@type":"ListItem","position":1,"name":"Predsjednik Montenegro biznis alijanse Slobodan Radovi\u0107 o propalom tenderu za Valdanos &#8211; Video"}]},{"@type":"Person","@id":"https:\/\/www.visit-ulcinj.com\/blog\/#\/schema\/person\/dcab619c614d3038751c63bc2aadc06d","name":"ulqini","sameAs":["http:\/\/www.visit-ulcinj.com"],"url":"https:\/\/www.visit-ulcinj.com\/blog\/author\/admin\/"}]}},"jetpack_featured_media_url":"","jetpack_sharing_enabled":true,"jetpack_shortlink":"https:\/\/wp.me\/pe6lTn-bzK","_links":{"self":[{"href":"https:\/\/www.visit-ulcinj.com\/blog\/wp-json\/wp\/v2\/posts\/44500"}],"collection":[{"href":"https:\/\/www.visit-ulcinj.com\/blog\/wp-json\/wp\/v2\/posts"}],"about":[{"href":"https:\/\/www.visit-ulcinj.com\/blog\/wp-json\/wp\/v2\/types\/post"}],"author":[{"embeddable":true,"href":"https:\/\/www.visit-ulcinj.com\/blog\/wp-json\/wp\/v2\/users\/1"}],"replies":[{"embeddable":true,"href":"https:\/\/www.visit-ulcinj.com\/blog\/wp-json\/wp\/v2\/comments?post=44500"}],"version-history":[{"count":0,"href":"https:\/\/www.visit-ulcinj.com\/blog\/wp-json\/wp\/v2\/posts\/44500\/revisions"}],"wp:attachment":[{"href":"https:\/\/www.visit-ulcinj.com\/blog\/wp-json\/wp\/v2\/media?parent=44500"}],"wp:term":[{"taxonomy":"category","embeddable":true,"href":"https:\/\/www.visit-ulcinj.com\/blog\/wp-json\/wp\/v2\/categories?post=44500"},{"taxonomy":"post_tag","embeddable":true,"href":"https:\/\/www.visit-ulcinj.com\/blog\/wp-json\/wp\/v2\/tags?post=44500"}],"curies":[{"name":"wp","href":"https:\/\/api.w.org\/{rel}","templated":true}]}}