{"id":44503,"date":"2011-03-09T12:06:15","date_gmt":"2011-03-09T11:06:15","guid":{"rendered":"http:\/\/www.visit-ulcinj.com\/blog\/?p=44503"},"modified":"2011-03-12T09:21:13","modified_gmt":"2011-03-12T08:21:13","slug":"keshilli-nacional-shqiptar-ne-mal-te-zi-shenoi-diten-e-mesuesit","status":"publish","type":"post","link":"https:\/\/www.visit-ulcinj.com\/blog\/2011\/03\/09\/keshilli-nacional-shqiptar-ne-mal-te-zi-shenoi-diten-e-mesuesit\/","title":{"rendered":"K\u00ebshilli Nacional Shqiptar n\u00eb Mal t\u00eb Zi  sh\u00ebnoi dit\u00ebn e m\u00ebsuesit"},"content":{"rendered":"<p><a href=\"http:\/\/www.visit-ulcinj.com\/blog\/wp-content\/uploads\/2011\/03\/Keshilli-Nacional-Shqiptar-ne-Mal-te-Zi_7marsi_dita-mesuesit_Ulqin.jpg\"><img loading=\"lazy\" class=\"alignleft size-full wp-image-44504\" title=\"Keshilli Nacional Shqiptar ne Mal te Zi_7marsi_dita mesuesit_Ulqin\" src=\"http:\/\/www.visit-ulcinj.com\/blog\/wp-content\/uploads\/2011\/03\/Keshilli-Nacional-Shqiptar-ne-Mal-te-Zi_7marsi_dita-mesuesit_Ulqin.jpg\" alt=\"\" width=\"508\" height=\"380\" \/><\/a>K\u00ebshilli nacional i shqiptar\u00ebve sh\u00ebnoi mbr\u00ebm\u00eb n\u00eb Ulqin 7 marsin \u2013 Dit\u00ebn e m\u00ebsuesit, 125 vjetorin e hapjes s\u00eb shkoll\u00ebs s\u00eb par\u00eb shqip. 7 Marsi-Dita e M\u00ebsuesit \u00ebsht\u00eb nj\u00eb dat\u00eb e sh\u00ebnuar komb\u00ebtare e cila ka filluar t\u00eb kujtohet edhe nd\u00ebr shqiptar\u00ebt n\u00eb Malin e Zi.<br \/>\nKjo dat\u00eb \u00ebsht\u00eb fest\u00eb q\u00eb sh\u00ebrben p\u00ebr t\u00eb vler\u00ebsuar traditat m\u00eb t\u00eb mira t\u00eb shkoll\u00ebs komb\u00ebtare shqipe, figur\u00ebs s\u00eb nderuar t\u00eb m\u00ebsuesit dhe t\u00eb gjith\u00eb pun\u00ebtor\u00ebve t\u00eb arsimit.<\/p>\n<p>U kujtuan me respekt t\u00eb gjith\u00eb m\u00ebsuesit shqiptar\u00eb n\u00eb Malin e Zi, t\u00eb cil\u00ebt edhe pse punuan n\u00eb rrethanat e v\u00ebshtira t\u00eb koh\u00ebs, larg n\u00eb zona t\u00eb thella, i q\u00ebndruan besnik misionit t\u00eb tyre fisnik t\u00eb arsimimit t\u00eb brezave.<\/p>\n<p>Manifestimi me rastin e 7 Marsit \u2013Dit\u00ebs s\u00eb M\u00ebsuesit u organizua n\u00eb Ulqin m\u00eb 7.03.2011, n\u00eb Qendr\u00ebn p\u00ebr Kultur Ulqin.<br \/>\nMe k\u00ebt\u00eb rast u dha nj\u00eb program i pasur artistik me pjes\u00ebmarr\u00ebs nga pothuaj t\u00eb gjitha trevat shqiptare.<br \/>\n<a href=\"http:\/\/www.visit-ulcinj.com\/blog\/wp-content\/uploads\/2011\/03\/keshilli-nacional-shqiptar-ne-mal-te-zi_7marsi_dita-mesuesit_ulqin.7.03.2011_007.jpg\"><img loading=\"lazy\" class=\"alignleft size-full wp-image-44505\" title=\"keshilli nacional shqiptar ne mal te zi_7marsi_dita mesuesit_ulqin.7.03.2011_007\" src=\"http:\/\/www.visit-ulcinj.com\/blog\/wp-content\/uploads\/2011\/03\/keshilli-nacional-shqiptar-ne-mal-te-zi_7marsi_dita-mesuesit_ulqin.7.03.2011_007.jpg\" alt=\"\" width=\"508\" height=\"360\" \/><\/a><br \/>\nManifestimi filloi me himnin komb\u00ebtar. M\u00eb pas e mori fjal\u00ebn Kryetari i K\u00ebshillit Nacional t\u00eb Shqiptar\u00ebve n\u00eb Malin e Zi, z. Tahir Tahiri i cili p\u00ebrsh\u00ebndeti t\u00eb gjith\u00eb t\u00eb pranishmit. Z. Tahiri\u00a0\u00a0 tha se edhe n\u00eb t\u00eb ardhmen duhet t\u00eb ruhet vazhdim\u00ebsia e sh\u00ebnimit t\u00eb datave t\u00eb r\u00ebnd\u00ebsishme komb\u00ebtare dhe fal\u00ebnderoi K\u00ebshillin organizativ dhe t\u00eb gjith\u00eb ata q\u00eb ndihmuan organizimin e k\u00ebtij evenimenti t\u00eb r\u00ebnd\u00ebsish\u00ebm.<\/p>\n<p>P\u00ebr fest\u00ebn e m\u00ebsuesit nuk kan\u00eb munguar asnj\u00ebher\u00eb as k\u00ebng\u00ebt t\u00eb interpretuara me shum\u00eb dashuri nga nx\u00ebn\u00ebsit dhe t\u00eb rriturit. K\u00ebtu nuk mungoi as vallet folklorike Programi vazhdoi \u00a0me muzik\u00eb instrumentale arg\u00ebtuese.<br \/>\n<strong><br \/>\n<a href=\"http:\/\/www.facebook.com\/profile.php?id=100001564340764#!\/profile.php?id=100001564340764\" target=\"_blank\">Q\u00cb T\u00cb SHIKONI M\u00cb SHUM\u00cb FOTOGRAFI T\u00cb AUTORIT DINO ZENELI<\/a><\/strong><a href=\"http:\/\/www.facebook.com\/profile.php?id=100001564340764#!\/profile.php?id=100001564340764\" target=\"_blank\">:\u00a0<strong> <\/strong><strong>Ana E Malit Tradita Facebook<\/strong><\/a><br \/>\n\n\t\t<style type=\"text\/css\">\n\t\t\t#gallery-1 {\n\t\t\t\tmargin: auto;\n\t\t\t}\n\t\t\t#gallery-1 .gallery-item {\n\t\t\t\tfloat: left;\n\t\t\t\tmargin-top: 10px;\n\t\t\t\ttext-align: center;\n\t\t\t\twidth: 33%;\n\t\t\t}\n\t\t\t#gallery-1 img {\n\t\t\t\tborder: 2px solid #cfcfcf;\n\t\t\t}\n\t\t\t#gallery-1 .gallery-caption {\n\t\t\t\tmargin-left: 0;\n\t\t\t}\n\t\t\t\/* see gallery_shortcode() in wp-includes\/media.php *\/\n\t\t<\/style>\n\t\t<div id='gallery-1' class='gallery galleryid-44503 gallery-columns-3 gallery-size-thumbnail'><dl class='gallery-item'>\n\t\t\t<dt class='gallery-icon landscape'>\n\t\t\t\t<a href='https:\/\/www.visit-ulcinj.com\/blog\/wp-content\/uploads\/2011\/03\/Keshilli-Nacional-Shqiptar-ne-Mal-te-Zi_7marsi_dita-mesuesit_Ulqin.jpg'><img width=\"150\" height=\"150\" src=\"https:\/\/www.visit-ulcinj.com\/blog\/wp-content\/uploads\/2011\/03\/Keshilli-Nacional-Shqiptar-ne-Mal-te-Zi_7marsi_dita-mesuesit_Ulqin-150x150.jpg\" class=\"attachment-thumbnail size-thumbnail\" alt=\"\" loading=\"lazy\" \/><\/a>\n\t\t\t<\/dt><\/dl><dl class='gallery-item'>\n\t\t\t<dt class='gallery-icon landscape'>\n\t\t\t\t<a href='https:\/\/www.visit-ulcinj.com\/blog\/wp-content\/uploads\/2011\/03\/keshilli-nacional-shqiptar-ne-mal-te-zi_7marsi_dita-mesuesit_ulqin.7.03.2011_007.jpg'><img width=\"150\" height=\"150\" src=\"https:\/\/www.visit-ulcinj.com\/blog\/wp-content\/uploads\/2011\/03\/keshilli-nacional-shqiptar-ne-mal-te-zi_7marsi_dita-mesuesit_ulqin.7.03.2011_007-150x150.jpg\" class=\"attachment-thumbnail size-thumbnail\" alt=\"\" loading=\"lazy\" \/><\/a>\n\t\t\t<\/dt><\/dl><dl class='gallery-item'>\n\t\t\t<dt class='gallery-icon landscape'>\n\t\t\t\t<a href='https:\/\/www.visit-ulcinj.com\/blog\/wp-content\/uploads\/2011\/03\/keshilli-nacional-shqiptar-ne-mal-te-zi_7marsi_dita-mesuesit_ulqin.7.03.2011_006.jpg'><img width=\"150\" height=\"150\" src=\"https:\/\/www.visit-ulcinj.com\/blog\/wp-content\/uploads\/2011\/03\/keshilli-nacional-shqiptar-ne-mal-te-zi_7marsi_dita-mesuesit_ulqin.7.03.2011_006-150x150.jpg\" class=\"attachment-thumbnail size-thumbnail\" alt=\"\" loading=\"lazy\" \/><\/a>\n\t\t\t<\/dt><\/dl><br style=\"clear: both\" \/><dl class='gallery-item'>\n\t\t\t<dt class='gallery-icon landscape'>\n\t\t\t\t<a href='https:\/\/www.visit-ulcinj.com\/blog\/wp-content\/uploads\/2011\/03\/keshilli-nacional-shqiptar-ne-mal-te-zi_7marsi_dita-mesuesit_ulqin.7.03.2011_030.jpg'><img width=\"150\" height=\"150\" src=\"https:\/\/www.visit-ulcinj.com\/blog\/wp-content\/uploads\/2011\/03\/keshilli-nacional-shqiptar-ne-mal-te-zi_7marsi_dita-mesuesit_ulqin.7.03.2011_030-150x150.jpg\" class=\"attachment-thumbnail size-thumbnail\" alt=\"\" loading=\"lazy\" \/><\/a>\n\t\t\t<\/dt><\/dl><dl class='gallery-item'>\n\t\t\t<dt class='gallery-icon landscape'>\n\t\t\t\t<a href='https:\/\/www.visit-ulcinj.com\/blog\/wp-content\/uploads\/2011\/03\/keshilli-nacional-shqiptar-ne-mal-te-zi_7marsi_dita-mesuesit_ulqin.7.03.2011_033.jpg'><img width=\"150\" height=\"150\" src=\"https:\/\/www.visit-ulcinj.com\/blog\/wp-content\/uploads\/2011\/03\/keshilli-nacional-shqiptar-ne-mal-te-zi_7marsi_dita-mesuesit_ulqin.7.03.2011_033-150x150.jpg\" class=\"attachment-thumbnail size-thumbnail\" alt=\"\" loading=\"lazy\" \/><\/a>\n\t\t\t<\/dt><\/dl>\n\t\t\t<br style='clear: both' \/>\n\t\t<\/div>\n<br \/>\n<!--YouTube Error: bad URL entered--><br \/>\n<span style=\"color: #ffffff;\">Amull, Ana Malit, Bojk\u00eb, Brajshe, bratic\u00eb, Darz\u00eb,Dragaj,Fraskanjell, Kalimani, Katerkoll\u00eb, Klezna, Kod\u00ebr, Kolonza, Kosiq, kraj\u00eb, Kravari, Kryth\u00eb, Leskovac, Lisna Bore, Mali i Zi,Megjure\u00e7, Mill\u00eb, Montenegro, Mozhur\u00eb, ostros, Pistull, Qurkaj, Rastish, Re\u00e7, Sal\u00e7, Shas, Sh\u00ebngjergj, Shtodh\u00ebr, Shtoji,Sukobin\u00eb, Sutjell, ulqin, ulqini, Zogaj<\/span><\/p>\n","protected":false},"excerpt":{"rendered":"<p>K\u00ebshilli nacional i shqiptar\u00ebve sh\u00ebnoi mbr\u00ebm\u00eb n\u00eb Ulqin 7 marsin \u2013 Dit\u00ebn e m\u00ebsuesit, 125 vjetorin e hapjes s\u00eb shkoll\u00ebs s\u00eb par\u00eb shqip. 7 Marsi-Dita e M\u00ebsuesit \u00ebsht\u00eb nj\u00eb dat\u00eb e sh\u00ebnuar komb\u00ebtare e cila ka filluar t\u00eb kujtohet edhe nd\u00ebr shqiptar\u00ebt n\u00eb Malin e Zi. Kjo dat\u00eb \u00ebsht\u00eb fest\u00eb q\u00eb sh\u00ebrben p\u00ebr t\u00eb vler\u00ebsuar [&hellip;]<\/p>\n","protected":false},"author":1,"featured_media":0,"comment_status":"open","ping_status":"closed","sticky":false,"template":"","format":"standard","meta":{"spay_email":"","jetpack_publicize_message":"","jetpack_is_tweetstorm":false,"jetpack_publicize_feature_enabled":true},"categories":[4],"tags":[17633,14351,212,14353,14354,12340,17070,17071,17657,17632,14652,3642,13243,17637,17356,14358,3506,214,17658,14360,14361,14362,14363,3507,2158,3500,14364,3327,3512,17072,5116,95,17636,15141,14366,79,17073,17079,17074,1653,17638,14367,14663,14368,14369,14370,2083,14371,14372,17075,17076,17077,14375,1655,19,17078,200,18,561,14376],"jetpack_publicize_connections":[],"yoast_head":"<!-- This site is optimized with the Yoast SEO plugin v19.1 - https:\/\/yoast.com\/wordpress\/plugins\/seo\/ -->\n<title>K\u00ebshilli Nacional Shqiptar n\u00eb Mal t\u00eb Zi sh\u00ebnoi dit\u00ebn e m\u00ebsuesit - Lajme nga Ulqini<\/title>\n<meta name=\"description\" content=\"K\u00ebshilli nacional i shqiptar\u00ebve sh\u00ebnoi mbr\u00ebm\u00eb n\u00eb Ulqin 7 marsin \u2013 Dit\u00ebn e m\u00ebsuesit, 125 vjetorin e hapjes s\u00eb shkoll\u00ebs s\u00eb par\u00eb shqip. 7 Marsi-Dita e\" \/>\n<meta name=\"robots\" content=\"index, follow, max-snippet:-1, max-image-preview:large, max-video-preview:-1\" \/>\n<link rel=\"canonical\" href=\"https:\/\/www.visit-ulcinj.com\/blog\/2011\/03\/09\/keshilli-nacional-shqiptar-ne-mal-te-zi-shenoi-diten-e-mesuesit\/\" \/>\n<meta property=\"og:locale\" content=\"en_US\" \/>\n<meta property=\"og:type\" content=\"article\" \/>\n<meta property=\"og:title\" content=\"K\u00ebshilli Nacional Shqiptar n\u00eb Mal t\u00eb Zi sh\u00ebnoi dit\u00ebn e m\u00ebsuesit - Lajme nga Ulqini\" \/>\n<meta property=\"og:description\" content=\"K\u00ebshilli nacional i shqiptar\u00ebve sh\u00ebnoi mbr\u00ebm\u00eb n\u00eb Ulqin 7 marsin \u2013 Dit\u00ebn e m\u00ebsuesit, 125 vjetorin e hapjes s\u00eb shkoll\u00ebs s\u00eb par\u00eb shqip. 7 Marsi-Dita e\" \/>\n<meta property=\"og:url\" content=\"https:\/\/www.visit-ulcinj.com\/blog\/2011\/03\/09\/keshilli-nacional-shqiptar-ne-mal-te-zi-shenoi-diten-e-mesuesit\/\" \/>\n<meta property=\"og:site_name\" content=\"Lajme nga Ulqini\" \/>\n<meta property=\"article:published_time\" content=\"2011-03-09T11:06:15+00:00\" \/>\n<meta property=\"article:modified_time\" content=\"2011-03-12T08:21:13+00:00\" \/>\n<meta property=\"og:image\" content=\"https:\/\/www.visit-ulcinj.com\/blog\/wp-content\/uploads\/2011\/03\/Keshilli-Nacional-Shqiptar-ne-Mal-te-Zi_7marsi_dita-mesuesit_Ulqin-150x150.jpg\" \/>\n<meta name=\"twitter:label1\" content=\"Written by\" \/>\n\t<meta name=\"twitter:data1\" content=\"ulqini\" \/>\n\t<meta name=\"twitter:label2\" content=\"Est. reading time\" \/>\n\t<meta name=\"twitter:data2\" content=\"2 minutes\" \/>\n<script type=\"application\/ld+json\" class=\"yoast-schema-graph\">{\"@context\":\"https:\/\/schema.org\",\"@graph\":[{\"@type\":\"WebSite\",\"@id\":\"https:\/\/www.visit-ulcinj.com\/blog\/#website\",\"url\":\"https:\/\/www.visit-ulcinj.com\/blog\/\",\"name\":\"Lajme nga Ulqini\",\"description\":\"Lajme,Vijesti,Ulqini,Ulqin,Crna Gora,Mali i Zi\",\"potentialAction\":[{\"@type\":\"SearchAction\",\"target\":{\"@type\":\"EntryPoint\",\"urlTemplate\":\"https:\/\/www.visit-ulcinj.com\/blog\/?s={search_term_string}\"},\"query-input\":\"required name=search_term_string\"}],\"inLanguage\":\"en-US\"},{\"@type\":\"ImageObject\",\"inLanguage\":\"en-US\",\"@id\":\"https:\/\/www.visit-ulcinj.com\/blog\/2011\/03\/09\/keshilli-nacional-shqiptar-ne-mal-te-zi-shenoi-diten-e-mesuesit\/#primaryimage\",\"url\":\"https:\/\/www.visit-ulcinj.com\/blog\/wp-content\/uploads\/2011\/03\/Keshilli-Nacional-Shqiptar-ne-Mal-te-Zi_7marsi_dita-mesuesit_Ulqin.jpg\",\"contentUrl\":\"https:\/\/www.visit-ulcinj.com\/blog\/wp-content\/uploads\/2011\/03\/Keshilli-Nacional-Shqiptar-ne-Mal-te-Zi_7marsi_dita-mesuesit_Ulqin.jpg\",\"width\":\"720\",\"height\":\"480\"},{\"@type\":\"WebPage\",\"@id\":\"https:\/\/www.visit-ulcinj.com\/blog\/2011\/03\/09\/keshilli-nacional-shqiptar-ne-mal-te-zi-shenoi-diten-e-mesuesit\/#webpage\",\"url\":\"https:\/\/www.visit-ulcinj.com\/blog\/2011\/03\/09\/keshilli-nacional-shqiptar-ne-mal-te-zi-shenoi-diten-e-mesuesit\/\",\"name\":\"K\u00ebshilli Nacional Shqiptar n\u00eb Mal t\u00eb Zi sh\u00ebnoi dit\u00ebn e m\u00ebsuesit - Lajme nga Ulqini\",\"isPartOf\":{\"@id\":\"https:\/\/www.visit-ulcinj.com\/blog\/#website\"},\"primaryImageOfPage\":{\"@id\":\"https:\/\/www.visit-ulcinj.com\/blog\/2011\/03\/09\/keshilli-nacional-shqiptar-ne-mal-te-zi-shenoi-diten-e-mesuesit\/#primaryimage\"},\"datePublished\":\"2011-03-09T11:06:15+00:00\",\"dateModified\":\"2011-03-12T08:21:13+00:00\",\"author\":{\"@id\":\"https:\/\/www.visit-ulcinj.com\/blog\/#\/schema\/person\/dcab619c614d3038751c63bc2aadc06d\"},\"description\":\"K\u00ebshilli nacional i shqiptar\u00ebve sh\u00ebnoi mbr\u00ebm\u00eb n\u00eb Ulqin 7 marsin \u2013 Dit\u00ebn e m\u00ebsuesit, 125 vjetorin e hapjes s\u00eb shkoll\u00ebs s\u00eb par\u00eb shqip. 7 Marsi-Dita e\",\"breadcrumb\":{\"@id\":\"https:\/\/www.visit-ulcinj.com\/blog\/2011\/03\/09\/keshilli-nacional-shqiptar-ne-mal-te-zi-shenoi-diten-e-mesuesit\/#breadcrumb\"},\"inLanguage\":\"en-US\",\"potentialAction\":[{\"@type\":\"ReadAction\",\"target\":[\"https:\/\/www.visit-ulcinj.com\/blog\/2011\/03\/09\/keshilli-nacional-shqiptar-ne-mal-te-zi-shenoi-diten-e-mesuesit\/\"]}]},{\"@type\":\"BreadcrumbList\",\"@id\":\"https:\/\/www.visit-ulcinj.com\/blog\/2011\/03\/09\/keshilli-nacional-shqiptar-ne-mal-te-zi-shenoi-diten-e-mesuesit\/#breadcrumb\",\"itemListElement\":[{\"@type\":\"ListItem\",\"position\":1,\"name\":\"K\u00ebshilli Nacional Shqiptar n\u00eb Mal t\u00eb Zi sh\u00ebnoi dit\u00ebn e m\u00ebsuesit\"}]},{\"@type\":\"Person\",\"@id\":\"https:\/\/www.visit-ulcinj.com\/blog\/#\/schema\/person\/dcab619c614d3038751c63bc2aadc06d\",\"name\":\"ulqini\",\"sameAs\":[\"http:\/\/www.visit-ulcinj.com\"],\"url\":\"https:\/\/www.visit-ulcinj.com\/blog\/author\/admin\/\"}]}<\/script>\n<!-- \/ Yoast SEO plugin. -->","yoast_head_json":{"title":"K\u00ebshilli Nacional Shqiptar n\u00eb Mal t\u00eb Zi sh\u00ebnoi dit\u00ebn e m\u00ebsuesit - Lajme nga Ulqini","description":"K\u00ebshilli nacional i shqiptar\u00ebve sh\u00ebnoi mbr\u00ebm\u00eb n\u00eb Ulqin 7 marsin \u2013 Dit\u00ebn e m\u00ebsuesit, 125 vjetorin e hapjes s\u00eb shkoll\u00ebs s\u00eb par\u00eb shqip. 7 Marsi-Dita e","robots":{"index":"index","follow":"follow","max-snippet":"max-snippet:-1","max-image-preview":"max-image-preview:large","max-video-preview":"max-video-preview:-1"},"canonical":"https:\/\/www.visit-ulcinj.com\/blog\/2011\/03\/09\/keshilli-nacional-shqiptar-ne-mal-te-zi-shenoi-diten-e-mesuesit\/","og_locale":"en_US","og_type":"article","og_title":"K\u00ebshilli Nacional Shqiptar n\u00eb Mal t\u00eb Zi sh\u00ebnoi dit\u00ebn e m\u00ebsuesit - Lajme nga Ulqini","og_description":"K\u00ebshilli nacional i shqiptar\u00ebve sh\u00ebnoi mbr\u00ebm\u00eb n\u00eb Ulqin 7 marsin \u2013 Dit\u00ebn e m\u00ebsuesit, 125 vjetorin e hapjes s\u00eb shkoll\u00ebs s\u00eb par\u00eb shqip. 7 Marsi-Dita e","og_url":"https:\/\/www.visit-ulcinj.com\/blog\/2011\/03\/09\/keshilli-nacional-shqiptar-ne-mal-te-zi-shenoi-diten-e-mesuesit\/","og_site_name":"Lajme nga Ulqini","article_published_time":"2011-03-09T11:06:15+00:00","article_modified_time":"2011-03-12T08:21:13+00:00","og_image":[{"url":"https:\/\/www.visit-ulcinj.com\/blog\/wp-content\/uploads\/2011\/03\/Keshilli-Nacional-Shqiptar-ne-Mal-te-Zi_7marsi_dita-mesuesit_Ulqin-150x150.jpg"}],"twitter_misc":{"Written by":"ulqini","Est. reading time":"2 minutes"},"schema":{"@context":"https:\/\/schema.org","@graph":[{"@type":"WebSite","@id":"https:\/\/www.visit-ulcinj.com\/blog\/#website","url":"https:\/\/www.visit-ulcinj.com\/blog\/","name":"Lajme nga Ulqini","description":"Lajme,Vijesti,Ulqini,Ulqin,Crna Gora,Mali i Zi","potentialAction":[{"@type":"SearchAction","target":{"@type":"EntryPoint","urlTemplate":"https:\/\/www.visit-ulcinj.com\/blog\/?s={search_term_string}"},"query-input":"required name=search_term_string"}],"inLanguage":"en-US"},{"@type":"ImageObject","inLanguage":"en-US","@id":"https:\/\/www.visit-ulcinj.com\/blog\/2011\/03\/09\/keshilli-nacional-shqiptar-ne-mal-te-zi-shenoi-diten-e-mesuesit\/#primaryimage","url":"https:\/\/www.visit-ulcinj.com\/blog\/wp-content\/uploads\/2011\/03\/Keshilli-Nacional-Shqiptar-ne-Mal-te-Zi_7marsi_dita-mesuesit_Ulqin.jpg","contentUrl":"https:\/\/www.visit-ulcinj.com\/blog\/wp-content\/uploads\/2011\/03\/Keshilli-Nacional-Shqiptar-ne-Mal-te-Zi_7marsi_dita-mesuesit_Ulqin.jpg","width":"720","height":"480"},{"@type":"WebPage","@id":"https:\/\/www.visit-ulcinj.com\/blog\/2011\/03\/09\/keshilli-nacional-shqiptar-ne-mal-te-zi-shenoi-diten-e-mesuesit\/#webpage","url":"https:\/\/www.visit-ulcinj.com\/blog\/2011\/03\/09\/keshilli-nacional-shqiptar-ne-mal-te-zi-shenoi-diten-e-mesuesit\/","name":"K\u00ebshilli Nacional Shqiptar n\u00eb Mal t\u00eb Zi sh\u00ebnoi dit\u00ebn e m\u00ebsuesit - Lajme nga Ulqini","isPartOf":{"@id":"https:\/\/www.visit-ulcinj.com\/blog\/#website"},"primaryImageOfPage":{"@id":"https:\/\/www.visit-ulcinj.com\/blog\/2011\/03\/09\/keshilli-nacional-shqiptar-ne-mal-te-zi-shenoi-diten-e-mesuesit\/#primaryimage"},"datePublished":"2011-03-09T11:06:15+00:00","dateModified":"2011-03-12T08:21:13+00:00","author":{"@id":"https:\/\/www.visit-ulcinj.com\/blog\/#\/schema\/person\/dcab619c614d3038751c63bc2aadc06d"},"description":"K\u00ebshilli nacional i shqiptar\u00ebve sh\u00ebnoi mbr\u00ebm\u00eb n\u00eb Ulqin 7 marsin \u2013 Dit\u00ebn e m\u00ebsuesit, 125 vjetorin e hapjes s\u00eb shkoll\u00ebs s\u00eb par\u00eb shqip. 7 Marsi-Dita e","breadcrumb":{"@id":"https:\/\/www.visit-ulcinj.com\/blog\/2011\/03\/09\/keshilli-nacional-shqiptar-ne-mal-te-zi-shenoi-diten-e-mesuesit\/#breadcrumb"},"inLanguage":"en-US","potentialAction":[{"@type":"ReadAction","target":["https:\/\/www.visit-ulcinj.com\/blog\/2011\/03\/09\/keshilli-nacional-shqiptar-ne-mal-te-zi-shenoi-diten-e-mesuesit\/"]}]},{"@type":"BreadcrumbList","@id":"https:\/\/www.visit-ulcinj.com\/blog\/2011\/03\/09\/keshilli-nacional-shqiptar-ne-mal-te-zi-shenoi-diten-e-mesuesit\/#breadcrumb","itemListElement":[{"@type":"ListItem","position":1,"name":"K\u00ebshilli Nacional Shqiptar n\u00eb Mal t\u00eb Zi sh\u00ebnoi dit\u00ebn e m\u00ebsuesit"}]},{"@type":"Person","@id":"https:\/\/www.visit-ulcinj.com\/blog\/#\/schema\/person\/dcab619c614d3038751c63bc2aadc06d","name":"ulqini","sameAs":["http:\/\/www.visit-ulcinj.com"],"url":"https:\/\/www.visit-ulcinj.com\/blog\/author\/admin\/"}]}},"jetpack_featured_media_url":"","jetpack_sharing_enabled":true,"jetpack_shortlink":"https:\/\/wp.me\/pe6lTn-bzN","_links":{"self":[{"href":"https:\/\/www.visit-ulcinj.com\/blog\/wp-json\/wp\/v2\/posts\/44503"}],"collection":[{"href":"https:\/\/www.visit-ulcinj.com\/blog\/wp-json\/wp\/v2\/posts"}],"about":[{"href":"https:\/\/www.visit-ulcinj.com\/blog\/wp-json\/wp\/v2\/types\/post"}],"author":[{"embeddable":true,"href":"https:\/\/www.visit-ulcinj.com\/blog\/wp-json\/wp\/v2\/users\/1"}],"replies":[{"embeddable":true,"href":"https:\/\/www.visit-ulcinj.com\/blog\/wp-json\/wp\/v2\/comments?post=44503"}],"version-history":[{"count":0,"href":"https:\/\/www.visit-ulcinj.com\/blog\/wp-json\/wp\/v2\/posts\/44503\/revisions"}],"wp:attachment":[{"href":"https:\/\/www.visit-ulcinj.com\/blog\/wp-json\/wp\/v2\/media?parent=44503"}],"wp:term":[{"taxonomy":"category","embeddable":true,"href":"https:\/\/www.visit-ulcinj.com\/blog\/wp-json\/wp\/v2\/categories?post=44503"},{"taxonomy":"post_tag","embeddable":true,"href":"https:\/\/www.visit-ulcinj.com\/blog\/wp-json\/wp\/v2\/tags?post=44503"}],"curies":[{"name":"wp","href":"https:\/\/api.w.org\/{rel}","templated":true}]}}