{"id":44526,"date":"2011-03-09T17:49:37","date_gmt":"2011-03-09T16:49:37","guid":{"rendered":"http:\/\/www.visit-ulcinj.com\/blog\/?p=44526"},"modified":"2011-03-09T17:50:07","modified_gmt":"2011-03-09T16:50:07","slug":"na-plazama-prilazi-za-osobe-sa-invaliditetom","status":"publish","type":"post","link":"https:\/\/www.visit-ulcinj.com\/blog\/2011\/03\/09\/na-plazama-prilazi-za-osobe-sa-invaliditetom\/","title":{"rendered":"Na pla\u017eama prilazi za osobe sa invaliditetom"},"content":{"rendered":"<p><a href=\"http:\/\/www.visit-ulcinj.com\/blog\/wp-content\/uploads\/2011\/03\/Plaza-Tropikana_Velika-Plaza_Ulcinj.jpg\"><img loading=\"lazy\" class=\"alignleft size-full wp-image-44527\" title=\"Plaza Tropikana_Velika Plaza_Ulcinj\" src=\"http:\/\/www.visit-ulcinj.com\/blog\/wp-content\/uploads\/2011\/03\/Plaza-Tropikana_Velika-Plaza_Ulcinj.jpg\" alt=\"\" width=\"508\" height=\"380\" \/><\/a>Standardi internacionalne kampanje \u201ePlava zastavica\u201c nala\u017eu da na teritoriji op\u0161tine makar jedna pla\u017ea koja je nosilac ove ekolo\u0161ko-turisti\u010dke markice ima prilago\u0111en pristup osobama sa invaliditetom. Bilo bi za o\u010dekivati da je ovo pitanje najprije ure\u0111eno dr\u017eavnim zakonskim aktima, ali nije tako.<br \/>\nKako ka\u017ee pi-ar Javnog preduze\u0107a za upravljanje morskim dobrom Sandra Radulovi\u0107, zna\u010dajnije izmjene u pravilnicima nisu na vidiku. \u201eSvakako da pisana pravila nisu jedino \u0161to treba da obave\u017ee zakupce pla\u017enih prostora da razmi\u0161ljaju o na\u010dinu olak\u0161avanja pristupa ne samo osobama sa invaliditetom, ve\u0107 i roditeljima koji bebe dovode u dje\u010djim kolicima. Zbog toga na\u0161e preduze\u0107e sugeri\u0161e svojim korisnicima da gdje god je to mogu\u0107e naprave monta\u017enu platformu sa nagibom koja \u0107e olak\u0161ati prilaz pla\u017eama i kupali\u0161tima licima kojima je to potrebno\u201c \u2013 ka\u017ee Radulovi\u0107 i kao pozitivan primjer navodi pla\u017eu Instututa \u201eSimo Milo\u0161evi\u0107\u201c u Igalu koja je u potpunosti prilago\u0111ena potrebama kupa\u010da sa invaliditetom.<br \/>\nPodsjetimo, pla\u017ee koje su zadovoljile kriterijume \u201ePlave zastavice\u201c i obezbijedile pristup ovoj populaciji su: \u201eKlub rivijera\u201c na Njivicama u hercegnovskoj op\u0161tini, \u201eKalardovo\u201c u tivatskoj, u budvanskoj op\u0161tini kupali\u0161te \u201eSveti Toma\u201c na be\u010di\u0107koj pla\u017ei, \u201eParadizo\u201c na barskoj pla\u017ei Utjeha i pla\u017ea \u201eTropikana\u201c na velikoj pla\u017ei u Ulcinju.<\/p>\n<p><strong><a href=\"http:\/\/radiokotor.info\/mn\/index.php?option=com_frontpage&amp;Itemid=1\" target=\"_blank\">Radio Kotor<\/a><br \/>\n\n\t\t<style type=\"text\/css\">\n\t\t\t#gallery-1 {\n\t\t\t\tmargin: auto;\n\t\t\t}\n\t\t\t#gallery-1 .gallery-item {\n\t\t\t\tfloat: left;\n\t\t\t\tmargin-top: 10px;\n\t\t\t\ttext-align: center;\n\t\t\t\twidth: 33%;\n\t\t\t}\n\t\t\t#gallery-1 img {\n\t\t\t\tborder: 2px solid #cfcfcf;\n\t\t\t}\n\t\t\t#gallery-1 .gallery-caption {\n\t\t\t\tmargin-left: 0;\n\t\t\t}\n\t\t\t\/* see gallery_shortcode() in wp-includes\/media.php *\/\n\t\t<\/style>\n\t\t<div id='gallery-1' class='gallery galleryid-44526 gallery-columns-3 gallery-size-thumbnail'><dl class='gallery-item'>\n\t\t\t<dt class='gallery-icon landscape'>\n\t\t\t\t<a href='https:\/\/www.visit-ulcinj.com\/blog\/wp-content\/uploads\/2011\/03\/Plaza-Tropikana_Velika-Plaza_Ulcinj.jpg'><img width=\"150\" height=\"150\" src=\"https:\/\/www.visit-ulcinj.com\/blog\/wp-content\/uploads\/2011\/03\/Plaza-Tropikana_Velika-Plaza_Ulcinj-150x150.jpg\" class=\"attachment-thumbnail size-thumbnail\" alt=\"\" loading=\"lazy\" \/><\/a>\n\t\t\t<\/dt><\/dl><dl class='gallery-item'>\n\t\t\t<dt class='gallery-icon landscape'>\n\t\t\t\t<a href='https:\/\/www.visit-ulcinj.com\/blog\/wp-content\/uploads\/2011\/03\/Plaza-Tropikana_Velika-Plaza_Ulcinj.1.jpg'><img width=\"150\" height=\"150\" src=\"https:\/\/www.visit-ulcinj.com\/blog\/wp-content\/uploads\/2011\/03\/Plaza-Tropikana_Velika-Plaza_Ulcinj.1-150x150.jpg\" class=\"attachment-thumbnail size-thumbnail\" alt=\"\" loading=\"lazy\" \/><\/a>\n\t\t\t<\/dt><\/dl><dl class='gallery-item'>\n\t\t\t<dt class='gallery-icon landscape'>\n\t\t\t\t<a href='https:\/\/www.visit-ulcinj.com\/blog\/wp-content\/uploads\/2011\/03\/Plaza-Tropikana_Velika-Plaza_Ulcinj.2.jpg'><img width=\"150\" height=\"150\" src=\"https:\/\/www.visit-ulcinj.com\/blog\/wp-content\/uploads\/2011\/03\/Plaza-Tropikana_Velika-Plaza_Ulcinj.2-150x150.jpg\" class=\"attachment-thumbnail size-thumbnail\" alt=\"\" loading=\"lazy\" \/><\/a>\n\t\t\t<\/dt><\/dl><br style=\"clear: both\" \/>\n\t\t<\/div>\n<\/p>\n<p><\/strong><br \/>\n<!--YouTube Error: bad URL entered--><\/p>\n","protected":false},"excerpt":{"rendered":"<p>Standardi internacionalne kampanje \u201ePlava zastavica\u201c nala\u017eu da na teritoriji op\u0161tine makar jedna pla\u017ea koja je nosilac ove ekolo\u0161ko-turisti\u010dke markice ima prilago\u0111en pristup osobama sa invaliditetom. Bilo bi za o\u010dekivati da je ovo pitanje najprije ure\u0111eno dr\u017eavnim zakonskim aktima, ali nije tako. Kako ka\u017ee pi-ar Javnog preduze\u0107a za upravljanje morskim dobrom Sandra Radulovi\u0107, zna\u010dajnije izmjene u [&hellip;]<\/p>\n","protected":false},"author":1,"featured_media":0,"comment_status":"open","ping_status":"closed","sticky":false,"template":"","format":"standard","meta":{"spay_email":"","jetpack_publicize_message":"","jetpack_is_tweetstorm":false,"jetpack_publicize_feature_enabled":true},"categories":[8337],"tags":[17664,4832],"jetpack_publicize_connections":[],"yoast_head":"<!-- This site is optimized with the Yoast SEO plugin v19.1 - https:\/\/yoast.com\/wordpress\/plugins\/seo\/ -->\n<title>Na pla\u017eama prilazi za osobe sa invaliditetom - Lajme nga Ulqini<\/title>\n<meta name=\"description\" content=\"Standardi internacionalne kampanje \u201ePlava zastavica\u201c nala\u017eu da na teritoriji op\u0161tine makar jedna pla\u017ea koja je nosilac ove ekolo\u0161ko-turisti\u010dke markice ima\" \/>\n<meta name=\"robots\" content=\"index, follow, max-snippet:-1, max-image-preview:large, max-video-preview:-1\" \/>\n<link rel=\"canonical\" href=\"https:\/\/www.visit-ulcinj.com\/blog\/2011\/03\/09\/na-plazama-prilazi-za-osobe-sa-invaliditetom\/\" \/>\n<meta property=\"og:locale\" content=\"en_US\" \/>\n<meta property=\"og:type\" content=\"article\" \/>\n<meta property=\"og:title\" content=\"Na pla\u017eama prilazi za osobe sa invaliditetom - Lajme nga Ulqini\" \/>\n<meta property=\"og:description\" content=\"Standardi internacionalne kampanje \u201ePlava zastavica\u201c nala\u017eu da na teritoriji op\u0161tine makar jedna pla\u017ea koja je nosilac ove ekolo\u0161ko-turisti\u010dke markice ima\" \/>\n<meta property=\"og:url\" content=\"https:\/\/www.visit-ulcinj.com\/blog\/2011\/03\/09\/na-plazama-prilazi-za-osobe-sa-invaliditetom\/\" \/>\n<meta property=\"og:site_name\" content=\"Lajme nga Ulqini\" \/>\n<meta property=\"article:published_time\" content=\"2011-03-09T16:49:37+00:00\" \/>\n<meta property=\"article:modified_time\" content=\"2011-03-09T16:50:07+00:00\" \/>\n<meta property=\"og:image\" content=\"https:\/\/www.visit-ulcinj.com\/blog\/wp-content\/uploads\/2011\/03\/Plaza-Tropikana_Velika-Plaza_Ulcinj-150x150.jpg\" \/>\n<meta name=\"twitter:label1\" content=\"Written by\" \/>\n\t<meta name=\"twitter:data1\" content=\"ulqini\" \/>\n\t<meta name=\"twitter:label2\" content=\"Est. reading time\" \/>\n\t<meta name=\"twitter:data2\" content=\"1 minute\" \/>\n<script type=\"application\/ld+json\" class=\"yoast-schema-graph\">{\"@context\":\"https:\/\/schema.org\",\"@graph\":[{\"@type\":\"WebSite\",\"@id\":\"https:\/\/www.visit-ulcinj.com\/blog\/#website\",\"url\":\"https:\/\/www.visit-ulcinj.com\/blog\/\",\"name\":\"Lajme nga Ulqini\",\"description\":\"Lajme,Vijesti,Ulqini,Ulqin,Crna Gora,Mali i Zi\",\"potentialAction\":[{\"@type\":\"SearchAction\",\"target\":{\"@type\":\"EntryPoint\",\"urlTemplate\":\"https:\/\/www.visit-ulcinj.com\/blog\/?s={search_term_string}\"},\"query-input\":\"required name=search_term_string\"}],\"inLanguage\":\"en-US\"},{\"@type\":\"ImageObject\",\"inLanguage\":\"en-US\",\"@id\":\"https:\/\/www.visit-ulcinj.com\/blog\/2011\/03\/09\/na-plazama-prilazi-za-osobe-sa-invaliditetom\/#primaryimage\",\"url\":\"https:\/\/www.visit-ulcinj.com\/blog\/wp-content\/uploads\/2011\/03\/Plaza-Tropikana_Velika-Plaza_Ulcinj.jpg\",\"contentUrl\":\"https:\/\/www.visit-ulcinj.com\/blog\/wp-content\/uploads\/2011\/03\/Plaza-Tropikana_Velika-Plaza_Ulcinj.jpg\",\"width\":\"800\",\"height\":\"533\"},{\"@type\":\"WebPage\",\"@id\":\"https:\/\/www.visit-ulcinj.com\/blog\/2011\/03\/09\/na-plazama-prilazi-za-osobe-sa-invaliditetom\/#webpage\",\"url\":\"https:\/\/www.visit-ulcinj.com\/blog\/2011\/03\/09\/na-plazama-prilazi-za-osobe-sa-invaliditetom\/\",\"name\":\"Na pla\u017eama prilazi za osobe sa invaliditetom - Lajme nga Ulqini\",\"isPartOf\":{\"@id\":\"https:\/\/www.visit-ulcinj.com\/blog\/#website\"},\"primaryImageOfPage\":{\"@id\":\"https:\/\/www.visit-ulcinj.com\/blog\/2011\/03\/09\/na-plazama-prilazi-za-osobe-sa-invaliditetom\/#primaryimage\"},\"datePublished\":\"2011-03-09T16:49:37+00:00\",\"dateModified\":\"2011-03-09T16:50:07+00:00\",\"author\":{\"@id\":\"https:\/\/www.visit-ulcinj.com\/blog\/#\/schema\/person\/dcab619c614d3038751c63bc2aadc06d\"},\"description\":\"Standardi internacionalne kampanje \u201ePlava zastavica\u201c nala\u017eu da na teritoriji op\u0161tine makar jedna pla\u017ea koja je nosilac ove ekolo\u0161ko-turisti\u010dke markice ima\",\"breadcrumb\":{\"@id\":\"https:\/\/www.visit-ulcinj.com\/blog\/2011\/03\/09\/na-plazama-prilazi-za-osobe-sa-invaliditetom\/#breadcrumb\"},\"inLanguage\":\"en-US\",\"potentialAction\":[{\"@type\":\"ReadAction\",\"target\":[\"https:\/\/www.visit-ulcinj.com\/blog\/2011\/03\/09\/na-plazama-prilazi-za-osobe-sa-invaliditetom\/\"]}]},{\"@type\":\"BreadcrumbList\",\"@id\":\"https:\/\/www.visit-ulcinj.com\/blog\/2011\/03\/09\/na-plazama-prilazi-za-osobe-sa-invaliditetom\/#breadcrumb\",\"itemListElement\":[{\"@type\":\"ListItem\",\"position\":1,\"name\":\"Na pla\u017eama prilazi za osobe sa invaliditetom\"}]},{\"@type\":\"Person\",\"@id\":\"https:\/\/www.visit-ulcinj.com\/blog\/#\/schema\/person\/dcab619c614d3038751c63bc2aadc06d\",\"name\":\"ulqini\",\"sameAs\":[\"http:\/\/www.visit-ulcinj.com\"],\"url\":\"https:\/\/www.visit-ulcinj.com\/blog\/author\/admin\/\"}]}<\/script>\n<!-- \/ Yoast SEO plugin. -->","yoast_head_json":{"title":"Na pla\u017eama prilazi za osobe sa invaliditetom - Lajme nga Ulqini","description":"Standardi internacionalne kampanje \u201ePlava zastavica\u201c nala\u017eu da na teritoriji op\u0161tine makar jedna pla\u017ea koja je nosilac ove ekolo\u0161ko-turisti\u010dke markice ima","robots":{"index":"index","follow":"follow","max-snippet":"max-snippet:-1","max-image-preview":"max-image-preview:large","max-video-preview":"max-video-preview:-1"},"canonical":"https:\/\/www.visit-ulcinj.com\/blog\/2011\/03\/09\/na-plazama-prilazi-za-osobe-sa-invaliditetom\/","og_locale":"en_US","og_type":"article","og_title":"Na pla\u017eama prilazi za osobe sa invaliditetom - Lajme nga Ulqini","og_description":"Standardi internacionalne kampanje \u201ePlava zastavica\u201c nala\u017eu da na teritoriji op\u0161tine makar jedna pla\u017ea koja je nosilac ove ekolo\u0161ko-turisti\u010dke markice ima","og_url":"https:\/\/www.visit-ulcinj.com\/blog\/2011\/03\/09\/na-plazama-prilazi-za-osobe-sa-invaliditetom\/","og_site_name":"Lajme nga Ulqini","article_published_time":"2011-03-09T16:49:37+00:00","article_modified_time":"2011-03-09T16:50:07+00:00","og_image":[{"url":"https:\/\/www.visit-ulcinj.com\/blog\/wp-content\/uploads\/2011\/03\/Plaza-Tropikana_Velika-Plaza_Ulcinj-150x150.jpg"}],"twitter_misc":{"Written by":"ulqini","Est. reading time":"1 minute"},"schema":{"@context":"https:\/\/schema.org","@graph":[{"@type":"WebSite","@id":"https:\/\/www.visit-ulcinj.com\/blog\/#website","url":"https:\/\/www.visit-ulcinj.com\/blog\/","name":"Lajme nga Ulqini","description":"Lajme,Vijesti,Ulqini,Ulqin,Crna Gora,Mali i Zi","potentialAction":[{"@type":"SearchAction","target":{"@type":"EntryPoint","urlTemplate":"https:\/\/www.visit-ulcinj.com\/blog\/?s={search_term_string}"},"query-input":"required name=search_term_string"}],"inLanguage":"en-US"},{"@type":"ImageObject","inLanguage":"en-US","@id":"https:\/\/www.visit-ulcinj.com\/blog\/2011\/03\/09\/na-plazama-prilazi-za-osobe-sa-invaliditetom\/#primaryimage","url":"https:\/\/www.visit-ulcinj.com\/blog\/wp-content\/uploads\/2011\/03\/Plaza-Tropikana_Velika-Plaza_Ulcinj.jpg","contentUrl":"https:\/\/www.visit-ulcinj.com\/blog\/wp-content\/uploads\/2011\/03\/Plaza-Tropikana_Velika-Plaza_Ulcinj.jpg","width":"800","height":"533"},{"@type":"WebPage","@id":"https:\/\/www.visit-ulcinj.com\/blog\/2011\/03\/09\/na-plazama-prilazi-za-osobe-sa-invaliditetom\/#webpage","url":"https:\/\/www.visit-ulcinj.com\/blog\/2011\/03\/09\/na-plazama-prilazi-za-osobe-sa-invaliditetom\/","name":"Na pla\u017eama prilazi za osobe sa invaliditetom - Lajme nga Ulqini","isPartOf":{"@id":"https:\/\/www.visit-ulcinj.com\/blog\/#website"},"primaryImageOfPage":{"@id":"https:\/\/www.visit-ulcinj.com\/blog\/2011\/03\/09\/na-plazama-prilazi-za-osobe-sa-invaliditetom\/#primaryimage"},"datePublished":"2011-03-09T16:49:37+00:00","dateModified":"2011-03-09T16:50:07+00:00","author":{"@id":"https:\/\/www.visit-ulcinj.com\/blog\/#\/schema\/person\/dcab619c614d3038751c63bc2aadc06d"},"description":"Standardi internacionalne kampanje \u201ePlava zastavica\u201c nala\u017eu da na teritoriji op\u0161tine makar jedna pla\u017ea koja je nosilac ove ekolo\u0161ko-turisti\u010dke markice ima","breadcrumb":{"@id":"https:\/\/www.visit-ulcinj.com\/blog\/2011\/03\/09\/na-plazama-prilazi-za-osobe-sa-invaliditetom\/#breadcrumb"},"inLanguage":"en-US","potentialAction":[{"@type":"ReadAction","target":["https:\/\/www.visit-ulcinj.com\/blog\/2011\/03\/09\/na-plazama-prilazi-za-osobe-sa-invaliditetom\/"]}]},{"@type":"BreadcrumbList","@id":"https:\/\/www.visit-ulcinj.com\/blog\/2011\/03\/09\/na-plazama-prilazi-za-osobe-sa-invaliditetom\/#breadcrumb","itemListElement":[{"@type":"ListItem","position":1,"name":"Na pla\u017eama prilazi za osobe sa invaliditetom"}]},{"@type":"Person","@id":"https:\/\/www.visit-ulcinj.com\/blog\/#\/schema\/person\/dcab619c614d3038751c63bc2aadc06d","name":"ulqini","sameAs":["http:\/\/www.visit-ulcinj.com"],"url":"https:\/\/www.visit-ulcinj.com\/blog\/author\/admin\/"}]}},"jetpack_featured_media_url":"","jetpack_sharing_enabled":true,"jetpack_shortlink":"https:\/\/wp.me\/pe6lTn-bAa","_links":{"self":[{"href":"https:\/\/www.visit-ulcinj.com\/blog\/wp-json\/wp\/v2\/posts\/44526"}],"collection":[{"href":"https:\/\/www.visit-ulcinj.com\/blog\/wp-json\/wp\/v2\/posts"}],"about":[{"href":"https:\/\/www.visit-ulcinj.com\/blog\/wp-json\/wp\/v2\/types\/post"}],"author":[{"embeddable":true,"href":"https:\/\/www.visit-ulcinj.com\/blog\/wp-json\/wp\/v2\/users\/1"}],"replies":[{"embeddable":true,"href":"https:\/\/www.visit-ulcinj.com\/blog\/wp-json\/wp\/v2\/comments?post=44526"}],"version-history":[{"count":0,"href":"https:\/\/www.visit-ulcinj.com\/blog\/wp-json\/wp\/v2\/posts\/44526\/revisions"}],"wp:attachment":[{"href":"https:\/\/www.visit-ulcinj.com\/blog\/wp-json\/wp\/v2\/media?parent=44526"}],"wp:term":[{"taxonomy":"category","embeddable":true,"href":"https:\/\/www.visit-ulcinj.com\/blog\/wp-json\/wp\/v2\/categories?post=44526"},{"taxonomy":"post_tag","embeddable":true,"href":"https:\/\/www.visit-ulcinj.com\/blog\/wp-json\/wp\/v2\/tags?post=44526"}],"curies":[{"name":"wp","href":"https:\/\/api.w.org\/{rel}","templated":true}]}}