{"id":44533,"date":"2011-03-09T18:14:02","date_gmt":"2011-03-09T17:14:02","guid":{"rendered":"http:\/\/www.visit-ulcinj.com\/blog\/?p=44533"},"modified":"2011-03-15T02:07:55","modified_gmt":"2011-03-15T01:07:55","slug":"emisioni-mbi-valdanosin-rtcg-otvoreno","status":"publish","type":"post","link":"https:\/\/www.visit-ulcinj.com\/blog\/2011\/03\/09\/emisioni-mbi-valdanosin-rtcg-otvoreno\/","title":{"rendered":"Emisioni mbi Valdanosin RTCG &#8211; Otvoreno &#8211; Video"},"content":{"rendered":"<p><strong><a href=\"http:\/\/www.visit-ulcinj.com\/blog\/wp-content\/uploads\/2011\/03\/Valdanos_-RTCG-Otvoreno.jpg\"><img loading=\"lazy\" class=\"alignleft size-full wp-image-44534\" title=\"Valdanos_ RTCG - Otvoreno\" src=\"http:\/\/www.visit-ulcinj.com\/blog\/wp-content\/uploads\/2011\/03\/Valdanos_-RTCG-Otvoreno.jpg\" alt=\"\" width=\"508\" height=\"374\" \/><\/a>Tenderi i ri deri n\u00eb fund t\u00eb prillit?!<\/strong><\/p>\n<p>Komisioni i tenderit ka vler\u00ebsuar\u00a0se jan\u00eb krijuar kushtet q\u00eb tenderi\u00a0t\u00eb shpallet i pasuksessh\u00ebm dhe p\u00ebr\u00a0shkak t\u00eb r\u00ebnd\u00ebsis\u00eb s\u00eb realizimit t\u00eb\u00a0projektit t\u00eb Valdanosit, si p\u00ebr qeverisjen\u00a0lokale ashtu edhe p\u00ebr t\u00ebr\u00eb\u00a0Malin e Zi, i ka rekomanduar K\u00ebshillit\u00a0t\u00eb Privatizimit t\u00eb shpall\u00eb tenderin\u00a0e ri deri n\u00eb fund t\u00eb prillit t\u00eb k\u00ebtij viti.\u00a0Komisioni i tenderit per realizimin e projektit\u00a0te valorizimit turistik te Valdanosit\u00a0ka shpallur te pasuksesshem tenderin\u00a0per dhenien me qira shumevjecare te\u00a0kompleksit turistik te Valdanosit dhe i ka\u00a0rekomanduar Keshillit per Privatizim dhe\u00a0Projekte Kapitale qe deri ne fund te muajit\u00a0prill te shpalle tenderin e ri.\u00a0Ne njoftimin per shtyp thuhet se Komisioni\u00a0i tenderit ka shqyrtuar letren e\u00a0kompanise \u201cCubus Lux\u201d, ne te cilen kjo\u00a0kompani ka shprehur shqetesimin dhe\u00a0rezerven per realizimin cilesor te projektit,\u00a0per shkak te prezantimeve negative ne media lidhur me ceshtjet e pazgjidhura\u00a0pronesore, kerkesat konstante per kthimin e prones nga ish pronaret, si dhe\u00a0te nje numri te proceseve gjyqesore, gje qe kane krijuar atmosferen qe tek investitori\u00a0nxit nevojen e shqyrtimit te riskut te\u00a0investimit.\u00a0Komisioni i tenderit ka vleresuar se jane\u00a0krijuar kushtet qe tenderi te shpallet i pasuksesshem\u00a0dhe per shkak te rendesise\u00a0se realizimit te projektit te Valdanosit, si\u00a0per qeverisjen lokale ashtu edhe per tere\u00a0Malin e Zi, i ka rekomanduar Keshillit te\u00a0Privatizimit te shpalle tenderin e ri deri\u00a0ne fund te prillit te ketij viti.\u00a0Ne takimin e Komisionit te tenderit eshte\u00a0konstatuar edhe njehere se i tere procesi\u00a0eshte realizuar ne menyre transparente\u00a0dhe ne pajtim me procedurat e percaktuara\u00a0ligjore.\u00a0\u201cEshte konstatuar edhe se, me qellim te\u00a0sigurimit te realizimit sa me cilesor te projektit\u00a0dhe aktiviteteve te percaktuara me\u00a0kontrate, qeveria ka insistuar disa here\u00a0ne dorezimin e garancise faktike dhe\u00a0garancise se vleres se qiramarrjes para\u00a0nenshkrimit te kontrates, gje qe eshte\u00a0ne kundershtim me praktiken evropiane.\u00a0Ne kete menyre, qeveria eshte perpjekur\u00a0qe procesin e valorizimit te Valdanosit\u00a0ta beje me transparent dhe me cilesor\u201d,\u00a0theksohet ne njoftimin per shtyp.<\/p>\n<p><strong>(Kohapress)<\/strong><\/p>\n<p><strong>RTCG &#8211; Otvoreno Online Video<\/strong><br \/>\n[flv width=&#8221;508&#8243; height=&#8221;390&#8243;]http:\/\/www.rtcg.me\/images\/biblioteka\/audio_video_arhiva\/otvoreno_07032011.flv[\/flv]<\/p>\n","protected":false},"excerpt":{"rendered":"<p>Tenderi i ri deri n\u00eb fund t\u00eb prillit?! Komisioni i tenderit ka vler\u00ebsuar\u00a0se jan\u00eb krijuar kushtet q\u00eb tenderi\u00a0t\u00eb shpallet i pasuksessh\u00ebm dhe p\u00ebr\u00a0shkak t\u00eb r\u00ebnd\u00ebsis\u00eb s\u00eb realizimit t\u00eb\u00a0projektit t\u00eb Valdanosit, si p\u00ebr qeverisjen\u00a0lokale ashtu edhe p\u00ebr t\u00ebr\u00eb\u00a0Malin e Zi, i ka rekomanduar K\u00ebshillit\u00a0t\u00eb Privatizimit t\u00eb shpall\u00eb tenderin\u00a0e ri deri n\u00eb fund t\u00eb prillit t\u00eb k\u00ebtij [&hellip;]<\/p>\n","protected":false},"author":1,"featured_media":0,"comment_status":"open","ping_status":"closed","sticky":false,"template":"","format":"standard","meta":{"spay_email":"","jetpack_publicize_message":"","jetpack_is_tweetstorm":false,"jetpack_publicize_feature_enabled":true},"categories":[1],"tags":[14351,212,14353,14354,12340,17070,17071,17632,14652,3642,13243,17637,17356,14358,3506,214,14360,14361,14362,14363,3507,2158,3500,14364,119,3327,3512,17072,5116,95,17636,15141,14366,79,17073,17079,17074,1653,17638,14367,14663,14368,14369,14370,2083,14371,14372,17075,17076,17077,14375,1655,19,17078,200,18,561,14376],"jetpack_publicize_connections":[],"yoast_head":"<!-- This site is optimized with the Yoast SEO plugin v19.1 - https:\/\/yoast.com\/wordpress\/plugins\/seo\/ -->\n<title>Emisioni mbi Valdanosin RTCG - Otvoreno - Video - Lajme nga Ulqini<\/title>\n<meta name=\"description\" content=\"Tenderi i ri deri n\u00eb fund t\u00eb prillit?! Komisioni i tenderit ka vler\u00ebsuar\u00a0se jan\u00eb krijuar kushtet q\u00eb tenderi\u00a0t\u00eb shpallet i pasuksessh\u00ebm dhe p\u00ebr\u00a0shkak t\u00eb\" \/>\n<meta name=\"robots\" content=\"index, follow, max-snippet:-1, max-image-preview:large, max-video-preview:-1\" \/>\n<link rel=\"canonical\" href=\"https:\/\/www.visit-ulcinj.com\/blog\/2011\/03\/09\/emisioni-mbi-valdanosin-rtcg-otvoreno\/\" \/>\n<meta property=\"og:locale\" content=\"en_US\" \/>\n<meta property=\"og:type\" content=\"article\" \/>\n<meta property=\"og:title\" content=\"Emisioni mbi Valdanosin RTCG - Otvoreno - Video - Lajme nga Ulqini\" \/>\n<meta property=\"og:description\" content=\"Tenderi i ri deri n\u00eb fund t\u00eb prillit?! Komisioni i tenderit ka vler\u00ebsuar\u00a0se jan\u00eb krijuar kushtet q\u00eb tenderi\u00a0t\u00eb shpallet i pasuksessh\u00ebm dhe p\u00ebr\u00a0shkak t\u00eb\" \/>\n<meta property=\"og:url\" content=\"https:\/\/www.visit-ulcinj.com\/blog\/2011\/03\/09\/emisioni-mbi-valdanosin-rtcg-otvoreno\/\" \/>\n<meta property=\"og:site_name\" content=\"Lajme nga Ulqini\" \/>\n<meta property=\"article:published_time\" content=\"2011-03-09T17:14:02+00:00\" \/>\n<meta property=\"article:modified_time\" content=\"2011-03-15T01:07:55+00:00\" \/>\n<meta property=\"og:image\" content=\"http:\/\/www.visit-ulcinj.com\/blog\/wp-content\/uploads\/2011\/03\/Valdanos_-RTCG-Otvoreno.jpg\" \/>\n<meta name=\"twitter:label1\" content=\"Written by\" \/>\n\t<meta name=\"twitter:data1\" content=\"ulqini\" \/>\n\t<meta name=\"twitter:label2\" content=\"Est. reading time\" \/>\n\t<meta name=\"twitter:data2\" content=\"2 minutes\" \/>\n<script type=\"application\/ld+json\" class=\"yoast-schema-graph\">{\"@context\":\"https:\/\/schema.org\",\"@graph\":[{\"@type\":\"WebSite\",\"@id\":\"https:\/\/www.visit-ulcinj.com\/blog\/#website\",\"url\":\"https:\/\/www.visit-ulcinj.com\/blog\/\",\"name\":\"Lajme nga Ulqini\",\"description\":\"Lajme,Vijesti,Ulqini,Ulqin,Crna Gora,Mali i Zi\",\"potentialAction\":[{\"@type\":\"SearchAction\",\"target\":{\"@type\":\"EntryPoint\",\"urlTemplate\":\"https:\/\/www.visit-ulcinj.com\/blog\/?s={search_term_string}\"},\"query-input\":\"required name=search_term_string\"}],\"inLanguage\":\"en-US\"},{\"@type\":\"ImageObject\",\"inLanguage\":\"en-US\",\"@id\":\"https:\/\/www.visit-ulcinj.com\/blog\/2011\/03\/09\/emisioni-mbi-valdanosin-rtcg-otvoreno\/#primaryimage\",\"url\":\"http:\/\/www.visit-ulcinj.com\/blog\/wp-content\/uploads\/2011\/03\/Valdanos_-RTCG-Otvoreno.jpg\",\"contentUrl\":\"http:\/\/www.visit-ulcinj.com\/blog\/wp-content\/uploads\/2011\/03\/Valdanos_-RTCG-Otvoreno.jpg\"},{\"@type\":\"WebPage\",\"@id\":\"https:\/\/www.visit-ulcinj.com\/blog\/2011\/03\/09\/emisioni-mbi-valdanosin-rtcg-otvoreno\/#webpage\",\"url\":\"https:\/\/www.visit-ulcinj.com\/blog\/2011\/03\/09\/emisioni-mbi-valdanosin-rtcg-otvoreno\/\",\"name\":\"Emisioni mbi Valdanosin RTCG - Otvoreno - Video - Lajme nga Ulqini\",\"isPartOf\":{\"@id\":\"https:\/\/www.visit-ulcinj.com\/blog\/#website\"},\"primaryImageOfPage\":{\"@id\":\"https:\/\/www.visit-ulcinj.com\/blog\/2011\/03\/09\/emisioni-mbi-valdanosin-rtcg-otvoreno\/#primaryimage\"},\"datePublished\":\"2011-03-09T17:14:02+00:00\",\"dateModified\":\"2011-03-15T01:07:55+00:00\",\"author\":{\"@id\":\"https:\/\/www.visit-ulcinj.com\/blog\/#\/schema\/person\/dcab619c614d3038751c63bc2aadc06d\"},\"description\":\"Tenderi i ri deri n\u00eb fund t\u00eb prillit?! Komisioni i tenderit ka vler\u00ebsuar\u00a0se jan\u00eb krijuar kushtet q\u00eb tenderi\u00a0t\u00eb shpallet i pasuksessh\u00ebm dhe p\u00ebr\u00a0shkak t\u00eb\",\"breadcrumb\":{\"@id\":\"https:\/\/www.visit-ulcinj.com\/blog\/2011\/03\/09\/emisioni-mbi-valdanosin-rtcg-otvoreno\/#breadcrumb\"},\"inLanguage\":\"en-US\",\"potentialAction\":[{\"@type\":\"ReadAction\",\"target\":[\"https:\/\/www.visit-ulcinj.com\/blog\/2011\/03\/09\/emisioni-mbi-valdanosin-rtcg-otvoreno\/\"]}]},{\"@type\":\"BreadcrumbList\",\"@id\":\"https:\/\/www.visit-ulcinj.com\/blog\/2011\/03\/09\/emisioni-mbi-valdanosin-rtcg-otvoreno\/#breadcrumb\",\"itemListElement\":[{\"@type\":\"ListItem\",\"position\":1,\"name\":\"Emisioni mbi Valdanosin RTCG &#8211; Otvoreno &#8211; Video\"}]},{\"@type\":\"Person\",\"@id\":\"https:\/\/www.visit-ulcinj.com\/blog\/#\/schema\/person\/dcab619c614d3038751c63bc2aadc06d\",\"name\":\"ulqini\",\"sameAs\":[\"http:\/\/www.visit-ulcinj.com\"],\"url\":\"https:\/\/www.visit-ulcinj.com\/blog\/author\/admin\/\"}]}<\/script>\n<!-- \/ Yoast SEO plugin. -->","yoast_head_json":{"title":"Emisioni mbi Valdanosin RTCG - Otvoreno - Video - Lajme nga Ulqini","description":"Tenderi i ri deri n\u00eb fund t\u00eb prillit?! Komisioni i tenderit ka vler\u00ebsuar\u00a0se jan\u00eb krijuar kushtet q\u00eb tenderi\u00a0t\u00eb shpallet i pasuksessh\u00ebm dhe p\u00ebr\u00a0shkak t\u00eb","robots":{"index":"index","follow":"follow","max-snippet":"max-snippet:-1","max-image-preview":"max-image-preview:large","max-video-preview":"max-video-preview:-1"},"canonical":"https:\/\/www.visit-ulcinj.com\/blog\/2011\/03\/09\/emisioni-mbi-valdanosin-rtcg-otvoreno\/","og_locale":"en_US","og_type":"article","og_title":"Emisioni mbi Valdanosin RTCG - Otvoreno - Video - Lajme nga Ulqini","og_description":"Tenderi i ri deri n\u00eb fund t\u00eb prillit?! Komisioni i tenderit ka vler\u00ebsuar\u00a0se jan\u00eb krijuar kushtet q\u00eb tenderi\u00a0t\u00eb shpallet i pasuksessh\u00ebm dhe p\u00ebr\u00a0shkak t\u00eb","og_url":"https:\/\/www.visit-ulcinj.com\/blog\/2011\/03\/09\/emisioni-mbi-valdanosin-rtcg-otvoreno\/","og_site_name":"Lajme nga Ulqini","article_published_time":"2011-03-09T17:14:02+00:00","article_modified_time":"2011-03-15T01:07:55+00:00","og_image":[{"url":"http:\/\/www.visit-ulcinj.com\/blog\/wp-content\/uploads\/2011\/03\/Valdanos_-RTCG-Otvoreno.jpg"}],"twitter_misc":{"Written by":"ulqini","Est. reading time":"2 minutes"},"schema":{"@context":"https:\/\/schema.org","@graph":[{"@type":"WebSite","@id":"https:\/\/www.visit-ulcinj.com\/blog\/#website","url":"https:\/\/www.visit-ulcinj.com\/blog\/","name":"Lajme nga Ulqini","description":"Lajme,Vijesti,Ulqini,Ulqin,Crna Gora,Mali i Zi","potentialAction":[{"@type":"SearchAction","target":{"@type":"EntryPoint","urlTemplate":"https:\/\/www.visit-ulcinj.com\/blog\/?s={search_term_string}"},"query-input":"required name=search_term_string"}],"inLanguage":"en-US"},{"@type":"ImageObject","inLanguage":"en-US","@id":"https:\/\/www.visit-ulcinj.com\/blog\/2011\/03\/09\/emisioni-mbi-valdanosin-rtcg-otvoreno\/#primaryimage","url":"http:\/\/www.visit-ulcinj.com\/blog\/wp-content\/uploads\/2011\/03\/Valdanos_-RTCG-Otvoreno.jpg","contentUrl":"http:\/\/www.visit-ulcinj.com\/blog\/wp-content\/uploads\/2011\/03\/Valdanos_-RTCG-Otvoreno.jpg"},{"@type":"WebPage","@id":"https:\/\/www.visit-ulcinj.com\/blog\/2011\/03\/09\/emisioni-mbi-valdanosin-rtcg-otvoreno\/#webpage","url":"https:\/\/www.visit-ulcinj.com\/blog\/2011\/03\/09\/emisioni-mbi-valdanosin-rtcg-otvoreno\/","name":"Emisioni mbi Valdanosin RTCG - Otvoreno - Video - Lajme nga Ulqini","isPartOf":{"@id":"https:\/\/www.visit-ulcinj.com\/blog\/#website"},"primaryImageOfPage":{"@id":"https:\/\/www.visit-ulcinj.com\/blog\/2011\/03\/09\/emisioni-mbi-valdanosin-rtcg-otvoreno\/#primaryimage"},"datePublished":"2011-03-09T17:14:02+00:00","dateModified":"2011-03-15T01:07:55+00:00","author":{"@id":"https:\/\/www.visit-ulcinj.com\/blog\/#\/schema\/person\/dcab619c614d3038751c63bc2aadc06d"},"description":"Tenderi i ri deri n\u00eb fund t\u00eb prillit?! Komisioni i tenderit ka vler\u00ebsuar\u00a0se jan\u00eb krijuar kushtet q\u00eb tenderi\u00a0t\u00eb shpallet i pasuksessh\u00ebm dhe p\u00ebr\u00a0shkak t\u00eb","breadcrumb":{"@id":"https:\/\/www.visit-ulcinj.com\/blog\/2011\/03\/09\/emisioni-mbi-valdanosin-rtcg-otvoreno\/#breadcrumb"},"inLanguage":"en-US","potentialAction":[{"@type":"ReadAction","target":["https:\/\/www.visit-ulcinj.com\/blog\/2011\/03\/09\/emisioni-mbi-valdanosin-rtcg-otvoreno\/"]}]},{"@type":"BreadcrumbList","@id":"https:\/\/www.visit-ulcinj.com\/blog\/2011\/03\/09\/emisioni-mbi-valdanosin-rtcg-otvoreno\/#breadcrumb","itemListElement":[{"@type":"ListItem","position":1,"name":"Emisioni mbi Valdanosin RTCG &#8211; Otvoreno &#8211; Video"}]},{"@type":"Person","@id":"https:\/\/www.visit-ulcinj.com\/blog\/#\/schema\/person\/dcab619c614d3038751c63bc2aadc06d","name":"ulqini","sameAs":["http:\/\/www.visit-ulcinj.com"],"url":"https:\/\/www.visit-ulcinj.com\/blog\/author\/admin\/"}]}},"jetpack_featured_media_url":"","jetpack_sharing_enabled":true,"jetpack_shortlink":"https:\/\/wp.me\/pe6lTn-bAh","_links":{"self":[{"href":"https:\/\/www.visit-ulcinj.com\/blog\/wp-json\/wp\/v2\/posts\/44533"}],"collection":[{"href":"https:\/\/www.visit-ulcinj.com\/blog\/wp-json\/wp\/v2\/posts"}],"about":[{"href":"https:\/\/www.visit-ulcinj.com\/blog\/wp-json\/wp\/v2\/types\/post"}],"author":[{"embeddable":true,"href":"https:\/\/www.visit-ulcinj.com\/blog\/wp-json\/wp\/v2\/users\/1"}],"replies":[{"embeddable":true,"href":"https:\/\/www.visit-ulcinj.com\/blog\/wp-json\/wp\/v2\/comments?post=44533"}],"version-history":[{"count":0,"href":"https:\/\/www.visit-ulcinj.com\/blog\/wp-json\/wp\/v2\/posts\/44533\/revisions"}],"wp:attachment":[{"href":"https:\/\/www.visit-ulcinj.com\/blog\/wp-json\/wp\/v2\/media?parent=44533"}],"wp:term":[{"taxonomy":"category","embeddable":true,"href":"https:\/\/www.visit-ulcinj.com\/blog\/wp-json\/wp\/v2\/categories?post=44533"},{"taxonomy":"post_tag","embeddable":true,"href":"https:\/\/www.visit-ulcinj.com\/blog\/wp-json\/wp\/v2\/tags?post=44533"}],"curies":[{"name":"wp","href":"https:\/\/api.w.org\/{rel}","templated":true}]}}