{"id":44545,"date":"2011-03-09T19:09:07","date_gmt":"2011-03-09T18:09:07","guid":{"rendered":"http:\/\/www.visit-ulcinj.com\/blog\/?p=44545"},"modified":"2011-03-09T19:09:32","modified_gmt":"2011-03-09T18:09:32","slug":"jehona-po-mbledh-parate-per-dasmen","status":"publish","type":"post","link":"https:\/\/www.visit-ulcinj.com\/blog\/2011\/03\/09\/jehona-po-mbledh-parate-per-dasmen\/","title":{"rendered":"Jehona po mbledh parat\u00eb p\u00ebr dasmen"},"content":{"rendered":"<p><strong><a href=\"http:\/\/www.visit-ulcinj.com\/blog\/wp-content\/uploads\/2011\/03\/jehona_sopi.jpg\"><img loading=\"lazy\" class=\"alignleft size-full wp-image-44546\" title=\"jehona_sopi\" src=\"http:\/\/www.visit-ulcinj.com\/blog\/wp-content\/uploads\/2011\/03\/jehona_sopi.jpg\" alt=\"\" width=\"508\" height=\"347\" \/><\/a>Publiku shqiptar ishte m\u00ebsuar me nj\u00eb heshtje t\u00eb gjat\u00eb q\u00eb k\u00ebng\u00ebtarja Jehona Sopi kishte b\u00ebr\u00eb para pak koh\u00ebsh, nd\u00ebrsa tani situata \u00ebsht\u00eb ndryshe. <\/strong><\/p>\n<p>T\u00eb pakt\u00ebn k\u00ebshtu v\u00ebrehet nga reklamat e koncerteve k\u00ebto koh\u00eb, ku Jehona Sopi \u00ebsht\u00eb gjithnj\u00eb e m\u00eb shum\u00eb e pranishme.<\/p>\n<p>Miqt\u00eb e saj thon\u00eb po punon shum\u00eb p\u00ebr t\u00eb mbledhur lek\u00eb p\u00ebr realizimin e ceremonis\u00eb s\u00eb martes\u00ebs, t\u00eb cil\u00ebn e ka paralajm\u00ebruar p\u00ebr sezonin veror.<\/p>\n<p>Diskotekat shqiptare n\u00eb Zvic\u00ebr gati \u00e7do fundjav\u00eb paralajm\u00ebrojn\u00eb koncerte ku e ftuar \u00ebsht\u00eb k\u00ebng\u00ebtarja Jehona Sopi, nd\u00ebrsa ka shum\u00eb koh\u00eb q\u00eb ajo nuk shfaqej n\u00eb koncerte dhe n\u00eb nj\u00eb far\u00eb m\u00ebnyre sikur kishte dh\u00ebn\u00eb dor\u00ebheqje nga k\u00ebto organizime.<\/p>\n<p>Fundjav\u00ebn e kaluar ishte e ftuar n\u00eb \u2018Insomnia\u2019 dhe \u2018Rinora 4\u2019, ku n\u00eb nj\u00ebr\u00ebn prej tyre b\u00ebhej p\u00ebrzgjedhja e \u201cBukuroshes s\u00eb diaspor\u00ebs\u201d, kurse k\u00ebt\u00eb fundjav\u00eb, ajo do t\u00eb k\u00ebndoj\u00eb n\u00eb \u2018Puls\u2019.<\/p>\n<p>E tani kur e sheh q\u00eb shum\u00eb kolege t\u00eb saj fitimin e b\u00ebjn\u00eb atje, edhe ajo \u00ebsht\u00eb aktivizuar m\u00eb shum\u00eb. Jehona pritet t\u00eb lidh\u00eb martes\u00eb me bankierin e njohur Lavdim Koshutova me t\u00eb cilin \u00ebsht\u00eb njohur pik\u00ebrisht n\u00eb bank\u00ebn q\u00eb ka punuar ajo, pas ardhjes s\u00eb tij nga Londra, nd\u00ebrsa ceremonia e martes\u00ebs do t\u00eb realizohet n\u00eb Prishtin\u00eb dhe e bllokuar p\u00ebr mediat.<\/p>\n<p>P\u00ebr vellon e bardh\u00eb do t\u00eb p\u00ebrkujdeset miku i saj, stilisti i njohur Valdrin Sahiti, i cili pohoi p\u00ebr \u201cPanorama plus\u201d se pik\u00ebrisht ai do t\u00eb dizajnoj\u00eb vellon e Jehon\u00ebs.<\/p>\n<p>Diferenca 10-vje\u00e7are n\u00eb mosh\u00eb nuk p\u00ebrb\u00ebn aspak problem p\u00ebr t\u00eb dhe thot\u00eb se \u00ebsht\u00eb shum\u00eb e lumtur, nd\u00ebrkoh\u00eb k\u00ebng\u00ebtarja s\u00eb shpejti dhe do t\u00eb festoj\u00eb 10-vjetorin e karrier\u00ebs n\u00eb muzik\u00eb.<\/p>\n<p><strong>Vipat.info<br \/>\n<!--YouTube Error: bad URL entered--><\/strong><\/p>\n","protected":false},"excerpt":{"rendered":"<p>Publiku shqiptar ishte m\u00ebsuar me nj\u00eb heshtje t\u00eb gjat\u00eb q\u00eb k\u00ebng\u00ebtarja Jehona Sopi kishte b\u00ebr\u00eb para pak koh\u00ebsh, nd\u00ebrsa tani situata \u00ebsht\u00eb ndryshe. T\u00eb pakt\u00ebn k\u00ebshtu v\u00ebrehet nga reklamat e koncerteve k\u00ebto koh\u00eb, ku Jehona Sopi \u00ebsht\u00eb gjithnj\u00eb e m\u00eb shum\u00eb e pranishme. Miqt\u00eb e saj thon\u00eb po punon shum\u00eb p\u00ebr t\u00eb mbledhur lek\u00eb p\u00ebr [&hellip;]<\/p>\n","protected":false},"author":1,"featured_media":0,"comment_status":"open","ping_status":"closed","sticky":false,"template":"","format":"standard","meta":{"spay_email":"","jetpack_publicize_message":"","jetpack_is_tweetstorm":false,"jetpack_publicize_feature_enabled":true},"categories":[1],"tags":[13000],"jetpack_publicize_connections":[],"yoast_head":"<!-- This site is optimized with the Yoast SEO plugin v19.1 - https:\/\/yoast.com\/wordpress\/plugins\/seo\/ -->\n<title>Jehona po mbledh parat\u00eb p\u00ebr dasmen - Lajme nga Ulqini<\/title>\n<meta name=\"description\" content=\"Publiku shqiptar ishte m\u00ebsuar me nj\u00eb heshtje t\u00eb gjat\u00eb q\u00eb k\u00ebng\u00ebtarja Jehona Sopi kishte b\u00ebr\u00eb para pak koh\u00ebsh, nd\u00ebrsa tani situata \u00ebsht\u00eb ndryshe. T\u00eb pakt\u00ebn\" \/>\n<meta name=\"robots\" content=\"index, follow, max-snippet:-1, max-image-preview:large, max-video-preview:-1\" \/>\n<link rel=\"canonical\" href=\"https:\/\/www.visit-ulcinj.com\/blog\/2011\/03\/09\/jehona-po-mbledh-parate-per-dasmen\/\" \/>\n<meta property=\"og:locale\" content=\"en_US\" \/>\n<meta property=\"og:type\" content=\"article\" \/>\n<meta property=\"og:title\" content=\"Jehona po mbledh parat\u00eb p\u00ebr dasmen - Lajme nga Ulqini\" \/>\n<meta property=\"og:description\" content=\"Publiku shqiptar ishte m\u00ebsuar me nj\u00eb heshtje t\u00eb gjat\u00eb q\u00eb k\u00ebng\u00ebtarja Jehona Sopi kishte b\u00ebr\u00eb para pak koh\u00ebsh, nd\u00ebrsa tani situata \u00ebsht\u00eb ndryshe. T\u00eb pakt\u00ebn\" \/>\n<meta property=\"og:url\" content=\"https:\/\/www.visit-ulcinj.com\/blog\/2011\/03\/09\/jehona-po-mbledh-parate-per-dasmen\/\" \/>\n<meta property=\"og:site_name\" content=\"Lajme nga Ulqini\" \/>\n<meta property=\"article:published_time\" content=\"2011-03-09T18:09:07+00:00\" \/>\n<meta property=\"article:modified_time\" content=\"2011-03-09T18:09:32+00:00\" \/>\n<meta property=\"og:image\" content=\"http:\/\/www.visit-ulcinj.com\/blog\/wp-content\/uploads\/2011\/03\/jehona_sopi.jpg\" \/>\n<meta name=\"twitter:label1\" content=\"Written by\" \/>\n\t<meta name=\"twitter:data1\" content=\"ulqini\" \/>\n\t<meta name=\"twitter:label2\" content=\"Est. reading time\" \/>\n\t<meta name=\"twitter:data2\" content=\"2 minutes\" \/>\n<script type=\"application\/ld+json\" class=\"yoast-schema-graph\">{\"@context\":\"https:\/\/schema.org\",\"@graph\":[{\"@type\":\"WebSite\",\"@id\":\"https:\/\/www.visit-ulcinj.com\/blog\/#website\",\"url\":\"https:\/\/www.visit-ulcinj.com\/blog\/\",\"name\":\"Lajme nga Ulqini\",\"description\":\"Lajme,Vijesti,Ulqini,Ulqin,Crna Gora,Mali i Zi\",\"potentialAction\":[{\"@type\":\"SearchAction\",\"target\":{\"@type\":\"EntryPoint\",\"urlTemplate\":\"https:\/\/www.visit-ulcinj.com\/blog\/?s={search_term_string}\"},\"query-input\":\"required name=search_term_string\"}],\"inLanguage\":\"en-US\"},{\"@type\":\"ImageObject\",\"inLanguage\":\"en-US\",\"@id\":\"https:\/\/www.visit-ulcinj.com\/blog\/2011\/03\/09\/jehona-po-mbledh-parate-per-dasmen\/#primaryimage\",\"url\":\"http:\/\/www.visit-ulcinj.com\/blog\/wp-content\/uploads\/2011\/03\/jehona_sopi.jpg\",\"contentUrl\":\"http:\/\/www.visit-ulcinj.com\/blog\/wp-content\/uploads\/2011\/03\/jehona_sopi.jpg\"},{\"@type\":\"WebPage\",\"@id\":\"https:\/\/www.visit-ulcinj.com\/blog\/2011\/03\/09\/jehona-po-mbledh-parate-per-dasmen\/#webpage\",\"url\":\"https:\/\/www.visit-ulcinj.com\/blog\/2011\/03\/09\/jehona-po-mbledh-parate-per-dasmen\/\",\"name\":\"Jehona po mbledh parat\u00eb p\u00ebr dasmen - Lajme nga Ulqini\",\"isPartOf\":{\"@id\":\"https:\/\/www.visit-ulcinj.com\/blog\/#website\"},\"primaryImageOfPage\":{\"@id\":\"https:\/\/www.visit-ulcinj.com\/blog\/2011\/03\/09\/jehona-po-mbledh-parate-per-dasmen\/#primaryimage\"},\"datePublished\":\"2011-03-09T18:09:07+00:00\",\"dateModified\":\"2011-03-09T18:09:32+00:00\",\"author\":{\"@id\":\"https:\/\/www.visit-ulcinj.com\/blog\/#\/schema\/person\/dcab619c614d3038751c63bc2aadc06d\"},\"description\":\"Publiku shqiptar ishte m\u00ebsuar me nj\u00eb heshtje t\u00eb gjat\u00eb q\u00eb k\u00ebng\u00ebtarja Jehona Sopi kishte b\u00ebr\u00eb para pak koh\u00ebsh, nd\u00ebrsa tani situata \u00ebsht\u00eb ndryshe. T\u00eb pakt\u00ebn\",\"breadcrumb\":{\"@id\":\"https:\/\/www.visit-ulcinj.com\/blog\/2011\/03\/09\/jehona-po-mbledh-parate-per-dasmen\/#breadcrumb\"},\"inLanguage\":\"en-US\",\"potentialAction\":[{\"@type\":\"ReadAction\",\"target\":[\"https:\/\/www.visit-ulcinj.com\/blog\/2011\/03\/09\/jehona-po-mbledh-parate-per-dasmen\/\"]}]},{\"@type\":\"BreadcrumbList\",\"@id\":\"https:\/\/www.visit-ulcinj.com\/blog\/2011\/03\/09\/jehona-po-mbledh-parate-per-dasmen\/#breadcrumb\",\"itemListElement\":[{\"@type\":\"ListItem\",\"position\":1,\"name\":\"Jehona po mbledh parat\u00eb p\u00ebr dasmen\"}]},{\"@type\":\"Person\",\"@id\":\"https:\/\/www.visit-ulcinj.com\/blog\/#\/schema\/person\/dcab619c614d3038751c63bc2aadc06d\",\"name\":\"ulqini\",\"sameAs\":[\"http:\/\/www.visit-ulcinj.com\"],\"url\":\"https:\/\/www.visit-ulcinj.com\/blog\/author\/admin\/\"}]}<\/script>\n<!-- \/ Yoast SEO plugin. -->","yoast_head_json":{"title":"Jehona po mbledh parat\u00eb p\u00ebr dasmen - Lajme nga Ulqini","description":"Publiku shqiptar ishte m\u00ebsuar me nj\u00eb heshtje t\u00eb gjat\u00eb q\u00eb k\u00ebng\u00ebtarja Jehona Sopi kishte b\u00ebr\u00eb para pak koh\u00ebsh, nd\u00ebrsa tani situata \u00ebsht\u00eb ndryshe. T\u00eb pakt\u00ebn","robots":{"index":"index","follow":"follow","max-snippet":"max-snippet:-1","max-image-preview":"max-image-preview:large","max-video-preview":"max-video-preview:-1"},"canonical":"https:\/\/www.visit-ulcinj.com\/blog\/2011\/03\/09\/jehona-po-mbledh-parate-per-dasmen\/","og_locale":"en_US","og_type":"article","og_title":"Jehona po mbledh parat\u00eb p\u00ebr dasmen - Lajme nga Ulqini","og_description":"Publiku shqiptar ishte m\u00ebsuar me nj\u00eb heshtje t\u00eb gjat\u00eb q\u00eb k\u00ebng\u00ebtarja Jehona Sopi kishte b\u00ebr\u00eb para pak koh\u00ebsh, nd\u00ebrsa tani situata \u00ebsht\u00eb ndryshe. T\u00eb pakt\u00ebn","og_url":"https:\/\/www.visit-ulcinj.com\/blog\/2011\/03\/09\/jehona-po-mbledh-parate-per-dasmen\/","og_site_name":"Lajme nga Ulqini","article_published_time":"2011-03-09T18:09:07+00:00","article_modified_time":"2011-03-09T18:09:32+00:00","og_image":[{"url":"http:\/\/www.visit-ulcinj.com\/blog\/wp-content\/uploads\/2011\/03\/jehona_sopi.jpg"}],"twitter_misc":{"Written by":"ulqini","Est. reading time":"2 minutes"},"schema":{"@context":"https:\/\/schema.org","@graph":[{"@type":"WebSite","@id":"https:\/\/www.visit-ulcinj.com\/blog\/#website","url":"https:\/\/www.visit-ulcinj.com\/blog\/","name":"Lajme nga Ulqini","description":"Lajme,Vijesti,Ulqini,Ulqin,Crna Gora,Mali i Zi","potentialAction":[{"@type":"SearchAction","target":{"@type":"EntryPoint","urlTemplate":"https:\/\/www.visit-ulcinj.com\/blog\/?s={search_term_string}"},"query-input":"required name=search_term_string"}],"inLanguage":"en-US"},{"@type":"ImageObject","inLanguage":"en-US","@id":"https:\/\/www.visit-ulcinj.com\/blog\/2011\/03\/09\/jehona-po-mbledh-parate-per-dasmen\/#primaryimage","url":"http:\/\/www.visit-ulcinj.com\/blog\/wp-content\/uploads\/2011\/03\/jehona_sopi.jpg","contentUrl":"http:\/\/www.visit-ulcinj.com\/blog\/wp-content\/uploads\/2011\/03\/jehona_sopi.jpg"},{"@type":"WebPage","@id":"https:\/\/www.visit-ulcinj.com\/blog\/2011\/03\/09\/jehona-po-mbledh-parate-per-dasmen\/#webpage","url":"https:\/\/www.visit-ulcinj.com\/blog\/2011\/03\/09\/jehona-po-mbledh-parate-per-dasmen\/","name":"Jehona po mbledh parat\u00eb p\u00ebr dasmen - Lajme nga Ulqini","isPartOf":{"@id":"https:\/\/www.visit-ulcinj.com\/blog\/#website"},"primaryImageOfPage":{"@id":"https:\/\/www.visit-ulcinj.com\/blog\/2011\/03\/09\/jehona-po-mbledh-parate-per-dasmen\/#primaryimage"},"datePublished":"2011-03-09T18:09:07+00:00","dateModified":"2011-03-09T18:09:32+00:00","author":{"@id":"https:\/\/www.visit-ulcinj.com\/blog\/#\/schema\/person\/dcab619c614d3038751c63bc2aadc06d"},"description":"Publiku shqiptar ishte m\u00ebsuar me nj\u00eb heshtje t\u00eb gjat\u00eb q\u00eb k\u00ebng\u00ebtarja Jehona Sopi kishte b\u00ebr\u00eb para pak koh\u00ebsh, nd\u00ebrsa tani situata \u00ebsht\u00eb ndryshe. T\u00eb pakt\u00ebn","breadcrumb":{"@id":"https:\/\/www.visit-ulcinj.com\/blog\/2011\/03\/09\/jehona-po-mbledh-parate-per-dasmen\/#breadcrumb"},"inLanguage":"en-US","potentialAction":[{"@type":"ReadAction","target":["https:\/\/www.visit-ulcinj.com\/blog\/2011\/03\/09\/jehona-po-mbledh-parate-per-dasmen\/"]}]},{"@type":"BreadcrumbList","@id":"https:\/\/www.visit-ulcinj.com\/blog\/2011\/03\/09\/jehona-po-mbledh-parate-per-dasmen\/#breadcrumb","itemListElement":[{"@type":"ListItem","position":1,"name":"Jehona po mbledh parat\u00eb p\u00ebr dasmen"}]},{"@type":"Person","@id":"https:\/\/www.visit-ulcinj.com\/blog\/#\/schema\/person\/dcab619c614d3038751c63bc2aadc06d","name":"ulqini","sameAs":["http:\/\/www.visit-ulcinj.com"],"url":"https:\/\/www.visit-ulcinj.com\/blog\/author\/admin\/"}]}},"jetpack_featured_media_url":"","jetpack_sharing_enabled":true,"jetpack_shortlink":"https:\/\/wp.me\/pe6lTn-bAt","_links":{"self":[{"href":"https:\/\/www.visit-ulcinj.com\/blog\/wp-json\/wp\/v2\/posts\/44545"}],"collection":[{"href":"https:\/\/www.visit-ulcinj.com\/blog\/wp-json\/wp\/v2\/posts"}],"about":[{"href":"https:\/\/www.visit-ulcinj.com\/blog\/wp-json\/wp\/v2\/types\/post"}],"author":[{"embeddable":true,"href":"https:\/\/www.visit-ulcinj.com\/blog\/wp-json\/wp\/v2\/users\/1"}],"replies":[{"embeddable":true,"href":"https:\/\/www.visit-ulcinj.com\/blog\/wp-json\/wp\/v2\/comments?post=44545"}],"version-history":[{"count":0,"href":"https:\/\/www.visit-ulcinj.com\/blog\/wp-json\/wp\/v2\/posts\/44545\/revisions"}],"wp:attachment":[{"href":"https:\/\/www.visit-ulcinj.com\/blog\/wp-json\/wp\/v2\/media?parent=44545"}],"wp:term":[{"taxonomy":"category","embeddable":true,"href":"https:\/\/www.visit-ulcinj.com\/blog\/wp-json\/wp\/v2\/categories?post=44545"},{"taxonomy":"post_tag","embeddable":true,"href":"https:\/\/www.visit-ulcinj.com\/blog\/wp-json\/wp\/v2\/tags?post=44545"}],"curies":[{"name":"wp","href":"https:\/\/api.w.org\/{rel}","templated":true}]}}