{"id":44549,"date":"2011-03-09T19:21:47","date_gmt":"2011-03-09T18:21:47","guid":{"rendered":"http:\/\/www.visit-ulcinj.com\/blog\/?p=44549"},"modified":"2011-03-09T19:21:47","modified_gmt":"2011-03-09T18:21:47","slug":"valton-krasniqi-ndahet-nga-e-dashura-gjermane","status":"publish","type":"post","link":"https:\/\/www.visit-ulcinj.com\/blog\/2011\/03\/09\/valton-krasniqi-ndahet-nga-e-dashura-gjermane\/","title":{"rendered":"Valton Krasniqi ndahet nga e dashura gjermane"},"content":{"rendered":"<p><strong><a href=\"http:\/\/www.visit-ulcinj.com\/blog\/wp-content\/uploads\/2011\/03\/Sandra-J\u00f6rg-valton-krasniqi.jpg\"><img loading=\"lazy\" class=\"alignleft size-full wp-image-44550\" title=\"Sandra J\u00f6rg - valton krasniqi\" src=\"http:\/\/www.visit-ulcinj.com\/blog\/wp-content\/uploads\/2011\/03\/Sandra-J\u00f6rg-valton-krasniqi.jpg\" alt=\"\" width=\"508\" height=\"370\" \/><\/a>Valton Krasniqi, \u00ebsht\u00eb p\u00ebrs\u00ebri \u201csingle\u201d. K\u00ebt\u00eb gj\u00eb e v\u00ebrtetojn\u00eb disa miq t\u00eb tij, t\u00eb cil\u00ebt p\u00ebr \u201cPanorama plus\u201d tregojn\u00eb lidhjen e k\u00ebng\u00ebtarit me nj\u00eb modele t\u00eb njohur gjermane, lidhje kjo e cila zgjati vet\u00ebm 8 muaj.<\/strong><\/p>\n<p>\u201cKa qen\u00eb i lidhur me nj\u00eb modele nga Gjermania p\u00ebr disa muaj, tani jan\u00eb ndar\u00eb, p\u00ebr shkak se ajo ka n\u00ebnshkruar n\u00eb Nju Jork kontrat\u00eb dhe Valtoni nuk ka dashur t\u00eb udh\u00ebtojn\u00eb atje bashk\u00eb, sepse \u00ebsht\u00eb shum\u00eb i lidhur me familjen dhe shoq\u00ebrin\u00eb, e duke mos dashur t\u00eb largohet edhe nga muzika\u201d, thekson nj\u00eb mik i k\u00ebng\u00ebtarit, duke l\u00ebn\u00eb t\u00eb kuptohet se tashm\u00eb Valtoni \u00ebsht\u00eb ndar\u00eb nga Sandra Jorg dhe \u00ebsht\u00eb \u201csingle\u201d.<\/p>\n<p>Pasi insistuam dhe m\u00eb shum\u00eb, ne mor\u00ebm disa info t\u00eb tjera rreth asaj se si dhe ku jan\u00eb njohur ata.<br \/>\nJan\u00eb takuar nj\u00eb nj\u00eb fashion week q\u00eb \u00ebsht\u00eb mbajtur n\u00eb Gjermani, kan\u00eb biseduar pak e pastaj m\u00eb von\u00eb jan\u00eb takuar dhe kan\u00eb k\u00ebmbyer numrat e celularit.<\/p>\n<p>N\u00eb at\u00eb koh\u00eb Valtoni gjithashtu ka pasur nj\u00eb sfilat\u00eb p\u00ebr kompanin\u00eb e njohur \u201cJack &amp; Jones\u201d e pastaj kan\u00eb udh\u00ebtuar p\u00ebr n\u00eb Stamboll n\u00eb realizimin e nj\u00eb photoshooting p\u00ebr t\u00eb nj\u00ebjt\u00ebn kompani, duke qen\u00eb n\u00eb grup me vajzat e k\u00ebsaj kompanie n\u00eb mesin e t\u00eb cilave ishte dhe Sandra, ku aty ka marr\u00eb spunto lidhja duke zgjatur 8 muaj.<\/p>\n<p>Valtoni pas p\u00ebrfundimit t\u00eb k\u00ebtij photoshooting-u nuk ka dashur t\u00eb vazhdoj\u00eb me modelim p\u00ebr shkak t\u00eb karrier\u00ebs muzikore, kurse Sandra ka n\u00ebnshkruar nj\u00eb kontrat\u00eb p\u00ebr modelim n\u00eb Nju Jork ku do t\u00eb q\u00ebndroj\u00eb atje nj\u00eb vit dhe k\u00ebshtu vendos\u00ebn q\u00eb t\u00eb ndahen\u201d, p\u00ebrfundon rr\u00ebfimin miku i k\u00ebng\u00ebtarit.<\/p>\n<p><strong>Vipat.info<br \/>\n<!--YouTube Error: bad URL entered--><\/strong><\/p>\n","protected":false},"excerpt":{"rendered":"<p>Valton Krasniqi, \u00ebsht\u00eb p\u00ebrs\u00ebri \u201csingle\u201d. K\u00ebt\u00eb gj\u00eb e v\u00ebrtetojn\u00eb disa miq t\u00eb tij, t\u00eb cil\u00ebt p\u00ebr \u201cPanorama plus\u201d tregojn\u00eb lidhjen e k\u00ebng\u00ebtarit me nj\u00eb modele t\u00eb njohur gjermane, lidhje kjo e cila zgjati vet\u00ebm 8 muaj. \u201cKa qen\u00eb i lidhur me nj\u00eb modele nga Gjermania p\u00ebr disa muaj, tani jan\u00eb ndar\u00eb, p\u00ebr shkak se ajo [&hellip;]<\/p>\n","protected":false},"author":1,"featured_media":0,"comment_status":"open","ping_status":"closed","sticky":false,"template":"","format":"standard","meta":{"spay_email":"","jetpack_publicize_message":"","jetpack_is_tweetstorm":false,"jetpack_publicize_feature_enabled":true},"categories":[1],"tags":[5211],"jetpack_publicize_connections":[],"yoast_head":"<!-- This site is optimized with the Yoast SEO plugin v19.1 - https:\/\/yoast.com\/wordpress\/plugins\/seo\/ -->\n<title>Valton Krasniqi ndahet nga e dashura gjermane - Lajme nga Ulqini<\/title>\n<meta name=\"description\" content=\"Valton Krasniqi, \u00ebsht\u00eb p\u00ebrs\u00ebri \u201csingle\u201d. K\u00ebt\u00eb gj\u00eb e v\u00ebrtetojn\u00eb disa miq t\u00eb tij, t\u00eb cil\u00ebt p\u00ebr \u201cPanorama plus\u201d tregojn\u00eb lidhjen e k\u00ebng\u00ebtarit me nj\u00eb modele\" \/>\n<meta name=\"robots\" content=\"index, follow, max-snippet:-1, max-image-preview:large, max-video-preview:-1\" \/>\n<link rel=\"canonical\" href=\"https:\/\/www.visit-ulcinj.com\/blog\/2011\/03\/09\/valton-krasniqi-ndahet-nga-e-dashura-gjermane\/\" \/>\n<meta property=\"og:locale\" content=\"en_US\" \/>\n<meta property=\"og:type\" content=\"article\" \/>\n<meta property=\"og:title\" content=\"Valton Krasniqi ndahet nga e dashura gjermane - Lajme nga Ulqini\" \/>\n<meta property=\"og:description\" content=\"Valton Krasniqi, \u00ebsht\u00eb p\u00ebrs\u00ebri \u201csingle\u201d. K\u00ebt\u00eb gj\u00eb e v\u00ebrtetojn\u00eb disa miq t\u00eb tij, t\u00eb cil\u00ebt p\u00ebr \u201cPanorama plus\u201d tregojn\u00eb lidhjen e k\u00ebng\u00ebtarit me nj\u00eb modele\" \/>\n<meta property=\"og:url\" content=\"https:\/\/www.visit-ulcinj.com\/blog\/2011\/03\/09\/valton-krasniqi-ndahet-nga-e-dashura-gjermane\/\" \/>\n<meta property=\"og:site_name\" content=\"Lajme nga Ulqini\" \/>\n<meta property=\"article:published_time\" content=\"2011-03-09T18:21:47+00:00\" \/>\n<meta name=\"twitter:label1\" content=\"Written by\" \/>\n\t<meta name=\"twitter:data1\" content=\"ulqini\" \/>\n\t<meta name=\"twitter:label2\" content=\"Est. reading time\" \/>\n\t<meta name=\"twitter:data2\" content=\"2 minutes\" \/>\n<script type=\"application\/ld+json\" class=\"yoast-schema-graph\">{\"@context\":\"https:\/\/schema.org\",\"@graph\":[{\"@type\":\"WebSite\",\"@id\":\"https:\/\/www.visit-ulcinj.com\/blog\/#website\",\"url\":\"https:\/\/www.visit-ulcinj.com\/blog\/\",\"name\":\"Lajme nga Ulqini\",\"description\":\"Lajme,Vijesti,Ulqini,Ulqin,Crna Gora,Mali i Zi\",\"potentialAction\":[{\"@type\":\"SearchAction\",\"target\":{\"@type\":\"EntryPoint\",\"urlTemplate\":\"https:\/\/www.visit-ulcinj.com\/blog\/?s={search_term_string}\"},\"query-input\":\"required name=search_term_string\"}],\"inLanguage\":\"en-US\"},{\"@type\":\"WebPage\",\"@id\":\"https:\/\/www.visit-ulcinj.com\/blog\/2011\/03\/09\/valton-krasniqi-ndahet-nga-e-dashura-gjermane\/#webpage\",\"url\":\"https:\/\/www.visit-ulcinj.com\/blog\/2011\/03\/09\/valton-krasniqi-ndahet-nga-e-dashura-gjermane\/\",\"name\":\"Valton Krasniqi ndahet nga e dashura gjermane - Lajme nga Ulqini\",\"isPartOf\":{\"@id\":\"https:\/\/www.visit-ulcinj.com\/blog\/#website\"},\"datePublished\":\"2011-03-09T18:21:47+00:00\",\"dateModified\":\"2011-03-09T18:21:47+00:00\",\"author\":{\"@id\":\"https:\/\/www.visit-ulcinj.com\/blog\/#\/schema\/person\/dcab619c614d3038751c63bc2aadc06d\"},\"description\":\"Valton Krasniqi, \u00ebsht\u00eb p\u00ebrs\u00ebri \u201csingle\u201d. K\u00ebt\u00eb gj\u00eb e v\u00ebrtetojn\u00eb disa miq t\u00eb tij, t\u00eb cil\u00ebt p\u00ebr \u201cPanorama plus\u201d tregojn\u00eb lidhjen e k\u00ebng\u00ebtarit me nj\u00eb modele\",\"breadcrumb\":{\"@id\":\"https:\/\/www.visit-ulcinj.com\/blog\/2011\/03\/09\/valton-krasniqi-ndahet-nga-e-dashura-gjermane\/#breadcrumb\"},\"inLanguage\":\"en-US\",\"potentialAction\":[{\"@type\":\"ReadAction\",\"target\":[\"https:\/\/www.visit-ulcinj.com\/blog\/2011\/03\/09\/valton-krasniqi-ndahet-nga-e-dashura-gjermane\/\"]}]},{\"@type\":\"BreadcrumbList\",\"@id\":\"https:\/\/www.visit-ulcinj.com\/blog\/2011\/03\/09\/valton-krasniqi-ndahet-nga-e-dashura-gjermane\/#breadcrumb\",\"itemListElement\":[{\"@type\":\"ListItem\",\"position\":1,\"name\":\"Valton Krasniqi ndahet nga e dashura gjermane\"}]},{\"@type\":\"Person\",\"@id\":\"https:\/\/www.visit-ulcinj.com\/blog\/#\/schema\/person\/dcab619c614d3038751c63bc2aadc06d\",\"name\":\"ulqini\",\"sameAs\":[\"http:\/\/www.visit-ulcinj.com\"],\"url\":\"https:\/\/www.visit-ulcinj.com\/blog\/author\/admin\/\"}]}<\/script>\n<!-- \/ Yoast SEO plugin. -->","yoast_head_json":{"title":"Valton Krasniqi ndahet nga e dashura gjermane - Lajme nga Ulqini","description":"Valton Krasniqi, \u00ebsht\u00eb p\u00ebrs\u00ebri \u201csingle\u201d. K\u00ebt\u00eb gj\u00eb e v\u00ebrtetojn\u00eb disa miq t\u00eb tij, t\u00eb cil\u00ebt p\u00ebr \u201cPanorama plus\u201d tregojn\u00eb lidhjen e k\u00ebng\u00ebtarit me nj\u00eb modele","robots":{"index":"index","follow":"follow","max-snippet":"max-snippet:-1","max-image-preview":"max-image-preview:large","max-video-preview":"max-video-preview:-1"},"canonical":"https:\/\/www.visit-ulcinj.com\/blog\/2011\/03\/09\/valton-krasniqi-ndahet-nga-e-dashura-gjermane\/","og_locale":"en_US","og_type":"article","og_title":"Valton Krasniqi ndahet nga e dashura gjermane - Lajme nga Ulqini","og_description":"Valton Krasniqi, \u00ebsht\u00eb p\u00ebrs\u00ebri \u201csingle\u201d. K\u00ebt\u00eb gj\u00eb e v\u00ebrtetojn\u00eb disa miq t\u00eb tij, t\u00eb cil\u00ebt p\u00ebr \u201cPanorama plus\u201d tregojn\u00eb lidhjen e k\u00ebng\u00ebtarit me nj\u00eb modele","og_url":"https:\/\/www.visit-ulcinj.com\/blog\/2011\/03\/09\/valton-krasniqi-ndahet-nga-e-dashura-gjermane\/","og_site_name":"Lajme nga Ulqini","article_published_time":"2011-03-09T18:21:47+00:00","twitter_misc":{"Written by":"ulqini","Est. reading time":"2 minutes"},"schema":{"@context":"https:\/\/schema.org","@graph":[{"@type":"WebSite","@id":"https:\/\/www.visit-ulcinj.com\/blog\/#website","url":"https:\/\/www.visit-ulcinj.com\/blog\/","name":"Lajme nga Ulqini","description":"Lajme,Vijesti,Ulqini,Ulqin,Crna Gora,Mali i Zi","potentialAction":[{"@type":"SearchAction","target":{"@type":"EntryPoint","urlTemplate":"https:\/\/www.visit-ulcinj.com\/blog\/?s={search_term_string}"},"query-input":"required name=search_term_string"}],"inLanguage":"en-US"},{"@type":"WebPage","@id":"https:\/\/www.visit-ulcinj.com\/blog\/2011\/03\/09\/valton-krasniqi-ndahet-nga-e-dashura-gjermane\/#webpage","url":"https:\/\/www.visit-ulcinj.com\/blog\/2011\/03\/09\/valton-krasniqi-ndahet-nga-e-dashura-gjermane\/","name":"Valton Krasniqi ndahet nga e dashura gjermane - Lajme nga Ulqini","isPartOf":{"@id":"https:\/\/www.visit-ulcinj.com\/blog\/#website"},"datePublished":"2011-03-09T18:21:47+00:00","dateModified":"2011-03-09T18:21:47+00:00","author":{"@id":"https:\/\/www.visit-ulcinj.com\/blog\/#\/schema\/person\/dcab619c614d3038751c63bc2aadc06d"},"description":"Valton Krasniqi, \u00ebsht\u00eb p\u00ebrs\u00ebri \u201csingle\u201d. K\u00ebt\u00eb gj\u00eb e v\u00ebrtetojn\u00eb disa miq t\u00eb tij, t\u00eb cil\u00ebt p\u00ebr \u201cPanorama plus\u201d tregojn\u00eb lidhjen e k\u00ebng\u00ebtarit me nj\u00eb modele","breadcrumb":{"@id":"https:\/\/www.visit-ulcinj.com\/blog\/2011\/03\/09\/valton-krasniqi-ndahet-nga-e-dashura-gjermane\/#breadcrumb"},"inLanguage":"en-US","potentialAction":[{"@type":"ReadAction","target":["https:\/\/www.visit-ulcinj.com\/blog\/2011\/03\/09\/valton-krasniqi-ndahet-nga-e-dashura-gjermane\/"]}]},{"@type":"BreadcrumbList","@id":"https:\/\/www.visit-ulcinj.com\/blog\/2011\/03\/09\/valton-krasniqi-ndahet-nga-e-dashura-gjermane\/#breadcrumb","itemListElement":[{"@type":"ListItem","position":1,"name":"Valton Krasniqi ndahet nga e dashura gjermane"}]},{"@type":"Person","@id":"https:\/\/www.visit-ulcinj.com\/blog\/#\/schema\/person\/dcab619c614d3038751c63bc2aadc06d","name":"ulqini","sameAs":["http:\/\/www.visit-ulcinj.com"],"url":"https:\/\/www.visit-ulcinj.com\/blog\/author\/admin\/"}]}},"jetpack_featured_media_url":"","jetpack_sharing_enabled":true,"jetpack_shortlink":"https:\/\/wp.me\/pe6lTn-bAx","_links":{"self":[{"href":"https:\/\/www.visit-ulcinj.com\/blog\/wp-json\/wp\/v2\/posts\/44549"}],"collection":[{"href":"https:\/\/www.visit-ulcinj.com\/blog\/wp-json\/wp\/v2\/posts"}],"about":[{"href":"https:\/\/www.visit-ulcinj.com\/blog\/wp-json\/wp\/v2\/types\/post"}],"author":[{"embeddable":true,"href":"https:\/\/www.visit-ulcinj.com\/blog\/wp-json\/wp\/v2\/users\/1"}],"replies":[{"embeddable":true,"href":"https:\/\/www.visit-ulcinj.com\/blog\/wp-json\/wp\/v2\/comments?post=44549"}],"version-history":[{"count":0,"href":"https:\/\/www.visit-ulcinj.com\/blog\/wp-json\/wp\/v2\/posts\/44549\/revisions"}],"wp:attachment":[{"href":"https:\/\/www.visit-ulcinj.com\/blog\/wp-json\/wp\/v2\/media?parent=44549"}],"wp:term":[{"taxonomy":"category","embeddable":true,"href":"https:\/\/www.visit-ulcinj.com\/blog\/wp-json\/wp\/v2\/categories?post=44549"},{"taxonomy":"post_tag","embeddable":true,"href":"https:\/\/www.visit-ulcinj.com\/blog\/wp-json\/wp\/v2\/tags?post=44549"}],"curies":[{"name":"wp","href":"https:\/\/api.w.org\/{rel}","templated":true}]}}